{"id":57755,"date":"2025-06-24T12:33:50","date_gmt":"2025-06-24T15:33:50","guid":{"rendered":"https:\/\/ondauno.com.ar\/?p=57755"},"modified":"2025-06-24T12:33:59","modified_gmt":"2025-06-24T15:33:59","slug":"avila-recorrio-la-costa-afectada-por-la-marejada-la-situacion-es-compleja-y-puede-empeorar","status":"publish","type":"post","link":"https:\/\/ondauno.com.ar\/index.php\/2025\/06\/24\/avila-recorrio-la-costa-afectada-por-la-marejada-la-situacion-es-compleja-y-puede-empeorar\/","title":{"rendered":"Avila recorri\u00f3 la costa afectada por la marejada: &#8220;La situaci\u00f3n es compleja y puede empeorar&#8221;"},"content":{"rendered":"<div class=\"ondau-before-content_3\" style=\"margin-top: -30px;\" id=\"ondau-245658696\"><a href=\"https:\/\/www.lps.com.ar\/\" aria-label=\"la-perse2\"><img loading=\"lazy\" decoding=\"async\" src=\"https:\/\/ondauno.com.ar\/wp-content\/uploads\/2021\/10\/la-perse2.jpg\" alt=\"\"  srcset=\"https:\/\/ondauno.com.ar\/wp-content\/uploads\/2021\/10\/la-perse2.jpg 1353w, https:\/\/ondauno.com.ar\/wp-content\/uploads\/2021\/10\/la-perse2-300x43.jpg 300w, https:\/\/ondauno.com.ar\/wp-content\/uploads\/2021\/10\/la-perse2-1024x148.jpg 1024w, https:\/\/ondauno.com.ar\/wp-content\/uploads\/2021\/10\/la-perse2-768x111.jpg 768w, https:\/\/ondauno.com.ar\/wp-content\/uploads\/2021\/10\/la-perse2-696x100.jpg 696w, https:\/\/ondauno.com.ar\/wp-content\/uploads\/2021\/10\/la-perse2-1068x154.jpg 1068w\" sizes=\"(max-width: 1353px) 100vw, 1353px\" class=\"no-lazyload\" width=\"1353\" height=\"195\"  style=\"display: inline-block;\" \/><\/a><\/div>\n<p>El concejal de Juntos, Carlos Avila, se refiri\u00f3 esta ma\u00f1ana en el programa Cosas que pasan a los efectos del temporal en Claromec\u00f3 y expres\u00f3 su preocupaci\u00f3n por lo que a\u00fan puede provocar la pr\u00f3xima pleamar, prevista para las 15:30.<\/p>\n\n\n\n<p>&#8220;Si todo esto ocurri\u00f3 con marea baja, lo que puede pasar cuando suba el mar nos preocupa mucho&#8221;, afirm\u00f3 Avila, quien recorri\u00f3 la costa junto al delegado Nicol\u00e1s Felipe. Seg\u00fan relat\u00f3, ya se registran da\u00f1os significativos en zonas como Dunamar, Posta del Faro y en el entorno del parador Kuyem, donde la casilla de guardavidas fue arrastrada por el agua y parte de los ba\u00f1os p\u00fablicos qued\u00f3 al descubierto.<\/p>\n\n\n\n<figure class=\"wp-block-gallery has-nested-images columns-default is-cropped wp-block-gallery-1 is-layout-flex wp-block-gallery-is-layout-flex\">\n<figure class=\"wp-block-image size-large\"><img loading=\"lazy\" decoding=\"async\" width=\"1024\" height=\"460\" data-id=\"57757\" data-src=\"https:\/\/ondauno.com.ar\/wp-content\/uploads\/2025\/06\/WhatsApp-Image-2025-06-23-at-13.57.47-1024x460.jpeg\" alt=\"\" class=\"wp-image-57757 lazyload\" data-srcset=\"https:\/\/ondauno.com.ar\/wp-content\/uploads\/2025\/06\/WhatsApp-Image-2025-06-23-at-13.57.47-1024x460.jpeg 1024w, https:\/\/ondauno.com.ar\/wp-content\/uploads\/2025\/06\/WhatsApp-Image-2025-06-23-at-13.57.47-300x135.jpeg 300w, https:\/\/ondauno.com.ar\/wp-content\/uploads\/2025\/06\/WhatsApp-Image-2025-06-23-at-13.57.47-768x345.jpeg 768w, https:\/\/ondauno.com.ar\/wp-content\/uploads\/2025\/06\/WhatsApp-Image-2025-06-23-at-13.57.47-1536x690.jpeg 1536w, https:\/\/ondauno.com.ar\/wp-content\/uploads\/2025\/06\/WhatsApp-Image-2025-06-23-at-13.57.47-935x420.jpeg 935w, https:\/\/ondauno.com.ar\/wp-content\/uploads\/2025\/06\/WhatsApp-Image-2025-06-23-at-13.57.47-696x313.jpeg 696w, https:\/\/ondauno.com.ar\/wp-content\/uploads\/2025\/06\/WhatsApp-Image-2025-06-23-at-13.57.47-1068x480.jpeg 1068w, https:\/\/ondauno.com.ar\/wp-content\/uploads\/2025\/06\/WhatsApp-Image-2025-06-23-at-13.57.47.jpeg 1600w\" data-sizes=\"auto, (max-width: 1024px) 100vw, 1024px\" src=\"data:image\/gif;base64,R0lGODlhAQABAAAAACH5BAEKAAEALAAAAAABAAEAAAICTAEAOw==\" style=\"--smush-placeholder-width: 1024px; --smush-placeholder-aspect-ratio: 1024\/460;\" \/><noscript><img loading=\"lazy\" decoding=\"async\" width=\"1024\" height=\"460\" data-id=\"57757\" src=\"https:\/\/ondauno.com.ar\/wp-content\/uploads\/2025\/06\/WhatsApp-Image-2025-06-23-at-13.57.47-1024x460.jpeg\" alt=\"\" class=\"wp-image-57757\" srcset=\"https:\/\/ondauno.com.ar\/wp-content\/uploads\/2025\/06\/WhatsApp-Image-2025-06-23-at-13.57.47-1024x460.jpeg 1024w, https:\/\/ondauno.com.ar\/wp-content\/uploads\/2025\/06\/WhatsApp-Image-2025-06-23-at-13.57.47-300x135.jpeg 300w, https:\/\/ondauno.com.ar\/wp-content\/uploads\/2025\/06\/WhatsApp-Image-2025-06-23-at-13.57.47-768x345.jpeg 768w, https:\/\/ondauno.com.ar\/wp-content\/uploads\/2025\/06\/WhatsApp-Image-2025-06-23-at-13.57.47-1536x690.jpeg 1536w, https:\/\/ondauno.com.ar\/wp-content\/uploads\/2025\/06\/WhatsApp-Image-2025-06-23-at-13.57.47-935x420.jpeg 935w, https:\/\/ondauno.com.ar\/wp-content\/uploads\/2025\/06\/WhatsApp-Image-2025-06-23-at-13.57.47-696x313.jpeg 696w, https:\/\/ondauno.com.ar\/wp-content\/uploads\/2025\/06\/WhatsApp-Image-2025-06-23-at-13.57.47-1068x480.jpeg 1068w, https:\/\/ondauno.com.ar\/wp-content\/uploads\/2025\/06\/WhatsApp-Image-2025-06-23-at-13.57.47.jpeg 1600w\" sizes=\"auto, (max-width: 1024px) 100vw, 1024px\" \/><\/noscript><\/figure>\n\n\n\n<figure class=\"wp-block-image size-large\"><img loading=\"lazy\" decoding=\"async\" width=\"460\" height=\"1024\" data-id=\"57758\" data-src=\"https:\/\/ondauno.com.ar\/wp-content\/uploads\/2025\/06\/WhatsApp-Image-2025-06-23-at-13.57.46-460x1024.jpeg\" alt=\"\" class=\"wp-image-57758 lazyload\" data-srcset=\"https:\/\/ondauno.com.ar\/wp-content\/uploads\/2025\/06\/WhatsApp-Image-2025-06-23-at-13.57.46-460x1024.jpeg 460w, https:\/\/ondauno.com.ar\/wp-content\/uploads\/2025\/06\/WhatsApp-Image-2025-06-23-at-13.57.46-135x300.jpeg 135w, https:\/\/ondauno.com.ar\/wp-content\/uploads\/2025\/06\/WhatsApp-Image-2025-06-23-at-13.57.46-690x1536.jpeg 690w, https:\/\/ondauno.com.ar\/wp-content\/uploads\/2025\/06\/WhatsApp-Image-2025-06-23-at-13.57.46-189x420.jpeg 189w, https:\/\/ondauno.com.ar\/wp-content\/uploads\/2025\/06\/WhatsApp-Image-2025-06-23-at-13.57.46-696x1549.jpeg 696w, https:\/\/ondauno.com.ar\/wp-content\/uploads\/2025\/06\/WhatsApp-Image-2025-06-23-at-13.57.46.jpeg 719w\" data-sizes=\"auto, (max-width: 460px) 100vw, 460px\" src=\"data:image\/gif;base64,R0lGODlhAQABAAAAACH5BAEKAAEALAAAAAABAAEAAAICTAEAOw==\" style=\"--smush-placeholder-width: 460px; --smush-placeholder-aspect-ratio: 460\/1024;\" \/><noscript><img loading=\"lazy\" decoding=\"async\" width=\"460\" height=\"1024\" data-id=\"57758\" src=\"https:\/\/ondauno.com.ar\/wp-content\/uploads\/2025\/06\/WhatsApp-Image-2025-06-23-at-13.57.46-460x1024.jpeg\" alt=\"\" class=\"wp-image-57758\" srcset=\"https:\/\/ondauno.com.ar\/wp-content\/uploads\/2025\/06\/WhatsApp-Image-2025-06-23-at-13.57.46-460x1024.jpeg 460w, https:\/\/ondauno.com.ar\/wp-content\/uploads\/2025\/06\/WhatsApp-Image-2025-06-23-at-13.57.46-135x300.jpeg 135w, https:\/\/ondauno.com.ar\/wp-content\/uploads\/2025\/06\/WhatsApp-Image-2025-06-23-at-13.57.46-690x1536.jpeg 690w, https:\/\/ondauno.com.ar\/wp-content\/uploads\/2025\/06\/WhatsApp-Image-2025-06-23-at-13.57.46-189x420.jpeg 189w, https:\/\/ondauno.com.ar\/wp-content\/uploads\/2025\/06\/WhatsApp-Image-2025-06-23-at-13.57.46-696x1549.jpeg 696w, https:\/\/ondauno.com.ar\/wp-content\/uploads\/2025\/06\/WhatsApp-Image-2025-06-23-at-13.57.46.jpeg 719w\" sizes=\"auto, (max-width: 460px) 100vw, 460px\" \/><\/noscript><\/figure>\n<\/figure>\n\n\n\n<p>&#8220;La playa fue muy castigada, sobre todo en la zona de Dunamar. Ya hay estructuras socavadas, postes expuestos y refugios ca\u00eddos. El agua ha pasado por debajo de muchas construcciones&#8221;, detall\u00f3 el edil, se\u00f1alando tambi\u00e9n que en Posta del Faro ya puede observarse una gran planchada de piedra, evidencia de la erosi\u00f3n que provoc\u00f3 la p\u00e9rdida de arena en ese sector.<\/p>\n\n\n\n<p>Avila que trabaja en temas vinculados al medio ambiente y erosi\u00f3n costera alert\u00f3 sobre la vulnerabilidad del frente costero del distrito. &#8220;Tenemos una desventaja frente a otros balnearios: gran parte de nuestro litoral, desde Franganillo hasta m\u00e1s all\u00e1 de Orense, tiene base de piedra mezclada con arena. Eso hace que la arena se pierda m\u00e1s f\u00e1cilmente y sea m\u00e1s dif\u00edcil que la playa se recupere naturalmente&#8221;, explic\u00f3.<\/p>\n\n\n\n<p><\/p>\n\n\n\n<p>En cuanto a otros sectores, indic\u00f3 que en Orilla Gur\u00fa la situaci\u00f3n es menos cr\u00edtica por estar construido sobre base de piedra. Tambi\u00e9n se\u00f1al\u00f3 que en Posta del Faro, la estructura principal no sufri\u00f3 da\u00f1os, aunque s\u00ed algunas partes de madera del entorno.<\/p>\n\n\n\n<p>Respecto a la gesti\u00f3n local destac\u00f3 el trabajo conjunto con el delegado Felipe. &#8220;Con Nicol\u00e1s hay un excelente di\u00e1logo desde el primer d\u00eda. Se retom\u00f3 un esquema de mantenimiento del murall\u00f3n que hab\u00eda demostrado buenos resultados, y eso se not\u00f3: no hay arena sobre \u00e9l&#8221;.<\/p>\n\n\n\n<figure class=\"wp-block-embed is-type-video is-provider-youtube wp-block-embed-youtube wp-embed-aspect-16-9 wp-has-aspect-ratio\"><div class=\"wp-block-embed__wrapper\">\n<div class=\"youtube-embed\" data-video_id=\"\"><iframe loading=\"lazy\" title=\"Sudestada Claromeco 1\" width=\"696\" height=\"392\" data-src=\"https:\/\/www.youtube.com\/embed\/Pn39FTw4l80?feature=oembed&#038;enablejsapi=1\" frameborder=\"0\" allow=\"accelerometer; autoplay; clipboard-write; encrypted-media; gyroscope; picture-in-picture; web-share\" referrerpolicy=\"strict-origin-when-cross-origin\" allowfullscreen src=\"data:image\/gif;base64,R0lGODlhAQABAAAAACH5BAEKAAEALAAAAAABAAEAAAICTAEAOw==\" class=\"lazyload\" data-load-mode=\"1\"><\/iframe><\/div>\n<\/div><\/figure>\n\n\n\n<p>El concejal insisti\u00f3 en la importancia de contar con un manejo costero integral y sostenido: \u201cHay que planificar con anticipaci\u00f3n, especialmente en el dise\u00f1o y ubicaci\u00f3n de nuevos paradores. Lo que hoy pasa con Rako&#8217;s, por ejemplo, que fue geolocalizado m\u00e1s arriba, es una muestra de que se puede trabajar con prevenci\u00f3n&#8221;.<\/p>\n\n\n\n<p>Finalmente Avila anticip\u00f3 que reci\u00e9n al atardecer se podr\u00e1 observar el impacto total de la marejada: \u201cCuando baje la marea y veamos cu\u00e1nta arena se perdi\u00f3, vamos a dimensionar mejor el da\u00f1o. Esperamos que el mar devuelva algo con el correr de los d\u00edas, pero el panorama es preocupante&#8221;.<\/p>\n\n\n\n<figure class=\"wp-block-embed is-type-video is-provider-youtube wp-block-embed-youtube wp-embed-aspect-16-9 wp-has-aspect-ratio\"><div class=\"wp-block-embed__wrapper\">\n<div class=\"youtube-embed\" data-video_id=\"TJzKvj9Jl1Y\"><iframe loading=\"lazy\" title=\"Onda Uno 103.9 en vivo\" width=\"696\" height=\"392\" data-src=\"https:\/\/www.youtube.com\/embed\/TJzKvj9Jl1Y?start=10&#038;feature=oembed\" frameborder=\"0\" allow=\"accelerometer; autoplay; clipboard-write; encrypted-media; gyroscope; picture-in-picture; web-share\" referrerpolicy=\"strict-origin-when-cross-origin\" allowfullscreen src=\"data:image\/gif;base64,R0lGODlhAQABAAAAACH5BAEKAAEALAAAAAABAAEAAAICTAEAOw==\" class=\"lazyload\" data-load-mode=\"1\"><\/iframe><\/div>\n<\/div><\/figure>\n","protected":false},"excerpt":{"rendered":"<p>El concejal de Juntos, Carlos Avila, se refiri\u00f3 esta ma\u00f1ana en el programa Cosas que pasan a los efectos del temporal en Claromec\u00f3 y expres\u00f3 su preocupaci\u00f3n por lo que a\u00fan puede provocar la pr\u00f3xima pleamar, prevista para las 15:30. &#8220;Si todo esto ocurri\u00f3 con marea baja, lo que puede pasar cuando suba el mar [&hellip;]<\/p>\n","protected":false},"author":1,"featured_media":57756,"comment_status":"open","ping_status":"open","sticky":false,"template":"","format":"standard","meta":{"tdm_status":"","tdm_grid_status":"","_jetpack_memberships_contains_paid_content":false,"footnotes":"","jetpack_publicize_message":"","jetpack_publicize_feature_enabled":true,"jetpack_social_post_already_shared":true,"jetpack_social_options":{"image_generator_settings":{"template":"highway","default_image_id":0,"font":"","enabled":false},"version":2}},"categories":[2],"tags":[],"class_list":{"0":"post-57755","1":"post","2":"type-post","3":"status-publish","4":"format-standard","5":"has-post-thumbnail","7":"category-locales"},"yoast_head":"<!-- This site is optimized with the Yoast SEO plugin v22.7 - https:\/\/yoast.com\/wordpress\/plugins\/seo\/ -->\n<title>Avila recorri\u00f3 la costa afectada por la marejada: &quot;La situaci\u00f3n es compleja y puede empeorar&quot; - 103.9 fm<\/title>\n<meta name=\"robots\" content=\"index, follow, max-snippet:-1, max-image-preview:large, max-video-preview:-1\" \/>\n<link rel=\"canonical\" href=\"https:\/\/ondauno.com.ar\/index.php\/2025\/06\/24\/avila-recorrio-la-costa-afectada-por-la-marejada-la-situacion-es-compleja-y-puede-empeorar\/\" \/>\n<meta property=\"og:locale\" content=\"es_ES\" \/>\n<meta property=\"og:type\" content=\"article\" \/>\n<meta property=\"og:title\" content=\"Avila recorri\u00f3 la costa afectada por la marejada: &quot;La situaci\u00f3n es compleja y puede empeorar&quot; - 103.9 fm\" \/>\n<meta property=\"og:description\" content=\"El concejal de Juntos, Carlos Avila, se refiri\u00f3 esta ma\u00f1ana en el programa Cosas que pasan a los efectos del temporal en Claromec\u00f3 y expres\u00f3 su preocupaci\u00f3n por lo que a\u00fan puede provocar la pr\u00f3xima pleamar, prevista para las 15:30. &#8220;Si todo esto ocurri\u00f3 con marea baja, lo que puede pasar cuando suba el mar [&hellip;]\" \/>\n<meta property=\"og:url\" content=\"https:\/\/ondauno.com.ar\/index.php\/2025\/06\/24\/avila-recorrio-la-costa-afectada-por-la-marejada-la-situacion-es-compleja-y-puede-empeorar\/\" \/>\n<meta property=\"og:site_name\" content=\"103.9 fm\" \/>\n<meta property=\"article:publisher\" content=\"https:\/\/www.facebook.com\/ondauno103.9\" \/>\n<meta property=\"article:published_time\" content=\"2025-06-24T15:33:50+00:00\" \/>\n<meta property=\"article:modified_time\" content=\"2025-06-24T15:33:59+00:00\" \/>\n<meta property=\"og:image\" content=\"https:\/\/ondauno.com.ar\/wp-content\/uploads\/2025\/06\/WhatsApp-Image-2025-06-23-at-13.57.47-1024x460.jpeg\" \/>\n<meta name=\"author\" content=\"OndaUno\" \/>\n<meta name=\"twitter:card\" content=\"summary_large_image\" \/>\n<meta name=\"twitter:label1\" content=\"Escrito por\" \/>\n\t<meta name=\"twitter:data1\" content=\"OndaUno\" \/>\n\t<meta name=\"twitter:label2\" content=\"Tiempo de lectura\" \/>\n\t<meta name=\"twitter:data2\" content=\"2 minutos\" \/>\n<script type=\"application\/ld+json\" class=\"yoast-schema-graph\">{\"@context\":\"https:\/\/schema.org\",\"@graph\":[{\"@type\":\"WebPage\",\"@id\":\"https:\/\/ondauno.com.ar\/index.php\/2025\/06\/24\/avila-recorrio-la-costa-afectada-por-la-marejada-la-situacion-es-compleja-y-puede-empeorar\/\",\"url\":\"https:\/\/ondauno.com.ar\/index.php\/2025\/06\/24\/avila-recorrio-la-costa-afectada-por-la-marejada-la-situacion-es-compleja-y-puede-empeorar\/\",\"name\":\"Avila recorri\u00f3 la costa afectada por la marejada: \\\"La situaci\u00f3n es compleja y puede empeorar\\\" - 103.9 fm\",\"isPartOf\":{\"@id\":\"https:\/\/ondauno.com.ar\/#website\"},\"primaryImageOfPage\":{\"@id\":\"https:\/\/ondauno.com.ar\/index.php\/2025\/06\/24\/avila-recorrio-la-costa-afectada-por-la-marejada-la-situacion-es-compleja-y-puede-empeorar\/#primaryimage\"},\"image\":{\"@id\":\"https:\/\/ondauno.com.ar\/index.php\/2025\/06\/24\/avila-recorrio-la-costa-afectada-por-la-marejada-la-situacion-es-compleja-y-puede-empeorar\/#primaryimage\"},\"thumbnailUrl\":\"https:\/\/ondauno.com.ar\/wp-content\/uploads\/2025\/06\/WhatsApp-Image-2025-06-23-at-13.57.46-1.jpeg\",\"datePublished\":\"2025-06-24T15:33:50+00:00\",\"dateModified\":\"2025-06-24T15:33:59+00:00\",\"author\":{\"@id\":\"https:\/\/ondauno.com.ar\/#\/schema\/person\/7ec851ddeceb4133d7d7132dc645714e\"},\"breadcrumb\":{\"@id\":\"https:\/\/ondauno.com.ar\/index.php\/2025\/06\/24\/avila-recorrio-la-costa-afectada-por-la-marejada-la-situacion-es-compleja-y-puede-empeorar\/#breadcrumb\"},\"inLanguage\":\"es-AR\",\"potentialAction\":[{\"@type\":\"ReadAction\",\"target\":[\"https:\/\/ondauno.com.ar\/index.php\/2025\/06\/24\/avila-recorrio-la-costa-afectada-por-la-marejada-la-situacion-es-compleja-y-puede-empeorar\/\"]}]},{\"@type\":\"ImageObject\",\"inLanguage\":\"es-AR\",\"@id\":\"https:\/\/ondauno.com.ar\/index.php\/2025\/06\/24\/avila-recorrio-la-costa-afectada-por-la-marejada-la-situacion-es-compleja-y-puede-empeorar\/#primaryimage\",\"url\":\"https:\/\/ondauno.com.ar\/wp-content\/uploads\/2025\/06\/WhatsApp-Image-2025-06-23-at-13.57.46-1.jpeg\",\"contentUrl\":\"https:\/\/ondauno.com.ar\/wp-content\/uploads\/2025\/06\/WhatsApp-Image-2025-06-23-at-13.57.46-1.jpeg\",\"width\":1599,\"height\":720},{\"@type\":\"BreadcrumbList\",\"@id\":\"https:\/\/ondauno.com.ar\/index.php\/2025\/06\/24\/avila-recorrio-la-costa-afectada-por-la-marejada-la-situacion-es-compleja-y-puede-empeorar\/#breadcrumb\",\"itemListElement\":[{\"@type\":\"ListItem\",\"position\":1,\"name\":\"Inicio\",\"item\":\"https:\/\/ondauno.com.ar\/\"},{\"@type\":\"ListItem\",\"position\":2,\"name\":\"Avila recorri\u00f3 la costa afectada por la marejada: &#8220;La situaci\u00f3n es compleja y puede empeorar&#8221;\"}]},{\"@type\":\"WebSite\",\"@id\":\"https:\/\/ondauno.com.ar\/#website\",\"url\":\"https:\/\/ondauno.com.ar\/\",\"name\":\"103.9 fm\",\"description\":\"LA PRIMERA RADIO MULTIMEDIA DE TRES ARROYOS\",\"potentialAction\":[{\"@type\":\"SearchAction\",\"target\":{\"@type\":\"EntryPoint\",\"urlTemplate\":\"https:\/\/ondauno.com.ar\/?s={search_term_string}\"},\"query-input\":\"required name=search_term_string\"}],\"inLanguage\":\"es-AR\"},{\"@type\":\"Person\",\"@id\":\"https:\/\/ondauno.com.ar\/#\/schema\/person\/7ec851ddeceb4133d7d7132dc645714e\",\"name\":\"OndaUno\",\"image\":{\"@type\":\"ImageObject\",\"inLanguage\":\"es-AR\",\"@id\":\"https:\/\/ondauno.com.ar\/#\/schema\/person\/image\/\",\"url\":\"https:\/\/secure.gravatar.com\/avatar\/93b8009f0de7021f1feb2bd5b32fb9e8?s=96&d=mm&r=g\",\"contentUrl\":\"https:\/\/secure.gravatar.com\/avatar\/93b8009f0de7021f1feb2bd5b32fb9e8?s=96&d=mm&r=g\",\"caption\":\"OndaUno\"},\"url\":\"https:\/\/ondauno.com.ar\/index.php\/author\/ondauno\/\"}]}<\/script>\n<!-- \/ Yoast SEO plugin. -->","yoast_head_json":{"title":"Avila recorri\u00f3 la costa afectada por la marejada: \"La situaci\u00f3n es compleja y puede empeorar\" - 103.9 fm","robots":{"index":"index","follow":"follow","max-snippet":"max-snippet:-1","max-image-preview":"max-image-preview:large","max-video-preview":"max-video-preview:-1"},"canonical":"https:\/\/ondauno.com.ar\/index.php\/2025\/06\/24\/avila-recorrio-la-costa-afectada-por-la-marejada-la-situacion-es-compleja-y-puede-empeorar\/","og_locale":"es_ES","og_type":"article","og_title":"Avila recorri\u00f3 la costa afectada por la marejada: \"La situaci\u00f3n es compleja y puede empeorar\" - 103.9 fm","og_description":"El concejal de Juntos, Carlos Avila, se refiri\u00f3 esta ma\u00f1ana en el programa Cosas que pasan a los efectos del temporal en Claromec\u00f3 y expres\u00f3 su preocupaci\u00f3n por lo que a\u00fan puede provocar la pr\u00f3xima pleamar, prevista para las 15:30. &#8220;Si todo esto ocurri\u00f3 con marea baja, lo que puede pasar cuando suba el mar [&hellip;]","og_url":"https:\/\/ondauno.com.ar\/index.php\/2025\/06\/24\/avila-recorrio-la-costa-afectada-por-la-marejada-la-situacion-es-compleja-y-puede-empeorar\/","og_site_name":"103.9 fm","article_publisher":"https:\/\/www.facebook.com\/ondauno103.9","article_published_time":"2025-06-24T15:33:50+00:00","article_modified_time":"2025-06-24T15:33:59+00:00","og_image":[{"url":"https:\/\/ondauno.com.ar\/wp-content\/uploads\/2025\/06\/WhatsApp-Image-2025-06-23-at-13.57.47-1024x460.jpeg"}],"author":"OndaUno","twitter_card":"summary_large_image","twitter_misc":{"Escrito por":"OndaUno","Tiempo de lectura":"2 minutos"},"schema":{"@context":"https:\/\/schema.org","@graph":[{"@type":"WebPage","@id":"https:\/\/ondauno.com.ar\/index.php\/2025\/06\/24\/avila-recorrio-la-costa-afectada-por-la-marejada-la-situacion-es-compleja-y-puede-empeorar\/","url":"https:\/\/ondauno.com.ar\/index.php\/2025\/06\/24\/avila-recorrio-la-costa-afectada-por-la-marejada-la-situacion-es-compleja-y-puede-empeorar\/","name":"Avila recorri\u00f3 la costa afectada por la marejada: \"La situaci\u00f3n es compleja y puede empeorar\" - 103.9 fm","isPartOf":{"@id":"https:\/\/ondauno.com.ar\/#website"},"primaryImageOfPage":{"@id":"https:\/\/ondauno.com.ar\/index.php\/2025\/06\/24\/avila-recorrio-la-costa-afectada-por-la-marejada-la-situacion-es-compleja-y-puede-empeorar\/#primaryimage"},"image":{"@id":"https:\/\/ondauno.com.ar\/index.php\/2025\/06\/24\/avila-recorrio-la-costa-afectada-por-la-marejada-la-situacion-es-compleja-y-puede-empeorar\/#primaryimage"},"thumbnailUrl":"https:\/\/ondauno.com.ar\/wp-content\/uploads\/2025\/06\/WhatsApp-Image-2025-06-23-at-13.57.46-1.jpeg","datePublished":"2025-06-24T15:33:50+00:00","dateModified":"2025-06-24T15:33:59+00:00","author":{"@id":"https:\/\/ondauno.com.ar\/#\/schema\/person\/7ec851ddeceb4133d7d7132dc645714e"},"breadcrumb":{"@id":"https:\/\/ondauno.com.ar\/index.php\/2025\/06\/24\/avila-recorrio-la-costa-afectada-por-la-marejada-la-situacion-es-compleja-y-puede-empeorar\/#breadcrumb"},"inLanguage":"es-AR","potentialAction":[{"@type":"ReadAction","target":["https:\/\/ondauno.com.ar\/index.php\/2025\/06\/24\/avila-recorrio-la-costa-afectada-por-la-marejada-la-situacion-es-compleja-y-puede-empeorar\/"]}]},{"@type":"ImageObject","inLanguage":"es-AR","@id":"https:\/\/ondauno.com.ar\/index.php\/2025\/06\/24\/avila-recorrio-la-costa-afectada-por-la-marejada-la-situacion-es-compleja-y-puede-empeorar\/#primaryimage","url":"https:\/\/ondauno.com.ar\/wp-content\/uploads\/2025\/06\/WhatsApp-Image-2025-06-23-at-13.57.46-1.jpeg","contentUrl":"https:\/\/ondauno.com.ar\/wp-content\/uploads\/2025\/06\/WhatsApp-Image-2025-06-23-at-13.57.46-1.jpeg","width":1599,"height":720},{"@type":"BreadcrumbList","@id":"https:\/\/ondauno.com.ar\/index.php\/2025\/06\/24\/avila-recorrio-la-costa-afectada-por-la-marejada-la-situacion-es-compleja-y-puede-empeorar\/#breadcrumb","itemListElement":[{"@type":"ListItem","position":1,"name":"Inicio","item":"https:\/\/ondauno.com.ar\/"},{"@type":"ListItem","position":2,"name":"Avila recorri\u00f3 la costa afectada por la marejada: &#8220;La situaci\u00f3n es compleja y puede empeorar&#8221;"}]},{"@type":"WebSite","@id":"https:\/\/ondauno.com.ar\/#website","url":"https:\/\/ondauno.com.ar\/","name":"103.9 fm","description":"LA PRIMERA RADIO MULTIMEDIA DE TRES ARROYOS","potentialAction":[{"@type":"SearchAction","target":{"@type":"EntryPoint","urlTemplate":"https:\/\/ondauno.com.ar\/?s={search_term_string}"},"query-input":"required name=search_term_string"}],"inLanguage":"es-AR"},{"@type":"Person","@id":"https:\/\/ondauno.com.ar\/#\/schema\/person\/7ec851ddeceb4133d7d7132dc645714e","name":"OndaUno","image":{"@type":"ImageObject","inLanguage":"es-AR","@id":"https:\/\/ondauno.com.ar\/#\/schema\/person\/image\/","url":"https:\/\/secure.gravatar.com\/avatar\/93b8009f0de7021f1feb2bd5b32fb9e8?s=96&d=mm&r=g","contentUrl":"https:\/\/secure.gravatar.com\/avatar\/93b8009f0de7021f1feb2bd5b32fb9e8?s=96&d=mm&r=g","caption":"OndaUno"},"url":"https:\/\/ondauno.com.ar\/index.php\/author\/ondauno\/"}]}},"jetpack_publicize_connections":[],"jetpack_featured_media_url":"https:\/\/ondauno.com.ar\/wp-content\/uploads\/2025\/06\/WhatsApp-Image-2025-06-23-at-13.57.46-1.jpeg","jetpack_sharing_enabled":true,"_links":{"self":[{"href":"https:\/\/ondauno.com.ar\/index.php\/wp-json\/wp\/v2\/posts\/57755","targetHints":{"allow":["GET"]}}],"collection":[{"href":"https:\/\/ondauno.com.ar\/index.php\/wp-json\/wp\/v2\/posts"}],"about":[{"href":"https:\/\/ondauno.com.ar\/index.php\/wp-json\/wp\/v2\/types\/post"}],"author":[{"embeddable":true,"href":"https:\/\/ondauno.com.ar\/index.php\/wp-json\/wp\/v2\/users\/1"}],"replies":[{"embeddable":true,"href":"https:\/\/ondauno.com.ar\/index.php\/wp-json\/wp\/v2\/comments?post=57755"}],"version-history":[{"count":1,"href":"https:\/\/ondauno.com.ar\/index.php\/wp-json\/wp\/v2\/posts\/57755\/revisions"}],"predecessor-version":[{"id":57759,"href":"https:\/\/ondauno.com.ar\/index.php\/wp-json\/wp\/v2\/posts\/57755\/revisions\/57759"}],"wp:featuredmedia":[{"embeddable":true,"href":"https:\/\/ondauno.com.ar\/index.php\/wp-json\/wp\/v2\/media\/57756"}],"wp:attachment":[{"href":"https:\/\/ondauno.com.ar\/index.php\/wp-json\/wp\/v2\/media?parent=57755"}],"wp:term":[{"taxonomy":"category","embeddable":true,"href":"https:\/\/ondauno.com.ar\/index.php\/wp-json\/wp\/v2\/categories?post=57755"},{"taxonomy":"post_tag","embeddable":true,"href":"https:\/\/ondauno.com.ar\/index.php\/wp-json\/wp\/v2\/tags?post=57755"}],"curies":[{"name":"wp","href":"https:\/\/api.w.org\/{rel}","templated":true}]}}