{"id":57748,"date":"2025-06-23T13:47:10","date_gmt":"2025-06-23T16:47:10","guid":{"rendered":"https:\/\/ondauno.com.ar\/?p=57748"},"modified":"2025-06-23T13:47:25","modified_gmt":"2025-06-23T16:47:25","slug":"isla-habra-que-esperar-al-menos-una-semana-para-ver-si-los-bancos-de-arena-se-reacomodan","status":"publish","type":"post","link":"https:\/\/ondauno.com.ar\/index.php\/2025\/06\/23\/isla-habra-que-esperar-al-menos-una-semana-para-ver-si-los-bancos-de-arena-se-reacomodan\/","title":{"rendered":"Isla: \u201cHabr\u00e1 que esperar al menos una semana para ver si los bancos de arena se reacomodan\u201d"},"content":{"rendered":"<div class=\"ondau-before-content_3\" style=\"margin-top: -30px;\" id=\"ondau-186109392\"><a href=\"https:\/\/www.lps.com.ar\/\" aria-label=\"la-perse2\"><img loading=\"lazy\" decoding=\"async\" src=\"https:\/\/ondauno.com.ar\/wp-content\/uploads\/2021\/10\/la-perse2.jpg\" alt=\"\"  srcset=\"https:\/\/ondauno.com.ar\/wp-content\/uploads\/2021\/10\/la-perse2.jpg 1353w, https:\/\/ondauno.com.ar\/wp-content\/uploads\/2021\/10\/la-perse2-300x43.jpg 300w, https:\/\/ondauno.com.ar\/wp-content\/uploads\/2021\/10\/la-perse2-1024x148.jpg 1024w, https:\/\/ondauno.com.ar\/wp-content\/uploads\/2021\/10\/la-perse2-768x111.jpg 768w, https:\/\/ondauno.com.ar\/wp-content\/uploads\/2021\/10\/la-perse2-696x100.jpg 696w, https:\/\/ondauno.com.ar\/wp-content\/uploads\/2021\/10\/la-perse2-1068x154.jpg 1068w\" sizes=\"(max-width: 1353px) 100vw, 1353px\" class=\"no-lazyload\" width=\"1353\" height=\"195\"  style=\"display: inline-block;\" \/><\/a><\/div>\n<p>Federico Ignacio Isla, doctor en Geograf\u00eda y experto en geolog\u00eda de costas, analiz\u00f3 en Cosas que pasan el impacto de la fuerte marejada que afecta a la zona costera del distrito de Tres Arroyos, especialmente en Claromec\u00f3 y Dunamar.<\/p>\n\n\n\n<p>El especialista se\u00f1al\u00f3 que el evento meteorol\u00f3gico, que comenz\u00f3 durante la madrugada y contin\u00faa este lunes con marea creciente, est\u00e1 generando una erosi\u00f3n visible en sectores donde ya se han registrado da\u00f1os estructurales, como escaleras y refugios en la costa de Dunamar.<br>\u201cEl oleaje lleg\u00f3 hasta el pie del m\u00e9dano\u201d, explic\u00f3 Isla, quien advirti\u00f3 que la p\u00e9rdida de arena en esas \u00e1reas es significativa.<\/p>\n\n\n\n<p>Isla remarc\u00f3 que se trata de un fen\u00f3meno impulsado por vientos del sur y sudoeste con r\u00e1fagas superiores a los 80 km\/h, y destac\u00f3 que la marejada \u201ctodav\u00eda no lleg\u00f3 a su punto m\u00e1ximo\u201d debido a que la pr\u00f3xima pleamar ser\u00e1 por la tarde. \u201cYa hubo una marea muy alta a las 3 de la ma\u00f1ana que provoc\u00f3 da\u00f1os, y ahora viene otra con m\u00e1s intensidad\u201d, advirti\u00f3.<\/p>\n\n\n\n<p>Adem\u00e1s destac\u00f3 que este tipo de fen\u00f3menos se est\u00e1n volviendo m\u00e1s frecuentes y violentos, y que no siempre responden a los patrones estad\u00edsticos anteriores.<br>\u201cEl cambio clim\u00e1tico introduce variabilidad que no estaba prevista, como inundaciones r\u00e1pidas o sudestadas fuera de \u00e9poca\u201d, apunt\u00f3 el investigador.<\/p>\n\n\n\n<p>En cuanto al futuro inmediato de la playa de Claromec\u00f3, Isla explic\u00f3 que habr\u00e1 que observar si aparecen rocas en la playa media, lo que confirmar\u00eda una importante p\u00e9rdida de arena. \u201cHabr\u00e1 que esperar al menos una semana para ver si los bancos de arena se reacomodan y devuelven parte de lo que hoy se perdi\u00f3\u201d, se\u00f1al\u00f3. Tambi\u00e9n indic\u00f3 que Claromec\u00f3 tiene la ventaja de poseer una din\u00e1mica natural que tiende a recuperar arena, siempre y cuando no haya una p\u00e9rdida excesiva.<\/p>\n\n\n\n<p>Por otro lado alert\u00f3 sobre la necesidad de repensar el dise\u00f1o tur\u00edstico y urban\u00edstico en localidades costeras. \u201cHay que revisar c\u00f3mo se distribuyen los balnearios, especialmente en zonas donde la playa es cada vez m\u00e1s angosta\u201d, dijo, aludiendo a ejemplos como Villa Gesell o Miramar.<\/p>\n\n\n\n<p>Finalmente valor\u00f3 que los balnearios c\u00e9ntricos de Claromec\u00f3 hayan sido construidos sobre pilotes, lo que les da mayor resistencia, aunque advirti\u00f3 que en Dunamar la situaci\u00f3n es m\u00e1s comprometida. \u201cYa se han roto escaleras y se perdi\u00f3 parte de la estructura del balneario de madera\u201d, expres\u00f3.<\/p>\n\n\n\n<p>Isla, que trabaj\u00f3 desde el CONICET durante a\u00f1os en investigaciones sobre la costa tresarroyense, remarc\u00f3 que estos eventos extremos se volver\u00e1n cada vez m\u00e1s habituales, y que ser\u00e1 clave avanzar en pol\u00edticas de planificaci\u00f3n costera sustentable.<\/p>\n\n\n\n<figure class=\"wp-block-embed is-type-video is-provider-youtube wp-block-embed-youtube wp-embed-aspect-16-9 wp-has-aspect-ratio\"><div class=\"wp-block-embed__wrapper\">\n<div class=\"youtube-embed\" data-video_id=\"srTAESymxdc\"><iframe loading=\"lazy\" title=\"Onda Uno 103.9 en vivo\" width=\"696\" height=\"392\" data-src=\"https:\/\/www.youtube.com\/embed\/srTAESymxdc?feature=oembed&#038;enablejsapi=1\" frameborder=\"0\" allow=\"accelerometer; autoplay; clipboard-write; encrypted-media; gyroscope; picture-in-picture; web-share\" referrerpolicy=\"strict-origin-when-cross-origin\" allowfullscreen src=\"data:image\/gif;base64,R0lGODlhAQABAAAAACH5BAEKAAEALAAAAAABAAEAAAICTAEAOw==\" class=\"lazyload\" data-load-mode=\"1\"><\/iframe><\/div>\n<\/div><\/figure>\n","protected":false},"excerpt":{"rendered":"<p>Federico Ignacio Isla, doctor en Geograf\u00eda y experto en geolog\u00eda de costas, analiz\u00f3 en Cosas que pasan el impacto de la fuerte marejada que afecta a la zona costera del distrito de Tres Arroyos, especialmente en Claromec\u00f3 y Dunamar. El especialista se\u00f1al\u00f3 que el evento meteorol\u00f3gico, que comenz\u00f3 durante la madrugada y contin\u00faa este lunes [&hellip;]<\/p>\n","protected":false},"author":1,"featured_media":57749,"comment_status":"open","ping_status":"open","sticky":false,"template":"","format":"standard","meta":{"tdm_status":"","tdm_grid_status":"","_jetpack_memberships_contains_paid_content":false,"footnotes":"","jetpack_publicize_message":"","jetpack_publicize_feature_enabled":true,"jetpack_social_post_already_shared":true,"jetpack_social_options":{"image_generator_settings":{"template":"highway","default_image_id":0,"font":"","enabled":false},"version":2}},"categories":[2],"tags":[],"class_list":{"0":"post-57748","1":"post","2":"type-post","3":"status-publish","4":"format-standard","5":"has-post-thumbnail","7":"category-locales"},"yoast_head":"<!-- This site is optimized with the Yoast SEO plugin v22.7 - https:\/\/yoast.com\/wordpress\/plugins\/seo\/ -->\n<title>Isla: \u201cHabr\u00e1 que esperar al menos una semana para ver si los bancos de arena se reacomodan\u201d - 103.9 fm<\/title>\n<meta name=\"robots\" content=\"index, follow, max-snippet:-1, max-image-preview:large, max-video-preview:-1\" \/>\n<link rel=\"canonical\" href=\"https:\/\/ondauno.com.ar\/index.php\/2025\/06\/23\/isla-habra-que-esperar-al-menos-una-semana-para-ver-si-los-bancos-de-arena-se-reacomodan\/\" \/>\n<meta property=\"og:locale\" content=\"es_ES\" \/>\n<meta property=\"og:type\" content=\"article\" \/>\n<meta property=\"og:title\" content=\"Isla: \u201cHabr\u00e1 que esperar al menos una semana para ver si los bancos de arena se reacomodan\u201d - 103.9 fm\" \/>\n<meta property=\"og:description\" content=\"Federico Ignacio Isla, doctor en Geograf\u00eda y experto en geolog\u00eda de costas, analiz\u00f3 en Cosas que pasan el impacto de la fuerte marejada que afecta a la zona costera del distrito de Tres Arroyos, especialmente en Claromec\u00f3 y Dunamar. El especialista se\u00f1al\u00f3 que el evento meteorol\u00f3gico, que comenz\u00f3 durante la madrugada y contin\u00faa este lunes [&hellip;]\" \/>\n<meta property=\"og:url\" content=\"https:\/\/ondauno.com.ar\/index.php\/2025\/06\/23\/isla-habra-que-esperar-al-menos-una-semana-para-ver-si-los-bancos-de-arena-se-reacomodan\/\" \/>\n<meta property=\"og:site_name\" content=\"103.9 fm\" \/>\n<meta property=\"article:publisher\" content=\"https:\/\/www.facebook.com\/ondauno103.9\" \/>\n<meta property=\"article:published_time\" content=\"2025-06-23T16:47:10+00:00\" \/>\n<meta property=\"article:modified_time\" content=\"2025-06-23T16:47:25+00:00\" \/>\n<meta property=\"og:image\" content=\"http:\/\/ondauno.com.ar\/wp-content\/uploads\/2025\/06\/Blank-2-Grids-Collage-6-1024x1024.png\" \/>\n\t<meta property=\"og:image:width\" content=\"1024\" \/>\n\t<meta property=\"og:image:height\" content=\"1024\" \/>\n\t<meta property=\"og:image:type\" content=\"image\/png\" \/>\n<meta name=\"author\" content=\"OndaUno\" \/>\n<meta name=\"twitter:card\" content=\"summary_large_image\" \/>\n<meta name=\"twitter:label1\" content=\"Escrito por\" \/>\n\t<meta name=\"twitter:data1\" content=\"OndaUno\" \/>\n\t<meta name=\"twitter:label2\" content=\"Tiempo de lectura\" \/>\n\t<meta name=\"twitter:data2\" content=\"3 minutos\" \/>\n<script type=\"application\/ld+json\" class=\"yoast-schema-graph\">{\"@context\":\"https:\/\/schema.org\",\"@graph\":[{\"@type\":\"WebPage\",\"@id\":\"https:\/\/ondauno.com.ar\/index.php\/2025\/06\/23\/isla-habra-que-esperar-al-menos-una-semana-para-ver-si-los-bancos-de-arena-se-reacomodan\/\",\"url\":\"https:\/\/ondauno.com.ar\/index.php\/2025\/06\/23\/isla-habra-que-esperar-al-menos-una-semana-para-ver-si-los-bancos-de-arena-se-reacomodan\/\",\"name\":\"Isla: \u201cHabr\u00e1 que esperar al menos una semana para ver si los bancos de arena se reacomodan\u201d - 103.9 fm\",\"isPartOf\":{\"@id\":\"https:\/\/ondauno.com.ar\/#website\"},\"primaryImageOfPage\":{\"@id\":\"https:\/\/ondauno.com.ar\/index.php\/2025\/06\/23\/isla-habra-que-esperar-al-menos-una-semana-para-ver-si-los-bancos-de-arena-se-reacomodan\/#primaryimage\"},\"image\":{\"@id\":\"https:\/\/ondauno.com.ar\/index.php\/2025\/06\/23\/isla-habra-que-esperar-al-menos-una-semana-para-ver-si-los-bancos-de-arena-se-reacomodan\/#primaryimage\"},\"thumbnailUrl\":\"https:\/\/ondauno.com.ar\/wp-content\/uploads\/2025\/06\/Blank-2-Grids-Collage-6.png\",\"datePublished\":\"2025-06-23T16:47:10+00:00\",\"dateModified\":\"2025-06-23T16:47:25+00:00\",\"author\":{\"@id\":\"https:\/\/ondauno.com.ar\/#\/schema\/person\/7ec851ddeceb4133d7d7132dc645714e\"},\"breadcrumb\":{\"@id\":\"https:\/\/ondauno.com.ar\/index.php\/2025\/06\/23\/isla-habra-que-esperar-al-menos-una-semana-para-ver-si-los-bancos-de-arena-se-reacomodan\/#breadcrumb\"},\"inLanguage\":\"es-AR\",\"potentialAction\":[{\"@type\":\"ReadAction\",\"target\":[\"https:\/\/ondauno.com.ar\/index.php\/2025\/06\/23\/isla-habra-que-esperar-al-menos-una-semana-para-ver-si-los-bancos-de-arena-se-reacomodan\/\"]}]},{\"@type\":\"ImageObject\",\"inLanguage\":\"es-AR\",\"@id\":\"https:\/\/ondauno.com.ar\/index.php\/2025\/06\/23\/isla-habra-que-esperar-al-menos-una-semana-para-ver-si-los-bancos-de-arena-se-reacomodan\/#primaryimage\",\"url\":\"https:\/\/ondauno.com.ar\/wp-content\/uploads\/2025\/06\/Blank-2-Grids-Collage-6.png\",\"contentUrl\":\"https:\/\/ondauno.com.ar\/wp-content\/uploads\/2025\/06\/Blank-2-Grids-Collage-6.png\",\"width\":2000,\"height\":2000},{\"@type\":\"BreadcrumbList\",\"@id\":\"https:\/\/ondauno.com.ar\/index.php\/2025\/06\/23\/isla-habra-que-esperar-al-menos-una-semana-para-ver-si-los-bancos-de-arena-se-reacomodan\/#breadcrumb\",\"itemListElement\":[{\"@type\":\"ListItem\",\"position\":1,\"name\":\"Inicio\",\"item\":\"https:\/\/ondauno.com.ar\/\"},{\"@type\":\"ListItem\",\"position\":2,\"name\":\"Isla: \u201cHabr\u00e1 que esperar al menos una semana para ver si los bancos de arena se reacomodan\u201d\"}]},{\"@type\":\"WebSite\",\"@id\":\"https:\/\/ondauno.com.ar\/#website\",\"url\":\"https:\/\/ondauno.com.ar\/\",\"name\":\"103.9 fm\",\"description\":\"LA PRIMERA RADIO MULTIMEDIA DE TRES ARROYOS\",\"potentialAction\":[{\"@type\":\"SearchAction\",\"target\":{\"@type\":\"EntryPoint\",\"urlTemplate\":\"https:\/\/ondauno.com.ar\/?s={search_term_string}\"},\"query-input\":\"required name=search_term_string\"}],\"inLanguage\":\"es-AR\"},{\"@type\":\"Person\",\"@id\":\"https:\/\/ondauno.com.ar\/#\/schema\/person\/7ec851ddeceb4133d7d7132dc645714e\",\"name\":\"OndaUno\",\"image\":{\"@type\":\"ImageObject\",\"inLanguage\":\"es-AR\",\"@id\":\"https:\/\/ondauno.com.ar\/#\/schema\/person\/image\/\",\"url\":\"https:\/\/secure.gravatar.com\/avatar\/93b8009f0de7021f1feb2bd5b32fb9e8?s=96&d=mm&r=g\",\"contentUrl\":\"https:\/\/secure.gravatar.com\/avatar\/93b8009f0de7021f1feb2bd5b32fb9e8?s=96&d=mm&r=g\",\"caption\":\"OndaUno\"},\"url\":\"https:\/\/ondauno.com.ar\/index.php\/author\/ondauno\/\"}]}<\/script>\n<!-- \/ Yoast SEO plugin. -->","yoast_head_json":{"title":"Isla: \u201cHabr\u00e1 que esperar al menos una semana para ver si los bancos de arena se reacomodan\u201d - 103.9 fm","robots":{"index":"index","follow":"follow","max-snippet":"max-snippet:-1","max-image-preview":"max-image-preview:large","max-video-preview":"max-video-preview:-1"},"canonical":"https:\/\/ondauno.com.ar\/index.php\/2025\/06\/23\/isla-habra-que-esperar-al-menos-una-semana-para-ver-si-los-bancos-de-arena-se-reacomodan\/","og_locale":"es_ES","og_type":"article","og_title":"Isla: \u201cHabr\u00e1 que esperar al menos una semana para ver si los bancos de arena se reacomodan\u201d - 103.9 fm","og_description":"Federico Ignacio Isla, doctor en Geograf\u00eda y experto en geolog\u00eda de costas, analiz\u00f3 en Cosas que pasan el impacto de la fuerte marejada que afecta a la zona costera del distrito de Tres Arroyos, especialmente en Claromec\u00f3 y Dunamar. El especialista se\u00f1al\u00f3 que el evento meteorol\u00f3gico, que comenz\u00f3 durante la madrugada y contin\u00faa este lunes [&hellip;]","og_url":"https:\/\/ondauno.com.ar\/index.php\/2025\/06\/23\/isla-habra-que-esperar-al-menos-una-semana-para-ver-si-los-bancos-de-arena-se-reacomodan\/","og_site_name":"103.9 fm","article_publisher":"https:\/\/www.facebook.com\/ondauno103.9","article_published_time":"2025-06-23T16:47:10+00:00","article_modified_time":"2025-06-23T16:47:25+00:00","og_image":[{"width":1024,"height":1024,"url":"http:\/\/ondauno.com.ar\/wp-content\/uploads\/2025\/06\/Blank-2-Grids-Collage-6-1024x1024.png","type":"image\/png"}],"author":"OndaUno","twitter_card":"summary_large_image","twitter_misc":{"Escrito por":"OndaUno","Tiempo de lectura":"3 minutos"},"schema":{"@context":"https:\/\/schema.org","@graph":[{"@type":"WebPage","@id":"https:\/\/ondauno.com.ar\/index.php\/2025\/06\/23\/isla-habra-que-esperar-al-menos-una-semana-para-ver-si-los-bancos-de-arena-se-reacomodan\/","url":"https:\/\/ondauno.com.ar\/index.php\/2025\/06\/23\/isla-habra-que-esperar-al-menos-una-semana-para-ver-si-los-bancos-de-arena-se-reacomodan\/","name":"Isla: \u201cHabr\u00e1 que esperar al menos una semana para ver si los bancos de arena se reacomodan\u201d - 103.9 fm","isPartOf":{"@id":"https:\/\/ondauno.com.ar\/#website"},"primaryImageOfPage":{"@id":"https:\/\/ondauno.com.ar\/index.php\/2025\/06\/23\/isla-habra-que-esperar-al-menos-una-semana-para-ver-si-los-bancos-de-arena-se-reacomodan\/#primaryimage"},"image":{"@id":"https:\/\/ondauno.com.ar\/index.php\/2025\/06\/23\/isla-habra-que-esperar-al-menos-una-semana-para-ver-si-los-bancos-de-arena-se-reacomodan\/#primaryimage"},"thumbnailUrl":"https:\/\/ondauno.com.ar\/wp-content\/uploads\/2025\/06\/Blank-2-Grids-Collage-6.png","datePublished":"2025-06-23T16:47:10+00:00","dateModified":"2025-06-23T16:47:25+00:00","author":{"@id":"https:\/\/ondauno.com.ar\/#\/schema\/person\/7ec851ddeceb4133d7d7132dc645714e"},"breadcrumb":{"@id":"https:\/\/ondauno.com.ar\/index.php\/2025\/06\/23\/isla-habra-que-esperar-al-menos-una-semana-para-ver-si-los-bancos-de-arena-se-reacomodan\/#breadcrumb"},"inLanguage":"es-AR","potentialAction":[{"@type":"ReadAction","target":["https:\/\/ondauno.com.ar\/index.php\/2025\/06\/23\/isla-habra-que-esperar-al-menos-una-semana-para-ver-si-los-bancos-de-arena-se-reacomodan\/"]}]},{"@type":"ImageObject","inLanguage":"es-AR","@id":"https:\/\/ondauno.com.ar\/index.php\/2025\/06\/23\/isla-habra-que-esperar-al-menos-una-semana-para-ver-si-los-bancos-de-arena-se-reacomodan\/#primaryimage","url":"https:\/\/ondauno.com.ar\/wp-content\/uploads\/2025\/06\/Blank-2-Grids-Collage-6.png","contentUrl":"https:\/\/ondauno.com.ar\/wp-content\/uploads\/2025\/06\/Blank-2-Grids-Collage-6.png","width":2000,"height":2000},{"@type":"BreadcrumbList","@id":"https:\/\/ondauno.com.ar\/index.php\/2025\/06\/23\/isla-habra-que-esperar-al-menos-una-semana-para-ver-si-los-bancos-de-arena-se-reacomodan\/#breadcrumb","itemListElement":[{"@type":"ListItem","position":1,"name":"Inicio","item":"https:\/\/ondauno.com.ar\/"},{"@type":"ListItem","position":2,"name":"Isla: \u201cHabr\u00e1 que esperar al menos una semana para ver si los bancos de arena se reacomodan\u201d"}]},{"@type":"WebSite","@id":"https:\/\/ondauno.com.ar\/#website","url":"https:\/\/ondauno.com.ar\/","name":"103.9 fm","description":"LA PRIMERA RADIO MULTIMEDIA DE TRES ARROYOS","potentialAction":[{"@type":"SearchAction","target":{"@type":"EntryPoint","urlTemplate":"https:\/\/ondauno.com.ar\/?s={search_term_string}"},"query-input":"required name=search_term_string"}],"inLanguage":"es-AR"},{"@type":"Person","@id":"https:\/\/ondauno.com.ar\/#\/schema\/person\/7ec851ddeceb4133d7d7132dc645714e","name":"OndaUno","image":{"@type":"ImageObject","inLanguage":"es-AR","@id":"https:\/\/ondauno.com.ar\/#\/schema\/person\/image\/","url":"https:\/\/secure.gravatar.com\/avatar\/93b8009f0de7021f1feb2bd5b32fb9e8?s=96&d=mm&r=g","contentUrl":"https:\/\/secure.gravatar.com\/avatar\/93b8009f0de7021f1feb2bd5b32fb9e8?s=96&d=mm&r=g","caption":"OndaUno"},"url":"https:\/\/ondauno.com.ar\/index.php\/author\/ondauno\/"}]}},"jetpack_publicize_connections":[],"jetpack_featured_media_url":"https:\/\/ondauno.com.ar\/wp-content\/uploads\/2025\/06\/Blank-2-Grids-Collage-6.png","jetpack_sharing_enabled":true,"_links":{"self":[{"href":"https:\/\/ondauno.com.ar\/index.php\/wp-json\/wp\/v2\/posts\/57748","targetHints":{"allow":["GET"]}}],"collection":[{"href":"https:\/\/ondauno.com.ar\/index.php\/wp-json\/wp\/v2\/posts"}],"about":[{"href":"https:\/\/ondauno.com.ar\/index.php\/wp-json\/wp\/v2\/types\/post"}],"author":[{"embeddable":true,"href":"https:\/\/ondauno.com.ar\/index.php\/wp-json\/wp\/v2\/users\/1"}],"replies":[{"embeddable":true,"href":"https:\/\/ondauno.com.ar\/index.php\/wp-json\/wp\/v2\/comments?post=57748"}],"version-history":[{"count":1,"href":"https:\/\/ondauno.com.ar\/index.php\/wp-json\/wp\/v2\/posts\/57748\/revisions"}],"predecessor-version":[{"id":57750,"href":"https:\/\/ondauno.com.ar\/index.php\/wp-json\/wp\/v2\/posts\/57748\/revisions\/57750"}],"wp:featuredmedia":[{"embeddable":true,"href":"https:\/\/ondauno.com.ar\/index.php\/wp-json\/wp\/v2\/media\/57749"}],"wp:attachment":[{"href":"https:\/\/ondauno.com.ar\/index.php\/wp-json\/wp\/v2\/media?parent=57748"}],"wp:term":[{"taxonomy":"category","embeddable":true,"href":"https:\/\/ondauno.com.ar\/index.php\/wp-json\/wp\/v2\/categories?post=57748"},{"taxonomy":"post_tag","embeddable":true,"href":"https:\/\/ondauno.com.ar\/index.php\/wp-json\/wp\/v2\/tags?post=57748"}],"curies":[{"name":"wp","href":"https:\/\/api.w.org\/{rel}","templated":true}]}}