{"id":57744,"date":"2025-06-23T13:37:29","date_gmt":"2025-06-23T16:37:29","guid":{"rendered":"https:\/\/ondauno.com.ar\/?p=57744"},"modified":"2025-06-23T13:37:35","modified_gmt":"2025-06-23T16:37:35","slug":"reta-tambien-sufre-el-impacto-del-temporal-danos-en-paradores-y-postes-caidos","status":"publish","type":"post","link":"https:\/\/ondauno.com.ar\/index.php\/2025\/06\/23\/reta-tambien-sufre-el-impacto-del-temporal-danos-en-paradores-y-postes-caidos\/","title":{"rendered":"Reta tambi\u00e9n sufre el impacto del temporal: da\u00f1os en paradores y postes ca\u00eddos"},"content":{"rendered":"<div class=\"ondau-before-content_3\" style=\"margin-top: -30px;\" id=\"ondau-2405064349\"><a href=\"https:\/\/www.lps.com.ar\/\" aria-label=\"la-perse2\"><img loading=\"lazy\" decoding=\"async\" src=\"https:\/\/ondauno.com.ar\/wp-content\/uploads\/2021\/10\/la-perse2.jpg\" alt=\"\"  srcset=\"https:\/\/ondauno.com.ar\/wp-content\/uploads\/2021\/10\/la-perse2.jpg 1353w, https:\/\/ondauno.com.ar\/wp-content\/uploads\/2021\/10\/la-perse2-300x43.jpg 300w, https:\/\/ondauno.com.ar\/wp-content\/uploads\/2021\/10\/la-perse2-1024x148.jpg 1024w, https:\/\/ondauno.com.ar\/wp-content\/uploads\/2021\/10\/la-perse2-768x111.jpg 768w, https:\/\/ondauno.com.ar\/wp-content\/uploads\/2021\/10\/la-perse2-696x100.jpg 696w, https:\/\/ondauno.com.ar\/wp-content\/uploads\/2021\/10\/la-perse2-1068x154.jpg 1068w\" sizes=\"(max-width: 1353px) 100vw, 1353px\" class=\"no-lazyload\" width=\"1353\" height=\"195\"  style=\"display: inline-block;\" \/><\/a><\/div>\n<p>El fuerte temporal que afecta al distrito de Tres Arroyos tambi\u00e9n se hizo sentir con intensidad en Reta, donde la crecida del mar provoc\u00f3 da\u00f1os en la zona costera, especialmente en los accesos a la playa y en estructuras vinculadas a los servicios tur\u00edsticos. As\u00ed lo confirm\u00f3 el delegado local, Diego Zynchenko, en Cosas que pasan.<\/p>\n\n\n\n<p>&#8220;Ha sido una noche muy intensa, no dormimos. El principal impacto se sinti\u00f3 en la playa, especialmente en los accesos a los paradores&#8221;, indic\u00f3 Zynchenko, quien detall\u00f3 que una de las casillas de guardavidas fue derribada por la fuerza del mar en el sector comprendido entre los paradores La Pausa y Tequila Beach. La situaci\u00f3n ya est\u00e1 siendo atendida en coordinaci\u00f3n con el jefe de guardavidas, Diego De la Vega.<\/p>\n\n\n\n<figure class=\"wp-block-image size-large\"><img loading=\"lazy\" decoding=\"async\" width=\"1024\" height=\"576\" data-src=\"https:\/\/ondauno.com.ar\/wp-content\/uploads\/2025\/06\/WhatsApp-Image-2025-06-23-at-13.28.23-1-1024x576.jpeg\" alt=\"\" class=\"wp-image-57746 lazyload\" data-srcset=\"https:\/\/ondauno.com.ar\/wp-content\/uploads\/2025\/06\/WhatsApp-Image-2025-06-23-at-13.28.23-1-1024x576.jpeg 1024w, https:\/\/ondauno.com.ar\/wp-content\/uploads\/2025\/06\/WhatsApp-Image-2025-06-23-at-13.28.23-1-300x169.jpeg 300w, https:\/\/ondauno.com.ar\/wp-content\/uploads\/2025\/06\/WhatsApp-Image-2025-06-23-at-13.28.23-1-768x432.jpeg 768w, https:\/\/ondauno.com.ar\/wp-content\/uploads\/2025\/06\/WhatsApp-Image-2025-06-23-at-13.28.23-1-1536x864.jpeg 1536w, https:\/\/ondauno.com.ar\/wp-content\/uploads\/2025\/06\/WhatsApp-Image-2025-06-23-at-13.28.23-1-747x420.jpeg 747w, https:\/\/ondauno.com.ar\/wp-content\/uploads\/2025\/06\/WhatsApp-Image-2025-06-23-at-13.28.23-1-696x391.jpeg 696w, https:\/\/ondauno.com.ar\/wp-content\/uploads\/2025\/06\/WhatsApp-Image-2025-06-23-at-13.28.23-1-1068x600.jpeg 1068w, https:\/\/ondauno.com.ar\/wp-content\/uploads\/2025\/06\/WhatsApp-Image-2025-06-23-at-13.28.23-1.jpeg 1599w\" data-sizes=\"auto, (max-width: 1024px) 100vw, 1024px\" src=\"data:image\/gif;base64,R0lGODlhAQABAAAAACH5BAEKAAEALAAAAAABAAEAAAICTAEAOw==\" style=\"--smush-placeholder-width: 1024px; --smush-placeholder-aspect-ratio: 1024\/576;\" \/><noscript><img loading=\"lazy\" decoding=\"async\" width=\"1024\" height=\"576\" src=\"https:\/\/ondauno.com.ar\/wp-content\/uploads\/2025\/06\/WhatsApp-Image-2025-06-23-at-13.28.23-1-1024x576.jpeg\" alt=\"\" class=\"wp-image-57746\" srcset=\"https:\/\/ondauno.com.ar\/wp-content\/uploads\/2025\/06\/WhatsApp-Image-2025-06-23-at-13.28.23-1-1024x576.jpeg 1024w, https:\/\/ondauno.com.ar\/wp-content\/uploads\/2025\/06\/WhatsApp-Image-2025-06-23-at-13.28.23-1-300x169.jpeg 300w, https:\/\/ondauno.com.ar\/wp-content\/uploads\/2025\/06\/WhatsApp-Image-2025-06-23-at-13.28.23-1-768x432.jpeg 768w, https:\/\/ondauno.com.ar\/wp-content\/uploads\/2025\/06\/WhatsApp-Image-2025-06-23-at-13.28.23-1-1536x864.jpeg 1536w, https:\/\/ondauno.com.ar\/wp-content\/uploads\/2025\/06\/WhatsApp-Image-2025-06-23-at-13.28.23-1-747x420.jpeg 747w, https:\/\/ondauno.com.ar\/wp-content\/uploads\/2025\/06\/WhatsApp-Image-2025-06-23-at-13.28.23-1-696x391.jpeg 696w, https:\/\/ondauno.com.ar\/wp-content\/uploads\/2025\/06\/WhatsApp-Image-2025-06-23-at-13.28.23-1-1068x600.jpeg 1068w, https:\/\/ondauno.com.ar\/wp-content\/uploads\/2025\/06\/WhatsApp-Image-2025-06-23-at-13.28.23-1.jpeg 1599w\" sizes=\"auto, (max-width: 1024px) 100vw, 1024px\" \/><\/noscript><\/figure>\n\n\n\n<p>La magnitud del fen\u00f3meno sorprende incluso a una localidad como Reta, reconocida por su importante reserva natural de arena. Seg\u00fan indic\u00f3 el delegado, el mar alcanz\u00f3 la bajada de los pescadores durante la madrugada, algo poco habitual en condiciones normales.<\/p>\n\n\n\n<p>Respecto a la zona urbana no se registraron pedidos de emergencia ni da\u00f1os estructurales significativos, aunque s\u00ed hubo complicaciones en el tendido el\u00e9ctrico.<br>&#8220;La gente de la CELTA estuvo trabajando mucho, porque hay varios postes ca\u00eddos o quebrados por la ca\u00edda de gajos. No hay cortes importantes, pero s\u00ed mucha tensi\u00f3n en el tendido&#8221;, se\u00f1al\u00f3 Zynchenko.<\/p>\n\n\n\n<p>El delegado destac\u00f3 el compromiso tanto del personal municipal como de los propios vecinos. &#8220;Muchos se ofrecieron para colaborar, incluso durante la madrugada. Eso es muy valioso&#8221;, expres\u00f3.<\/p>\n\n\n\n<p>Finalmente advirti\u00f3 que el escenario podr\u00eda agravarse en las pr\u00f3ximas horas cuando comience a subir la marea, ya que actualmente se encuentra en su punto m\u00e1s bajo, aunque el mar sigue avanzando sobre la costa.<\/p>\n\n\n\n<figure class=\"wp-block-embed is-type-video is-provider-youtube wp-block-embed-youtube wp-embed-aspect-16-9 wp-has-aspect-ratio\"><div class=\"wp-block-embed__wrapper\">\n<div class=\"youtube-embed\" data-video_id=\"w80lJR2QsMg\"><iframe loading=\"lazy\" title=\"Onda Uno 103.9 en vivo\" width=\"696\" height=\"392\" data-src=\"https:\/\/www.youtube.com\/embed\/w80lJR2QsMg?feature=oembed&#038;enablejsapi=1\" frameborder=\"0\" allow=\"accelerometer; autoplay; clipboard-write; encrypted-media; gyroscope; picture-in-picture; web-share\" referrerpolicy=\"strict-origin-when-cross-origin\" allowfullscreen src=\"data:image\/gif;base64,R0lGODlhAQABAAAAACH5BAEKAAEALAAAAAABAAEAAAICTAEAOw==\" class=\"lazyload\" data-load-mode=\"1\"><\/iframe><\/div>\n<\/div><\/figure>\n","protected":false},"excerpt":{"rendered":"<p>El fuerte temporal que afecta al distrito de Tres Arroyos tambi\u00e9n se hizo sentir con intensidad en Reta, donde la crecida del mar provoc\u00f3 da\u00f1os en la zona costera, especialmente en los accesos a la playa y en estructuras vinculadas a los servicios tur\u00edsticos. As\u00ed lo confirm\u00f3 el delegado local, Diego Zynchenko, en Cosas que [&hellip;]<\/p>\n","protected":false},"author":1,"featured_media":57745,"comment_status":"open","ping_status":"open","sticky":false,"template":"","format":"standard","meta":{"tdm_status":"","tdm_grid_status":"","_jetpack_memberships_contains_paid_content":false,"footnotes":"","jetpack_publicize_message":"","jetpack_publicize_feature_enabled":true,"jetpack_social_post_already_shared":true,"jetpack_social_options":{"image_generator_settings":{"template":"highway","default_image_id":0,"font":"","enabled":false},"version":2}},"categories":[2],"tags":[],"class_list":{"0":"post-57744","1":"post","2":"type-post","3":"status-publish","4":"format-standard","5":"has-post-thumbnail","7":"category-locales"},"yoast_head":"<!-- This site is optimized with the Yoast SEO plugin v22.7 - https:\/\/yoast.com\/wordpress\/plugins\/seo\/ -->\n<title>Reta tambi\u00e9n sufre el impacto del temporal: da\u00f1os en paradores y postes ca\u00eddos - 103.9 fm<\/title>\n<meta name=\"robots\" content=\"index, follow, max-snippet:-1, max-image-preview:large, max-video-preview:-1\" \/>\n<link rel=\"canonical\" href=\"https:\/\/ondauno.com.ar\/index.php\/2025\/06\/23\/reta-tambien-sufre-el-impacto-del-temporal-danos-en-paradores-y-postes-caidos\/\" \/>\n<meta property=\"og:locale\" content=\"es_ES\" \/>\n<meta property=\"og:type\" content=\"article\" \/>\n<meta property=\"og:title\" content=\"Reta tambi\u00e9n sufre el impacto del temporal: da\u00f1os en paradores y postes ca\u00eddos - 103.9 fm\" \/>\n<meta property=\"og:description\" content=\"El fuerte temporal que afecta al distrito de Tres Arroyos tambi\u00e9n se hizo sentir con intensidad en Reta, donde la crecida del mar provoc\u00f3 da\u00f1os en la zona costera, especialmente en los accesos a la playa y en estructuras vinculadas a los servicios tur\u00edsticos. As\u00ed lo confirm\u00f3 el delegado local, Diego Zynchenko, en Cosas que [&hellip;]\" \/>\n<meta property=\"og:url\" content=\"https:\/\/ondauno.com.ar\/index.php\/2025\/06\/23\/reta-tambien-sufre-el-impacto-del-temporal-danos-en-paradores-y-postes-caidos\/\" \/>\n<meta property=\"og:site_name\" content=\"103.9 fm\" \/>\n<meta property=\"article:publisher\" content=\"https:\/\/www.facebook.com\/ondauno103.9\" \/>\n<meta property=\"article:published_time\" content=\"2025-06-23T16:37:29+00:00\" \/>\n<meta property=\"article:modified_time\" content=\"2025-06-23T16:37:35+00:00\" \/>\n<meta property=\"og:image\" content=\"http:\/\/ondauno.com.ar\/wp-content\/uploads\/2025\/06\/WhatsApp-Image-2025-06-23-at-13.28.23.jpeg\" \/>\n\t<meta property=\"og:image:width\" content=\"966\" \/>\n\t<meta property=\"og:image:height\" content=\"1288\" \/>\n\t<meta property=\"og:image:type\" content=\"image\/jpeg\" \/>\n<meta name=\"author\" content=\"OndaUno\" \/>\n<meta name=\"twitter:card\" content=\"summary_large_image\" \/>\n<meta name=\"twitter:label1\" content=\"Escrito por\" \/>\n\t<meta name=\"twitter:data1\" content=\"OndaUno\" \/>\n\t<meta name=\"twitter:label2\" content=\"Tiempo de lectura\" \/>\n\t<meta name=\"twitter:data2\" content=\"2 minutos\" \/>\n<script type=\"application\/ld+json\" class=\"yoast-schema-graph\">{\"@context\":\"https:\/\/schema.org\",\"@graph\":[{\"@type\":\"WebPage\",\"@id\":\"https:\/\/ondauno.com.ar\/index.php\/2025\/06\/23\/reta-tambien-sufre-el-impacto-del-temporal-danos-en-paradores-y-postes-caidos\/\",\"url\":\"https:\/\/ondauno.com.ar\/index.php\/2025\/06\/23\/reta-tambien-sufre-el-impacto-del-temporal-danos-en-paradores-y-postes-caidos\/\",\"name\":\"Reta tambi\u00e9n sufre el impacto del temporal: da\u00f1os en paradores y postes ca\u00eddos - 103.9 fm\",\"isPartOf\":{\"@id\":\"https:\/\/ondauno.com.ar\/#website\"},\"primaryImageOfPage\":{\"@id\":\"https:\/\/ondauno.com.ar\/index.php\/2025\/06\/23\/reta-tambien-sufre-el-impacto-del-temporal-danos-en-paradores-y-postes-caidos\/#primaryimage\"},\"image\":{\"@id\":\"https:\/\/ondauno.com.ar\/index.php\/2025\/06\/23\/reta-tambien-sufre-el-impacto-del-temporal-danos-en-paradores-y-postes-caidos\/#primaryimage\"},\"thumbnailUrl\":\"https:\/\/ondauno.com.ar\/wp-content\/uploads\/2025\/06\/WhatsApp-Image-2025-06-23-at-13.28.23.jpeg\",\"datePublished\":\"2025-06-23T16:37:29+00:00\",\"dateModified\":\"2025-06-23T16:37:35+00:00\",\"author\":{\"@id\":\"https:\/\/ondauno.com.ar\/#\/schema\/person\/7ec851ddeceb4133d7d7132dc645714e\"},\"breadcrumb\":{\"@id\":\"https:\/\/ondauno.com.ar\/index.php\/2025\/06\/23\/reta-tambien-sufre-el-impacto-del-temporal-danos-en-paradores-y-postes-caidos\/#breadcrumb\"},\"inLanguage\":\"es-AR\",\"potentialAction\":[{\"@type\":\"ReadAction\",\"target\":[\"https:\/\/ondauno.com.ar\/index.php\/2025\/06\/23\/reta-tambien-sufre-el-impacto-del-temporal-danos-en-paradores-y-postes-caidos\/\"]}]},{\"@type\":\"ImageObject\",\"inLanguage\":\"es-AR\",\"@id\":\"https:\/\/ondauno.com.ar\/index.php\/2025\/06\/23\/reta-tambien-sufre-el-impacto-del-temporal-danos-en-paradores-y-postes-caidos\/#primaryimage\",\"url\":\"https:\/\/ondauno.com.ar\/wp-content\/uploads\/2025\/06\/WhatsApp-Image-2025-06-23-at-13.28.23.jpeg\",\"contentUrl\":\"https:\/\/ondauno.com.ar\/wp-content\/uploads\/2025\/06\/WhatsApp-Image-2025-06-23-at-13.28.23.jpeg\",\"width\":966,\"height\":1288},{\"@type\":\"BreadcrumbList\",\"@id\":\"https:\/\/ondauno.com.ar\/index.php\/2025\/06\/23\/reta-tambien-sufre-el-impacto-del-temporal-danos-en-paradores-y-postes-caidos\/#breadcrumb\",\"itemListElement\":[{\"@type\":\"ListItem\",\"position\":1,\"name\":\"Inicio\",\"item\":\"https:\/\/ondauno.com.ar\/\"},{\"@type\":\"ListItem\",\"position\":2,\"name\":\"Reta tambi\u00e9n sufre el impacto del temporal: da\u00f1os en paradores y postes ca\u00eddos\"}]},{\"@type\":\"WebSite\",\"@id\":\"https:\/\/ondauno.com.ar\/#website\",\"url\":\"https:\/\/ondauno.com.ar\/\",\"name\":\"103.9 fm\",\"description\":\"LA PRIMERA RADIO MULTIMEDIA DE TRES ARROYOS\",\"potentialAction\":[{\"@type\":\"SearchAction\",\"target\":{\"@type\":\"EntryPoint\",\"urlTemplate\":\"https:\/\/ondauno.com.ar\/?s={search_term_string}\"},\"query-input\":\"required name=search_term_string\"}],\"inLanguage\":\"es-AR\"},{\"@type\":\"Person\",\"@id\":\"https:\/\/ondauno.com.ar\/#\/schema\/person\/7ec851ddeceb4133d7d7132dc645714e\",\"name\":\"OndaUno\",\"image\":{\"@type\":\"ImageObject\",\"inLanguage\":\"es-AR\",\"@id\":\"https:\/\/ondauno.com.ar\/#\/schema\/person\/image\/\",\"url\":\"https:\/\/secure.gravatar.com\/avatar\/93b8009f0de7021f1feb2bd5b32fb9e8?s=96&d=mm&r=g\",\"contentUrl\":\"https:\/\/secure.gravatar.com\/avatar\/93b8009f0de7021f1feb2bd5b32fb9e8?s=96&d=mm&r=g\",\"caption\":\"OndaUno\"},\"url\":\"https:\/\/ondauno.com.ar\/index.php\/author\/ondauno\/\"}]}<\/script>\n<!-- \/ Yoast SEO plugin. -->","yoast_head_json":{"title":"Reta tambi\u00e9n sufre el impacto del temporal: da\u00f1os en paradores y postes ca\u00eddos - 103.9 fm","robots":{"index":"index","follow":"follow","max-snippet":"max-snippet:-1","max-image-preview":"max-image-preview:large","max-video-preview":"max-video-preview:-1"},"canonical":"https:\/\/ondauno.com.ar\/index.php\/2025\/06\/23\/reta-tambien-sufre-el-impacto-del-temporal-danos-en-paradores-y-postes-caidos\/","og_locale":"es_ES","og_type":"article","og_title":"Reta tambi\u00e9n sufre el impacto del temporal: da\u00f1os en paradores y postes ca\u00eddos - 103.9 fm","og_description":"El fuerte temporal que afecta al distrito de Tres Arroyos tambi\u00e9n se hizo sentir con intensidad en Reta, donde la crecida del mar provoc\u00f3 da\u00f1os en la zona costera, especialmente en los accesos a la playa y en estructuras vinculadas a los servicios tur\u00edsticos. As\u00ed lo confirm\u00f3 el delegado local, Diego Zynchenko, en Cosas que [&hellip;]","og_url":"https:\/\/ondauno.com.ar\/index.php\/2025\/06\/23\/reta-tambien-sufre-el-impacto-del-temporal-danos-en-paradores-y-postes-caidos\/","og_site_name":"103.9 fm","article_publisher":"https:\/\/www.facebook.com\/ondauno103.9","article_published_time":"2025-06-23T16:37:29+00:00","article_modified_time":"2025-06-23T16:37:35+00:00","og_image":[{"width":966,"height":1288,"url":"http:\/\/ondauno.com.ar\/wp-content\/uploads\/2025\/06\/WhatsApp-Image-2025-06-23-at-13.28.23.jpeg","type":"image\/jpeg"}],"author":"OndaUno","twitter_card":"summary_large_image","twitter_misc":{"Escrito por":"OndaUno","Tiempo de lectura":"2 minutos"},"schema":{"@context":"https:\/\/schema.org","@graph":[{"@type":"WebPage","@id":"https:\/\/ondauno.com.ar\/index.php\/2025\/06\/23\/reta-tambien-sufre-el-impacto-del-temporal-danos-en-paradores-y-postes-caidos\/","url":"https:\/\/ondauno.com.ar\/index.php\/2025\/06\/23\/reta-tambien-sufre-el-impacto-del-temporal-danos-en-paradores-y-postes-caidos\/","name":"Reta tambi\u00e9n sufre el impacto del temporal: da\u00f1os en paradores y postes ca\u00eddos - 103.9 fm","isPartOf":{"@id":"https:\/\/ondauno.com.ar\/#website"},"primaryImageOfPage":{"@id":"https:\/\/ondauno.com.ar\/index.php\/2025\/06\/23\/reta-tambien-sufre-el-impacto-del-temporal-danos-en-paradores-y-postes-caidos\/#primaryimage"},"image":{"@id":"https:\/\/ondauno.com.ar\/index.php\/2025\/06\/23\/reta-tambien-sufre-el-impacto-del-temporal-danos-en-paradores-y-postes-caidos\/#primaryimage"},"thumbnailUrl":"https:\/\/ondauno.com.ar\/wp-content\/uploads\/2025\/06\/WhatsApp-Image-2025-06-23-at-13.28.23.jpeg","datePublished":"2025-06-23T16:37:29+00:00","dateModified":"2025-06-23T16:37:35+00:00","author":{"@id":"https:\/\/ondauno.com.ar\/#\/schema\/person\/7ec851ddeceb4133d7d7132dc645714e"},"breadcrumb":{"@id":"https:\/\/ondauno.com.ar\/index.php\/2025\/06\/23\/reta-tambien-sufre-el-impacto-del-temporal-danos-en-paradores-y-postes-caidos\/#breadcrumb"},"inLanguage":"es-AR","potentialAction":[{"@type":"ReadAction","target":["https:\/\/ondauno.com.ar\/index.php\/2025\/06\/23\/reta-tambien-sufre-el-impacto-del-temporal-danos-en-paradores-y-postes-caidos\/"]}]},{"@type":"ImageObject","inLanguage":"es-AR","@id":"https:\/\/ondauno.com.ar\/index.php\/2025\/06\/23\/reta-tambien-sufre-el-impacto-del-temporal-danos-en-paradores-y-postes-caidos\/#primaryimage","url":"https:\/\/ondauno.com.ar\/wp-content\/uploads\/2025\/06\/WhatsApp-Image-2025-06-23-at-13.28.23.jpeg","contentUrl":"https:\/\/ondauno.com.ar\/wp-content\/uploads\/2025\/06\/WhatsApp-Image-2025-06-23-at-13.28.23.jpeg","width":966,"height":1288},{"@type":"BreadcrumbList","@id":"https:\/\/ondauno.com.ar\/index.php\/2025\/06\/23\/reta-tambien-sufre-el-impacto-del-temporal-danos-en-paradores-y-postes-caidos\/#breadcrumb","itemListElement":[{"@type":"ListItem","position":1,"name":"Inicio","item":"https:\/\/ondauno.com.ar\/"},{"@type":"ListItem","position":2,"name":"Reta tambi\u00e9n sufre el impacto del temporal: da\u00f1os en paradores y postes ca\u00eddos"}]},{"@type":"WebSite","@id":"https:\/\/ondauno.com.ar\/#website","url":"https:\/\/ondauno.com.ar\/","name":"103.9 fm","description":"LA PRIMERA RADIO MULTIMEDIA DE TRES ARROYOS","potentialAction":[{"@type":"SearchAction","target":{"@type":"EntryPoint","urlTemplate":"https:\/\/ondauno.com.ar\/?s={search_term_string}"},"query-input":"required name=search_term_string"}],"inLanguage":"es-AR"},{"@type":"Person","@id":"https:\/\/ondauno.com.ar\/#\/schema\/person\/7ec851ddeceb4133d7d7132dc645714e","name":"OndaUno","image":{"@type":"ImageObject","inLanguage":"es-AR","@id":"https:\/\/ondauno.com.ar\/#\/schema\/person\/image\/","url":"https:\/\/secure.gravatar.com\/avatar\/93b8009f0de7021f1feb2bd5b32fb9e8?s=96&d=mm&r=g","contentUrl":"https:\/\/secure.gravatar.com\/avatar\/93b8009f0de7021f1feb2bd5b32fb9e8?s=96&d=mm&r=g","caption":"OndaUno"},"url":"https:\/\/ondauno.com.ar\/index.php\/author\/ondauno\/"}]}},"jetpack_publicize_connections":[],"jetpack_featured_media_url":"https:\/\/ondauno.com.ar\/wp-content\/uploads\/2025\/06\/WhatsApp-Image-2025-06-23-at-13.28.23.jpeg","jetpack_sharing_enabled":true,"_links":{"self":[{"href":"https:\/\/ondauno.com.ar\/index.php\/wp-json\/wp\/v2\/posts\/57744","targetHints":{"allow":["GET"]}}],"collection":[{"href":"https:\/\/ondauno.com.ar\/index.php\/wp-json\/wp\/v2\/posts"}],"about":[{"href":"https:\/\/ondauno.com.ar\/index.php\/wp-json\/wp\/v2\/types\/post"}],"author":[{"embeddable":true,"href":"https:\/\/ondauno.com.ar\/index.php\/wp-json\/wp\/v2\/users\/1"}],"replies":[{"embeddable":true,"href":"https:\/\/ondauno.com.ar\/index.php\/wp-json\/wp\/v2\/comments?post=57744"}],"version-history":[{"count":1,"href":"https:\/\/ondauno.com.ar\/index.php\/wp-json\/wp\/v2\/posts\/57744\/revisions"}],"predecessor-version":[{"id":57747,"href":"https:\/\/ondauno.com.ar\/index.php\/wp-json\/wp\/v2\/posts\/57744\/revisions\/57747"}],"wp:featuredmedia":[{"embeddable":true,"href":"https:\/\/ondauno.com.ar\/index.php\/wp-json\/wp\/v2\/media\/57745"}],"wp:attachment":[{"href":"https:\/\/ondauno.com.ar\/index.php\/wp-json\/wp\/v2\/media?parent=57744"}],"wp:term":[{"taxonomy":"category","embeddable":true,"href":"https:\/\/ondauno.com.ar\/index.php\/wp-json\/wp\/v2\/categories?post=57744"},{"taxonomy":"post_tag","embeddable":true,"href":"https:\/\/ondauno.com.ar\/index.php\/wp-json\/wp\/v2\/tags?post=57744"}],"curies":[{"name":"wp","href":"https:\/\/api.w.org\/{rel}","templated":true}]}}