{"id":57738,"date":"2025-06-23T13:33:23","date_gmt":"2025-06-23T16:33:23","guid":{"rendered":"https:\/\/ondauno.com.ar\/?p=57738"},"modified":"2025-06-23T13:33:27","modified_gmt":"2025-06-23T16:33:27","slug":"tallarinada-y-pena-folclorica-en-el-nacional","status":"publish","type":"post","link":"https:\/\/ondauno.com.ar\/index.php\/2025\/06\/23\/tallarinada-y-pena-folclorica-en-el-nacional\/","title":{"rendered":"Tallarinada y pe\u00f1a folcl\u00f3rica en El Nacional"},"content":{"rendered":"<div class=\"ondau-before-content_3\" style=\"margin-top: -30px;\" id=\"ondau-158852238\"><a href=\"https:\/\/www.lps.com.ar\/\" aria-label=\"la-perse2\"><img loading=\"lazy\" decoding=\"async\" src=\"https:\/\/ondauno.com.ar\/wp-content\/uploads\/2021\/10\/la-perse2.jpg\" alt=\"\"  srcset=\"https:\/\/ondauno.com.ar\/wp-content\/uploads\/2021\/10\/la-perse2.jpg 1353w, https:\/\/ondauno.com.ar\/wp-content\/uploads\/2021\/10\/la-perse2-300x43.jpg 300w, https:\/\/ondauno.com.ar\/wp-content\/uploads\/2021\/10\/la-perse2-1024x148.jpg 1024w, https:\/\/ondauno.com.ar\/wp-content\/uploads\/2021\/10\/la-perse2-768x111.jpg 768w, https:\/\/ondauno.com.ar\/wp-content\/uploads\/2021\/10\/la-perse2-696x100.jpg 696w, https:\/\/ondauno.com.ar\/wp-content\/uploads\/2021\/10\/la-perse2-1068x154.jpg 1068w\" sizes=\"(max-width: 1353px) 100vw, 1353px\" class=\"no-lazyload\" width=\"1353\" height=\"195\"  style=\"display: inline-block;\" \/><\/a><\/div>\n<p>Organizada por la Subcomisi\u00f3n del F\u00fatbol menor del Club El Nacional, el domingo 13 de julio, a partir de las 13 horas, se realizar\u00e1 una tallarinada con pe\u00f1a folcl\u00f3rica en instalaciones del sal\u00f3n de fiestas de la Instituci\u00f3n.<br>La propuesta est\u00e1 destinada a la familia para compartir un almuerzo y luego disfrutar de la liturgia tradicionalistas, en el marco de una jornada de camarader\u00eda.<\/p>\n\n\n\n<p>El men\u00fa consistir\u00e1 en tallarines con salsas bolgnesa o crema, helado como postre, acompa\u00f1ado por vino, gasesosas, agua y soda (a elecci\u00f3n).<\/p>\n\n\n\n<p>Por la tarde, se compartir\u00e1n pastelitos con chocolate caliente y mate.<\/p>\n\n\n\n<p>El precio de la tarjeta se fij\u00f3 en 15.000 pesos, mientras que menores de 12 a\u00f1os abonar\u00e1n 8.000.<br>Para reservas y consultas dirigirse al tel\u00e9fono 385265.<\/p>\n","protected":false},"excerpt":{"rendered":"<p>Organizada por la Subcomisi\u00f3n del F\u00fatbol menor del Club El Nacional, el domingo 13 de julio, a partir de las 13 horas, se realizar\u00e1 una tallarinada con pe\u00f1a folcl\u00f3rica en instalaciones del sal\u00f3n de fiestas de la Instituci\u00f3n.La propuesta est\u00e1 destinada a la familia para compartir un almuerzo y luego disfrutar de la liturgia tradicionalistas, [&hellip;]<\/p>\n","protected":false},"author":1,"featured_media":57739,"comment_status":"open","ping_status":"open","sticky":false,"template":"","format":"standard","meta":{"tdm_status":"","tdm_grid_status":"","_jetpack_memberships_contains_paid_content":false,"footnotes":"","jetpack_publicize_message":"","jetpack_publicize_feature_enabled":true,"jetpack_social_post_already_shared":true,"jetpack_social_options":{"image_generator_settings":{"template":"highway","default_image_id":0,"font":"","enabled":false},"version":2}},"categories":[28],"tags":[],"class_list":{"0":"post-57738","1":"post","2":"type-post","3":"status-publish","4":"format-standard","5":"has-post-thumbnail","7":"category-interes-general"},"yoast_head":"<!-- This site is optimized with the Yoast SEO plugin v22.7 - https:\/\/yoast.com\/wordpress\/plugins\/seo\/ -->\n<title>Tallarinada y pe\u00f1a folcl\u00f3rica en El Nacional - 103.9 fm<\/title>\n<meta name=\"robots\" content=\"index, follow, max-snippet:-1, max-image-preview:large, max-video-preview:-1\" \/>\n<link rel=\"canonical\" href=\"https:\/\/ondauno.com.ar\/index.php\/2025\/06\/23\/tallarinada-y-pena-folclorica-en-el-nacional\/\" \/>\n<meta property=\"og:locale\" content=\"es_ES\" \/>\n<meta property=\"og:type\" content=\"article\" \/>\n<meta property=\"og:title\" content=\"Tallarinada y pe\u00f1a folcl\u00f3rica en El Nacional - 103.9 fm\" \/>\n<meta property=\"og:description\" content=\"Organizada por la Subcomisi\u00f3n del F\u00fatbol menor del Club El Nacional, el domingo 13 de julio, a partir de las 13 horas, se realizar\u00e1 una tallarinada con pe\u00f1a folcl\u00f3rica en instalaciones del sal\u00f3n de fiestas de la Instituci\u00f3n.La propuesta est\u00e1 destinada a la familia para compartir un almuerzo y luego disfrutar de la liturgia tradicionalistas, [&hellip;]\" \/>\n<meta property=\"og:url\" content=\"https:\/\/ondauno.com.ar\/index.php\/2025\/06\/23\/tallarinada-y-pena-folclorica-en-el-nacional\/\" \/>\n<meta property=\"og:site_name\" content=\"103.9 fm\" \/>\n<meta property=\"article:publisher\" content=\"https:\/\/www.facebook.com\/ondauno103.9\" \/>\n<meta property=\"article:published_time\" content=\"2025-06-23T16:33:23+00:00\" \/>\n<meta property=\"article:modified_time\" content=\"2025-06-23T16:33:27+00:00\" \/>\n<meta property=\"og:image\" content=\"http:\/\/ondauno.com.ar\/wp-content\/uploads\/2025\/06\/WhatsApp-Image-2025-06-23-at-11.19.23.jpeg\" \/>\n\t<meta property=\"og:image:width\" content=\"1080\" \/>\n\t<meta property=\"og:image:height\" content=\"1350\" \/>\n\t<meta property=\"og:image:type\" content=\"image\/jpeg\" \/>\n<meta name=\"author\" content=\"OndaUno\" \/>\n<meta name=\"twitter:card\" content=\"summary_large_image\" \/>\n<meta name=\"twitter:label1\" content=\"Escrito por\" \/>\n\t<meta name=\"twitter:data1\" content=\"OndaUno\" \/>\n\t<meta name=\"twitter:label2\" content=\"Tiempo de lectura\" \/>\n\t<meta name=\"twitter:data2\" content=\"1 minuto\" \/>\n<script type=\"application\/ld+json\" class=\"yoast-schema-graph\">{\"@context\":\"https:\/\/schema.org\",\"@graph\":[{\"@type\":\"WebPage\",\"@id\":\"https:\/\/ondauno.com.ar\/index.php\/2025\/06\/23\/tallarinada-y-pena-folclorica-en-el-nacional\/\",\"url\":\"https:\/\/ondauno.com.ar\/index.php\/2025\/06\/23\/tallarinada-y-pena-folclorica-en-el-nacional\/\",\"name\":\"Tallarinada y pe\u00f1a folcl\u00f3rica en El Nacional - 103.9 fm\",\"isPartOf\":{\"@id\":\"https:\/\/ondauno.com.ar\/#website\"},\"primaryImageOfPage\":{\"@id\":\"https:\/\/ondauno.com.ar\/index.php\/2025\/06\/23\/tallarinada-y-pena-folclorica-en-el-nacional\/#primaryimage\"},\"image\":{\"@id\":\"https:\/\/ondauno.com.ar\/index.php\/2025\/06\/23\/tallarinada-y-pena-folclorica-en-el-nacional\/#primaryimage\"},\"thumbnailUrl\":\"https:\/\/ondauno.com.ar\/wp-content\/uploads\/2025\/06\/WhatsApp-Image-2025-06-23-at-11.19.23.jpeg\",\"datePublished\":\"2025-06-23T16:33:23+00:00\",\"dateModified\":\"2025-06-23T16:33:27+00:00\",\"author\":{\"@id\":\"https:\/\/ondauno.com.ar\/#\/schema\/person\/7ec851ddeceb4133d7d7132dc645714e\"},\"breadcrumb\":{\"@id\":\"https:\/\/ondauno.com.ar\/index.php\/2025\/06\/23\/tallarinada-y-pena-folclorica-en-el-nacional\/#breadcrumb\"},\"inLanguage\":\"es-AR\",\"potentialAction\":[{\"@type\":\"ReadAction\",\"target\":[\"https:\/\/ondauno.com.ar\/index.php\/2025\/06\/23\/tallarinada-y-pena-folclorica-en-el-nacional\/\"]}]},{\"@type\":\"ImageObject\",\"inLanguage\":\"es-AR\",\"@id\":\"https:\/\/ondauno.com.ar\/index.php\/2025\/06\/23\/tallarinada-y-pena-folclorica-en-el-nacional\/#primaryimage\",\"url\":\"https:\/\/ondauno.com.ar\/wp-content\/uploads\/2025\/06\/WhatsApp-Image-2025-06-23-at-11.19.23.jpeg\",\"contentUrl\":\"https:\/\/ondauno.com.ar\/wp-content\/uploads\/2025\/06\/WhatsApp-Image-2025-06-23-at-11.19.23.jpeg\",\"width\":1080,\"height\":1350},{\"@type\":\"BreadcrumbList\",\"@id\":\"https:\/\/ondauno.com.ar\/index.php\/2025\/06\/23\/tallarinada-y-pena-folclorica-en-el-nacional\/#breadcrumb\",\"itemListElement\":[{\"@type\":\"ListItem\",\"position\":1,\"name\":\"Inicio\",\"item\":\"https:\/\/ondauno.com.ar\/\"},{\"@type\":\"ListItem\",\"position\":2,\"name\":\"Tallarinada y pe\u00f1a folcl\u00f3rica en El Nacional\"}]},{\"@type\":\"WebSite\",\"@id\":\"https:\/\/ondauno.com.ar\/#website\",\"url\":\"https:\/\/ondauno.com.ar\/\",\"name\":\"103.9 fm\",\"description\":\"LA PRIMERA RADIO MULTIMEDIA DE TRES ARROYOS\",\"potentialAction\":[{\"@type\":\"SearchAction\",\"target\":{\"@type\":\"EntryPoint\",\"urlTemplate\":\"https:\/\/ondauno.com.ar\/?s={search_term_string}\"},\"query-input\":\"required name=search_term_string\"}],\"inLanguage\":\"es-AR\"},{\"@type\":\"Person\",\"@id\":\"https:\/\/ondauno.com.ar\/#\/schema\/person\/7ec851ddeceb4133d7d7132dc645714e\",\"name\":\"OndaUno\",\"image\":{\"@type\":\"ImageObject\",\"inLanguage\":\"es-AR\",\"@id\":\"https:\/\/ondauno.com.ar\/#\/schema\/person\/image\/\",\"url\":\"https:\/\/secure.gravatar.com\/avatar\/93b8009f0de7021f1feb2bd5b32fb9e8?s=96&d=mm&r=g\",\"contentUrl\":\"https:\/\/secure.gravatar.com\/avatar\/93b8009f0de7021f1feb2bd5b32fb9e8?s=96&d=mm&r=g\",\"caption\":\"OndaUno\"},\"url\":\"https:\/\/ondauno.com.ar\/index.php\/author\/ondauno\/\"}]}<\/script>\n<!-- \/ Yoast SEO plugin. -->","yoast_head_json":{"title":"Tallarinada y pe\u00f1a folcl\u00f3rica en El Nacional - 103.9 fm","robots":{"index":"index","follow":"follow","max-snippet":"max-snippet:-1","max-image-preview":"max-image-preview:large","max-video-preview":"max-video-preview:-1"},"canonical":"https:\/\/ondauno.com.ar\/index.php\/2025\/06\/23\/tallarinada-y-pena-folclorica-en-el-nacional\/","og_locale":"es_ES","og_type":"article","og_title":"Tallarinada y pe\u00f1a folcl\u00f3rica en El Nacional - 103.9 fm","og_description":"Organizada por la Subcomisi\u00f3n del F\u00fatbol menor del Club El Nacional, el domingo 13 de julio, a partir de las 13 horas, se realizar\u00e1 una tallarinada con pe\u00f1a folcl\u00f3rica en instalaciones del sal\u00f3n de fiestas de la Instituci\u00f3n.La propuesta est\u00e1 destinada a la familia para compartir un almuerzo y luego disfrutar de la liturgia tradicionalistas, [&hellip;]","og_url":"https:\/\/ondauno.com.ar\/index.php\/2025\/06\/23\/tallarinada-y-pena-folclorica-en-el-nacional\/","og_site_name":"103.9 fm","article_publisher":"https:\/\/www.facebook.com\/ondauno103.9","article_published_time":"2025-06-23T16:33:23+00:00","article_modified_time":"2025-06-23T16:33:27+00:00","og_image":[{"width":1080,"height":1350,"url":"http:\/\/ondauno.com.ar\/wp-content\/uploads\/2025\/06\/WhatsApp-Image-2025-06-23-at-11.19.23.jpeg","type":"image\/jpeg"}],"author":"OndaUno","twitter_card":"summary_large_image","twitter_misc":{"Escrito por":"OndaUno","Tiempo de lectura":"1 minuto"},"schema":{"@context":"https:\/\/schema.org","@graph":[{"@type":"WebPage","@id":"https:\/\/ondauno.com.ar\/index.php\/2025\/06\/23\/tallarinada-y-pena-folclorica-en-el-nacional\/","url":"https:\/\/ondauno.com.ar\/index.php\/2025\/06\/23\/tallarinada-y-pena-folclorica-en-el-nacional\/","name":"Tallarinada y pe\u00f1a folcl\u00f3rica en El Nacional - 103.9 fm","isPartOf":{"@id":"https:\/\/ondauno.com.ar\/#website"},"primaryImageOfPage":{"@id":"https:\/\/ondauno.com.ar\/index.php\/2025\/06\/23\/tallarinada-y-pena-folclorica-en-el-nacional\/#primaryimage"},"image":{"@id":"https:\/\/ondauno.com.ar\/index.php\/2025\/06\/23\/tallarinada-y-pena-folclorica-en-el-nacional\/#primaryimage"},"thumbnailUrl":"https:\/\/ondauno.com.ar\/wp-content\/uploads\/2025\/06\/WhatsApp-Image-2025-06-23-at-11.19.23.jpeg","datePublished":"2025-06-23T16:33:23+00:00","dateModified":"2025-06-23T16:33:27+00:00","author":{"@id":"https:\/\/ondauno.com.ar\/#\/schema\/person\/7ec851ddeceb4133d7d7132dc645714e"},"breadcrumb":{"@id":"https:\/\/ondauno.com.ar\/index.php\/2025\/06\/23\/tallarinada-y-pena-folclorica-en-el-nacional\/#breadcrumb"},"inLanguage":"es-AR","potentialAction":[{"@type":"ReadAction","target":["https:\/\/ondauno.com.ar\/index.php\/2025\/06\/23\/tallarinada-y-pena-folclorica-en-el-nacional\/"]}]},{"@type":"ImageObject","inLanguage":"es-AR","@id":"https:\/\/ondauno.com.ar\/index.php\/2025\/06\/23\/tallarinada-y-pena-folclorica-en-el-nacional\/#primaryimage","url":"https:\/\/ondauno.com.ar\/wp-content\/uploads\/2025\/06\/WhatsApp-Image-2025-06-23-at-11.19.23.jpeg","contentUrl":"https:\/\/ondauno.com.ar\/wp-content\/uploads\/2025\/06\/WhatsApp-Image-2025-06-23-at-11.19.23.jpeg","width":1080,"height":1350},{"@type":"BreadcrumbList","@id":"https:\/\/ondauno.com.ar\/index.php\/2025\/06\/23\/tallarinada-y-pena-folclorica-en-el-nacional\/#breadcrumb","itemListElement":[{"@type":"ListItem","position":1,"name":"Inicio","item":"https:\/\/ondauno.com.ar\/"},{"@type":"ListItem","position":2,"name":"Tallarinada y pe\u00f1a folcl\u00f3rica en El Nacional"}]},{"@type":"WebSite","@id":"https:\/\/ondauno.com.ar\/#website","url":"https:\/\/ondauno.com.ar\/","name":"103.9 fm","description":"LA PRIMERA RADIO MULTIMEDIA DE TRES ARROYOS","potentialAction":[{"@type":"SearchAction","target":{"@type":"EntryPoint","urlTemplate":"https:\/\/ondauno.com.ar\/?s={search_term_string}"},"query-input":"required name=search_term_string"}],"inLanguage":"es-AR"},{"@type":"Person","@id":"https:\/\/ondauno.com.ar\/#\/schema\/person\/7ec851ddeceb4133d7d7132dc645714e","name":"OndaUno","image":{"@type":"ImageObject","inLanguage":"es-AR","@id":"https:\/\/ondauno.com.ar\/#\/schema\/person\/image\/","url":"https:\/\/secure.gravatar.com\/avatar\/93b8009f0de7021f1feb2bd5b32fb9e8?s=96&d=mm&r=g","contentUrl":"https:\/\/secure.gravatar.com\/avatar\/93b8009f0de7021f1feb2bd5b32fb9e8?s=96&d=mm&r=g","caption":"OndaUno"},"url":"https:\/\/ondauno.com.ar\/index.php\/author\/ondauno\/"}]}},"jetpack_publicize_connections":[],"jetpack_featured_media_url":"https:\/\/ondauno.com.ar\/wp-content\/uploads\/2025\/06\/WhatsApp-Image-2025-06-23-at-11.19.23.jpeg","jetpack_sharing_enabled":true,"_links":{"self":[{"href":"https:\/\/ondauno.com.ar\/index.php\/wp-json\/wp\/v2\/posts\/57738","targetHints":{"allow":["GET"]}}],"collection":[{"href":"https:\/\/ondauno.com.ar\/index.php\/wp-json\/wp\/v2\/posts"}],"about":[{"href":"https:\/\/ondauno.com.ar\/index.php\/wp-json\/wp\/v2\/types\/post"}],"author":[{"embeddable":true,"href":"https:\/\/ondauno.com.ar\/index.php\/wp-json\/wp\/v2\/users\/1"}],"replies":[{"embeddable":true,"href":"https:\/\/ondauno.com.ar\/index.php\/wp-json\/wp\/v2\/comments?post=57738"}],"version-history":[{"count":1,"href":"https:\/\/ondauno.com.ar\/index.php\/wp-json\/wp\/v2\/posts\/57738\/revisions"}],"predecessor-version":[{"id":57740,"href":"https:\/\/ondauno.com.ar\/index.php\/wp-json\/wp\/v2\/posts\/57738\/revisions\/57740"}],"wp:featuredmedia":[{"embeddable":true,"href":"https:\/\/ondauno.com.ar\/index.php\/wp-json\/wp\/v2\/media\/57739"}],"wp:attachment":[{"href":"https:\/\/ondauno.com.ar\/index.php\/wp-json\/wp\/v2\/media?parent=57738"}],"wp:term":[{"taxonomy":"category","embeddable":true,"href":"https:\/\/ondauno.com.ar\/index.php\/wp-json\/wp\/v2\/categories?post=57738"},{"taxonomy":"post_tag","embeddable":true,"href":"https:\/\/ondauno.com.ar\/index.php\/wp-json\/wp\/v2\/tags?post=57738"}],"curies":[{"name":"wp","href":"https:\/\/api.w.org\/{rel}","templated":true}]}}