{"id":57734,"date":"2025-06-23T13:30:18","date_gmt":"2025-06-23T16:30:18","guid":{"rendered":"https:\/\/ondauno.com.ar\/?p=57734"},"modified":"2025-06-23T13:30:23","modified_gmt":"2025-06-23T16:30:23","slug":"marejada-en-claromeco-se-espera-que-el-escenario-empeore-aseguro-francia","status":"publish","type":"post","link":"https:\/\/ondauno.com.ar\/index.php\/2025\/06\/23\/marejada-en-claromeco-se-espera-que-el-escenario-empeore-aseguro-francia\/","title":{"rendered":"Marejada en Claromec\u00f3: &#8220;se espera que el escenario empeore&#8221;, asegur\u00f3 Francia"},"content":{"rendered":"<div class=\"ondau-before-content_3\" style=\"margin-top: -30px;\" id=\"ondau-3858865310\"><a href=\"https:\/\/www.lps.com.ar\/\" aria-label=\"la-perse2\"><img loading=\"lazy\" decoding=\"async\" src=\"https:\/\/ondauno.com.ar\/wp-content\/uploads\/2021\/10\/la-perse2.jpg\" alt=\"\"  srcset=\"https:\/\/ondauno.com.ar\/wp-content\/uploads\/2021\/10\/la-perse2.jpg 1353w, https:\/\/ondauno.com.ar\/wp-content\/uploads\/2021\/10\/la-perse2-300x43.jpg 300w, https:\/\/ondauno.com.ar\/wp-content\/uploads\/2021\/10\/la-perse2-1024x148.jpg 1024w, https:\/\/ondauno.com.ar\/wp-content\/uploads\/2021\/10\/la-perse2-768x111.jpg 768w, https:\/\/ondauno.com.ar\/wp-content\/uploads\/2021\/10\/la-perse2-696x100.jpg 696w, https:\/\/ondauno.com.ar\/wp-content\/uploads\/2021\/10\/la-perse2-1068x154.jpg 1068w\" sizes=\"(max-width: 1353px) 100vw, 1353px\" class=\"no-lazyload\" width=\"1353\" height=\"195\"  style=\"display: inline-block;\" \/><\/a><\/div>\n<p>El fuerte temporal que afecta a la costa del distrito de Tres Arroyos genera gran preocupaci\u00f3n en Claromec\u00f3, donde la marea alta y los intensos vientos del sur est\u00e1n provocando importantes da\u00f1os. En Cosas que pasan, el subsecretario de Gesti\u00f3n Ambiental, Gabriel Francia, brind\u00f3 detalles sobre el impacto en la zona costera y advirti\u00f3 sobre los efectos que podr\u00edan intensificarse en las pr\u00f3ximas horas.<\/p>\n\n\n\n<p>\u201cLa situaci\u00f3n en Claromec\u00f3 est\u00e1 complicada, como en toda la costa. Hay un evento costero intenso, con vientos sostenidos de m\u00e1s de 80 km\/h. Lo preocupante es que la marea est\u00e1 baja y ya est\u00e1 al l\u00edmite de la costanera, por lo que se espera que el escenario empeore cuando comience a subir\u201d, se\u00f1al\u00f3 Francia.<\/p>\n\n\n\n<p>Entre los da\u00f1os ya registrados, el funcionario mencion\u00f3 la desaparici\u00f3n del refugio de guardavidas en Dunamar, voladuras de enquinchados y da\u00f1os visibles en paradores como Kuyem. \u201cKuyem est\u00e1 muy comprometido, con la estructura debilitada. En Samoa, por ejemplo, el impacto fue menor porque est\u00e1 algo m\u00e1s protegido, pero en general todos los paradores se vieron afectados\u201d, agreg\u00f3.<\/p>\n\n\n\n<p>Francia explic\u00f3 que la erosi\u00f3n est\u00e1 relacionada con el perfil actual de la playa.<br>\u201cHoy el 90% de lo que tenemos en juego en las playas de Claromec\u00f3 es arena, porque el m\u00e9dano frontal ya no existe. Sin esa barrera natural, el mar avanza y retira m\u00e1s sedimento del habitual\u201d, sostuvo.<\/p>\n\n\n\n<p>La situaci\u00f3n adem\u00e1s se enmarca en un contexto de cambio clim\u00e1tico.<br>\u201cEstos eventos ser\u00e1n cada vez m\u00e1s frecuentes y con mayor energ\u00eda. Hay un ascenso en la temperatura media global, lo que intensifica tormentas y crecidas\u201d, advirti\u00f3 el subsecretario.<\/p>\n\n\n\n<p>Respecto al operativo de prevenci\u00f3n y asistencia, Francia destac\u00f3 el trabajo de las \u00e1reas municipales y los Bomberos Voluntarios. \u201cDesde temprano se atendieron m\u00faltiples situaciones: \u00e1rboles y ramas ca\u00eddas, cables sueltos, accesos comprometidos. La estaci\u00f3n forestal fue cerrada por precauci\u00f3n y se trabaja intensamente en todo el pueblo\u201d, indic\u00f3.<\/p>\n\n\n\n<p>En cuanto a las clases, este lunes se suspendieron las actividades escolares en el turno ma\u00f1ana en Claromec\u00f3 por decisi\u00f3n preventiva, mientras que a\u00fan no se hab\u00eda confirmado la situaci\u00f3n para el turno tarde al momento de la entrevista.<\/p>\n\n\n\n<p>Finalmente Francia valor\u00f3 la respuesta de la comunidad y del personal municipal: \u201cLa gente est\u00e1 haciendo lo correcto al mantenerse en sus hogares, y los equipos est\u00e1n a la altura del momento. Estamos orgullosos del trabajo que se est\u00e1 haciendo\u201d.<\/p>\n\n\n\n<figure class=\"wp-block-embed is-type-video is-provider-youtube wp-block-embed-youtube wp-embed-aspect-16-9 wp-has-aspect-ratio\"><div class=\"wp-block-embed__wrapper\">\n<div class=\"youtube-embed\" data-video_id=\"u4cBrqPal0E\"><iframe loading=\"lazy\" title=\"Onda Uno 103.9 en vivo\" width=\"696\" height=\"392\" data-src=\"https:\/\/www.youtube.com\/embed\/u4cBrqPal0E?feature=oembed&#038;enablejsapi=1\" frameborder=\"0\" allow=\"accelerometer; autoplay; clipboard-write; encrypted-media; gyroscope; picture-in-picture; web-share\" referrerpolicy=\"strict-origin-when-cross-origin\" allowfullscreen src=\"data:image\/gif;base64,R0lGODlhAQABAAAAACH5BAEKAAEALAAAAAABAAEAAAICTAEAOw==\" class=\"lazyload\" data-load-mode=\"1\"><\/iframe><\/div>\n<\/div><\/figure>\n","protected":false},"excerpt":{"rendered":"<p>El fuerte temporal que afecta a la costa del distrito de Tres Arroyos genera gran preocupaci\u00f3n en Claromec\u00f3, donde la marea alta y los intensos vientos del sur est\u00e1n provocando importantes da\u00f1os. En Cosas que pasan, el subsecretario de Gesti\u00f3n Ambiental, Gabriel Francia, brind\u00f3 detalles sobre el impacto en la zona costera y advirti\u00f3 sobre [&hellip;]<\/p>\n","protected":false},"author":1,"featured_media":57730,"comment_status":"open","ping_status":"open","sticky":false,"template":"","format":"standard","meta":{"tdm_status":"","tdm_grid_status":"","_jetpack_memberships_contains_paid_content":false,"footnotes":"","jetpack_publicize_message":"","jetpack_publicize_feature_enabled":true,"jetpack_social_post_already_shared":true,"jetpack_social_options":{"image_generator_settings":{"template":"highway","default_image_id":0,"font":"","enabled":false},"version":2}},"categories":[2],"tags":[],"class_list":{"0":"post-57734","1":"post","2":"type-post","3":"status-publish","4":"format-standard","5":"has-post-thumbnail","7":"category-locales"},"yoast_head":"<!-- This site is optimized with the Yoast SEO plugin v22.7 - https:\/\/yoast.com\/wordpress\/plugins\/seo\/ -->\n<title>Marejada en Claromec\u00f3: &quot;se espera que el escenario empeore&quot;, asegur\u00f3 Francia - 103.9 fm<\/title>\n<meta name=\"robots\" content=\"index, follow, max-snippet:-1, max-image-preview:large, max-video-preview:-1\" \/>\n<link rel=\"canonical\" href=\"https:\/\/ondauno.com.ar\/index.php\/2025\/06\/23\/marejada-en-claromeco-se-espera-que-el-escenario-empeore-aseguro-francia\/\" \/>\n<meta property=\"og:locale\" content=\"es_ES\" \/>\n<meta property=\"og:type\" content=\"article\" \/>\n<meta property=\"og:title\" content=\"Marejada en Claromec\u00f3: &quot;se espera que el escenario empeore&quot;, asegur\u00f3 Francia - 103.9 fm\" \/>\n<meta property=\"og:description\" content=\"El fuerte temporal que afecta a la costa del distrito de Tres Arroyos genera gran preocupaci\u00f3n en Claromec\u00f3, donde la marea alta y los intensos vientos del sur est\u00e1n provocando importantes da\u00f1os. En Cosas que pasan, el subsecretario de Gesti\u00f3n Ambiental, Gabriel Francia, brind\u00f3 detalles sobre el impacto en la zona costera y advirti\u00f3 sobre [&hellip;]\" \/>\n<meta property=\"og:url\" content=\"https:\/\/ondauno.com.ar\/index.php\/2025\/06\/23\/marejada-en-claromeco-se-espera-que-el-escenario-empeore-aseguro-francia\/\" \/>\n<meta property=\"og:site_name\" content=\"103.9 fm\" \/>\n<meta property=\"article:publisher\" content=\"https:\/\/www.facebook.com\/ondauno103.9\" \/>\n<meta property=\"article:published_time\" content=\"2025-06-23T16:30:18+00:00\" \/>\n<meta property=\"article:modified_time\" content=\"2025-06-23T16:30:23+00:00\" \/>\n<meta property=\"og:image\" content=\"http:\/\/ondauno.com.ar\/wp-content\/uploads\/2025\/06\/WhatsApp-Image-2025-06-23-at-08.42.43-1.jpeg\" \/>\n\t<meta property=\"og:image:width\" content=\"720\" \/>\n\t<meta property=\"og:image:height\" content=\"1280\" \/>\n\t<meta property=\"og:image:type\" content=\"image\/jpeg\" \/>\n<meta name=\"author\" content=\"OndaUno\" \/>\n<meta name=\"twitter:card\" content=\"summary_large_image\" \/>\n<meta name=\"twitter:label1\" content=\"Escrito por\" \/>\n\t<meta name=\"twitter:data1\" content=\"OndaUno\" \/>\n\t<meta name=\"twitter:label2\" content=\"Tiempo de lectura\" \/>\n\t<meta name=\"twitter:data2\" content=\"3 minutos\" \/>\n<script type=\"application\/ld+json\" class=\"yoast-schema-graph\">{\"@context\":\"https:\/\/schema.org\",\"@graph\":[{\"@type\":\"WebPage\",\"@id\":\"https:\/\/ondauno.com.ar\/index.php\/2025\/06\/23\/marejada-en-claromeco-se-espera-que-el-escenario-empeore-aseguro-francia\/\",\"url\":\"https:\/\/ondauno.com.ar\/index.php\/2025\/06\/23\/marejada-en-claromeco-se-espera-que-el-escenario-empeore-aseguro-francia\/\",\"name\":\"Marejada en Claromec\u00f3: \\\"se espera que el escenario empeore\\\", asegur\u00f3 Francia - 103.9 fm\",\"isPartOf\":{\"@id\":\"https:\/\/ondauno.com.ar\/#website\"},\"primaryImageOfPage\":{\"@id\":\"https:\/\/ondauno.com.ar\/index.php\/2025\/06\/23\/marejada-en-claromeco-se-espera-que-el-escenario-empeore-aseguro-francia\/#primaryimage\"},\"image\":{\"@id\":\"https:\/\/ondauno.com.ar\/index.php\/2025\/06\/23\/marejada-en-claromeco-se-espera-que-el-escenario-empeore-aseguro-francia\/#primaryimage\"},\"thumbnailUrl\":\"https:\/\/ondauno.com.ar\/wp-content\/uploads\/2025\/06\/WhatsApp-Image-2025-06-23-at-08.42.43-1.jpeg\",\"datePublished\":\"2025-06-23T16:30:18+00:00\",\"dateModified\":\"2025-06-23T16:30:23+00:00\",\"author\":{\"@id\":\"https:\/\/ondauno.com.ar\/#\/schema\/person\/7ec851ddeceb4133d7d7132dc645714e\"},\"breadcrumb\":{\"@id\":\"https:\/\/ondauno.com.ar\/index.php\/2025\/06\/23\/marejada-en-claromeco-se-espera-que-el-escenario-empeore-aseguro-francia\/#breadcrumb\"},\"inLanguage\":\"es-AR\",\"potentialAction\":[{\"@type\":\"ReadAction\",\"target\":[\"https:\/\/ondauno.com.ar\/index.php\/2025\/06\/23\/marejada-en-claromeco-se-espera-que-el-escenario-empeore-aseguro-francia\/\"]}]},{\"@type\":\"ImageObject\",\"inLanguage\":\"es-AR\",\"@id\":\"https:\/\/ondauno.com.ar\/index.php\/2025\/06\/23\/marejada-en-claromeco-se-espera-que-el-escenario-empeore-aseguro-francia\/#primaryimage\",\"url\":\"https:\/\/ondauno.com.ar\/wp-content\/uploads\/2025\/06\/WhatsApp-Image-2025-06-23-at-08.42.43-1.jpeg\",\"contentUrl\":\"https:\/\/ondauno.com.ar\/wp-content\/uploads\/2025\/06\/WhatsApp-Image-2025-06-23-at-08.42.43-1.jpeg\",\"width\":720,\"height\":1280},{\"@type\":\"BreadcrumbList\",\"@id\":\"https:\/\/ondauno.com.ar\/index.php\/2025\/06\/23\/marejada-en-claromeco-se-espera-que-el-escenario-empeore-aseguro-francia\/#breadcrumb\",\"itemListElement\":[{\"@type\":\"ListItem\",\"position\":1,\"name\":\"Inicio\",\"item\":\"https:\/\/ondauno.com.ar\/\"},{\"@type\":\"ListItem\",\"position\":2,\"name\":\"Marejada en Claromec\u00f3: &#8220;se espera que el escenario empeore&#8221;, asegur\u00f3 Francia\"}]},{\"@type\":\"WebSite\",\"@id\":\"https:\/\/ondauno.com.ar\/#website\",\"url\":\"https:\/\/ondauno.com.ar\/\",\"name\":\"103.9 fm\",\"description\":\"LA PRIMERA RADIO MULTIMEDIA DE TRES ARROYOS\",\"potentialAction\":[{\"@type\":\"SearchAction\",\"target\":{\"@type\":\"EntryPoint\",\"urlTemplate\":\"https:\/\/ondauno.com.ar\/?s={search_term_string}\"},\"query-input\":\"required name=search_term_string\"}],\"inLanguage\":\"es-AR\"},{\"@type\":\"Person\",\"@id\":\"https:\/\/ondauno.com.ar\/#\/schema\/person\/7ec851ddeceb4133d7d7132dc645714e\",\"name\":\"OndaUno\",\"image\":{\"@type\":\"ImageObject\",\"inLanguage\":\"es-AR\",\"@id\":\"https:\/\/ondauno.com.ar\/#\/schema\/person\/image\/\",\"url\":\"https:\/\/secure.gravatar.com\/avatar\/93b8009f0de7021f1feb2bd5b32fb9e8?s=96&d=mm&r=g\",\"contentUrl\":\"https:\/\/secure.gravatar.com\/avatar\/93b8009f0de7021f1feb2bd5b32fb9e8?s=96&d=mm&r=g\",\"caption\":\"OndaUno\"},\"url\":\"https:\/\/ondauno.com.ar\/index.php\/author\/ondauno\/\"}]}<\/script>\n<!-- \/ Yoast SEO plugin. -->","yoast_head_json":{"title":"Marejada en Claromec\u00f3: \"se espera que el escenario empeore\", asegur\u00f3 Francia - 103.9 fm","robots":{"index":"index","follow":"follow","max-snippet":"max-snippet:-1","max-image-preview":"max-image-preview:large","max-video-preview":"max-video-preview:-1"},"canonical":"https:\/\/ondauno.com.ar\/index.php\/2025\/06\/23\/marejada-en-claromeco-se-espera-que-el-escenario-empeore-aseguro-francia\/","og_locale":"es_ES","og_type":"article","og_title":"Marejada en Claromec\u00f3: \"se espera que el escenario empeore\", asegur\u00f3 Francia - 103.9 fm","og_description":"El fuerte temporal que afecta a la costa del distrito de Tres Arroyos genera gran preocupaci\u00f3n en Claromec\u00f3, donde la marea alta y los intensos vientos del sur est\u00e1n provocando importantes da\u00f1os. En Cosas que pasan, el subsecretario de Gesti\u00f3n Ambiental, Gabriel Francia, brind\u00f3 detalles sobre el impacto en la zona costera y advirti\u00f3 sobre [&hellip;]","og_url":"https:\/\/ondauno.com.ar\/index.php\/2025\/06\/23\/marejada-en-claromeco-se-espera-que-el-escenario-empeore-aseguro-francia\/","og_site_name":"103.9 fm","article_publisher":"https:\/\/www.facebook.com\/ondauno103.9","article_published_time":"2025-06-23T16:30:18+00:00","article_modified_time":"2025-06-23T16:30:23+00:00","og_image":[{"width":720,"height":1280,"url":"http:\/\/ondauno.com.ar\/wp-content\/uploads\/2025\/06\/WhatsApp-Image-2025-06-23-at-08.42.43-1.jpeg","type":"image\/jpeg"}],"author":"OndaUno","twitter_card":"summary_large_image","twitter_misc":{"Escrito por":"OndaUno","Tiempo de lectura":"3 minutos"},"schema":{"@context":"https:\/\/schema.org","@graph":[{"@type":"WebPage","@id":"https:\/\/ondauno.com.ar\/index.php\/2025\/06\/23\/marejada-en-claromeco-se-espera-que-el-escenario-empeore-aseguro-francia\/","url":"https:\/\/ondauno.com.ar\/index.php\/2025\/06\/23\/marejada-en-claromeco-se-espera-que-el-escenario-empeore-aseguro-francia\/","name":"Marejada en Claromec\u00f3: \"se espera que el escenario empeore\", asegur\u00f3 Francia - 103.9 fm","isPartOf":{"@id":"https:\/\/ondauno.com.ar\/#website"},"primaryImageOfPage":{"@id":"https:\/\/ondauno.com.ar\/index.php\/2025\/06\/23\/marejada-en-claromeco-se-espera-que-el-escenario-empeore-aseguro-francia\/#primaryimage"},"image":{"@id":"https:\/\/ondauno.com.ar\/index.php\/2025\/06\/23\/marejada-en-claromeco-se-espera-que-el-escenario-empeore-aseguro-francia\/#primaryimage"},"thumbnailUrl":"https:\/\/ondauno.com.ar\/wp-content\/uploads\/2025\/06\/WhatsApp-Image-2025-06-23-at-08.42.43-1.jpeg","datePublished":"2025-06-23T16:30:18+00:00","dateModified":"2025-06-23T16:30:23+00:00","author":{"@id":"https:\/\/ondauno.com.ar\/#\/schema\/person\/7ec851ddeceb4133d7d7132dc645714e"},"breadcrumb":{"@id":"https:\/\/ondauno.com.ar\/index.php\/2025\/06\/23\/marejada-en-claromeco-se-espera-que-el-escenario-empeore-aseguro-francia\/#breadcrumb"},"inLanguage":"es-AR","potentialAction":[{"@type":"ReadAction","target":["https:\/\/ondauno.com.ar\/index.php\/2025\/06\/23\/marejada-en-claromeco-se-espera-que-el-escenario-empeore-aseguro-francia\/"]}]},{"@type":"ImageObject","inLanguage":"es-AR","@id":"https:\/\/ondauno.com.ar\/index.php\/2025\/06\/23\/marejada-en-claromeco-se-espera-que-el-escenario-empeore-aseguro-francia\/#primaryimage","url":"https:\/\/ondauno.com.ar\/wp-content\/uploads\/2025\/06\/WhatsApp-Image-2025-06-23-at-08.42.43-1.jpeg","contentUrl":"https:\/\/ondauno.com.ar\/wp-content\/uploads\/2025\/06\/WhatsApp-Image-2025-06-23-at-08.42.43-1.jpeg","width":720,"height":1280},{"@type":"BreadcrumbList","@id":"https:\/\/ondauno.com.ar\/index.php\/2025\/06\/23\/marejada-en-claromeco-se-espera-que-el-escenario-empeore-aseguro-francia\/#breadcrumb","itemListElement":[{"@type":"ListItem","position":1,"name":"Inicio","item":"https:\/\/ondauno.com.ar\/"},{"@type":"ListItem","position":2,"name":"Marejada en Claromec\u00f3: &#8220;se espera que el escenario empeore&#8221;, asegur\u00f3 Francia"}]},{"@type":"WebSite","@id":"https:\/\/ondauno.com.ar\/#website","url":"https:\/\/ondauno.com.ar\/","name":"103.9 fm","description":"LA PRIMERA RADIO MULTIMEDIA DE TRES ARROYOS","potentialAction":[{"@type":"SearchAction","target":{"@type":"EntryPoint","urlTemplate":"https:\/\/ondauno.com.ar\/?s={search_term_string}"},"query-input":"required name=search_term_string"}],"inLanguage":"es-AR"},{"@type":"Person","@id":"https:\/\/ondauno.com.ar\/#\/schema\/person\/7ec851ddeceb4133d7d7132dc645714e","name":"OndaUno","image":{"@type":"ImageObject","inLanguage":"es-AR","@id":"https:\/\/ondauno.com.ar\/#\/schema\/person\/image\/","url":"https:\/\/secure.gravatar.com\/avatar\/93b8009f0de7021f1feb2bd5b32fb9e8?s=96&d=mm&r=g","contentUrl":"https:\/\/secure.gravatar.com\/avatar\/93b8009f0de7021f1feb2bd5b32fb9e8?s=96&d=mm&r=g","caption":"OndaUno"},"url":"https:\/\/ondauno.com.ar\/index.php\/author\/ondauno\/"}]}},"jetpack_publicize_connections":[],"jetpack_featured_media_url":"https:\/\/ondauno.com.ar\/wp-content\/uploads\/2025\/06\/WhatsApp-Image-2025-06-23-at-08.42.43-1.jpeg","jetpack_sharing_enabled":true,"_links":{"self":[{"href":"https:\/\/ondauno.com.ar\/index.php\/wp-json\/wp\/v2\/posts\/57734","targetHints":{"allow":["GET"]}}],"collection":[{"href":"https:\/\/ondauno.com.ar\/index.php\/wp-json\/wp\/v2\/posts"}],"about":[{"href":"https:\/\/ondauno.com.ar\/index.php\/wp-json\/wp\/v2\/types\/post"}],"author":[{"embeddable":true,"href":"https:\/\/ondauno.com.ar\/index.php\/wp-json\/wp\/v2\/users\/1"}],"replies":[{"embeddable":true,"href":"https:\/\/ondauno.com.ar\/index.php\/wp-json\/wp\/v2\/comments?post=57734"}],"version-history":[{"count":1,"href":"https:\/\/ondauno.com.ar\/index.php\/wp-json\/wp\/v2\/posts\/57734\/revisions"}],"predecessor-version":[{"id":57735,"href":"https:\/\/ondauno.com.ar\/index.php\/wp-json\/wp\/v2\/posts\/57734\/revisions\/57735"}],"wp:featuredmedia":[{"embeddable":true,"href":"https:\/\/ondauno.com.ar\/index.php\/wp-json\/wp\/v2\/media\/57730"}],"wp:attachment":[{"href":"https:\/\/ondauno.com.ar\/index.php\/wp-json\/wp\/v2\/media?parent=57734"}],"wp:term":[{"taxonomy":"category","embeddable":true,"href":"https:\/\/ondauno.com.ar\/index.php\/wp-json\/wp\/v2\/categories?post=57734"},{"taxonomy":"post_tag","embeddable":true,"href":"https:\/\/ondauno.com.ar\/index.php\/wp-json\/wp\/v2\/tags?post=57734"}],"curies":[{"name":"wp","href":"https:\/\/api.w.org\/{rel}","templated":true}]}}