{"id":57727,"date":"2025-06-23T10:24:51","date_gmt":"2025-06-23T13:24:51","guid":{"rendered":"https:\/\/ondauno.com.ar\/?p=57727"},"modified":"2025-06-23T10:24:56","modified_gmt":"2025-06-23T13:24:56","slug":"claromeco-preocupacion-por-los-efectos-de-la-marejada-en-la-costa-de-dunamar","status":"publish","type":"post","link":"https:\/\/ondauno.com.ar\/index.php\/2025\/06\/23\/claromeco-preocupacion-por-los-efectos-de-la-marejada-en-la-costa-de-dunamar\/","title":{"rendered":"Claromec\u00f3: preocupaci\u00f3n por los efectos de la marejada en la costa de Dunamar"},"content":{"rendered":"<div class=\"ondau-before-content_3\" style=\"margin-top: -30px;\" id=\"ondau-3335315582\"><a href=\"https:\/\/www.lps.com.ar\/\" aria-label=\"la-perse2\"><img loading=\"lazy\" decoding=\"async\" src=\"https:\/\/ondauno.com.ar\/wp-content\/uploads\/2021\/10\/la-perse2.jpg\" alt=\"\"  srcset=\"https:\/\/ondauno.com.ar\/wp-content\/uploads\/2021\/10\/la-perse2.jpg 1353w, https:\/\/ondauno.com.ar\/wp-content\/uploads\/2021\/10\/la-perse2-300x43.jpg 300w, https:\/\/ondauno.com.ar\/wp-content\/uploads\/2021\/10\/la-perse2-1024x148.jpg 1024w, https:\/\/ondauno.com.ar\/wp-content\/uploads\/2021\/10\/la-perse2-768x111.jpg 768w, https:\/\/ondauno.com.ar\/wp-content\/uploads\/2021\/10\/la-perse2-696x100.jpg 696w, https:\/\/ondauno.com.ar\/wp-content\/uploads\/2021\/10\/la-perse2-1068x154.jpg 1068w\" sizes=\"(max-width: 1353px) 100vw, 1353px\" class=\"no-lazyload\" width=\"1353\" height=\"195\"  style=\"display: inline-block;\" \/><\/a><\/div>\n<p>El fuerte viento del sudoeste de las \u00faltimas horas est\u00e1 generando serios efectos en la l\u00ednea costera de Claromec\u00f3, especialmente en la zona de Dunamar, donde se observa un importante avance del mar.<\/p>\n\n\n\n<p>Las im\u00e1genes, compartidas por el subsecretario de Gesti\u00f3n Ambiental, Gabriel Francia, muestran c\u00f3mo la marejada afect\u00f3 distintos sectores de la costa, incluso cuando la marea se encuentra en su punto m\u00e1s bajo.<\/p>\n\n\n\n<p>La preocupaci\u00f3n crece porque el viento persiste con intensidad, lo que podr\u00eda agravar la situaci\u00f3n en las pr\u00f3ximas horas, especialmente cuando suba la marea.<\/p>\n\n\n\n<figure class=\"wp-block-gallery has-nested-images columns-default wp-block-gallery-1 is-layout-flex wp-block-gallery-is-layout-flex\">\n<figure class=\"wp-block-image size-full\"><img loading=\"lazy\" decoding=\"async\" width=\"720\" height=\"1280\" data-id=\"57730\" data-src=\"https:\/\/ondauno.com.ar\/wp-content\/uploads\/2025\/06\/WhatsApp-Image-2025-06-23-at-08.42.43-1.jpeg\" alt=\"\" class=\"wp-image-57730 lazyload\" data-srcset=\"https:\/\/ondauno.com.ar\/wp-content\/uploads\/2025\/06\/WhatsApp-Image-2025-06-23-at-08.42.43-1.jpeg 720w, https:\/\/ondauno.com.ar\/wp-content\/uploads\/2025\/06\/WhatsApp-Image-2025-06-23-at-08.42.43-1-169x300.jpeg 169w, https:\/\/ondauno.com.ar\/wp-content\/uploads\/2025\/06\/WhatsApp-Image-2025-06-23-at-08.42.43-1-576x1024.jpeg 576w, https:\/\/ondauno.com.ar\/wp-content\/uploads\/2025\/06\/WhatsApp-Image-2025-06-23-at-08.42.43-1-236x420.jpeg 236w, https:\/\/ondauno.com.ar\/wp-content\/uploads\/2025\/06\/WhatsApp-Image-2025-06-23-at-08.42.43-1-696x1237.jpeg 696w\" data-sizes=\"auto, (max-width: 720px) 100vw, 720px\" src=\"data:image\/gif;base64,R0lGODlhAQABAAAAACH5BAEKAAEALAAAAAABAAEAAAICTAEAOw==\" style=\"--smush-placeholder-width: 720px; --smush-placeholder-aspect-ratio: 720\/1280;\" \/><noscript><img loading=\"lazy\" decoding=\"async\" width=\"720\" height=\"1280\" data-id=\"57730\" src=\"https:\/\/ondauno.com.ar\/wp-content\/uploads\/2025\/06\/WhatsApp-Image-2025-06-23-at-08.42.43-1.jpeg\" alt=\"\" class=\"wp-image-57730\" srcset=\"https:\/\/ondauno.com.ar\/wp-content\/uploads\/2025\/06\/WhatsApp-Image-2025-06-23-at-08.42.43-1.jpeg 720w, https:\/\/ondauno.com.ar\/wp-content\/uploads\/2025\/06\/WhatsApp-Image-2025-06-23-at-08.42.43-1-169x300.jpeg 169w, https:\/\/ondauno.com.ar\/wp-content\/uploads\/2025\/06\/WhatsApp-Image-2025-06-23-at-08.42.43-1-576x1024.jpeg 576w, https:\/\/ondauno.com.ar\/wp-content\/uploads\/2025\/06\/WhatsApp-Image-2025-06-23-at-08.42.43-1-236x420.jpeg 236w, https:\/\/ondauno.com.ar\/wp-content\/uploads\/2025\/06\/WhatsApp-Image-2025-06-23-at-08.42.43-1-696x1237.jpeg 696w\" sizes=\"auto, (max-width: 720px) 100vw, 720px\" \/><\/noscript><\/figure>\n\n\n\n<figure class=\"wp-block-image size-full\"><img loading=\"lazy\" decoding=\"async\" width=\"1280\" height=\"720\" data-id=\"57729\" data-src=\"https:\/\/ondauno.com.ar\/wp-content\/uploads\/2025\/06\/WhatsApp-Image-2025-06-23-at-08.42.43-2.jpeg\" alt=\"\" class=\"wp-image-57729 lazyload\" data-srcset=\"https:\/\/ondauno.com.ar\/wp-content\/uploads\/2025\/06\/WhatsApp-Image-2025-06-23-at-08.42.43-2.jpeg 1280w, https:\/\/ondauno.com.ar\/wp-content\/uploads\/2025\/06\/WhatsApp-Image-2025-06-23-at-08.42.43-2-300x169.jpeg 300w, https:\/\/ondauno.com.ar\/wp-content\/uploads\/2025\/06\/WhatsApp-Image-2025-06-23-at-08.42.43-2-1024x576.jpeg 1024w, https:\/\/ondauno.com.ar\/wp-content\/uploads\/2025\/06\/WhatsApp-Image-2025-06-23-at-08.42.43-2-768x432.jpeg 768w, https:\/\/ondauno.com.ar\/wp-content\/uploads\/2025\/06\/WhatsApp-Image-2025-06-23-at-08.42.43-2-747x420.jpeg 747w, https:\/\/ondauno.com.ar\/wp-content\/uploads\/2025\/06\/WhatsApp-Image-2025-06-23-at-08.42.43-2-696x392.jpeg 696w, https:\/\/ondauno.com.ar\/wp-content\/uploads\/2025\/06\/WhatsApp-Image-2025-06-23-at-08.42.43-2-1068x601.jpeg 1068w\" data-sizes=\"auto, (max-width: 1280px) 100vw, 1280px\" src=\"data:image\/gif;base64,R0lGODlhAQABAAAAACH5BAEKAAEALAAAAAABAAEAAAICTAEAOw==\" style=\"--smush-placeholder-width: 1280px; --smush-placeholder-aspect-ratio: 1280\/720;\" \/><noscript><img loading=\"lazy\" decoding=\"async\" width=\"1280\" height=\"720\" data-id=\"57729\" src=\"https:\/\/ondauno.com.ar\/wp-content\/uploads\/2025\/06\/WhatsApp-Image-2025-06-23-at-08.42.43-2.jpeg\" alt=\"\" class=\"wp-image-57729\" srcset=\"https:\/\/ondauno.com.ar\/wp-content\/uploads\/2025\/06\/WhatsApp-Image-2025-06-23-at-08.42.43-2.jpeg 1280w, https:\/\/ondauno.com.ar\/wp-content\/uploads\/2025\/06\/WhatsApp-Image-2025-06-23-at-08.42.43-2-300x169.jpeg 300w, https:\/\/ondauno.com.ar\/wp-content\/uploads\/2025\/06\/WhatsApp-Image-2025-06-23-at-08.42.43-2-1024x576.jpeg 1024w, https:\/\/ondauno.com.ar\/wp-content\/uploads\/2025\/06\/WhatsApp-Image-2025-06-23-at-08.42.43-2-768x432.jpeg 768w, https:\/\/ondauno.com.ar\/wp-content\/uploads\/2025\/06\/WhatsApp-Image-2025-06-23-at-08.42.43-2-747x420.jpeg 747w, https:\/\/ondauno.com.ar\/wp-content\/uploads\/2025\/06\/WhatsApp-Image-2025-06-23-at-08.42.43-2-696x392.jpeg 696w, https:\/\/ondauno.com.ar\/wp-content\/uploads\/2025\/06\/WhatsApp-Image-2025-06-23-at-08.42.43-2-1068x601.jpeg 1068w\" sizes=\"auto, (max-width: 1280px) 100vw, 1280px\" \/><\/noscript><\/figure>\n\n\n\n<figure class=\"wp-block-image size-full\"><img loading=\"lazy\" decoding=\"async\" width=\"1280\" height=\"720\" data-id=\"57731\" data-src=\"https:\/\/ondauno.com.ar\/wp-content\/uploads\/2025\/06\/WhatsApp-Image-2025-06-23-at-08.42.43.jpeg\" alt=\"\" class=\"wp-image-57731 lazyload\" data-srcset=\"https:\/\/ondauno.com.ar\/wp-content\/uploads\/2025\/06\/WhatsApp-Image-2025-06-23-at-08.42.43.jpeg 1280w, https:\/\/ondauno.com.ar\/wp-content\/uploads\/2025\/06\/WhatsApp-Image-2025-06-23-at-08.42.43-300x169.jpeg 300w, https:\/\/ondauno.com.ar\/wp-content\/uploads\/2025\/06\/WhatsApp-Image-2025-06-23-at-08.42.43-1024x576.jpeg 1024w, https:\/\/ondauno.com.ar\/wp-content\/uploads\/2025\/06\/WhatsApp-Image-2025-06-23-at-08.42.43-768x432.jpeg 768w, https:\/\/ondauno.com.ar\/wp-content\/uploads\/2025\/06\/WhatsApp-Image-2025-06-23-at-08.42.43-747x420.jpeg 747w, https:\/\/ondauno.com.ar\/wp-content\/uploads\/2025\/06\/WhatsApp-Image-2025-06-23-at-08.42.43-696x392.jpeg 696w, https:\/\/ondauno.com.ar\/wp-content\/uploads\/2025\/06\/WhatsApp-Image-2025-06-23-at-08.42.43-1068x601.jpeg 1068w\" data-sizes=\"auto, (max-width: 1280px) 100vw, 1280px\" src=\"data:image\/gif;base64,R0lGODlhAQABAAAAACH5BAEKAAEALAAAAAABAAEAAAICTAEAOw==\" style=\"--smush-placeholder-width: 1280px; --smush-placeholder-aspect-ratio: 1280\/720;\" \/><noscript><img loading=\"lazy\" decoding=\"async\" width=\"1280\" height=\"720\" data-id=\"57731\" src=\"https:\/\/ondauno.com.ar\/wp-content\/uploads\/2025\/06\/WhatsApp-Image-2025-06-23-at-08.42.43.jpeg\" alt=\"\" class=\"wp-image-57731\" srcset=\"https:\/\/ondauno.com.ar\/wp-content\/uploads\/2025\/06\/WhatsApp-Image-2025-06-23-at-08.42.43.jpeg 1280w, https:\/\/ondauno.com.ar\/wp-content\/uploads\/2025\/06\/WhatsApp-Image-2025-06-23-at-08.42.43-300x169.jpeg 300w, https:\/\/ondauno.com.ar\/wp-content\/uploads\/2025\/06\/WhatsApp-Image-2025-06-23-at-08.42.43-1024x576.jpeg 1024w, https:\/\/ondauno.com.ar\/wp-content\/uploads\/2025\/06\/WhatsApp-Image-2025-06-23-at-08.42.43-768x432.jpeg 768w, https:\/\/ondauno.com.ar\/wp-content\/uploads\/2025\/06\/WhatsApp-Image-2025-06-23-at-08.42.43-747x420.jpeg 747w, https:\/\/ondauno.com.ar\/wp-content\/uploads\/2025\/06\/WhatsApp-Image-2025-06-23-at-08.42.43-696x392.jpeg 696w, https:\/\/ondauno.com.ar\/wp-content\/uploads\/2025\/06\/WhatsApp-Image-2025-06-23-at-08.42.43-1068x601.jpeg 1068w\" sizes=\"auto, (max-width: 1280px) 100vw, 1280px\" \/><\/noscript><\/figure>\n<\/figure>\n","protected":false},"excerpt":{"rendered":"<p>El fuerte viento del sudoeste de las \u00faltimas horas est\u00e1 generando serios efectos en la l\u00ednea costera de Claromec\u00f3, especialmente en la zona de Dunamar, donde se observa un importante avance del mar. Las im\u00e1genes, compartidas por el subsecretario de Gesti\u00f3n Ambiental, Gabriel Francia, muestran c\u00f3mo la marejada afect\u00f3 distintos sectores de la costa, incluso [&hellip;]<\/p>\n","protected":false},"author":1,"featured_media":57728,"comment_status":"open","ping_status":"open","sticky":false,"template":"","format":"standard","meta":{"tdm_status":"","tdm_grid_status":"","_jetpack_memberships_contains_paid_content":false,"footnotes":"","jetpack_publicize_message":"","jetpack_publicize_feature_enabled":true,"jetpack_social_post_already_shared":true,"jetpack_social_options":{"image_generator_settings":{"template":"highway","default_image_id":0,"font":"","enabled":false},"version":2}},"categories":[2],"tags":[],"class_list":{"0":"post-57727","1":"post","2":"type-post","3":"status-publish","4":"format-standard","5":"has-post-thumbnail","7":"category-locales"},"yoast_head":"<!-- This site is optimized with the Yoast SEO plugin v22.7 - https:\/\/yoast.com\/wordpress\/plugins\/seo\/ -->\n<title>Claromec\u00f3: preocupaci\u00f3n por los efectos de la marejada en la costa de Dunamar - 103.9 fm<\/title>\n<meta name=\"robots\" content=\"index, follow, max-snippet:-1, max-image-preview:large, max-video-preview:-1\" \/>\n<link rel=\"canonical\" href=\"https:\/\/ondauno.com.ar\/index.php\/2025\/06\/23\/claromeco-preocupacion-por-los-efectos-de-la-marejada-en-la-costa-de-dunamar\/\" \/>\n<meta property=\"og:locale\" content=\"es_ES\" \/>\n<meta property=\"og:type\" content=\"article\" \/>\n<meta property=\"og:title\" content=\"Claromec\u00f3: preocupaci\u00f3n por los efectos de la marejada en la costa de Dunamar - 103.9 fm\" \/>\n<meta property=\"og:description\" content=\"El fuerte viento del sudoeste de las \u00faltimas horas est\u00e1 generando serios efectos en la l\u00ednea costera de Claromec\u00f3, especialmente en la zona de Dunamar, donde se observa un importante avance del mar. Las im\u00e1genes, compartidas por el subsecretario de Gesti\u00f3n Ambiental, Gabriel Francia, muestran c\u00f3mo la marejada afect\u00f3 distintos sectores de la costa, incluso [&hellip;]\" \/>\n<meta property=\"og:url\" content=\"https:\/\/ondauno.com.ar\/index.php\/2025\/06\/23\/claromeco-preocupacion-por-los-efectos-de-la-marejada-en-la-costa-de-dunamar\/\" \/>\n<meta property=\"og:site_name\" content=\"103.9 fm\" \/>\n<meta property=\"article:publisher\" content=\"https:\/\/www.facebook.com\/ondauno103.9\" \/>\n<meta property=\"article:published_time\" content=\"2025-06-23T13:24:51+00:00\" \/>\n<meta property=\"article:modified_time\" content=\"2025-06-23T13:24:56+00:00\" \/>\n<meta property=\"og:image\" content=\"http:\/\/ondauno.com.ar\/wp-content\/uploads\/2025\/06\/WhatsApp-Image-2025-06-23-at-10.00.22.jpeg\" \/>\n\t<meta property=\"og:image:width\" content=\"960\" \/>\n\t<meta property=\"og:image:height\" content=\"1280\" \/>\n\t<meta property=\"og:image:type\" content=\"image\/jpeg\" \/>\n<meta name=\"author\" content=\"OndaUno\" \/>\n<meta name=\"twitter:card\" content=\"summary_large_image\" \/>\n<meta name=\"twitter:label1\" content=\"Escrito por\" \/>\n\t<meta name=\"twitter:data1\" content=\"OndaUno\" \/>\n\t<meta name=\"twitter:label2\" content=\"Tiempo de lectura\" \/>\n\t<meta name=\"twitter:data2\" content=\"2 minutos\" \/>\n<script type=\"application\/ld+json\" class=\"yoast-schema-graph\">{\"@context\":\"https:\/\/schema.org\",\"@graph\":[{\"@type\":\"WebPage\",\"@id\":\"https:\/\/ondauno.com.ar\/index.php\/2025\/06\/23\/claromeco-preocupacion-por-los-efectos-de-la-marejada-en-la-costa-de-dunamar\/\",\"url\":\"https:\/\/ondauno.com.ar\/index.php\/2025\/06\/23\/claromeco-preocupacion-por-los-efectos-de-la-marejada-en-la-costa-de-dunamar\/\",\"name\":\"Claromec\u00f3: preocupaci\u00f3n por los efectos de la marejada en la costa de Dunamar - 103.9 fm\",\"isPartOf\":{\"@id\":\"https:\/\/ondauno.com.ar\/#website\"},\"primaryImageOfPage\":{\"@id\":\"https:\/\/ondauno.com.ar\/index.php\/2025\/06\/23\/claromeco-preocupacion-por-los-efectos-de-la-marejada-en-la-costa-de-dunamar\/#primaryimage\"},\"image\":{\"@id\":\"https:\/\/ondauno.com.ar\/index.php\/2025\/06\/23\/claromeco-preocupacion-por-los-efectos-de-la-marejada-en-la-costa-de-dunamar\/#primaryimage\"},\"thumbnailUrl\":\"https:\/\/ondauno.com.ar\/wp-content\/uploads\/2025\/06\/WhatsApp-Image-2025-06-23-at-10.00.22.jpeg\",\"datePublished\":\"2025-06-23T13:24:51+00:00\",\"dateModified\":\"2025-06-23T13:24:56+00:00\",\"author\":{\"@id\":\"https:\/\/ondauno.com.ar\/#\/schema\/person\/7ec851ddeceb4133d7d7132dc645714e\"},\"breadcrumb\":{\"@id\":\"https:\/\/ondauno.com.ar\/index.php\/2025\/06\/23\/claromeco-preocupacion-por-los-efectos-de-la-marejada-en-la-costa-de-dunamar\/#breadcrumb\"},\"inLanguage\":\"es-AR\",\"potentialAction\":[{\"@type\":\"ReadAction\",\"target\":[\"https:\/\/ondauno.com.ar\/index.php\/2025\/06\/23\/claromeco-preocupacion-por-los-efectos-de-la-marejada-en-la-costa-de-dunamar\/\"]}]},{\"@type\":\"ImageObject\",\"inLanguage\":\"es-AR\",\"@id\":\"https:\/\/ondauno.com.ar\/index.php\/2025\/06\/23\/claromeco-preocupacion-por-los-efectos-de-la-marejada-en-la-costa-de-dunamar\/#primaryimage\",\"url\":\"https:\/\/ondauno.com.ar\/wp-content\/uploads\/2025\/06\/WhatsApp-Image-2025-06-23-at-10.00.22.jpeg\",\"contentUrl\":\"https:\/\/ondauno.com.ar\/wp-content\/uploads\/2025\/06\/WhatsApp-Image-2025-06-23-at-10.00.22.jpeg\",\"width\":960,\"height\":1280},{\"@type\":\"BreadcrumbList\",\"@id\":\"https:\/\/ondauno.com.ar\/index.php\/2025\/06\/23\/claromeco-preocupacion-por-los-efectos-de-la-marejada-en-la-costa-de-dunamar\/#breadcrumb\",\"itemListElement\":[{\"@type\":\"ListItem\",\"position\":1,\"name\":\"Inicio\",\"item\":\"https:\/\/ondauno.com.ar\/\"},{\"@type\":\"ListItem\",\"position\":2,\"name\":\"Claromec\u00f3: preocupaci\u00f3n por los efectos de la marejada en la costa de Dunamar\"}]},{\"@type\":\"WebSite\",\"@id\":\"https:\/\/ondauno.com.ar\/#website\",\"url\":\"https:\/\/ondauno.com.ar\/\",\"name\":\"103.9 fm\",\"description\":\"LA PRIMERA RADIO MULTIMEDIA DE TRES ARROYOS\",\"potentialAction\":[{\"@type\":\"SearchAction\",\"target\":{\"@type\":\"EntryPoint\",\"urlTemplate\":\"https:\/\/ondauno.com.ar\/?s={search_term_string}\"},\"query-input\":\"required name=search_term_string\"}],\"inLanguage\":\"es-AR\"},{\"@type\":\"Person\",\"@id\":\"https:\/\/ondauno.com.ar\/#\/schema\/person\/7ec851ddeceb4133d7d7132dc645714e\",\"name\":\"OndaUno\",\"image\":{\"@type\":\"ImageObject\",\"inLanguage\":\"es-AR\",\"@id\":\"https:\/\/ondauno.com.ar\/#\/schema\/person\/image\/\",\"url\":\"https:\/\/secure.gravatar.com\/avatar\/93b8009f0de7021f1feb2bd5b32fb9e8?s=96&d=mm&r=g\",\"contentUrl\":\"https:\/\/secure.gravatar.com\/avatar\/93b8009f0de7021f1feb2bd5b32fb9e8?s=96&d=mm&r=g\",\"caption\":\"OndaUno\"},\"url\":\"https:\/\/ondauno.com.ar\/index.php\/author\/ondauno\/\"}]}<\/script>\n<!-- \/ Yoast SEO plugin. -->","yoast_head_json":{"title":"Claromec\u00f3: preocupaci\u00f3n por los efectos de la marejada en la costa de Dunamar - 103.9 fm","robots":{"index":"index","follow":"follow","max-snippet":"max-snippet:-1","max-image-preview":"max-image-preview:large","max-video-preview":"max-video-preview:-1"},"canonical":"https:\/\/ondauno.com.ar\/index.php\/2025\/06\/23\/claromeco-preocupacion-por-los-efectos-de-la-marejada-en-la-costa-de-dunamar\/","og_locale":"es_ES","og_type":"article","og_title":"Claromec\u00f3: preocupaci\u00f3n por los efectos de la marejada en la costa de Dunamar - 103.9 fm","og_description":"El fuerte viento del sudoeste de las \u00faltimas horas est\u00e1 generando serios efectos en la l\u00ednea costera de Claromec\u00f3, especialmente en la zona de Dunamar, donde se observa un importante avance del mar. Las im\u00e1genes, compartidas por el subsecretario de Gesti\u00f3n Ambiental, Gabriel Francia, muestran c\u00f3mo la marejada afect\u00f3 distintos sectores de la costa, incluso [&hellip;]","og_url":"https:\/\/ondauno.com.ar\/index.php\/2025\/06\/23\/claromeco-preocupacion-por-los-efectos-de-la-marejada-en-la-costa-de-dunamar\/","og_site_name":"103.9 fm","article_publisher":"https:\/\/www.facebook.com\/ondauno103.9","article_published_time":"2025-06-23T13:24:51+00:00","article_modified_time":"2025-06-23T13:24:56+00:00","og_image":[{"width":960,"height":1280,"url":"http:\/\/ondauno.com.ar\/wp-content\/uploads\/2025\/06\/WhatsApp-Image-2025-06-23-at-10.00.22.jpeg","type":"image\/jpeg"}],"author":"OndaUno","twitter_card":"summary_large_image","twitter_misc":{"Escrito por":"OndaUno","Tiempo de lectura":"2 minutos"},"schema":{"@context":"https:\/\/schema.org","@graph":[{"@type":"WebPage","@id":"https:\/\/ondauno.com.ar\/index.php\/2025\/06\/23\/claromeco-preocupacion-por-los-efectos-de-la-marejada-en-la-costa-de-dunamar\/","url":"https:\/\/ondauno.com.ar\/index.php\/2025\/06\/23\/claromeco-preocupacion-por-los-efectos-de-la-marejada-en-la-costa-de-dunamar\/","name":"Claromec\u00f3: preocupaci\u00f3n por los efectos de la marejada en la costa de Dunamar - 103.9 fm","isPartOf":{"@id":"https:\/\/ondauno.com.ar\/#website"},"primaryImageOfPage":{"@id":"https:\/\/ondauno.com.ar\/index.php\/2025\/06\/23\/claromeco-preocupacion-por-los-efectos-de-la-marejada-en-la-costa-de-dunamar\/#primaryimage"},"image":{"@id":"https:\/\/ondauno.com.ar\/index.php\/2025\/06\/23\/claromeco-preocupacion-por-los-efectos-de-la-marejada-en-la-costa-de-dunamar\/#primaryimage"},"thumbnailUrl":"https:\/\/ondauno.com.ar\/wp-content\/uploads\/2025\/06\/WhatsApp-Image-2025-06-23-at-10.00.22.jpeg","datePublished":"2025-06-23T13:24:51+00:00","dateModified":"2025-06-23T13:24:56+00:00","author":{"@id":"https:\/\/ondauno.com.ar\/#\/schema\/person\/7ec851ddeceb4133d7d7132dc645714e"},"breadcrumb":{"@id":"https:\/\/ondauno.com.ar\/index.php\/2025\/06\/23\/claromeco-preocupacion-por-los-efectos-de-la-marejada-en-la-costa-de-dunamar\/#breadcrumb"},"inLanguage":"es-AR","potentialAction":[{"@type":"ReadAction","target":["https:\/\/ondauno.com.ar\/index.php\/2025\/06\/23\/claromeco-preocupacion-por-los-efectos-de-la-marejada-en-la-costa-de-dunamar\/"]}]},{"@type":"ImageObject","inLanguage":"es-AR","@id":"https:\/\/ondauno.com.ar\/index.php\/2025\/06\/23\/claromeco-preocupacion-por-los-efectos-de-la-marejada-en-la-costa-de-dunamar\/#primaryimage","url":"https:\/\/ondauno.com.ar\/wp-content\/uploads\/2025\/06\/WhatsApp-Image-2025-06-23-at-10.00.22.jpeg","contentUrl":"https:\/\/ondauno.com.ar\/wp-content\/uploads\/2025\/06\/WhatsApp-Image-2025-06-23-at-10.00.22.jpeg","width":960,"height":1280},{"@type":"BreadcrumbList","@id":"https:\/\/ondauno.com.ar\/index.php\/2025\/06\/23\/claromeco-preocupacion-por-los-efectos-de-la-marejada-en-la-costa-de-dunamar\/#breadcrumb","itemListElement":[{"@type":"ListItem","position":1,"name":"Inicio","item":"https:\/\/ondauno.com.ar\/"},{"@type":"ListItem","position":2,"name":"Claromec\u00f3: preocupaci\u00f3n por los efectos de la marejada en la costa de Dunamar"}]},{"@type":"WebSite","@id":"https:\/\/ondauno.com.ar\/#website","url":"https:\/\/ondauno.com.ar\/","name":"103.9 fm","description":"LA PRIMERA RADIO MULTIMEDIA DE TRES ARROYOS","potentialAction":[{"@type":"SearchAction","target":{"@type":"EntryPoint","urlTemplate":"https:\/\/ondauno.com.ar\/?s={search_term_string}"},"query-input":"required name=search_term_string"}],"inLanguage":"es-AR"},{"@type":"Person","@id":"https:\/\/ondauno.com.ar\/#\/schema\/person\/7ec851ddeceb4133d7d7132dc645714e","name":"OndaUno","image":{"@type":"ImageObject","inLanguage":"es-AR","@id":"https:\/\/ondauno.com.ar\/#\/schema\/person\/image\/","url":"https:\/\/secure.gravatar.com\/avatar\/93b8009f0de7021f1feb2bd5b32fb9e8?s=96&d=mm&r=g","contentUrl":"https:\/\/secure.gravatar.com\/avatar\/93b8009f0de7021f1feb2bd5b32fb9e8?s=96&d=mm&r=g","caption":"OndaUno"},"url":"https:\/\/ondauno.com.ar\/index.php\/author\/ondauno\/"}]}},"jetpack_publicize_connections":[],"jetpack_featured_media_url":"https:\/\/ondauno.com.ar\/wp-content\/uploads\/2025\/06\/WhatsApp-Image-2025-06-23-at-10.00.22.jpeg","jetpack_sharing_enabled":true,"_links":{"self":[{"href":"https:\/\/ondauno.com.ar\/index.php\/wp-json\/wp\/v2\/posts\/57727","targetHints":{"allow":["GET"]}}],"collection":[{"href":"https:\/\/ondauno.com.ar\/index.php\/wp-json\/wp\/v2\/posts"}],"about":[{"href":"https:\/\/ondauno.com.ar\/index.php\/wp-json\/wp\/v2\/types\/post"}],"author":[{"embeddable":true,"href":"https:\/\/ondauno.com.ar\/index.php\/wp-json\/wp\/v2\/users\/1"}],"replies":[{"embeddable":true,"href":"https:\/\/ondauno.com.ar\/index.php\/wp-json\/wp\/v2\/comments?post=57727"}],"version-history":[{"count":1,"href":"https:\/\/ondauno.com.ar\/index.php\/wp-json\/wp\/v2\/posts\/57727\/revisions"}],"predecessor-version":[{"id":57732,"href":"https:\/\/ondauno.com.ar\/index.php\/wp-json\/wp\/v2\/posts\/57727\/revisions\/57732"}],"wp:featuredmedia":[{"embeddable":true,"href":"https:\/\/ondauno.com.ar\/index.php\/wp-json\/wp\/v2\/media\/57728"}],"wp:attachment":[{"href":"https:\/\/ondauno.com.ar\/index.php\/wp-json\/wp\/v2\/media?parent=57727"}],"wp:term":[{"taxonomy":"category","embeddable":true,"href":"https:\/\/ondauno.com.ar\/index.php\/wp-json\/wp\/v2\/categories?post=57727"},{"taxonomy":"post_tag","embeddable":true,"href":"https:\/\/ondauno.com.ar\/index.php\/wp-json\/wp\/v2\/tags?post=57727"}],"curies":[{"name":"wp","href":"https:\/\/api.w.org\/{rel}","templated":true}]}}