{"id":57723,"date":"2025-06-23T10:18:38","date_gmt":"2025-06-23T13:18:38","guid":{"rendered":"https:\/\/ondauno.com.ar\/?p=57723"},"modified":"2025-06-23T10:18:43","modified_gmt":"2025-06-23T13:18:43","slug":"alerta-naranja-por-vientos-y-marejada-en-la-zona-costera","status":"publish","type":"post","link":"https:\/\/ondauno.com.ar\/index.php\/2025\/06\/23\/alerta-naranja-por-vientos-y-marejada-en-la-zona-costera\/","title":{"rendered":"Alerta naranja por vientos y marejada en la zona costera"},"content":{"rendered":"<div class=\"ondau-before-content_3\" style=\"margin-top: -30px;\" id=\"ondau-1448963454\"><a href=\"https:\/\/www.lps.com.ar\/\" aria-label=\"la-perse2\"><img loading=\"lazy\" decoding=\"async\" src=\"https:\/\/ondauno.com.ar\/wp-content\/uploads\/2021\/10\/la-perse2.jpg\" alt=\"\"  srcset=\"https:\/\/ondauno.com.ar\/wp-content\/uploads\/2021\/10\/la-perse2.jpg 1353w, https:\/\/ondauno.com.ar\/wp-content\/uploads\/2021\/10\/la-perse2-300x43.jpg 300w, https:\/\/ondauno.com.ar\/wp-content\/uploads\/2021\/10\/la-perse2-1024x148.jpg 1024w, https:\/\/ondauno.com.ar\/wp-content\/uploads\/2021\/10\/la-perse2-768x111.jpg 768w, https:\/\/ondauno.com.ar\/wp-content\/uploads\/2021\/10\/la-perse2-696x100.jpg 696w, https:\/\/ondauno.com.ar\/wp-content\/uploads\/2021\/10\/la-perse2-1068x154.jpg 1068w\" sizes=\"(max-width: 1353px) 100vw, 1353px\" class=\"no-lazyload\" width=\"1353\" height=\"195\"  style=\"display: inline-block;\" \/><\/a><\/div>\n<p>El Servicio Meteorol\u00f3gico Nacional emiti\u00f3 una alerta naranja por condiciones clim\u00e1ticas adversas para la zona costera del partido de Tres Arroyos. La advertencia se mantendr\u00e1 vigente hasta horas de la tarde de hoy.<\/p>\n\n\n\n<p>\ud83d\udd38 Vientos intensos del sector sur afectar\u00e1n la regi\u00f3n, con velocidades estimadas entre 35 y 65 km\/h, y r\u00e1fagas que podr\u00edan superar los 80 km\/h.<br>\ud83d\udd38 Se espera adem\u00e1s marejada y sudestada, fen\u00f3menos que pueden provocar complicaciones en sectores cercanos al mar.<\/p>\n\n\n\n<p>\ud83d\udccc Recomendaciones importantes:<br>1\ufe0f\u20e3 Evitar actividades al aire libre.<br>2\ufe0f\u20e3 Asegurar objetos que puedan ser desplazados por el viento.<br>3\ufe0f\u20e3 Mantenerse informado por medios oficiales y seguir las instrucciones de las autoridades locales.<\/p>\n\n\n\n<p>La situaci\u00f3n se monitorea de manera permanente. Ante cualquier emergencia, se recuerda que se puede comunicar con Defensa Civil al 147.<\/p>\n\n\n\n<figure class=\"wp-block-image size-large\"><img loading=\"lazy\" decoding=\"async\" width=\"819\" height=\"1024\" data-src=\"https:\/\/ondauno.com.ar\/wp-content\/uploads\/2025\/06\/WhatsApp-Image-2025-06-23-at-10.10.19-1-819x1024.jpeg\" alt=\"\" class=\"wp-image-57725 lazyload\" data-srcset=\"https:\/\/ondauno.com.ar\/wp-content\/uploads\/2025\/06\/WhatsApp-Image-2025-06-23-at-10.10.19-1-819x1024.jpeg 819w, https:\/\/ondauno.com.ar\/wp-content\/uploads\/2025\/06\/WhatsApp-Image-2025-06-23-at-10.10.19-1-240x300.jpeg 240w, https:\/\/ondauno.com.ar\/wp-content\/uploads\/2025\/06\/WhatsApp-Image-2025-06-23-at-10.10.19-1-768x960.jpeg 768w, https:\/\/ondauno.com.ar\/wp-content\/uploads\/2025\/06\/WhatsApp-Image-2025-06-23-at-10.10.19-1-336x420.jpeg 336w, https:\/\/ondauno.com.ar\/wp-content\/uploads\/2025\/06\/WhatsApp-Image-2025-06-23-at-10.10.19-1-696x870.jpeg 696w, https:\/\/ondauno.com.ar\/wp-content\/uploads\/2025\/06\/WhatsApp-Image-2025-06-23-at-10.10.19-1.jpeg 1024w\" data-sizes=\"auto, (max-width: 819px) 100vw, 819px\" src=\"data:image\/gif;base64,R0lGODlhAQABAAAAACH5BAEKAAEALAAAAAABAAEAAAICTAEAOw==\" style=\"--smush-placeholder-width: 819px; --smush-placeholder-aspect-ratio: 819\/1024;\" \/><noscript><img loading=\"lazy\" decoding=\"async\" width=\"819\" height=\"1024\" src=\"https:\/\/ondauno.com.ar\/wp-content\/uploads\/2025\/06\/WhatsApp-Image-2025-06-23-at-10.10.19-1-819x1024.jpeg\" alt=\"\" class=\"wp-image-57725\" srcset=\"https:\/\/ondauno.com.ar\/wp-content\/uploads\/2025\/06\/WhatsApp-Image-2025-06-23-at-10.10.19-1-819x1024.jpeg 819w, https:\/\/ondauno.com.ar\/wp-content\/uploads\/2025\/06\/WhatsApp-Image-2025-06-23-at-10.10.19-1-240x300.jpeg 240w, https:\/\/ondauno.com.ar\/wp-content\/uploads\/2025\/06\/WhatsApp-Image-2025-06-23-at-10.10.19-1-768x960.jpeg 768w, https:\/\/ondauno.com.ar\/wp-content\/uploads\/2025\/06\/WhatsApp-Image-2025-06-23-at-10.10.19-1-336x420.jpeg 336w, https:\/\/ondauno.com.ar\/wp-content\/uploads\/2025\/06\/WhatsApp-Image-2025-06-23-at-10.10.19-1-696x870.jpeg 696w, https:\/\/ondauno.com.ar\/wp-content\/uploads\/2025\/06\/WhatsApp-Image-2025-06-23-at-10.10.19-1.jpeg 1024w\" sizes=\"auto, (max-width: 819px) 100vw, 819px\" \/><\/noscript><\/figure>\n","protected":false},"excerpt":{"rendered":"<p>El Servicio Meteorol\u00f3gico Nacional emiti\u00f3 una alerta naranja por condiciones clim\u00e1ticas adversas para la zona costera del partido de Tres Arroyos. La advertencia se mantendr\u00e1 vigente hasta horas de la tarde de hoy. \ud83d\udd38 Vientos intensos del sector sur afectar\u00e1n la regi\u00f3n, con velocidades estimadas entre 35 y 65 km\/h, y r\u00e1fagas que podr\u00edan superar [&hellip;]<\/p>\n","protected":false},"author":1,"featured_media":57724,"comment_status":"open","ping_status":"open","sticky":false,"template":"","format":"standard","meta":{"tdm_status":"","tdm_grid_status":"","_jetpack_memberships_contains_paid_content":false,"footnotes":"","jetpack_publicize_message":"","jetpack_publicize_feature_enabled":true,"jetpack_social_post_already_shared":true,"jetpack_social_options":{"image_generator_settings":{"template":"highway","default_image_id":0,"font":"","enabled":false},"version":2}},"categories":[2],"tags":[],"class_list":{"0":"post-57723","1":"post","2":"type-post","3":"status-publish","4":"format-standard","5":"has-post-thumbnail","7":"category-locales"},"yoast_head":"<!-- This site is optimized with the Yoast SEO plugin v22.7 - https:\/\/yoast.com\/wordpress\/plugins\/seo\/ -->\n<title>Alerta naranja por vientos y marejada en la zona costera - 103.9 fm<\/title>\n<meta name=\"robots\" content=\"index, follow, max-snippet:-1, max-image-preview:large, max-video-preview:-1\" \/>\n<link rel=\"canonical\" href=\"https:\/\/ondauno.com.ar\/index.php\/2025\/06\/23\/alerta-naranja-por-vientos-y-marejada-en-la-zona-costera\/\" \/>\n<meta property=\"og:locale\" content=\"es_ES\" \/>\n<meta property=\"og:type\" content=\"article\" \/>\n<meta property=\"og:title\" content=\"Alerta naranja por vientos y marejada en la zona costera - 103.9 fm\" \/>\n<meta property=\"og:description\" content=\"El Servicio Meteorol\u00f3gico Nacional emiti\u00f3 una alerta naranja por condiciones clim\u00e1ticas adversas para la zona costera del partido de Tres Arroyos. La advertencia se mantendr\u00e1 vigente hasta horas de la tarde de hoy. \ud83d\udd38 Vientos intensos del sector sur afectar\u00e1n la regi\u00f3n, con velocidades estimadas entre 35 y 65 km\/h, y r\u00e1fagas que podr\u00edan superar [&hellip;]\" \/>\n<meta property=\"og:url\" content=\"https:\/\/ondauno.com.ar\/index.php\/2025\/06\/23\/alerta-naranja-por-vientos-y-marejada-en-la-zona-costera\/\" \/>\n<meta property=\"og:site_name\" content=\"103.9 fm\" \/>\n<meta property=\"article:publisher\" content=\"https:\/\/www.facebook.com\/ondauno103.9\" \/>\n<meta property=\"article:published_time\" content=\"2025-06-23T13:18:38+00:00\" \/>\n<meta property=\"article:modified_time\" content=\"2025-06-23T13:18:43+00:00\" \/>\n<meta property=\"og:image\" content=\"http:\/\/ondauno.com.ar\/wp-content\/uploads\/2025\/06\/WhatsApp-Image-2025-06-23-at-10.10.19.jpeg\" \/>\n\t<meta property=\"og:image:width\" content=\"472\" \/>\n\t<meta property=\"og:image:height\" content=\"800\" \/>\n\t<meta property=\"og:image:type\" content=\"image\/jpeg\" \/>\n<meta name=\"author\" content=\"OndaUno\" \/>\n<meta name=\"twitter:card\" content=\"summary_large_image\" \/>\n<meta name=\"twitter:label1\" content=\"Escrito por\" \/>\n\t<meta name=\"twitter:data1\" content=\"OndaUno\" \/>\n\t<meta name=\"twitter:label2\" content=\"Tiempo de lectura\" \/>\n\t<meta name=\"twitter:data2\" content=\"1 minuto\" \/>\n<script type=\"application\/ld+json\" class=\"yoast-schema-graph\">{\"@context\":\"https:\/\/schema.org\",\"@graph\":[{\"@type\":\"WebPage\",\"@id\":\"https:\/\/ondauno.com.ar\/index.php\/2025\/06\/23\/alerta-naranja-por-vientos-y-marejada-en-la-zona-costera\/\",\"url\":\"https:\/\/ondauno.com.ar\/index.php\/2025\/06\/23\/alerta-naranja-por-vientos-y-marejada-en-la-zona-costera\/\",\"name\":\"Alerta naranja por vientos y marejada en la zona costera - 103.9 fm\",\"isPartOf\":{\"@id\":\"https:\/\/ondauno.com.ar\/#website\"},\"primaryImageOfPage\":{\"@id\":\"https:\/\/ondauno.com.ar\/index.php\/2025\/06\/23\/alerta-naranja-por-vientos-y-marejada-en-la-zona-costera\/#primaryimage\"},\"image\":{\"@id\":\"https:\/\/ondauno.com.ar\/index.php\/2025\/06\/23\/alerta-naranja-por-vientos-y-marejada-en-la-zona-costera\/#primaryimage\"},\"thumbnailUrl\":\"https:\/\/ondauno.com.ar\/wp-content\/uploads\/2025\/06\/WhatsApp-Image-2025-06-23-at-10.10.19.jpeg\",\"datePublished\":\"2025-06-23T13:18:38+00:00\",\"dateModified\":\"2025-06-23T13:18:43+00:00\",\"author\":{\"@id\":\"https:\/\/ondauno.com.ar\/#\/schema\/person\/7ec851ddeceb4133d7d7132dc645714e\"},\"breadcrumb\":{\"@id\":\"https:\/\/ondauno.com.ar\/index.php\/2025\/06\/23\/alerta-naranja-por-vientos-y-marejada-en-la-zona-costera\/#breadcrumb\"},\"inLanguage\":\"es-AR\",\"potentialAction\":[{\"@type\":\"ReadAction\",\"target\":[\"https:\/\/ondauno.com.ar\/index.php\/2025\/06\/23\/alerta-naranja-por-vientos-y-marejada-en-la-zona-costera\/\"]}]},{\"@type\":\"ImageObject\",\"inLanguage\":\"es-AR\",\"@id\":\"https:\/\/ondauno.com.ar\/index.php\/2025\/06\/23\/alerta-naranja-por-vientos-y-marejada-en-la-zona-costera\/#primaryimage\",\"url\":\"https:\/\/ondauno.com.ar\/wp-content\/uploads\/2025\/06\/WhatsApp-Image-2025-06-23-at-10.10.19.jpeg\",\"contentUrl\":\"https:\/\/ondauno.com.ar\/wp-content\/uploads\/2025\/06\/WhatsApp-Image-2025-06-23-at-10.10.19.jpeg\",\"width\":472,\"height\":800},{\"@type\":\"BreadcrumbList\",\"@id\":\"https:\/\/ondauno.com.ar\/index.php\/2025\/06\/23\/alerta-naranja-por-vientos-y-marejada-en-la-zona-costera\/#breadcrumb\",\"itemListElement\":[{\"@type\":\"ListItem\",\"position\":1,\"name\":\"Inicio\",\"item\":\"https:\/\/ondauno.com.ar\/\"},{\"@type\":\"ListItem\",\"position\":2,\"name\":\"Alerta naranja por vientos y marejada en la zona costera\"}]},{\"@type\":\"WebSite\",\"@id\":\"https:\/\/ondauno.com.ar\/#website\",\"url\":\"https:\/\/ondauno.com.ar\/\",\"name\":\"103.9 fm\",\"description\":\"LA PRIMERA RADIO MULTIMEDIA DE TRES ARROYOS\",\"potentialAction\":[{\"@type\":\"SearchAction\",\"target\":{\"@type\":\"EntryPoint\",\"urlTemplate\":\"https:\/\/ondauno.com.ar\/?s={search_term_string}\"},\"query-input\":\"required name=search_term_string\"}],\"inLanguage\":\"es-AR\"},{\"@type\":\"Person\",\"@id\":\"https:\/\/ondauno.com.ar\/#\/schema\/person\/7ec851ddeceb4133d7d7132dc645714e\",\"name\":\"OndaUno\",\"image\":{\"@type\":\"ImageObject\",\"inLanguage\":\"es-AR\",\"@id\":\"https:\/\/ondauno.com.ar\/#\/schema\/person\/image\/\",\"url\":\"https:\/\/secure.gravatar.com\/avatar\/93b8009f0de7021f1feb2bd5b32fb9e8?s=96&d=mm&r=g\",\"contentUrl\":\"https:\/\/secure.gravatar.com\/avatar\/93b8009f0de7021f1feb2bd5b32fb9e8?s=96&d=mm&r=g\",\"caption\":\"OndaUno\"},\"url\":\"https:\/\/ondauno.com.ar\/index.php\/author\/ondauno\/\"}]}<\/script>\n<!-- \/ Yoast SEO plugin. -->","yoast_head_json":{"title":"Alerta naranja por vientos y marejada en la zona costera - 103.9 fm","robots":{"index":"index","follow":"follow","max-snippet":"max-snippet:-1","max-image-preview":"max-image-preview:large","max-video-preview":"max-video-preview:-1"},"canonical":"https:\/\/ondauno.com.ar\/index.php\/2025\/06\/23\/alerta-naranja-por-vientos-y-marejada-en-la-zona-costera\/","og_locale":"es_ES","og_type":"article","og_title":"Alerta naranja por vientos y marejada en la zona costera - 103.9 fm","og_description":"El Servicio Meteorol\u00f3gico Nacional emiti\u00f3 una alerta naranja por condiciones clim\u00e1ticas adversas para la zona costera del partido de Tres Arroyos. La advertencia se mantendr\u00e1 vigente hasta horas de la tarde de hoy. \ud83d\udd38 Vientos intensos del sector sur afectar\u00e1n la regi\u00f3n, con velocidades estimadas entre 35 y 65 km\/h, y r\u00e1fagas que podr\u00edan superar [&hellip;]","og_url":"https:\/\/ondauno.com.ar\/index.php\/2025\/06\/23\/alerta-naranja-por-vientos-y-marejada-en-la-zona-costera\/","og_site_name":"103.9 fm","article_publisher":"https:\/\/www.facebook.com\/ondauno103.9","article_published_time":"2025-06-23T13:18:38+00:00","article_modified_time":"2025-06-23T13:18:43+00:00","og_image":[{"width":472,"height":800,"url":"http:\/\/ondauno.com.ar\/wp-content\/uploads\/2025\/06\/WhatsApp-Image-2025-06-23-at-10.10.19.jpeg","type":"image\/jpeg"}],"author":"OndaUno","twitter_card":"summary_large_image","twitter_misc":{"Escrito por":"OndaUno","Tiempo de lectura":"1 minuto"},"schema":{"@context":"https:\/\/schema.org","@graph":[{"@type":"WebPage","@id":"https:\/\/ondauno.com.ar\/index.php\/2025\/06\/23\/alerta-naranja-por-vientos-y-marejada-en-la-zona-costera\/","url":"https:\/\/ondauno.com.ar\/index.php\/2025\/06\/23\/alerta-naranja-por-vientos-y-marejada-en-la-zona-costera\/","name":"Alerta naranja por vientos y marejada en la zona costera - 103.9 fm","isPartOf":{"@id":"https:\/\/ondauno.com.ar\/#website"},"primaryImageOfPage":{"@id":"https:\/\/ondauno.com.ar\/index.php\/2025\/06\/23\/alerta-naranja-por-vientos-y-marejada-en-la-zona-costera\/#primaryimage"},"image":{"@id":"https:\/\/ondauno.com.ar\/index.php\/2025\/06\/23\/alerta-naranja-por-vientos-y-marejada-en-la-zona-costera\/#primaryimage"},"thumbnailUrl":"https:\/\/ondauno.com.ar\/wp-content\/uploads\/2025\/06\/WhatsApp-Image-2025-06-23-at-10.10.19.jpeg","datePublished":"2025-06-23T13:18:38+00:00","dateModified":"2025-06-23T13:18:43+00:00","author":{"@id":"https:\/\/ondauno.com.ar\/#\/schema\/person\/7ec851ddeceb4133d7d7132dc645714e"},"breadcrumb":{"@id":"https:\/\/ondauno.com.ar\/index.php\/2025\/06\/23\/alerta-naranja-por-vientos-y-marejada-en-la-zona-costera\/#breadcrumb"},"inLanguage":"es-AR","potentialAction":[{"@type":"ReadAction","target":["https:\/\/ondauno.com.ar\/index.php\/2025\/06\/23\/alerta-naranja-por-vientos-y-marejada-en-la-zona-costera\/"]}]},{"@type":"ImageObject","inLanguage":"es-AR","@id":"https:\/\/ondauno.com.ar\/index.php\/2025\/06\/23\/alerta-naranja-por-vientos-y-marejada-en-la-zona-costera\/#primaryimage","url":"https:\/\/ondauno.com.ar\/wp-content\/uploads\/2025\/06\/WhatsApp-Image-2025-06-23-at-10.10.19.jpeg","contentUrl":"https:\/\/ondauno.com.ar\/wp-content\/uploads\/2025\/06\/WhatsApp-Image-2025-06-23-at-10.10.19.jpeg","width":472,"height":800},{"@type":"BreadcrumbList","@id":"https:\/\/ondauno.com.ar\/index.php\/2025\/06\/23\/alerta-naranja-por-vientos-y-marejada-en-la-zona-costera\/#breadcrumb","itemListElement":[{"@type":"ListItem","position":1,"name":"Inicio","item":"https:\/\/ondauno.com.ar\/"},{"@type":"ListItem","position":2,"name":"Alerta naranja por vientos y marejada en la zona costera"}]},{"@type":"WebSite","@id":"https:\/\/ondauno.com.ar\/#website","url":"https:\/\/ondauno.com.ar\/","name":"103.9 fm","description":"LA PRIMERA RADIO MULTIMEDIA DE TRES ARROYOS","potentialAction":[{"@type":"SearchAction","target":{"@type":"EntryPoint","urlTemplate":"https:\/\/ondauno.com.ar\/?s={search_term_string}"},"query-input":"required name=search_term_string"}],"inLanguage":"es-AR"},{"@type":"Person","@id":"https:\/\/ondauno.com.ar\/#\/schema\/person\/7ec851ddeceb4133d7d7132dc645714e","name":"OndaUno","image":{"@type":"ImageObject","inLanguage":"es-AR","@id":"https:\/\/ondauno.com.ar\/#\/schema\/person\/image\/","url":"https:\/\/secure.gravatar.com\/avatar\/93b8009f0de7021f1feb2bd5b32fb9e8?s=96&d=mm&r=g","contentUrl":"https:\/\/secure.gravatar.com\/avatar\/93b8009f0de7021f1feb2bd5b32fb9e8?s=96&d=mm&r=g","caption":"OndaUno"},"url":"https:\/\/ondauno.com.ar\/index.php\/author\/ondauno\/"}]}},"jetpack_publicize_connections":[],"jetpack_featured_media_url":"https:\/\/ondauno.com.ar\/wp-content\/uploads\/2025\/06\/WhatsApp-Image-2025-06-23-at-10.10.19.jpeg","jetpack_sharing_enabled":true,"_links":{"self":[{"href":"https:\/\/ondauno.com.ar\/index.php\/wp-json\/wp\/v2\/posts\/57723","targetHints":{"allow":["GET"]}}],"collection":[{"href":"https:\/\/ondauno.com.ar\/index.php\/wp-json\/wp\/v2\/posts"}],"about":[{"href":"https:\/\/ondauno.com.ar\/index.php\/wp-json\/wp\/v2\/types\/post"}],"author":[{"embeddable":true,"href":"https:\/\/ondauno.com.ar\/index.php\/wp-json\/wp\/v2\/users\/1"}],"replies":[{"embeddable":true,"href":"https:\/\/ondauno.com.ar\/index.php\/wp-json\/wp\/v2\/comments?post=57723"}],"version-history":[{"count":1,"href":"https:\/\/ondauno.com.ar\/index.php\/wp-json\/wp\/v2\/posts\/57723\/revisions"}],"predecessor-version":[{"id":57726,"href":"https:\/\/ondauno.com.ar\/index.php\/wp-json\/wp\/v2\/posts\/57723\/revisions\/57726"}],"wp:featuredmedia":[{"embeddable":true,"href":"https:\/\/ondauno.com.ar\/index.php\/wp-json\/wp\/v2\/media\/57724"}],"wp:attachment":[{"href":"https:\/\/ondauno.com.ar\/index.php\/wp-json\/wp\/v2\/media?parent=57723"}],"wp:term":[{"taxonomy":"category","embeddable":true,"href":"https:\/\/ondauno.com.ar\/index.php\/wp-json\/wp\/v2\/categories?post=57723"},{"taxonomy":"post_tag","embeddable":true,"href":"https:\/\/ondauno.com.ar\/index.php\/wp-json\/wp\/v2\/tags?post=57723"}],"curies":[{"name":"wp","href":"https:\/\/api.w.org\/{rel}","templated":true}]}}