{"id":57719,"date":"2025-06-23T10:16:05","date_gmt":"2025-06-23T13:16:05","guid":{"rendered":"https:\/\/ondauno.com.ar\/?p=57719"},"modified":"2025-06-23T10:16:10","modified_gmt":"2025-06-23T13:16:10","slug":"allanamiento-por-amenazas-agravadas-secuestran-un-aire-comprimido-y-proyectiles","status":"publish","type":"post","link":"https:\/\/ondauno.com.ar\/index.php\/2025\/06\/23\/allanamiento-por-amenazas-agravadas-secuestran-un-aire-comprimido-y-proyectiles\/","title":{"rendered":"Allanamiento por amenazas agravadas: secuestran un aire comprimido y proyectiles"},"content":{"rendered":"<div class=\"ondau-before-content_3\" style=\"margin-top: -30px;\" id=\"ondau-866194018\"><a href=\"https:\/\/www.lps.com.ar\/\" aria-label=\"la-perse2\"><img loading=\"lazy\" decoding=\"async\" src=\"https:\/\/ondauno.com.ar\/wp-content\/uploads\/2021\/10\/la-perse2.jpg\" alt=\"\"  srcset=\"https:\/\/ondauno.com.ar\/wp-content\/uploads\/2021\/10\/la-perse2.jpg 1353w, https:\/\/ondauno.com.ar\/wp-content\/uploads\/2021\/10\/la-perse2-300x43.jpg 300w, https:\/\/ondauno.com.ar\/wp-content\/uploads\/2021\/10\/la-perse2-1024x148.jpg 1024w, https:\/\/ondauno.com.ar\/wp-content\/uploads\/2021\/10\/la-perse2-768x111.jpg 768w, https:\/\/ondauno.com.ar\/wp-content\/uploads\/2021\/10\/la-perse2-696x100.jpg 696w, https:\/\/ondauno.com.ar\/wp-content\/uploads\/2021\/10\/la-perse2-1068x154.jpg 1068w\" sizes=\"(max-width: 1353px) 100vw, 1353px\" class=\"no-lazyload\" width=\"1353\" height=\"195\"  style=\"display: inline-block;\" \/><\/a><\/div>\n<p>Este s\u00e1bado por la tarde, personal del Gabinete T\u00e9cnico Operativo (GTO) de la Comisar\u00eda Primera de Tres Arroyos llev\u00f3 adelante un registro domiciliario en una vivienda ubicada en calle Isabel La Cat\u00f3lica al 1300, en el marco de una causa por amenazas agravadas.<\/p>\n\n\n\n<p>La medida fue dispuesta por el Juzgado de Garant\u00edas local tras una denuncia realizada por una mujer de 31 a\u00f1os, quien indic\u00f3 que el d\u00eda anterior una pareja (ella de 37 a\u00f1os y \u00e9l de 36) se present\u00f3 en su domicilio de calle Mazzini al 600 y, tras exhibirle un cuchillo y un arma \u2014no precisada\u2014, la amenazaron de muerte.<\/p>\n\n\n\n<figure class=\"wp-block-image size-large\"><img loading=\"lazy\" decoding=\"async\" width=\"770\" height=\"1024\" data-src=\"https:\/\/ondauno.com.ar\/wp-content\/uploads\/2025\/06\/WhatsApp-Image-2025-06-23-at-09.00.11-1-770x1024.jpeg\" alt=\"\" class=\"wp-image-57721 lazyload\" data-srcset=\"https:\/\/ondauno.com.ar\/wp-content\/uploads\/2025\/06\/WhatsApp-Image-2025-06-23-at-09.00.11-1-770x1024.jpeg 770w, https:\/\/ondauno.com.ar\/wp-content\/uploads\/2025\/06\/WhatsApp-Image-2025-06-23-at-09.00.11-1-226x300.jpeg 226w, https:\/\/ondauno.com.ar\/wp-content\/uploads\/2025\/06\/WhatsApp-Image-2025-06-23-at-09.00.11-1-768x1021.jpeg 768w, https:\/\/ondauno.com.ar\/wp-content\/uploads\/2025\/06\/WhatsApp-Image-2025-06-23-at-09.00.11-1-316x420.jpeg 316w, https:\/\/ondauno.com.ar\/wp-content\/uploads\/2025\/06\/WhatsApp-Image-2025-06-23-at-09.00.11-1-696x925.jpeg 696w, https:\/\/ondauno.com.ar\/wp-content\/uploads\/2025\/06\/WhatsApp-Image-2025-06-23-at-09.00.11-1.jpeg 963w\" data-sizes=\"auto, (max-width: 770px) 100vw, 770px\" src=\"data:image\/gif;base64,R0lGODlhAQABAAAAACH5BAEKAAEALAAAAAABAAEAAAICTAEAOw==\" style=\"--smush-placeholder-width: 770px; --smush-placeholder-aspect-ratio: 770\/1024;\" \/><noscript><img loading=\"lazy\" decoding=\"async\" width=\"770\" height=\"1024\" src=\"https:\/\/ondauno.com.ar\/wp-content\/uploads\/2025\/06\/WhatsApp-Image-2025-06-23-at-09.00.11-1-770x1024.jpeg\" alt=\"\" class=\"wp-image-57721\" srcset=\"https:\/\/ondauno.com.ar\/wp-content\/uploads\/2025\/06\/WhatsApp-Image-2025-06-23-at-09.00.11-1-770x1024.jpeg 770w, https:\/\/ondauno.com.ar\/wp-content\/uploads\/2025\/06\/WhatsApp-Image-2025-06-23-at-09.00.11-1-226x300.jpeg 226w, https:\/\/ondauno.com.ar\/wp-content\/uploads\/2025\/06\/WhatsApp-Image-2025-06-23-at-09.00.11-1-768x1021.jpeg 768w, https:\/\/ondauno.com.ar\/wp-content\/uploads\/2025\/06\/WhatsApp-Image-2025-06-23-at-09.00.11-1-316x420.jpeg 316w, https:\/\/ondauno.com.ar\/wp-content\/uploads\/2025\/06\/WhatsApp-Image-2025-06-23-at-09.00.11-1-696x925.jpeg 696w, https:\/\/ondauno.com.ar\/wp-content\/uploads\/2025\/06\/WhatsApp-Image-2025-06-23-at-09.00.11-1.jpeg 963w\" sizes=\"auto, (max-width: 770px) 100vw, 770px\" \/><\/noscript><\/figure>\n\n\n\n<p>Tras las tareas investigativas del GTO, se concret\u00f3 el allanamiento con resultado positivo: se secuestr\u00f3 un arma de aire comprimido, 132 balines calibre 4,5 mm (mismo calibre que el arma) y tres proyectiles calibre 25.<\/p>\n\n\n\n<p>La causa contin\u00faa su curso con intervenci\u00f3n de la Unidad Funcional de Instrucci\u00f3n y Juicio N\u00b0 16 del Departamento Judicial de Tres Arroyos. El procedimiento estuvo a cargo del comisario Cristian Daniel Tedini, jefe de la Estaci\u00f3n de Polic\u00eda Comunal.<\/p>\n","protected":false},"excerpt":{"rendered":"<p>Este s\u00e1bado por la tarde, personal del Gabinete T\u00e9cnico Operativo (GTO) de la Comisar\u00eda Primera de Tres Arroyos llev\u00f3 adelante un registro domiciliario en una vivienda ubicada en calle Isabel La Cat\u00f3lica al 1300, en el marco de una causa por amenazas agravadas. La medida fue dispuesta por el Juzgado de Garant\u00edas local tras una [&hellip;]<\/p>\n","protected":false},"author":1,"featured_media":57720,"comment_status":"open","ping_status":"open","sticky":false,"template":"","format":"standard","meta":{"tdm_status":"","tdm_grid_status":"","_jetpack_memberships_contains_paid_content":false,"footnotes":"","jetpack_publicize_message":"","jetpack_publicize_feature_enabled":true,"jetpack_social_post_already_shared":true,"jetpack_social_options":{"image_generator_settings":{"template":"highway","default_image_id":0,"font":"","enabled":false},"version":2}},"categories":[29],"tags":[],"class_list":{"0":"post-57719","1":"post","2":"type-post","3":"status-publish","4":"format-standard","5":"has-post-thumbnail","7":"category-policiales"},"yoast_head":"<!-- This site is optimized with the Yoast SEO plugin v22.7 - https:\/\/yoast.com\/wordpress\/plugins\/seo\/ -->\n<title>Allanamiento por amenazas agravadas: secuestran un aire comprimido y proyectiles - 103.9 fm<\/title>\n<meta name=\"robots\" content=\"index, follow, max-snippet:-1, max-image-preview:large, max-video-preview:-1\" \/>\n<link rel=\"canonical\" href=\"https:\/\/ondauno.com.ar\/index.php\/2025\/06\/23\/allanamiento-por-amenazas-agravadas-secuestran-un-aire-comprimido-y-proyectiles\/\" \/>\n<meta property=\"og:locale\" content=\"es_ES\" \/>\n<meta property=\"og:type\" content=\"article\" \/>\n<meta property=\"og:title\" content=\"Allanamiento por amenazas agravadas: secuestran un aire comprimido y proyectiles - 103.9 fm\" \/>\n<meta property=\"og:description\" content=\"Este s\u00e1bado por la tarde, personal del Gabinete T\u00e9cnico Operativo (GTO) de la Comisar\u00eda Primera de Tres Arroyos llev\u00f3 adelante un registro domiciliario en una vivienda ubicada en calle Isabel La Cat\u00f3lica al 1300, en el marco de una causa por amenazas agravadas. La medida fue dispuesta por el Juzgado de Garant\u00edas local tras una [&hellip;]\" \/>\n<meta property=\"og:url\" content=\"https:\/\/ondauno.com.ar\/index.php\/2025\/06\/23\/allanamiento-por-amenazas-agravadas-secuestran-un-aire-comprimido-y-proyectiles\/\" \/>\n<meta property=\"og:site_name\" content=\"103.9 fm\" \/>\n<meta property=\"article:publisher\" content=\"https:\/\/www.facebook.com\/ondauno103.9\" \/>\n<meta property=\"article:published_time\" content=\"2025-06-23T13:16:05+00:00\" \/>\n<meta property=\"article:modified_time\" content=\"2025-06-23T13:16:10+00:00\" \/>\n<meta property=\"og:image\" content=\"http:\/\/ondauno.com.ar\/wp-content\/uploads\/2025\/06\/WhatsApp-Image-2025-06-23-at-09.00.12-1.jpeg\" \/>\n\t<meta property=\"og:image:width\" content=\"963\" \/>\n\t<meta property=\"og:image:height\" content=\"1280\" \/>\n\t<meta property=\"og:image:type\" content=\"image\/jpeg\" \/>\n<meta name=\"author\" content=\"OndaUno\" \/>\n<meta name=\"twitter:card\" content=\"summary_large_image\" \/>\n<meta name=\"twitter:label1\" content=\"Escrito por\" \/>\n\t<meta name=\"twitter:data1\" content=\"OndaUno\" \/>\n\t<meta name=\"twitter:label2\" content=\"Tiempo de lectura\" \/>\n\t<meta name=\"twitter:data2\" content=\"2 minutos\" \/>\n<script type=\"application\/ld+json\" class=\"yoast-schema-graph\">{\"@context\":\"https:\/\/schema.org\",\"@graph\":[{\"@type\":\"WebPage\",\"@id\":\"https:\/\/ondauno.com.ar\/index.php\/2025\/06\/23\/allanamiento-por-amenazas-agravadas-secuestran-un-aire-comprimido-y-proyectiles\/\",\"url\":\"https:\/\/ondauno.com.ar\/index.php\/2025\/06\/23\/allanamiento-por-amenazas-agravadas-secuestran-un-aire-comprimido-y-proyectiles\/\",\"name\":\"Allanamiento por amenazas agravadas: secuestran un aire comprimido y proyectiles - 103.9 fm\",\"isPartOf\":{\"@id\":\"https:\/\/ondauno.com.ar\/#website\"},\"primaryImageOfPage\":{\"@id\":\"https:\/\/ondauno.com.ar\/index.php\/2025\/06\/23\/allanamiento-por-amenazas-agravadas-secuestran-un-aire-comprimido-y-proyectiles\/#primaryimage\"},\"image\":{\"@id\":\"https:\/\/ondauno.com.ar\/index.php\/2025\/06\/23\/allanamiento-por-amenazas-agravadas-secuestran-un-aire-comprimido-y-proyectiles\/#primaryimage\"},\"thumbnailUrl\":\"https:\/\/ondauno.com.ar\/wp-content\/uploads\/2025\/06\/WhatsApp-Image-2025-06-23-at-09.00.12-1.jpeg\",\"datePublished\":\"2025-06-23T13:16:05+00:00\",\"dateModified\":\"2025-06-23T13:16:10+00:00\",\"author\":{\"@id\":\"https:\/\/ondauno.com.ar\/#\/schema\/person\/7ec851ddeceb4133d7d7132dc645714e\"},\"breadcrumb\":{\"@id\":\"https:\/\/ondauno.com.ar\/index.php\/2025\/06\/23\/allanamiento-por-amenazas-agravadas-secuestran-un-aire-comprimido-y-proyectiles\/#breadcrumb\"},\"inLanguage\":\"es-AR\",\"potentialAction\":[{\"@type\":\"ReadAction\",\"target\":[\"https:\/\/ondauno.com.ar\/index.php\/2025\/06\/23\/allanamiento-por-amenazas-agravadas-secuestran-un-aire-comprimido-y-proyectiles\/\"]}]},{\"@type\":\"ImageObject\",\"inLanguage\":\"es-AR\",\"@id\":\"https:\/\/ondauno.com.ar\/index.php\/2025\/06\/23\/allanamiento-por-amenazas-agravadas-secuestran-un-aire-comprimido-y-proyectiles\/#primaryimage\",\"url\":\"https:\/\/ondauno.com.ar\/wp-content\/uploads\/2025\/06\/WhatsApp-Image-2025-06-23-at-09.00.12-1.jpeg\",\"contentUrl\":\"https:\/\/ondauno.com.ar\/wp-content\/uploads\/2025\/06\/WhatsApp-Image-2025-06-23-at-09.00.12-1.jpeg\",\"width\":963,\"height\":1280},{\"@type\":\"BreadcrumbList\",\"@id\":\"https:\/\/ondauno.com.ar\/index.php\/2025\/06\/23\/allanamiento-por-amenazas-agravadas-secuestran-un-aire-comprimido-y-proyectiles\/#breadcrumb\",\"itemListElement\":[{\"@type\":\"ListItem\",\"position\":1,\"name\":\"Inicio\",\"item\":\"https:\/\/ondauno.com.ar\/\"},{\"@type\":\"ListItem\",\"position\":2,\"name\":\"Allanamiento por amenazas agravadas: secuestran un aire comprimido y proyectiles\"}]},{\"@type\":\"WebSite\",\"@id\":\"https:\/\/ondauno.com.ar\/#website\",\"url\":\"https:\/\/ondauno.com.ar\/\",\"name\":\"103.9 fm\",\"description\":\"LA PRIMERA RADIO MULTIMEDIA DE TRES ARROYOS\",\"potentialAction\":[{\"@type\":\"SearchAction\",\"target\":{\"@type\":\"EntryPoint\",\"urlTemplate\":\"https:\/\/ondauno.com.ar\/?s={search_term_string}\"},\"query-input\":\"required name=search_term_string\"}],\"inLanguage\":\"es-AR\"},{\"@type\":\"Person\",\"@id\":\"https:\/\/ondauno.com.ar\/#\/schema\/person\/7ec851ddeceb4133d7d7132dc645714e\",\"name\":\"OndaUno\",\"image\":{\"@type\":\"ImageObject\",\"inLanguage\":\"es-AR\",\"@id\":\"https:\/\/ondauno.com.ar\/#\/schema\/person\/image\/\",\"url\":\"https:\/\/secure.gravatar.com\/avatar\/93b8009f0de7021f1feb2bd5b32fb9e8?s=96&d=mm&r=g\",\"contentUrl\":\"https:\/\/secure.gravatar.com\/avatar\/93b8009f0de7021f1feb2bd5b32fb9e8?s=96&d=mm&r=g\",\"caption\":\"OndaUno\"},\"url\":\"https:\/\/ondauno.com.ar\/index.php\/author\/ondauno\/\"}]}<\/script>\n<!-- \/ Yoast SEO plugin. -->","yoast_head_json":{"title":"Allanamiento por amenazas agravadas: secuestran un aire comprimido y proyectiles - 103.9 fm","robots":{"index":"index","follow":"follow","max-snippet":"max-snippet:-1","max-image-preview":"max-image-preview:large","max-video-preview":"max-video-preview:-1"},"canonical":"https:\/\/ondauno.com.ar\/index.php\/2025\/06\/23\/allanamiento-por-amenazas-agravadas-secuestran-un-aire-comprimido-y-proyectiles\/","og_locale":"es_ES","og_type":"article","og_title":"Allanamiento por amenazas agravadas: secuestran un aire comprimido y proyectiles - 103.9 fm","og_description":"Este s\u00e1bado por la tarde, personal del Gabinete T\u00e9cnico Operativo (GTO) de la Comisar\u00eda Primera de Tres Arroyos llev\u00f3 adelante un registro domiciliario en una vivienda ubicada en calle Isabel La Cat\u00f3lica al 1300, en el marco de una causa por amenazas agravadas. La medida fue dispuesta por el Juzgado de Garant\u00edas local tras una [&hellip;]","og_url":"https:\/\/ondauno.com.ar\/index.php\/2025\/06\/23\/allanamiento-por-amenazas-agravadas-secuestran-un-aire-comprimido-y-proyectiles\/","og_site_name":"103.9 fm","article_publisher":"https:\/\/www.facebook.com\/ondauno103.9","article_published_time":"2025-06-23T13:16:05+00:00","article_modified_time":"2025-06-23T13:16:10+00:00","og_image":[{"width":963,"height":1280,"url":"http:\/\/ondauno.com.ar\/wp-content\/uploads\/2025\/06\/WhatsApp-Image-2025-06-23-at-09.00.12-1.jpeg","type":"image\/jpeg"}],"author":"OndaUno","twitter_card":"summary_large_image","twitter_misc":{"Escrito por":"OndaUno","Tiempo de lectura":"2 minutos"},"schema":{"@context":"https:\/\/schema.org","@graph":[{"@type":"WebPage","@id":"https:\/\/ondauno.com.ar\/index.php\/2025\/06\/23\/allanamiento-por-amenazas-agravadas-secuestran-un-aire-comprimido-y-proyectiles\/","url":"https:\/\/ondauno.com.ar\/index.php\/2025\/06\/23\/allanamiento-por-amenazas-agravadas-secuestran-un-aire-comprimido-y-proyectiles\/","name":"Allanamiento por amenazas agravadas: secuestran un aire comprimido y proyectiles - 103.9 fm","isPartOf":{"@id":"https:\/\/ondauno.com.ar\/#website"},"primaryImageOfPage":{"@id":"https:\/\/ondauno.com.ar\/index.php\/2025\/06\/23\/allanamiento-por-amenazas-agravadas-secuestran-un-aire-comprimido-y-proyectiles\/#primaryimage"},"image":{"@id":"https:\/\/ondauno.com.ar\/index.php\/2025\/06\/23\/allanamiento-por-amenazas-agravadas-secuestran-un-aire-comprimido-y-proyectiles\/#primaryimage"},"thumbnailUrl":"https:\/\/ondauno.com.ar\/wp-content\/uploads\/2025\/06\/WhatsApp-Image-2025-06-23-at-09.00.12-1.jpeg","datePublished":"2025-06-23T13:16:05+00:00","dateModified":"2025-06-23T13:16:10+00:00","author":{"@id":"https:\/\/ondauno.com.ar\/#\/schema\/person\/7ec851ddeceb4133d7d7132dc645714e"},"breadcrumb":{"@id":"https:\/\/ondauno.com.ar\/index.php\/2025\/06\/23\/allanamiento-por-amenazas-agravadas-secuestran-un-aire-comprimido-y-proyectiles\/#breadcrumb"},"inLanguage":"es-AR","potentialAction":[{"@type":"ReadAction","target":["https:\/\/ondauno.com.ar\/index.php\/2025\/06\/23\/allanamiento-por-amenazas-agravadas-secuestran-un-aire-comprimido-y-proyectiles\/"]}]},{"@type":"ImageObject","inLanguage":"es-AR","@id":"https:\/\/ondauno.com.ar\/index.php\/2025\/06\/23\/allanamiento-por-amenazas-agravadas-secuestran-un-aire-comprimido-y-proyectiles\/#primaryimage","url":"https:\/\/ondauno.com.ar\/wp-content\/uploads\/2025\/06\/WhatsApp-Image-2025-06-23-at-09.00.12-1.jpeg","contentUrl":"https:\/\/ondauno.com.ar\/wp-content\/uploads\/2025\/06\/WhatsApp-Image-2025-06-23-at-09.00.12-1.jpeg","width":963,"height":1280},{"@type":"BreadcrumbList","@id":"https:\/\/ondauno.com.ar\/index.php\/2025\/06\/23\/allanamiento-por-amenazas-agravadas-secuestran-un-aire-comprimido-y-proyectiles\/#breadcrumb","itemListElement":[{"@type":"ListItem","position":1,"name":"Inicio","item":"https:\/\/ondauno.com.ar\/"},{"@type":"ListItem","position":2,"name":"Allanamiento por amenazas agravadas: secuestran un aire comprimido y proyectiles"}]},{"@type":"WebSite","@id":"https:\/\/ondauno.com.ar\/#website","url":"https:\/\/ondauno.com.ar\/","name":"103.9 fm","description":"LA PRIMERA RADIO MULTIMEDIA DE TRES ARROYOS","potentialAction":[{"@type":"SearchAction","target":{"@type":"EntryPoint","urlTemplate":"https:\/\/ondauno.com.ar\/?s={search_term_string}"},"query-input":"required name=search_term_string"}],"inLanguage":"es-AR"},{"@type":"Person","@id":"https:\/\/ondauno.com.ar\/#\/schema\/person\/7ec851ddeceb4133d7d7132dc645714e","name":"OndaUno","image":{"@type":"ImageObject","inLanguage":"es-AR","@id":"https:\/\/ondauno.com.ar\/#\/schema\/person\/image\/","url":"https:\/\/secure.gravatar.com\/avatar\/93b8009f0de7021f1feb2bd5b32fb9e8?s=96&d=mm&r=g","contentUrl":"https:\/\/secure.gravatar.com\/avatar\/93b8009f0de7021f1feb2bd5b32fb9e8?s=96&d=mm&r=g","caption":"OndaUno"},"url":"https:\/\/ondauno.com.ar\/index.php\/author\/ondauno\/"}]}},"jetpack_publicize_connections":[],"jetpack_featured_media_url":"https:\/\/ondauno.com.ar\/wp-content\/uploads\/2025\/06\/WhatsApp-Image-2025-06-23-at-09.00.12-1.jpeg","jetpack_sharing_enabled":true,"_links":{"self":[{"href":"https:\/\/ondauno.com.ar\/index.php\/wp-json\/wp\/v2\/posts\/57719","targetHints":{"allow":["GET"]}}],"collection":[{"href":"https:\/\/ondauno.com.ar\/index.php\/wp-json\/wp\/v2\/posts"}],"about":[{"href":"https:\/\/ondauno.com.ar\/index.php\/wp-json\/wp\/v2\/types\/post"}],"author":[{"embeddable":true,"href":"https:\/\/ondauno.com.ar\/index.php\/wp-json\/wp\/v2\/users\/1"}],"replies":[{"embeddable":true,"href":"https:\/\/ondauno.com.ar\/index.php\/wp-json\/wp\/v2\/comments?post=57719"}],"version-history":[{"count":1,"href":"https:\/\/ondauno.com.ar\/index.php\/wp-json\/wp\/v2\/posts\/57719\/revisions"}],"predecessor-version":[{"id":57722,"href":"https:\/\/ondauno.com.ar\/index.php\/wp-json\/wp\/v2\/posts\/57719\/revisions\/57722"}],"wp:featuredmedia":[{"embeddable":true,"href":"https:\/\/ondauno.com.ar\/index.php\/wp-json\/wp\/v2\/media\/57720"}],"wp:attachment":[{"href":"https:\/\/ondauno.com.ar\/index.php\/wp-json\/wp\/v2\/media?parent=57719"}],"wp:term":[{"taxonomy":"category","embeddable":true,"href":"https:\/\/ondauno.com.ar\/index.php\/wp-json\/wp\/v2\/categories?post=57719"},{"taxonomy":"post_tag","embeddable":true,"href":"https:\/\/ondauno.com.ar\/index.php\/wp-json\/wp\/v2\/tags?post=57719"}],"curies":[{"name":"wp","href":"https:\/\/api.w.org\/{rel}","templated":true}]}}