{"id":57714,"date":"2025-06-23T10:12:37","date_gmt":"2025-06-23T13:12:37","guid":{"rendered":"https:\/\/ondauno.com.ar\/?p=57714"},"modified":"2025-06-23T10:12:43","modified_gmt":"2025-06-23T13:12:43","slug":"aprehenden-a-un-menor-que-circulaba-en-moto-con-motor-y-chasis-suprimidos","status":"publish","type":"post","link":"https:\/\/ondauno.com.ar\/index.php\/2025\/06\/23\/aprehenden-a-un-menor-que-circulaba-en-moto-con-motor-y-chasis-suprimidos\/","title":{"rendered":"Aprehenden a un menor que circulaba en moto con motor y chasis suprimidos"},"content":{"rendered":"<div class=\"ondau-before-content_3\" style=\"margin-top: -30px;\" id=\"ondau-2010347173\"><a href=\"https:\/\/www.lps.com.ar\/\" aria-label=\"la-perse2\"><img loading=\"lazy\" decoding=\"async\" src=\"https:\/\/ondauno.com.ar\/wp-content\/uploads\/2021\/10\/la-perse2.jpg\" alt=\"\"  srcset=\"https:\/\/ondauno.com.ar\/wp-content\/uploads\/2021\/10\/la-perse2.jpg 1353w, https:\/\/ondauno.com.ar\/wp-content\/uploads\/2021\/10\/la-perse2-300x43.jpg 300w, https:\/\/ondauno.com.ar\/wp-content\/uploads\/2021\/10\/la-perse2-1024x148.jpg 1024w, https:\/\/ondauno.com.ar\/wp-content\/uploads\/2021\/10\/la-perse2-768x111.jpg 768w, https:\/\/ondauno.com.ar\/wp-content\/uploads\/2021\/10\/la-perse2-696x100.jpg 696w, https:\/\/ondauno.com.ar\/wp-content\/uploads\/2021\/10\/la-perse2-1068x154.jpg 1068w\" sizes=\"(max-width: 1353px) 100vw, 1353px\" class=\"no-lazyload\" width=\"1353\" height=\"195\"  style=\"display: inline-block;\" \/><\/a><\/div>\n<p>Un joven de 17 a\u00f1os fue aprehendido este viernes al mediod\u00eda por personal del Gabinete T\u00e9cnico Operativo (GTO) de la Comisar\u00eda Primera de Tres Arroyos, mientras circulaba en una motocicleta con irregularidades graves.<\/p>\n\n\n\n<p>El procedimiento se realiz\u00f3 alrededor de las 13 horas en la primera cuadra de la calle Juan Manuel Fangio. El menor se desplazaba en una moto Honda de 150 cc, sin dominio colocado, y con los n\u00fameros de motor y chasis suprimidos.<\/p>\n\n\n\n<figure class=\"wp-block-gallery has-nested-images columns-default is-cropped wp-block-gallery-1 is-layout-flex wp-block-gallery-is-layout-flex\">\n<figure class=\"wp-block-image size-large\"><img loading=\"lazy\" decoding=\"async\" width=\"771\" height=\"1024\" data-id=\"57716\" data-src=\"https:\/\/ondauno.com.ar\/wp-content\/uploads\/2025\/06\/WhatsApp-Image-2025-06-23-at-08.56.49-1-771x1024.jpeg\" alt=\"\" class=\"wp-image-57716 lazyload\" data-srcset=\"https:\/\/ondauno.com.ar\/wp-content\/uploads\/2025\/06\/WhatsApp-Image-2025-06-23-at-08.56.49-1-771x1024.jpeg 771w, https:\/\/ondauno.com.ar\/wp-content\/uploads\/2025\/06\/WhatsApp-Image-2025-06-23-at-08.56.49-1-226x300.jpeg 226w, https:\/\/ondauno.com.ar\/wp-content\/uploads\/2025\/06\/WhatsApp-Image-2025-06-23-at-08.56.49-1-768x1021.jpeg 768w, https:\/\/ondauno.com.ar\/wp-content\/uploads\/2025\/06\/WhatsApp-Image-2025-06-23-at-08.56.49-1-1156x1536.jpeg 1156w, https:\/\/ondauno.com.ar\/wp-content\/uploads\/2025\/06\/WhatsApp-Image-2025-06-23-at-08.56.49-1-316x420.jpeg 316w, https:\/\/ondauno.com.ar\/wp-content\/uploads\/2025\/06\/WhatsApp-Image-2025-06-23-at-08.56.49-1-696x925.jpeg 696w, https:\/\/ondauno.com.ar\/wp-content\/uploads\/2025\/06\/WhatsApp-Image-2025-06-23-at-08.56.49-1-1068x1419.jpeg 1068w, https:\/\/ondauno.com.ar\/wp-content\/uploads\/2025\/06\/WhatsApp-Image-2025-06-23-at-08.56.49-1.jpeg 1204w\" data-sizes=\"auto, (max-width: 771px) 100vw, 771px\" src=\"data:image\/gif;base64,R0lGODlhAQABAAAAACH5BAEKAAEALAAAAAABAAEAAAICTAEAOw==\" style=\"--smush-placeholder-width: 771px; --smush-placeholder-aspect-ratio: 771\/1024;\" \/><noscript><img loading=\"lazy\" decoding=\"async\" width=\"771\" height=\"1024\" data-id=\"57716\" src=\"https:\/\/ondauno.com.ar\/wp-content\/uploads\/2025\/06\/WhatsApp-Image-2025-06-23-at-08.56.49-1-771x1024.jpeg\" alt=\"\" class=\"wp-image-57716\" srcset=\"https:\/\/ondauno.com.ar\/wp-content\/uploads\/2025\/06\/WhatsApp-Image-2025-06-23-at-08.56.49-1-771x1024.jpeg 771w, https:\/\/ondauno.com.ar\/wp-content\/uploads\/2025\/06\/WhatsApp-Image-2025-06-23-at-08.56.49-1-226x300.jpeg 226w, https:\/\/ondauno.com.ar\/wp-content\/uploads\/2025\/06\/WhatsApp-Image-2025-06-23-at-08.56.49-1-768x1021.jpeg 768w, https:\/\/ondauno.com.ar\/wp-content\/uploads\/2025\/06\/WhatsApp-Image-2025-06-23-at-08.56.49-1-1156x1536.jpeg 1156w, https:\/\/ondauno.com.ar\/wp-content\/uploads\/2025\/06\/WhatsApp-Image-2025-06-23-at-08.56.49-1-316x420.jpeg 316w, https:\/\/ondauno.com.ar\/wp-content\/uploads\/2025\/06\/WhatsApp-Image-2025-06-23-at-08.56.49-1-696x925.jpeg 696w, https:\/\/ondauno.com.ar\/wp-content\/uploads\/2025\/06\/WhatsApp-Image-2025-06-23-at-08.56.49-1-1068x1419.jpeg 1068w, https:\/\/ondauno.com.ar\/wp-content\/uploads\/2025\/06\/WhatsApp-Image-2025-06-23-at-08.56.49-1.jpeg 1204w\" sizes=\"auto, (max-width: 771px) 100vw, 771px\" \/><\/noscript><\/figure>\n\n\n\n<figure class=\"wp-block-image size-large\"><img loading=\"lazy\" decoding=\"async\" width=\"771\" height=\"1024\" data-id=\"57717\" data-src=\"https:\/\/ondauno.com.ar\/wp-content\/uploads\/2025\/06\/WhatsApp-Image-2025-06-23-at-08.56.49-771x1024.jpeg\" alt=\"\" class=\"wp-image-57717 lazyload\" data-srcset=\"https:\/\/ondauno.com.ar\/wp-content\/uploads\/2025\/06\/WhatsApp-Image-2025-06-23-at-08.56.49-771x1024.jpeg 771w, https:\/\/ondauno.com.ar\/wp-content\/uploads\/2025\/06\/WhatsApp-Image-2025-06-23-at-08.56.49-226x300.jpeg 226w, https:\/\/ondauno.com.ar\/wp-content\/uploads\/2025\/06\/WhatsApp-Image-2025-06-23-at-08.56.49-768x1021.jpeg 768w, https:\/\/ondauno.com.ar\/wp-content\/uploads\/2025\/06\/WhatsApp-Image-2025-06-23-at-08.56.49-1156x1536.jpeg 1156w, https:\/\/ondauno.com.ar\/wp-content\/uploads\/2025\/06\/WhatsApp-Image-2025-06-23-at-08.56.49-316x420.jpeg 316w, https:\/\/ondauno.com.ar\/wp-content\/uploads\/2025\/06\/WhatsApp-Image-2025-06-23-at-08.56.49-696x925.jpeg 696w, https:\/\/ondauno.com.ar\/wp-content\/uploads\/2025\/06\/WhatsApp-Image-2025-06-23-at-08.56.49-1068x1419.jpeg 1068w, https:\/\/ondauno.com.ar\/wp-content\/uploads\/2025\/06\/WhatsApp-Image-2025-06-23-at-08.56.49.jpeg 1204w\" data-sizes=\"auto, (max-width: 771px) 100vw, 771px\" src=\"data:image\/gif;base64,R0lGODlhAQABAAAAACH5BAEKAAEALAAAAAABAAEAAAICTAEAOw==\" style=\"--smush-placeholder-width: 771px; --smush-placeholder-aspect-ratio: 771\/1024;\" \/><noscript><img loading=\"lazy\" decoding=\"async\" width=\"771\" height=\"1024\" data-id=\"57717\" src=\"https:\/\/ondauno.com.ar\/wp-content\/uploads\/2025\/06\/WhatsApp-Image-2025-06-23-at-08.56.49-771x1024.jpeg\" alt=\"\" class=\"wp-image-57717\" srcset=\"https:\/\/ondauno.com.ar\/wp-content\/uploads\/2025\/06\/WhatsApp-Image-2025-06-23-at-08.56.49-771x1024.jpeg 771w, https:\/\/ondauno.com.ar\/wp-content\/uploads\/2025\/06\/WhatsApp-Image-2025-06-23-at-08.56.49-226x300.jpeg 226w, https:\/\/ondauno.com.ar\/wp-content\/uploads\/2025\/06\/WhatsApp-Image-2025-06-23-at-08.56.49-768x1021.jpeg 768w, https:\/\/ondauno.com.ar\/wp-content\/uploads\/2025\/06\/WhatsApp-Image-2025-06-23-at-08.56.49-1156x1536.jpeg 1156w, https:\/\/ondauno.com.ar\/wp-content\/uploads\/2025\/06\/WhatsApp-Image-2025-06-23-at-08.56.49-316x420.jpeg 316w, https:\/\/ondauno.com.ar\/wp-content\/uploads\/2025\/06\/WhatsApp-Image-2025-06-23-at-08.56.49-696x925.jpeg 696w, https:\/\/ondauno.com.ar\/wp-content\/uploads\/2025\/06\/WhatsApp-Image-2025-06-23-at-08.56.49-1068x1419.jpeg 1068w, https:\/\/ondauno.com.ar\/wp-content\/uploads\/2025\/06\/WhatsApp-Image-2025-06-23-at-08.56.49.jpeg 1204w\" sizes=\"auto, (max-width: 771px) 100vw, 771px\" \/><\/noscript><\/figure>\n<\/figure>\n\n\n\n<p>Ante esta situaci\u00f3n, se iniciaron actuaciones por infracci\u00f3n al art\u00edculo 289 inciso 3\u00b0 del C\u00f3digo Penal, con intervenci\u00f3n de la UFIJ de Responsabilidad Penal Juvenil N\u00b0 4, a cargo de la Dra. Marina Vizzolini, del Departamento Judicial de Tres Arroyos.<\/p>\n\n\n\n<p>El operativo estuvo a cargo del comisario Cristian Tedini, titular de la Estaci\u00f3n de Polic\u00eda Comunal.<\/p>\n","protected":false},"excerpt":{"rendered":"<p>Un joven de 17 a\u00f1os fue aprehendido este viernes al mediod\u00eda por personal del Gabinete T\u00e9cnico Operativo (GTO) de la Comisar\u00eda Primera de Tres Arroyos, mientras circulaba en una motocicleta con irregularidades graves. El procedimiento se realiz\u00f3 alrededor de las 13 horas en la primera cuadra de la calle Juan Manuel Fangio. El menor se [&hellip;]<\/p>\n","protected":false},"author":1,"featured_media":57715,"comment_status":"open","ping_status":"open","sticky":false,"template":"","format":"standard","meta":{"tdm_status":"","tdm_grid_status":"","_jetpack_memberships_contains_paid_content":false,"footnotes":"","jetpack_publicize_message":"","jetpack_publicize_feature_enabled":true,"jetpack_social_post_already_shared":true,"jetpack_social_options":{"image_generator_settings":{"template":"highway","default_image_id":0,"font":"","enabled":false},"version":2}},"categories":[29],"tags":[],"class_list":{"0":"post-57714","1":"post","2":"type-post","3":"status-publish","4":"format-standard","5":"has-post-thumbnail","7":"category-policiales"},"yoast_head":"<!-- This site is optimized with the Yoast SEO plugin v22.7 - https:\/\/yoast.com\/wordpress\/plugins\/seo\/ -->\n<title>Aprehenden a un menor que circulaba en moto con motor y chasis suprimidos - 103.9 fm<\/title>\n<meta name=\"robots\" content=\"index, follow, max-snippet:-1, max-image-preview:large, max-video-preview:-1\" \/>\n<link rel=\"canonical\" href=\"https:\/\/ondauno.com.ar\/index.php\/2025\/06\/23\/aprehenden-a-un-menor-que-circulaba-en-moto-con-motor-y-chasis-suprimidos\/\" \/>\n<meta property=\"og:locale\" content=\"es_ES\" \/>\n<meta property=\"og:type\" content=\"article\" \/>\n<meta property=\"og:title\" content=\"Aprehenden a un menor que circulaba en moto con motor y chasis suprimidos - 103.9 fm\" \/>\n<meta property=\"og:description\" content=\"Un joven de 17 a\u00f1os fue aprehendido este viernes al mediod\u00eda por personal del Gabinete T\u00e9cnico Operativo (GTO) de la Comisar\u00eda Primera de Tres Arroyos, mientras circulaba en una motocicleta con irregularidades graves. El procedimiento se realiz\u00f3 alrededor de las 13 horas en la primera cuadra de la calle Juan Manuel Fangio. El menor se [&hellip;]\" \/>\n<meta property=\"og:url\" content=\"https:\/\/ondauno.com.ar\/index.php\/2025\/06\/23\/aprehenden-a-un-menor-que-circulaba-en-moto-con-motor-y-chasis-suprimidos\/\" \/>\n<meta property=\"og:site_name\" content=\"103.9 fm\" \/>\n<meta property=\"article:publisher\" content=\"https:\/\/www.facebook.com\/ondauno103.9\" \/>\n<meta property=\"article:published_time\" content=\"2025-06-23T13:12:37+00:00\" \/>\n<meta property=\"article:modified_time\" content=\"2025-06-23T13:12:43+00:00\" \/>\n<meta property=\"og:image\" content=\"http:\/\/ondauno.com.ar\/wp-content\/uploads\/2025\/06\/WhatsApp-Image-2025-06-23-at-08.56.49-2.jpeg\" \/>\n\t<meta property=\"og:image:width\" content=\"1275\" \/>\n\t<meta property=\"og:image:height\" content=\"1600\" \/>\n\t<meta property=\"og:image:type\" content=\"image\/jpeg\" \/>\n<meta name=\"author\" content=\"OndaUno\" \/>\n<meta name=\"twitter:card\" content=\"summary_large_image\" \/>\n<meta name=\"twitter:label1\" content=\"Escrito por\" \/>\n\t<meta name=\"twitter:data1\" content=\"OndaUno\" \/>\n\t<meta name=\"twitter:label2\" content=\"Tiempo de lectura\" \/>\n\t<meta name=\"twitter:data2\" content=\"2 minutos\" \/>\n<script type=\"application\/ld+json\" class=\"yoast-schema-graph\">{\"@context\":\"https:\/\/schema.org\",\"@graph\":[{\"@type\":\"WebPage\",\"@id\":\"https:\/\/ondauno.com.ar\/index.php\/2025\/06\/23\/aprehenden-a-un-menor-que-circulaba-en-moto-con-motor-y-chasis-suprimidos\/\",\"url\":\"https:\/\/ondauno.com.ar\/index.php\/2025\/06\/23\/aprehenden-a-un-menor-que-circulaba-en-moto-con-motor-y-chasis-suprimidos\/\",\"name\":\"Aprehenden a un menor que circulaba en moto con motor y chasis suprimidos - 103.9 fm\",\"isPartOf\":{\"@id\":\"https:\/\/ondauno.com.ar\/#website\"},\"primaryImageOfPage\":{\"@id\":\"https:\/\/ondauno.com.ar\/index.php\/2025\/06\/23\/aprehenden-a-un-menor-que-circulaba-en-moto-con-motor-y-chasis-suprimidos\/#primaryimage\"},\"image\":{\"@id\":\"https:\/\/ondauno.com.ar\/index.php\/2025\/06\/23\/aprehenden-a-un-menor-que-circulaba-en-moto-con-motor-y-chasis-suprimidos\/#primaryimage\"},\"thumbnailUrl\":\"https:\/\/ondauno.com.ar\/wp-content\/uploads\/2025\/06\/WhatsApp-Image-2025-06-23-at-08.56.49-2.jpeg\",\"datePublished\":\"2025-06-23T13:12:37+00:00\",\"dateModified\":\"2025-06-23T13:12:43+00:00\",\"author\":{\"@id\":\"https:\/\/ondauno.com.ar\/#\/schema\/person\/7ec851ddeceb4133d7d7132dc645714e\"},\"breadcrumb\":{\"@id\":\"https:\/\/ondauno.com.ar\/index.php\/2025\/06\/23\/aprehenden-a-un-menor-que-circulaba-en-moto-con-motor-y-chasis-suprimidos\/#breadcrumb\"},\"inLanguage\":\"es-AR\",\"potentialAction\":[{\"@type\":\"ReadAction\",\"target\":[\"https:\/\/ondauno.com.ar\/index.php\/2025\/06\/23\/aprehenden-a-un-menor-que-circulaba-en-moto-con-motor-y-chasis-suprimidos\/\"]}]},{\"@type\":\"ImageObject\",\"inLanguage\":\"es-AR\",\"@id\":\"https:\/\/ondauno.com.ar\/index.php\/2025\/06\/23\/aprehenden-a-un-menor-que-circulaba-en-moto-con-motor-y-chasis-suprimidos\/#primaryimage\",\"url\":\"https:\/\/ondauno.com.ar\/wp-content\/uploads\/2025\/06\/WhatsApp-Image-2025-06-23-at-08.56.49-2.jpeg\",\"contentUrl\":\"https:\/\/ondauno.com.ar\/wp-content\/uploads\/2025\/06\/WhatsApp-Image-2025-06-23-at-08.56.49-2.jpeg\",\"width\":1275,\"height\":1600},{\"@type\":\"BreadcrumbList\",\"@id\":\"https:\/\/ondauno.com.ar\/index.php\/2025\/06\/23\/aprehenden-a-un-menor-que-circulaba-en-moto-con-motor-y-chasis-suprimidos\/#breadcrumb\",\"itemListElement\":[{\"@type\":\"ListItem\",\"position\":1,\"name\":\"Inicio\",\"item\":\"https:\/\/ondauno.com.ar\/\"},{\"@type\":\"ListItem\",\"position\":2,\"name\":\"Aprehenden a un menor que circulaba en moto con motor y chasis suprimidos\"}]},{\"@type\":\"WebSite\",\"@id\":\"https:\/\/ondauno.com.ar\/#website\",\"url\":\"https:\/\/ondauno.com.ar\/\",\"name\":\"103.9 fm\",\"description\":\"LA PRIMERA RADIO MULTIMEDIA DE TRES ARROYOS\",\"potentialAction\":[{\"@type\":\"SearchAction\",\"target\":{\"@type\":\"EntryPoint\",\"urlTemplate\":\"https:\/\/ondauno.com.ar\/?s={search_term_string}\"},\"query-input\":\"required name=search_term_string\"}],\"inLanguage\":\"es-AR\"},{\"@type\":\"Person\",\"@id\":\"https:\/\/ondauno.com.ar\/#\/schema\/person\/7ec851ddeceb4133d7d7132dc645714e\",\"name\":\"OndaUno\",\"image\":{\"@type\":\"ImageObject\",\"inLanguage\":\"es-AR\",\"@id\":\"https:\/\/ondauno.com.ar\/#\/schema\/person\/image\/\",\"url\":\"https:\/\/secure.gravatar.com\/avatar\/93b8009f0de7021f1feb2bd5b32fb9e8?s=96&d=mm&r=g\",\"contentUrl\":\"https:\/\/secure.gravatar.com\/avatar\/93b8009f0de7021f1feb2bd5b32fb9e8?s=96&d=mm&r=g\",\"caption\":\"OndaUno\"},\"url\":\"https:\/\/ondauno.com.ar\/index.php\/author\/ondauno\/\"}]}<\/script>\n<!-- \/ Yoast SEO plugin. -->","yoast_head_json":{"title":"Aprehenden a un menor que circulaba en moto con motor y chasis suprimidos - 103.9 fm","robots":{"index":"index","follow":"follow","max-snippet":"max-snippet:-1","max-image-preview":"max-image-preview:large","max-video-preview":"max-video-preview:-1"},"canonical":"https:\/\/ondauno.com.ar\/index.php\/2025\/06\/23\/aprehenden-a-un-menor-que-circulaba-en-moto-con-motor-y-chasis-suprimidos\/","og_locale":"es_ES","og_type":"article","og_title":"Aprehenden a un menor que circulaba en moto con motor y chasis suprimidos - 103.9 fm","og_description":"Un joven de 17 a\u00f1os fue aprehendido este viernes al mediod\u00eda por personal del Gabinete T\u00e9cnico Operativo (GTO) de la Comisar\u00eda Primera de Tres Arroyos, mientras circulaba en una motocicleta con irregularidades graves. El procedimiento se realiz\u00f3 alrededor de las 13 horas en la primera cuadra de la calle Juan Manuel Fangio. El menor se [&hellip;]","og_url":"https:\/\/ondauno.com.ar\/index.php\/2025\/06\/23\/aprehenden-a-un-menor-que-circulaba-en-moto-con-motor-y-chasis-suprimidos\/","og_site_name":"103.9 fm","article_publisher":"https:\/\/www.facebook.com\/ondauno103.9","article_published_time":"2025-06-23T13:12:37+00:00","article_modified_time":"2025-06-23T13:12:43+00:00","og_image":[{"width":1275,"height":1600,"url":"http:\/\/ondauno.com.ar\/wp-content\/uploads\/2025\/06\/WhatsApp-Image-2025-06-23-at-08.56.49-2.jpeg","type":"image\/jpeg"}],"author":"OndaUno","twitter_card":"summary_large_image","twitter_misc":{"Escrito por":"OndaUno","Tiempo de lectura":"2 minutos"},"schema":{"@context":"https:\/\/schema.org","@graph":[{"@type":"WebPage","@id":"https:\/\/ondauno.com.ar\/index.php\/2025\/06\/23\/aprehenden-a-un-menor-que-circulaba-en-moto-con-motor-y-chasis-suprimidos\/","url":"https:\/\/ondauno.com.ar\/index.php\/2025\/06\/23\/aprehenden-a-un-menor-que-circulaba-en-moto-con-motor-y-chasis-suprimidos\/","name":"Aprehenden a un menor que circulaba en moto con motor y chasis suprimidos - 103.9 fm","isPartOf":{"@id":"https:\/\/ondauno.com.ar\/#website"},"primaryImageOfPage":{"@id":"https:\/\/ondauno.com.ar\/index.php\/2025\/06\/23\/aprehenden-a-un-menor-que-circulaba-en-moto-con-motor-y-chasis-suprimidos\/#primaryimage"},"image":{"@id":"https:\/\/ondauno.com.ar\/index.php\/2025\/06\/23\/aprehenden-a-un-menor-que-circulaba-en-moto-con-motor-y-chasis-suprimidos\/#primaryimage"},"thumbnailUrl":"https:\/\/ondauno.com.ar\/wp-content\/uploads\/2025\/06\/WhatsApp-Image-2025-06-23-at-08.56.49-2.jpeg","datePublished":"2025-06-23T13:12:37+00:00","dateModified":"2025-06-23T13:12:43+00:00","author":{"@id":"https:\/\/ondauno.com.ar\/#\/schema\/person\/7ec851ddeceb4133d7d7132dc645714e"},"breadcrumb":{"@id":"https:\/\/ondauno.com.ar\/index.php\/2025\/06\/23\/aprehenden-a-un-menor-que-circulaba-en-moto-con-motor-y-chasis-suprimidos\/#breadcrumb"},"inLanguage":"es-AR","potentialAction":[{"@type":"ReadAction","target":["https:\/\/ondauno.com.ar\/index.php\/2025\/06\/23\/aprehenden-a-un-menor-que-circulaba-en-moto-con-motor-y-chasis-suprimidos\/"]}]},{"@type":"ImageObject","inLanguage":"es-AR","@id":"https:\/\/ondauno.com.ar\/index.php\/2025\/06\/23\/aprehenden-a-un-menor-que-circulaba-en-moto-con-motor-y-chasis-suprimidos\/#primaryimage","url":"https:\/\/ondauno.com.ar\/wp-content\/uploads\/2025\/06\/WhatsApp-Image-2025-06-23-at-08.56.49-2.jpeg","contentUrl":"https:\/\/ondauno.com.ar\/wp-content\/uploads\/2025\/06\/WhatsApp-Image-2025-06-23-at-08.56.49-2.jpeg","width":1275,"height":1600},{"@type":"BreadcrumbList","@id":"https:\/\/ondauno.com.ar\/index.php\/2025\/06\/23\/aprehenden-a-un-menor-que-circulaba-en-moto-con-motor-y-chasis-suprimidos\/#breadcrumb","itemListElement":[{"@type":"ListItem","position":1,"name":"Inicio","item":"https:\/\/ondauno.com.ar\/"},{"@type":"ListItem","position":2,"name":"Aprehenden a un menor que circulaba en moto con motor y chasis suprimidos"}]},{"@type":"WebSite","@id":"https:\/\/ondauno.com.ar\/#website","url":"https:\/\/ondauno.com.ar\/","name":"103.9 fm","description":"LA PRIMERA RADIO MULTIMEDIA DE TRES ARROYOS","potentialAction":[{"@type":"SearchAction","target":{"@type":"EntryPoint","urlTemplate":"https:\/\/ondauno.com.ar\/?s={search_term_string}"},"query-input":"required name=search_term_string"}],"inLanguage":"es-AR"},{"@type":"Person","@id":"https:\/\/ondauno.com.ar\/#\/schema\/person\/7ec851ddeceb4133d7d7132dc645714e","name":"OndaUno","image":{"@type":"ImageObject","inLanguage":"es-AR","@id":"https:\/\/ondauno.com.ar\/#\/schema\/person\/image\/","url":"https:\/\/secure.gravatar.com\/avatar\/93b8009f0de7021f1feb2bd5b32fb9e8?s=96&d=mm&r=g","contentUrl":"https:\/\/secure.gravatar.com\/avatar\/93b8009f0de7021f1feb2bd5b32fb9e8?s=96&d=mm&r=g","caption":"OndaUno"},"url":"https:\/\/ondauno.com.ar\/index.php\/author\/ondauno\/"}]}},"jetpack_publicize_connections":[],"jetpack_featured_media_url":"https:\/\/ondauno.com.ar\/wp-content\/uploads\/2025\/06\/WhatsApp-Image-2025-06-23-at-08.56.49-2.jpeg","jetpack_sharing_enabled":true,"_links":{"self":[{"href":"https:\/\/ondauno.com.ar\/index.php\/wp-json\/wp\/v2\/posts\/57714","targetHints":{"allow":["GET"]}}],"collection":[{"href":"https:\/\/ondauno.com.ar\/index.php\/wp-json\/wp\/v2\/posts"}],"about":[{"href":"https:\/\/ondauno.com.ar\/index.php\/wp-json\/wp\/v2\/types\/post"}],"author":[{"embeddable":true,"href":"https:\/\/ondauno.com.ar\/index.php\/wp-json\/wp\/v2\/users\/1"}],"replies":[{"embeddable":true,"href":"https:\/\/ondauno.com.ar\/index.php\/wp-json\/wp\/v2\/comments?post=57714"}],"version-history":[{"count":1,"href":"https:\/\/ondauno.com.ar\/index.php\/wp-json\/wp\/v2\/posts\/57714\/revisions"}],"predecessor-version":[{"id":57718,"href":"https:\/\/ondauno.com.ar\/index.php\/wp-json\/wp\/v2\/posts\/57714\/revisions\/57718"}],"wp:featuredmedia":[{"embeddable":true,"href":"https:\/\/ondauno.com.ar\/index.php\/wp-json\/wp\/v2\/media\/57715"}],"wp:attachment":[{"href":"https:\/\/ondauno.com.ar\/index.php\/wp-json\/wp\/v2\/media?parent=57714"}],"wp:term":[{"taxonomy":"category","embeddable":true,"href":"https:\/\/ondauno.com.ar\/index.php\/wp-json\/wp\/v2\/categories?post=57714"},{"taxonomy":"post_tag","embeddable":true,"href":"https:\/\/ondauno.com.ar\/index.php\/wp-json\/wp\/v2\/tags?post=57714"}],"curies":[{"name":"wp","href":"https:\/\/api.w.org\/{rel}","templated":true}]}}