{"id":57701,"date":"2025-06-22T14:10:42","date_gmt":"2025-06-22T17:10:42","guid":{"rendered":"https:\/\/ondauno.com.ar\/?p=57701"},"modified":"2025-06-22T14:10:47","modified_gmt":"2025-06-22T17:10:47","slug":"guillermo-yane-no-pudo-completar-la-final-del-procar-4000-b-tras-un-toque-en-la-segunda-vuelta","status":"publish","type":"post","link":"https:\/\/ondauno.com.ar\/index.php\/2025\/06\/22\/guillermo-yane-no-pudo-completar-la-final-del-procar-4000-b-tras-un-toque-en-la-segunda-vuelta\/","title":{"rendered":"Guillermo Yan\u00e9 no pudo completar la final del Procar 4000 B tras un toque en la segunda vuelta"},"content":{"rendered":"<div class=\"ondau-before-content_3\" style=\"margin-top: -30px;\" id=\"ondau-3065141754\"><a href=\"https:\/\/www.lps.com.ar\/\" aria-label=\"la-perse2\"><img loading=\"lazy\" decoding=\"async\" src=\"https:\/\/ondauno.com.ar\/wp-content\/uploads\/2021\/10\/la-perse2.jpg\" alt=\"\"  srcset=\"https:\/\/ondauno.com.ar\/wp-content\/uploads\/2021\/10\/la-perse2.jpg 1353w, https:\/\/ondauno.com.ar\/wp-content\/uploads\/2021\/10\/la-perse2-300x43.jpg 300w, https:\/\/ondauno.com.ar\/wp-content\/uploads\/2021\/10\/la-perse2-1024x148.jpg 1024w, https:\/\/ondauno.com.ar\/wp-content\/uploads\/2021\/10\/la-perse2-768x111.jpg 768w, https:\/\/ondauno.com.ar\/wp-content\/uploads\/2021\/10\/la-perse2-696x100.jpg 696w, https:\/\/ondauno.com.ar\/wp-content\/uploads\/2021\/10\/la-perse2-1068x154.jpg 1068w\" sizes=\"(max-width: 1353px) 100vw, 1353px\" class=\"no-lazyload\" width=\"1353\" height=\"195\"  style=\"display: inline-block;\" \/><\/a><\/div>\n<p>El piloto tresarroyense Guillermo Yan\u00e9 no logr\u00f3 completar la competencia final del Procar 4000 B, luego de verse involucrado en un toque durante la segunda vuelta que lo oblig\u00f3 a abandonar la carrera.<\/p>\n\n\n\n<p>Tras un s\u00e1bado positivo y en su regreso a las pistas, Yan\u00e9 hab\u00eda largado desde la tercera fila y realiz\u00f3 una buena partida que le permiti\u00f3 ubicarse quinto. Sin embargo, en el ingreso a la chicana dos autos que iban por delante se enredaron y, en medio del desorden, varios pilotos aprovecharon para ganar posiciones. En ese contexto, el tresarroyense qued\u00f3 s\u00e9ptimo y con la trompa del auto visiblemente da\u00f1ada.<\/p>\n\n\n\n<p>Instantes despu\u00e9s, cuando peleaba por el sexto lugar, el auto que lo preced\u00eda pareci\u00f3 frenar a una distancia inesperada y Yan\u00e9 no logr\u00f3 evitar el contacto. El choque provoc\u00f3 la rotura de varios elementos en la parte delantera de su veh\u00edculo, entre ellos el radiador, lo que forz\u00f3 su abandono de la competencia.<\/p>\n\n\n\n<p>A pesar del desafortunado desenlace, el piloto tresarroyense mostr\u00f3 un buen nivel en su regreso y dej\u00f3 en claro que est\u00e1 para seguir dando pelea en la categor\u00eda.<\/p>\n","protected":false},"excerpt":{"rendered":"<p>El piloto tresarroyense Guillermo Yan\u00e9 no logr\u00f3 completar la competencia final del Procar 4000 B, luego de verse involucrado en un toque durante la segunda vuelta que lo oblig\u00f3 a abandonar la carrera. Tras un s\u00e1bado positivo y en su regreso a las pistas, Yan\u00e9 hab\u00eda largado desde la tercera fila y realiz\u00f3 una buena [&hellip;]<\/p>\n","protected":false},"author":1,"featured_media":57702,"comment_status":"open","ping_status":"open","sticky":false,"template":"","format":"standard","meta":{"tdm_status":"","tdm_grid_status":"","_jetpack_memberships_contains_paid_content":false,"footnotes":"","jetpack_publicize_message":"","jetpack_publicize_feature_enabled":true,"jetpack_social_post_already_shared":true,"jetpack_social_options":{"image_generator_settings":{"template":"highway","default_image_id":0,"font":"","enabled":false},"version":2}},"categories":[6],"tags":[],"class_list":{"0":"post-57701","1":"post","2":"type-post","3":"status-publish","4":"format-standard","5":"has-post-thumbnail","7":"category-automovilismo"},"yoast_head":"<!-- This site is optimized with the Yoast SEO plugin v22.7 - https:\/\/yoast.com\/wordpress\/plugins\/seo\/ -->\n<title>Guillermo Yan\u00e9 no pudo completar la final del Procar 4000 B tras un toque en la segunda vuelta - 103.9 fm<\/title>\n<meta name=\"robots\" content=\"index, follow, max-snippet:-1, max-image-preview:large, max-video-preview:-1\" \/>\n<link rel=\"canonical\" href=\"https:\/\/ondauno.com.ar\/index.php\/2025\/06\/22\/guillermo-yane-no-pudo-completar-la-final-del-procar-4000-b-tras-un-toque-en-la-segunda-vuelta\/\" \/>\n<meta property=\"og:locale\" content=\"es_ES\" \/>\n<meta property=\"og:type\" content=\"article\" \/>\n<meta property=\"og:title\" content=\"Guillermo Yan\u00e9 no pudo completar la final del Procar 4000 B tras un toque en la segunda vuelta - 103.9 fm\" \/>\n<meta property=\"og:description\" content=\"El piloto tresarroyense Guillermo Yan\u00e9 no logr\u00f3 completar la competencia final del Procar 4000 B, luego de verse involucrado en un toque durante la segunda vuelta que lo oblig\u00f3 a abandonar la carrera. Tras un s\u00e1bado positivo y en su regreso a las pistas, Yan\u00e9 hab\u00eda largado desde la tercera fila y realiz\u00f3 una buena [&hellip;]\" \/>\n<meta property=\"og:url\" content=\"https:\/\/ondauno.com.ar\/index.php\/2025\/06\/22\/guillermo-yane-no-pudo-completar-la-final-del-procar-4000-b-tras-un-toque-en-la-segunda-vuelta\/\" \/>\n<meta property=\"og:site_name\" content=\"103.9 fm\" \/>\n<meta property=\"article:publisher\" content=\"https:\/\/www.facebook.com\/ondauno103.9\" \/>\n<meta property=\"article:published_time\" content=\"2025-06-22T17:10:42+00:00\" \/>\n<meta property=\"article:modified_time\" content=\"2025-06-22T17:10:47+00:00\" \/>\n<meta property=\"og:image\" content=\"http:\/\/ondauno.com.ar\/wp-content\/uploads\/2025\/06\/WhatsApp-Image-2025-06-22-at-14.06.25.jpeg\" \/>\n\t<meta property=\"og:image:width\" content=\"720\" \/>\n\t<meta property=\"og:image:height\" content=\"583\" \/>\n\t<meta property=\"og:image:type\" content=\"image\/jpeg\" \/>\n<meta name=\"author\" content=\"OndaUno\" \/>\n<meta name=\"twitter:card\" content=\"summary_large_image\" \/>\n<meta name=\"twitter:label1\" content=\"Escrito por\" \/>\n\t<meta name=\"twitter:data1\" content=\"OndaUno\" \/>\n\t<meta name=\"twitter:label2\" content=\"Tiempo de lectura\" \/>\n\t<meta name=\"twitter:data2\" content=\"2 minutos\" \/>\n<script type=\"application\/ld+json\" class=\"yoast-schema-graph\">{\"@context\":\"https:\/\/schema.org\",\"@graph\":[{\"@type\":\"WebPage\",\"@id\":\"https:\/\/ondauno.com.ar\/index.php\/2025\/06\/22\/guillermo-yane-no-pudo-completar-la-final-del-procar-4000-b-tras-un-toque-en-la-segunda-vuelta\/\",\"url\":\"https:\/\/ondauno.com.ar\/index.php\/2025\/06\/22\/guillermo-yane-no-pudo-completar-la-final-del-procar-4000-b-tras-un-toque-en-la-segunda-vuelta\/\",\"name\":\"Guillermo Yan\u00e9 no pudo completar la final del Procar 4000 B tras un toque en la segunda vuelta - 103.9 fm\",\"isPartOf\":{\"@id\":\"https:\/\/ondauno.com.ar\/#website\"},\"primaryImageOfPage\":{\"@id\":\"https:\/\/ondauno.com.ar\/index.php\/2025\/06\/22\/guillermo-yane-no-pudo-completar-la-final-del-procar-4000-b-tras-un-toque-en-la-segunda-vuelta\/#primaryimage\"},\"image\":{\"@id\":\"https:\/\/ondauno.com.ar\/index.php\/2025\/06\/22\/guillermo-yane-no-pudo-completar-la-final-del-procar-4000-b-tras-un-toque-en-la-segunda-vuelta\/#primaryimage\"},\"thumbnailUrl\":\"https:\/\/ondauno.com.ar\/wp-content\/uploads\/2025\/06\/WhatsApp-Image-2025-06-22-at-14.06.25.jpeg\",\"datePublished\":\"2025-06-22T17:10:42+00:00\",\"dateModified\":\"2025-06-22T17:10:47+00:00\",\"author\":{\"@id\":\"https:\/\/ondauno.com.ar\/#\/schema\/person\/7ec851ddeceb4133d7d7132dc645714e\"},\"breadcrumb\":{\"@id\":\"https:\/\/ondauno.com.ar\/index.php\/2025\/06\/22\/guillermo-yane-no-pudo-completar-la-final-del-procar-4000-b-tras-un-toque-en-la-segunda-vuelta\/#breadcrumb\"},\"inLanguage\":\"es-AR\",\"potentialAction\":[{\"@type\":\"ReadAction\",\"target\":[\"https:\/\/ondauno.com.ar\/index.php\/2025\/06\/22\/guillermo-yane-no-pudo-completar-la-final-del-procar-4000-b-tras-un-toque-en-la-segunda-vuelta\/\"]}]},{\"@type\":\"ImageObject\",\"inLanguage\":\"es-AR\",\"@id\":\"https:\/\/ondauno.com.ar\/index.php\/2025\/06\/22\/guillermo-yane-no-pudo-completar-la-final-del-procar-4000-b-tras-un-toque-en-la-segunda-vuelta\/#primaryimage\",\"url\":\"https:\/\/ondauno.com.ar\/wp-content\/uploads\/2025\/06\/WhatsApp-Image-2025-06-22-at-14.06.25.jpeg\",\"contentUrl\":\"https:\/\/ondauno.com.ar\/wp-content\/uploads\/2025\/06\/WhatsApp-Image-2025-06-22-at-14.06.25.jpeg\",\"width\":720,\"height\":583},{\"@type\":\"BreadcrumbList\",\"@id\":\"https:\/\/ondauno.com.ar\/index.php\/2025\/06\/22\/guillermo-yane-no-pudo-completar-la-final-del-procar-4000-b-tras-un-toque-en-la-segunda-vuelta\/#breadcrumb\",\"itemListElement\":[{\"@type\":\"ListItem\",\"position\":1,\"name\":\"Inicio\",\"item\":\"https:\/\/ondauno.com.ar\/\"},{\"@type\":\"ListItem\",\"position\":2,\"name\":\"Guillermo Yan\u00e9 no pudo completar la final del Procar 4000 B tras un toque en la segunda vuelta\"}]},{\"@type\":\"WebSite\",\"@id\":\"https:\/\/ondauno.com.ar\/#website\",\"url\":\"https:\/\/ondauno.com.ar\/\",\"name\":\"103.9 fm\",\"description\":\"LA PRIMERA RADIO MULTIMEDIA DE TRES ARROYOS\",\"potentialAction\":[{\"@type\":\"SearchAction\",\"target\":{\"@type\":\"EntryPoint\",\"urlTemplate\":\"https:\/\/ondauno.com.ar\/?s={search_term_string}\"},\"query-input\":\"required name=search_term_string\"}],\"inLanguage\":\"es-AR\"},{\"@type\":\"Person\",\"@id\":\"https:\/\/ondauno.com.ar\/#\/schema\/person\/7ec851ddeceb4133d7d7132dc645714e\",\"name\":\"OndaUno\",\"image\":{\"@type\":\"ImageObject\",\"inLanguage\":\"es-AR\",\"@id\":\"https:\/\/ondauno.com.ar\/#\/schema\/person\/image\/\",\"url\":\"https:\/\/secure.gravatar.com\/avatar\/93b8009f0de7021f1feb2bd5b32fb9e8?s=96&d=mm&r=g\",\"contentUrl\":\"https:\/\/secure.gravatar.com\/avatar\/93b8009f0de7021f1feb2bd5b32fb9e8?s=96&d=mm&r=g\",\"caption\":\"OndaUno\"},\"url\":\"https:\/\/ondauno.com.ar\/index.php\/author\/ondauno\/\"}]}<\/script>\n<!-- \/ Yoast SEO plugin. -->","yoast_head_json":{"title":"Guillermo Yan\u00e9 no pudo completar la final del Procar 4000 B tras un toque en la segunda vuelta - 103.9 fm","robots":{"index":"index","follow":"follow","max-snippet":"max-snippet:-1","max-image-preview":"max-image-preview:large","max-video-preview":"max-video-preview:-1"},"canonical":"https:\/\/ondauno.com.ar\/index.php\/2025\/06\/22\/guillermo-yane-no-pudo-completar-la-final-del-procar-4000-b-tras-un-toque-en-la-segunda-vuelta\/","og_locale":"es_ES","og_type":"article","og_title":"Guillermo Yan\u00e9 no pudo completar la final del Procar 4000 B tras un toque en la segunda vuelta - 103.9 fm","og_description":"El piloto tresarroyense Guillermo Yan\u00e9 no logr\u00f3 completar la competencia final del Procar 4000 B, luego de verse involucrado en un toque durante la segunda vuelta que lo oblig\u00f3 a abandonar la carrera. Tras un s\u00e1bado positivo y en su regreso a las pistas, Yan\u00e9 hab\u00eda largado desde la tercera fila y realiz\u00f3 una buena [&hellip;]","og_url":"https:\/\/ondauno.com.ar\/index.php\/2025\/06\/22\/guillermo-yane-no-pudo-completar-la-final-del-procar-4000-b-tras-un-toque-en-la-segunda-vuelta\/","og_site_name":"103.9 fm","article_publisher":"https:\/\/www.facebook.com\/ondauno103.9","article_published_time":"2025-06-22T17:10:42+00:00","article_modified_time":"2025-06-22T17:10:47+00:00","og_image":[{"width":720,"height":583,"url":"http:\/\/ondauno.com.ar\/wp-content\/uploads\/2025\/06\/WhatsApp-Image-2025-06-22-at-14.06.25.jpeg","type":"image\/jpeg"}],"author":"OndaUno","twitter_card":"summary_large_image","twitter_misc":{"Escrito por":"OndaUno","Tiempo de lectura":"2 minutos"},"schema":{"@context":"https:\/\/schema.org","@graph":[{"@type":"WebPage","@id":"https:\/\/ondauno.com.ar\/index.php\/2025\/06\/22\/guillermo-yane-no-pudo-completar-la-final-del-procar-4000-b-tras-un-toque-en-la-segunda-vuelta\/","url":"https:\/\/ondauno.com.ar\/index.php\/2025\/06\/22\/guillermo-yane-no-pudo-completar-la-final-del-procar-4000-b-tras-un-toque-en-la-segunda-vuelta\/","name":"Guillermo Yan\u00e9 no pudo completar la final del Procar 4000 B tras un toque en la segunda vuelta - 103.9 fm","isPartOf":{"@id":"https:\/\/ondauno.com.ar\/#website"},"primaryImageOfPage":{"@id":"https:\/\/ondauno.com.ar\/index.php\/2025\/06\/22\/guillermo-yane-no-pudo-completar-la-final-del-procar-4000-b-tras-un-toque-en-la-segunda-vuelta\/#primaryimage"},"image":{"@id":"https:\/\/ondauno.com.ar\/index.php\/2025\/06\/22\/guillermo-yane-no-pudo-completar-la-final-del-procar-4000-b-tras-un-toque-en-la-segunda-vuelta\/#primaryimage"},"thumbnailUrl":"https:\/\/ondauno.com.ar\/wp-content\/uploads\/2025\/06\/WhatsApp-Image-2025-06-22-at-14.06.25.jpeg","datePublished":"2025-06-22T17:10:42+00:00","dateModified":"2025-06-22T17:10:47+00:00","author":{"@id":"https:\/\/ondauno.com.ar\/#\/schema\/person\/7ec851ddeceb4133d7d7132dc645714e"},"breadcrumb":{"@id":"https:\/\/ondauno.com.ar\/index.php\/2025\/06\/22\/guillermo-yane-no-pudo-completar-la-final-del-procar-4000-b-tras-un-toque-en-la-segunda-vuelta\/#breadcrumb"},"inLanguage":"es-AR","potentialAction":[{"@type":"ReadAction","target":["https:\/\/ondauno.com.ar\/index.php\/2025\/06\/22\/guillermo-yane-no-pudo-completar-la-final-del-procar-4000-b-tras-un-toque-en-la-segunda-vuelta\/"]}]},{"@type":"ImageObject","inLanguage":"es-AR","@id":"https:\/\/ondauno.com.ar\/index.php\/2025\/06\/22\/guillermo-yane-no-pudo-completar-la-final-del-procar-4000-b-tras-un-toque-en-la-segunda-vuelta\/#primaryimage","url":"https:\/\/ondauno.com.ar\/wp-content\/uploads\/2025\/06\/WhatsApp-Image-2025-06-22-at-14.06.25.jpeg","contentUrl":"https:\/\/ondauno.com.ar\/wp-content\/uploads\/2025\/06\/WhatsApp-Image-2025-06-22-at-14.06.25.jpeg","width":720,"height":583},{"@type":"BreadcrumbList","@id":"https:\/\/ondauno.com.ar\/index.php\/2025\/06\/22\/guillermo-yane-no-pudo-completar-la-final-del-procar-4000-b-tras-un-toque-en-la-segunda-vuelta\/#breadcrumb","itemListElement":[{"@type":"ListItem","position":1,"name":"Inicio","item":"https:\/\/ondauno.com.ar\/"},{"@type":"ListItem","position":2,"name":"Guillermo Yan\u00e9 no pudo completar la final del Procar 4000 B tras un toque en la segunda vuelta"}]},{"@type":"WebSite","@id":"https:\/\/ondauno.com.ar\/#website","url":"https:\/\/ondauno.com.ar\/","name":"103.9 fm","description":"LA PRIMERA RADIO MULTIMEDIA DE TRES ARROYOS","potentialAction":[{"@type":"SearchAction","target":{"@type":"EntryPoint","urlTemplate":"https:\/\/ondauno.com.ar\/?s={search_term_string}"},"query-input":"required name=search_term_string"}],"inLanguage":"es-AR"},{"@type":"Person","@id":"https:\/\/ondauno.com.ar\/#\/schema\/person\/7ec851ddeceb4133d7d7132dc645714e","name":"OndaUno","image":{"@type":"ImageObject","inLanguage":"es-AR","@id":"https:\/\/ondauno.com.ar\/#\/schema\/person\/image\/","url":"https:\/\/secure.gravatar.com\/avatar\/93b8009f0de7021f1feb2bd5b32fb9e8?s=96&d=mm&r=g","contentUrl":"https:\/\/secure.gravatar.com\/avatar\/93b8009f0de7021f1feb2bd5b32fb9e8?s=96&d=mm&r=g","caption":"OndaUno"},"url":"https:\/\/ondauno.com.ar\/index.php\/author\/ondauno\/"}]}},"jetpack_publicize_connections":[],"jetpack_featured_media_url":"https:\/\/ondauno.com.ar\/wp-content\/uploads\/2025\/06\/WhatsApp-Image-2025-06-22-at-14.06.25.jpeg","jetpack_sharing_enabled":true,"_links":{"self":[{"href":"https:\/\/ondauno.com.ar\/index.php\/wp-json\/wp\/v2\/posts\/57701","targetHints":{"allow":["GET"]}}],"collection":[{"href":"https:\/\/ondauno.com.ar\/index.php\/wp-json\/wp\/v2\/posts"}],"about":[{"href":"https:\/\/ondauno.com.ar\/index.php\/wp-json\/wp\/v2\/types\/post"}],"author":[{"embeddable":true,"href":"https:\/\/ondauno.com.ar\/index.php\/wp-json\/wp\/v2\/users\/1"}],"replies":[{"embeddable":true,"href":"https:\/\/ondauno.com.ar\/index.php\/wp-json\/wp\/v2\/comments?post=57701"}],"version-history":[{"count":1,"href":"https:\/\/ondauno.com.ar\/index.php\/wp-json\/wp\/v2\/posts\/57701\/revisions"}],"predecessor-version":[{"id":57703,"href":"https:\/\/ondauno.com.ar\/index.php\/wp-json\/wp\/v2\/posts\/57701\/revisions\/57703"}],"wp:featuredmedia":[{"embeddable":true,"href":"https:\/\/ondauno.com.ar\/index.php\/wp-json\/wp\/v2\/media\/57702"}],"wp:attachment":[{"href":"https:\/\/ondauno.com.ar\/index.php\/wp-json\/wp\/v2\/media?parent=57701"}],"wp:term":[{"taxonomy":"category","embeddable":true,"href":"https:\/\/ondauno.com.ar\/index.php\/wp-json\/wp\/v2\/categories?post=57701"},{"taxonomy":"post_tag","embeddable":true,"href":"https:\/\/ondauno.com.ar\/index.php\/wp-json\/wp\/v2\/tags?post=57701"}],"curies":[{"name":"wp","href":"https:\/\/api.w.org\/{rel}","templated":true}]}}