{"id":57659,"date":"2025-06-19T17:58:35","date_gmt":"2025-06-19T20:58:35","guid":{"rendered":"https:\/\/ondauno.com.ar\/?p=57659"},"modified":"2025-06-19T18:15:34","modified_gmt":"2025-06-19T21:15:34","slug":"llamado-extorsivo-genero-alarma-y-movilizo-a-la-policia","status":"publish","type":"post","link":"https:\/\/ondauno.com.ar\/index.php\/2025\/06\/19\/llamado-extorsivo-genero-alarma-y-movilizo-a-la-policia\/","title":{"rendered":"Llamado extorsivo gener\u00f3 alarma y moviliz\u00f3 a la polic\u00eda"},"content":{"rendered":"<div class=\"ondau-before-content_3\" style=\"margin-top: -30px;\" id=\"ondau-1268343489\"><a href=\"https:\/\/www.lps.com.ar\/\" aria-label=\"la-perse2\"><img loading=\"lazy\" decoding=\"async\" src=\"https:\/\/ondauno.com.ar\/wp-content\/uploads\/2021\/10\/la-perse2.jpg\" alt=\"\"  srcset=\"https:\/\/ondauno.com.ar\/wp-content\/uploads\/2021\/10\/la-perse2.jpg 1353w, https:\/\/ondauno.com.ar\/wp-content\/uploads\/2021\/10\/la-perse2-300x43.jpg 300w, https:\/\/ondauno.com.ar\/wp-content\/uploads\/2021\/10\/la-perse2-1024x148.jpg 1024w, https:\/\/ondauno.com.ar\/wp-content\/uploads\/2021\/10\/la-perse2-768x111.jpg 768w, https:\/\/ondauno.com.ar\/wp-content\/uploads\/2021\/10\/la-perse2-696x100.jpg 696w, https:\/\/ondauno.com.ar\/wp-content\/uploads\/2021\/10\/la-perse2-1068x154.jpg 1068w\" sizes=\"(max-width: 1353px) 100vw, 1353px\" class=\"no-lazyload\" width=\"1353\" height=\"195\"  style=\"display: inline-block;\" \/><\/a><\/div>\n<p>Este martes, alrededor de las 6:30 de la ma\u00f1ana, personal policial acudi\u00f3 a una vivienda ubicada en Emilio de la Calle 26 tras un llamado al 911 que alertaba sobre un posible robo en proceso.<\/p>\n\n\n\n<p>Al arribar, los efectivos encontraron en el exterior del domicilio a una mujer de 78 a\u00f1os, en evidente estado de crisis nerviosa. La situaci\u00f3n fue producto de un llamado extorsivo en el que un hombre no identificado afirmaba estar torturando a su hija.<\/p>\n\n\n\n<p>La informaci\u00f3n fue r\u00e1pidamente desmentida tras verificar con familiares presentes, se constat\u00f3 que el hecho era falso., la hija de 41 a\u00f1os, residente y sucesora de la v\u00edctima, confirm\u00f3 que el hecho no era real.<\/p>\n\n\n\n<p>Ante el cuadro de nerviosismo de la mujer mayor, se solicit\u00f3 la presencia de una ambulancia para su atenci\u00f3n.<\/p>\n","protected":false},"excerpt":{"rendered":"<p>Este martes, alrededor de las 6:30 de la ma\u00f1ana, personal policial acudi\u00f3 a una vivienda ubicada en Emilio de la Calle 26 tras un llamado al 911 que alertaba sobre un posible robo en proceso. Al arribar, los efectivos encontraron en el exterior del domicilio a una mujer de 78 a\u00f1os, en evidente estado de [&hellip;]<\/p>\n","protected":false},"author":1,"featured_media":46156,"comment_status":"open","ping_status":"open","sticky":false,"template":"","format":"standard","meta":{"tdm_status":"","tdm_grid_status":"","_jetpack_memberships_contains_paid_content":false,"footnotes":"","jetpack_publicize_message":"","jetpack_publicize_feature_enabled":true,"jetpack_social_post_already_shared":true,"jetpack_social_options":{"image_generator_settings":{"template":"highway","default_image_id":0,"font":"","enabled":false},"version":2}},"categories":[29],"tags":[],"class_list":{"0":"post-57659","1":"post","2":"type-post","3":"status-publish","4":"format-standard","5":"has-post-thumbnail","7":"category-policiales"},"yoast_head":"<!-- This site is optimized with the Yoast SEO plugin v22.7 - https:\/\/yoast.com\/wordpress\/plugins\/seo\/ -->\n<title>Llamado extorsivo gener\u00f3 alarma y moviliz\u00f3 a la polic\u00eda - 103.9 fm<\/title>\n<meta name=\"robots\" content=\"index, follow, max-snippet:-1, max-image-preview:large, max-video-preview:-1\" \/>\n<link rel=\"canonical\" href=\"https:\/\/ondauno.com.ar\/index.php\/2025\/06\/19\/llamado-extorsivo-genero-alarma-y-movilizo-a-la-policia\/\" \/>\n<meta property=\"og:locale\" content=\"es_ES\" \/>\n<meta property=\"og:type\" content=\"article\" \/>\n<meta property=\"og:title\" content=\"Llamado extorsivo gener\u00f3 alarma y moviliz\u00f3 a la polic\u00eda - 103.9 fm\" \/>\n<meta property=\"og:description\" content=\"Este martes, alrededor de las 6:30 de la ma\u00f1ana, personal policial acudi\u00f3 a una vivienda ubicada en Emilio de la Calle 26 tras un llamado al 911 que alertaba sobre un posible robo en proceso. Al arribar, los efectivos encontraron en el exterior del domicilio a una mujer de 78 a\u00f1os, en evidente estado de [&hellip;]\" \/>\n<meta property=\"og:url\" content=\"https:\/\/ondauno.com.ar\/index.php\/2025\/06\/19\/llamado-extorsivo-genero-alarma-y-movilizo-a-la-policia\/\" \/>\n<meta property=\"og:site_name\" content=\"103.9 fm\" \/>\n<meta property=\"article:publisher\" content=\"https:\/\/www.facebook.com\/ondauno103.9\" \/>\n<meta property=\"article:published_time\" content=\"2025-06-19T20:58:35+00:00\" \/>\n<meta property=\"article:modified_time\" content=\"2025-06-19T21:15:34+00:00\" \/>\n<meta property=\"og:image\" content=\"http:\/\/ondauno.com.ar\/wp-content\/uploads\/2024\/04\/cuento.jpeg\" \/>\n\t<meta property=\"og:image:width\" content=\"320\" \/>\n\t<meta property=\"og:image:height\" content=\"180\" \/>\n\t<meta property=\"og:image:type\" content=\"image\/jpeg\" \/>\n<meta name=\"author\" content=\"OndaUno\" \/>\n<meta name=\"twitter:card\" content=\"summary_large_image\" \/>\n<meta name=\"twitter:label1\" content=\"Escrito por\" \/>\n\t<meta name=\"twitter:data1\" content=\"OndaUno\" \/>\n\t<meta name=\"twitter:label2\" content=\"Tiempo de lectura\" \/>\n\t<meta name=\"twitter:data2\" content=\"1 minuto\" \/>\n<script type=\"application\/ld+json\" class=\"yoast-schema-graph\">{\"@context\":\"https:\/\/schema.org\",\"@graph\":[{\"@type\":\"WebPage\",\"@id\":\"https:\/\/ondauno.com.ar\/index.php\/2025\/06\/19\/llamado-extorsivo-genero-alarma-y-movilizo-a-la-policia\/\",\"url\":\"https:\/\/ondauno.com.ar\/index.php\/2025\/06\/19\/llamado-extorsivo-genero-alarma-y-movilizo-a-la-policia\/\",\"name\":\"Llamado extorsivo gener\u00f3 alarma y moviliz\u00f3 a la polic\u00eda - 103.9 fm\",\"isPartOf\":{\"@id\":\"https:\/\/ondauno.com.ar\/#website\"},\"primaryImageOfPage\":{\"@id\":\"https:\/\/ondauno.com.ar\/index.php\/2025\/06\/19\/llamado-extorsivo-genero-alarma-y-movilizo-a-la-policia\/#primaryimage\"},\"image\":{\"@id\":\"https:\/\/ondauno.com.ar\/index.php\/2025\/06\/19\/llamado-extorsivo-genero-alarma-y-movilizo-a-la-policia\/#primaryimage\"},\"thumbnailUrl\":\"https:\/\/ondauno.com.ar\/wp-content\/uploads\/2024\/04\/cuento.jpeg\",\"datePublished\":\"2025-06-19T20:58:35+00:00\",\"dateModified\":\"2025-06-19T21:15:34+00:00\",\"author\":{\"@id\":\"https:\/\/ondauno.com.ar\/#\/schema\/person\/7ec851ddeceb4133d7d7132dc645714e\"},\"breadcrumb\":{\"@id\":\"https:\/\/ondauno.com.ar\/index.php\/2025\/06\/19\/llamado-extorsivo-genero-alarma-y-movilizo-a-la-policia\/#breadcrumb\"},\"inLanguage\":\"es-AR\",\"potentialAction\":[{\"@type\":\"ReadAction\",\"target\":[\"https:\/\/ondauno.com.ar\/index.php\/2025\/06\/19\/llamado-extorsivo-genero-alarma-y-movilizo-a-la-policia\/\"]}]},{\"@type\":\"ImageObject\",\"inLanguage\":\"es-AR\",\"@id\":\"https:\/\/ondauno.com.ar\/index.php\/2025\/06\/19\/llamado-extorsivo-genero-alarma-y-movilizo-a-la-policia\/#primaryimage\",\"url\":\"https:\/\/ondauno.com.ar\/wp-content\/uploads\/2024\/04\/cuento.jpeg\",\"contentUrl\":\"https:\/\/ondauno.com.ar\/wp-content\/uploads\/2024\/04\/cuento.jpeg\",\"width\":320,\"height\":180},{\"@type\":\"BreadcrumbList\",\"@id\":\"https:\/\/ondauno.com.ar\/index.php\/2025\/06\/19\/llamado-extorsivo-genero-alarma-y-movilizo-a-la-policia\/#breadcrumb\",\"itemListElement\":[{\"@type\":\"ListItem\",\"position\":1,\"name\":\"Inicio\",\"item\":\"https:\/\/ondauno.com.ar\/\"},{\"@type\":\"ListItem\",\"position\":2,\"name\":\"Llamado extorsivo gener\u00f3 alarma y moviliz\u00f3 a la polic\u00eda\"}]},{\"@type\":\"WebSite\",\"@id\":\"https:\/\/ondauno.com.ar\/#website\",\"url\":\"https:\/\/ondauno.com.ar\/\",\"name\":\"103.9 fm\",\"description\":\"LA PRIMERA RADIO MULTIMEDIA DE TRES ARROYOS\",\"potentialAction\":[{\"@type\":\"SearchAction\",\"target\":{\"@type\":\"EntryPoint\",\"urlTemplate\":\"https:\/\/ondauno.com.ar\/?s={search_term_string}\"},\"query-input\":\"required name=search_term_string\"}],\"inLanguage\":\"es-AR\"},{\"@type\":\"Person\",\"@id\":\"https:\/\/ondauno.com.ar\/#\/schema\/person\/7ec851ddeceb4133d7d7132dc645714e\",\"name\":\"OndaUno\",\"image\":{\"@type\":\"ImageObject\",\"inLanguage\":\"es-AR\",\"@id\":\"https:\/\/ondauno.com.ar\/#\/schema\/person\/image\/\",\"url\":\"https:\/\/secure.gravatar.com\/avatar\/93b8009f0de7021f1feb2bd5b32fb9e8?s=96&d=mm&r=g\",\"contentUrl\":\"https:\/\/secure.gravatar.com\/avatar\/93b8009f0de7021f1feb2bd5b32fb9e8?s=96&d=mm&r=g\",\"caption\":\"OndaUno\"},\"url\":\"https:\/\/ondauno.com.ar\/index.php\/author\/ondauno\/\"}]}<\/script>\n<!-- \/ Yoast SEO plugin. -->","yoast_head_json":{"title":"Llamado extorsivo gener\u00f3 alarma y moviliz\u00f3 a la polic\u00eda - 103.9 fm","robots":{"index":"index","follow":"follow","max-snippet":"max-snippet:-1","max-image-preview":"max-image-preview:large","max-video-preview":"max-video-preview:-1"},"canonical":"https:\/\/ondauno.com.ar\/index.php\/2025\/06\/19\/llamado-extorsivo-genero-alarma-y-movilizo-a-la-policia\/","og_locale":"es_ES","og_type":"article","og_title":"Llamado extorsivo gener\u00f3 alarma y moviliz\u00f3 a la polic\u00eda - 103.9 fm","og_description":"Este martes, alrededor de las 6:30 de la ma\u00f1ana, personal policial acudi\u00f3 a una vivienda ubicada en Emilio de la Calle 26 tras un llamado al 911 que alertaba sobre un posible robo en proceso. Al arribar, los efectivos encontraron en el exterior del domicilio a una mujer de 78 a\u00f1os, en evidente estado de [&hellip;]","og_url":"https:\/\/ondauno.com.ar\/index.php\/2025\/06\/19\/llamado-extorsivo-genero-alarma-y-movilizo-a-la-policia\/","og_site_name":"103.9 fm","article_publisher":"https:\/\/www.facebook.com\/ondauno103.9","article_published_time":"2025-06-19T20:58:35+00:00","article_modified_time":"2025-06-19T21:15:34+00:00","og_image":[{"width":320,"height":180,"url":"http:\/\/ondauno.com.ar\/wp-content\/uploads\/2024\/04\/cuento.jpeg","type":"image\/jpeg"}],"author":"OndaUno","twitter_card":"summary_large_image","twitter_misc":{"Escrito por":"OndaUno","Tiempo de lectura":"1 minuto"},"schema":{"@context":"https:\/\/schema.org","@graph":[{"@type":"WebPage","@id":"https:\/\/ondauno.com.ar\/index.php\/2025\/06\/19\/llamado-extorsivo-genero-alarma-y-movilizo-a-la-policia\/","url":"https:\/\/ondauno.com.ar\/index.php\/2025\/06\/19\/llamado-extorsivo-genero-alarma-y-movilizo-a-la-policia\/","name":"Llamado extorsivo gener\u00f3 alarma y moviliz\u00f3 a la polic\u00eda - 103.9 fm","isPartOf":{"@id":"https:\/\/ondauno.com.ar\/#website"},"primaryImageOfPage":{"@id":"https:\/\/ondauno.com.ar\/index.php\/2025\/06\/19\/llamado-extorsivo-genero-alarma-y-movilizo-a-la-policia\/#primaryimage"},"image":{"@id":"https:\/\/ondauno.com.ar\/index.php\/2025\/06\/19\/llamado-extorsivo-genero-alarma-y-movilizo-a-la-policia\/#primaryimage"},"thumbnailUrl":"https:\/\/ondauno.com.ar\/wp-content\/uploads\/2024\/04\/cuento.jpeg","datePublished":"2025-06-19T20:58:35+00:00","dateModified":"2025-06-19T21:15:34+00:00","author":{"@id":"https:\/\/ondauno.com.ar\/#\/schema\/person\/7ec851ddeceb4133d7d7132dc645714e"},"breadcrumb":{"@id":"https:\/\/ondauno.com.ar\/index.php\/2025\/06\/19\/llamado-extorsivo-genero-alarma-y-movilizo-a-la-policia\/#breadcrumb"},"inLanguage":"es-AR","potentialAction":[{"@type":"ReadAction","target":["https:\/\/ondauno.com.ar\/index.php\/2025\/06\/19\/llamado-extorsivo-genero-alarma-y-movilizo-a-la-policia\/"]}]},{"@type":"ImageObject","inLanguage":"es-AR","@id":"https:\/\/ondauno.com.ar\/index.php\/2025\/06\/19\/llamado-extorsivo-genero-alarma-y-movilizo-a-la-policia\/#primaryimage","url":"https:\/\/ondauno.com.ar\/wp-content\/uploads\/2024\/04\/cuento.jpeg","contentUrl":"https:\/\/ondauno.com.ar\/wp-content\/uploads\/2024\/04\/cuento.jpeg","width":320,"height":180},{"@type":"BreadcrumbList","@id":"https:\/\/ondauno.com.ar\/index.php\/2025\/06\/19\/llamado-extorsivo-genero-alarma-y-movilizo-a-la-policia\/#breadcrumb","itemListElement":[{"@type":"ListItem","position":1,"name":"Inicio","item":"https:\/\/ondauno.com.ar\/"},{"@type":"ListItem","position":2,"name":"Llamado extorsivo gener\u00f3 alarma y moviliz\u00f3 a la polic\u00eda"}]},{"@type":"WebSite","@id":"https:\/\/ondauno.com.ar\/#website","url":"https:\/\/ondauno.com.ar\/","name":"103.9 fm","description":"LA PRIMERA RADIO MULTIMEDIA DE TRES ARROYOS","potentialAction":[{"@type":"SearchAction","target":{"@type":"EntryPoint","urlTemplate":"https:\/\/ondauno.com.ar\/?s={search_term_string}"},"query-input":"required name=search_term_string"}],"inLanguage":"es-AR"},{"@type":"Person","@id":"https:\/\/ondauno.com.ar\/#\/schema\/person\/7ec851ddeceb4133d7d7132dc645714e","name":"OndaUno","image":{"@type":"ImageObject","inLanguage":"es-AR","@id":"https:\/\/ondauno.com.ar\/#\/schema\/person\/image\/","url":"https:\/\/secure.gravatar.com\/avatar\/93b8009f0de7021f1feb2bd5b32fb9e8?s=96&d=mm&r=g","contentUrl":"https:\/\/secure.gravatar.com\/avatar\/93b8009f0de7021f1feb2bd5b32fb9e8?s=96&d=mm&r=g","caption":"OndaUno"},"url":"https:\/\/ondauno.com.ar\/index.php\/author\/ondauno\/"}]}},"jetpack_publicize_connections":[],"jetpack_featured_media_url":"https:\/\/ondauno.com.ar\/wp-content\/uploads\/2024\/04\/cuento.jpeg","jetpack_sharing_enabled":true,"_links":{"self":[{"href":"https:\/\/ondauno.com.ar\/index.php\/wp-json\/wp\/v2\/posts\/57659","targetHints":{"allow":["GET"]}}],"collection":[{"href":"https:\/\/ondauno.com.ar\/index.php\/wp-json\/wp\/v2\/posts"}],"about":[{"href":"https:\/\/ondauno.com.ar\/index.php\/wp-json\/wp\/v2\/types\/post"}],"author":[{"embeddable":true,"href":"https:\/\/ondauno.com.ar\/index.php\/wp-json\/wp\/v2\/users\/1"}],"replies":[{"embeddable":true,"href":"https:\/\/ondauno.com.ar\/index.php\/wp-json\/wp\/v2\/comments?post=57659"}],"version-history":[{"count":2,"href":"https:\/\/ondauno.com.ar\/index.php\/wp-json\/wp\/v2\/posts\/57659\/revisions"}],"predecessor-version":[{"id":57661,"href":"https:\/\/ondauno.com.ar\/index.php\/wp-json\/wp\/v2\/posts\/57659\/revisions\/57661"}],"wp:featuredmedia":[{"embeddable":true,"href":"https:\/\/ondauno.com.ar\/index.php\/wp-json\/wp\/v2\/media\/46156"}],"wp:attachment":[{"href":"https:\/\/ondauno.com.ar\/index.php\/wp-json\/wp\/v2\/media?parent=57659"}],"wp:term":[{"taxonomy":"category","embeddable":true,"href":"https:\/\/ondauno.com.ar\/index.php\/wp-json\/wp\/v2\/categories?post=57659"},{"taxonomy":"post_tag","embeddable":true,"href":"https:\/\/ondauno.com.ar\/index.php\/wp-json\/wp\/v2\/tags?post=57659"}],"curies":[{"name":"wp","href":"https:\/\/api.w.org\/{rel}","templated":true}]}}