{"id":57556,"date":"2025-06-14T14:41:57","date_gmt":"2025-06-14T17:41:57","guid":{"rendered":"https:\/\/ondauno.com.ar\/?p=57556"},"modified":"2025-06-14T14:42:02","modified_gmt":"2025-06-14T17:42:02","slug":"la-muni-cerca-de-los-vecinos-el-programa-llego-al-barrio-boca","status":"publish","type":"post","link":"https:\/\/ondauno.com.ar\/index.php\/2025\/06\/14\/la-muni-cerca-de-los-vecinos-el-programa-llego-al-barrio-boca\/","title":{"rendered":"La Muni cerca de los vecinos: el programa lleg\u00f3 al barrio Boca"},"content":{"rendered":"<div class=\"ondau-before-content_3\" style=\"margin-top: -30px;\" id=\"ondau-2778329861\"><a href=\"https:\/\/www.lps.com.ar\/\" aria-label=\"la-perse2\"><img loading=\"lazy\" decoding=\"async\" src=\"https:\/\/ondauno.com.ar\/wp-content\/uploads\/2021\/10\/la-perse2.jpg\" alt=\"\"  srcset=\"https:\/\/ondauno.com.ar\/wp-content\/uploads\/2021\/10\/la-perse2.jpg 1353w, https:\/\/ondauno.com.ar\/wp-content\/uploads\/2021\/10\/la-perse2-300x43.jpg 300w, https:\/\/ondauno.com.ar\/wp-content\/uploads\/2021\/10\/la-perse2-1024x148.jpg 1024w, https:\/\/ondauno.com.ar\/wp-content\/uploads\/2021\/10\/la-perse2-768x111.jpg 768w, https:\/\/ondauno.com.ar\/wp-content\/uploads\/2021\/10\/la-perse2-696x100.jpg 696w, https:\/\/ondauno.com.ar\/wp-content\/uploads\/2021\/10\/la-perse2-1068x154.jpg 1068w\" sizes=\"(max-width: 1353px) 100vw, 1353px\" class=\"no-lazyload\" width=\"1353\" height=\"195\"  style=\"display: inline-block;\" \/><\/a><\/div>\n<p>Este s\u00e1bado 14 de junio, el programa municipal La Muni en tu Barrio lleg\u00f3 al Barrio Boca, para estar cerca de cada vecino de Tres Arroyos.<\/p>\n\n\n\n<p>La jornada tuvo lugar en el CIC del barrio, tras una campa\u00f1a de difusi\u00f3n por redes sociales, medios locales y folleter\u00eda que invit\u00f3 a la comunidad a acercarse, informarse y aprovechar los servicios que el municipio ofrec\u00eda en el lugar.<\/p>\n\n\n\n<p><br>Durante el encuentro, se acercaron vecinos de todas las edades, quienes pudieron: Vacunar y desparasitar a sus mascotas, realizar consultas y reclamos online, validar su identidad, recibir vacunas para adultos, adherirse al servicio de telemedicina y aprender a utilizarlo.<\/p>\n\n\n\n<p><br>Adem\u00e1s, funcionarios de distintas \u00e1reas recorrieron el barrio, visitando domicilios para conocer de primera mano las necesidades de los vecinos.<\/p>\n\n\n\n<figure class=\"wp-block-image size-large\"><img loading=\"lazy\" decoding=\"async\" width=\"1024\" height=\"682\" data-src=\"https:\/\/ondauno.com.ar\/wp-content\/uploads\/2025\/06\/WhatsApp-Image-2025-06-14-at-14.06.26-1024x682.jpeg\" alt=\"\" class=\"wp-image-57558 lazyload\" data-srcset=\"https:\/\/ondauno.com.ar\/wp-content\/uploads\/2025\/06\/WhatsApp-Image-2025-06-14-at-14.06.26-1024x682.jpeg 1024w, https:\/\/ondauno.com.ar\/wp-content\/uploads\/2025\/06\/WhatsApp-Image-2025-06-14-at-14.06.26-300x200.jpeg 300w, https:\/\/ondauno.com.ar\/wp-content\/uploads\/2025\/06\/WhatsApp-Image-2025-06-14-at-14.06.26-768x512.jpeg 768w, https:\/\/ondauno.com.ar\/wp-content\/uploads\/2025\/06\/WhatsApp-Image-2025-06-14-at-14.06.26-630x420.jpeg 630w, https:\/\/ondauno.com.ar\/wp-content\/uploads\/2025\/06\/WhatsApp-Image-2025-06-14-at-14.06.26-696x464.jpeg 696w, https:\/\/ondauno.com.ar\/wp-content\/uploads\/2025\/06\/WhatsApp-Image-2025-06-14-at-14.06.26-1068x712.jpeg 1068w, https:\/\/ondauno.com.ar\/wp-content\/uploads\/2025\/06\/WhatsApp-Image-2025-06-14-at-14.06.26.jpeg 1280w\" data-sizes=\"auto, (max-width: 1024px) 100vw, 1024px\" src=\"data:image\/gif;base64,R0lGODlhAQABAAAAACH5BAEKAAEALAAAAAABAAEAAAICTAEAOw==\" style=\"--smush-placeholder-width: 1024px; --smush-placeholder-aspect-ratio: 1024\/682;\" \/><noscript><img loading=\"lazy\" decoding=\"async\" width=\"1024\" height=\"682\" src=\"https:\/\/ondauno.com.ar\/wp-content\/uploads\/2025\/06\/WhatsApp-Image-2025-06-14-at-14.06.26-1024x682.jpeg\" alt=\"\" class=\"wp-image-57558\" srcset=\"https:\/\/ondauno.com.ar\/wp-content\/uploads\/2025\/06\/WhatsApp-Image-2025-06-14-at-14.06.26-1024x682.jpeg 1024w, https:\/\/ondauno.com.ar\/wp-content\/uploads\/2025\/06\/WhatsApp-Image-2025-06-14-at-14.06.26-300x200.jpeg 300w, https:\/\/ondauno.com.ar\/wp-content\/uploads\/2025\/06\/WhatsApp-Image-2025-06-14-at-14.06.26-768x512.jpeg 768w, https:\/\/ondauno.com.ar\/wp-content\/uploads\/2025\/06\/WhatsApp-Image-2025-06-14-at-14.06.26-630x420.jpeg 630w, https:\/\/ondauno.com.ar\/wp-content\/uploads\/2025\/06\/WhatsApp-Image-2025-06-14-at-14.06.26-696x464.jpeg 696w, https:\/\/ondauno.com.ar\/wp-content\/uploads\/2025\/06\/WhatsApp-Image-2025-06-14-at-14.06.26-1068x712.jpeg 1068w, https:\/\/ondauno.com.ar\/wp-content\/uploads\/2025\/06\/WhatsApp-Image-2025-06-14-at-14.06.26.jpeg 1280w\" sizes=\"auto, (max-width: 1024px) 100vw, 1024px\" \/><\/noscript><\/figure>\n\n\n\n<p><br>El intendente Pablo Garate acompa\u00f1\u00f3 la jornada y destac\u00f3:<\/p>\n\n\n\n<p><br>\u201cNuevamente estamos viendo c\u00f3mo funciona esta idea que naci\u00f3 en 2023, antes de ser gobierno, y que hoy sigue siendo un \u00e9xito. Lo m\u00e1s importante es mantener ese contacto tan necesario con los vecinos, fomentar la participaci\u00f3n ciudadana y poder gestionar respuestas concretas a sus problemas\u201d.<\/p>\n\n\n\n<p><br>La Muni en tu Barrio continuar\u00e1 desarroll\u00e1ndose a lo largo del a\u00f1o y tambi\u00e9n llegar\u00e1 a las localidades, tal como lo hizo durante todo el 2024.<\/p>\n\n\n\n<p><br>Porque creemos que un gobierno presente es el que escucha, camina los barrios y trabaja codo a codo con su gente.<\/p>\n","protected":false},"excerpt":{"rendered":"<p>Este s\u00e1bado 14 de junio, el programa municipal La Muni en tu Barrio lleg\u00f3 al Barrio Boca, para estar cerca de cada vecino de Tres Arroyos. La jornada tuvo lugar en el CIC del barrio, tras una campa\u00f1a de difusi\u00f3n por redes sociales, medios locales y folleter\u00eda que invit\u00f3 a la comunidad a acercarse, informarse [&hellip;]<\/p>\n","protected":false},"author":1,"featured_media":57557,"comment_status":"open","ping_status":"open","sticky":false,"template":"","format":"standard","meta":{"tdm_status":"","tdm_grid_status":"","_jetpack_memberships_contains_paid_content":false,"footnotes":"","jetpack_publicize_message":"","jetpack_publicize_feature_enabled":true,"jetpack_social_post_already_shared":true,"jetpack_social_options":{"image_generator_settings":{"template":"highway","default_image_id":0,"font":"","enabled":false},"version":2}},"categories":[2],"tags":[],"class_list":{"0":"post-57556","1":"post","2":"type-post","3":"status-publish","4":"format-standard","5":"has-post-thumbnail","7":"category-locales"},"yoast_head":"<!-- This site is optimized with the Yoast SEO plugin v22.7 - https:\/\/yoast.com\/wordpress\/plugins\/seo\/ -->\n<title>La Muni cerca de los vecinos: el programa lleg\u00f3 al barrio Boca - 103.9 fm<\/title>\n<meta name=\"robots\" content=\"index, follow, max-snippet:-1, max-image-preview:large, max-video-preview:-1\" \/>\n<link rel=\"canonical\" href=\"https:\/\/ondauno.com.ar\/index.php\/2025\/06\/14\/la-muni-cerca-de-los-vecinos-el-programa-llego-al-barrio-boca\/\" \/>\n<meta property=\"og:locale\" content=\"es_ES\" \/>\n<meta property=\"og:type\" content=\"article\" \/>\n<meta property=\"og:title\" content=\"La Muni cerca de los vecinos: el programa lleg\u00f3 al barrio Boca - 103.9 fm\" \/>\n<meta property=\"og:description\" content=\"Este s\u00e1bado 14 de junio, el programa municipal La Muni en tu Barrio lleg\u00f3 al Barrio Boca, para estar cerca de cada vecino de Tres Arroyos. La jornada tuvo lugar en el CIC del barrio, tras una campa\u00f1a de difusi\u00f3n por redes sociales, medios locales y folleter\u00eda que invit\u00f3 a la comunidad a acercarse, informarse [&hellip;]\" \/>\n<meta property=\"og:url\" content=\"https:\/\/ondauno.com.ar\/index.php\/2025\/06\/14\/la-muni-cerca-de-los-vecinos-el-programa-llego-al-barrio-boca\/\" \/>\n<meta property=\"og:site_name\" content=\"103.9 fm\" \/>\n<meta property=\"article:publisher\" content=\"https:\/\/www.facebook.com\/ondauno103.9\" \/>\n<meta property=\"article:published_time\" content=\"2025-06-14T17:41:57+00:00\" \/>\n<meta property=\"article:modified_time\" content=\"2025-06-14T17:42:02+00:00\" \/>\n<meta property=\"og:image\" content=\"http:\/\/ondauno.com.ar\/wp-content\/uploads\/2025\/06\/WhatsApp-Image-2025-06-14-at-14.06.25.jpeg\" \/>\n\t<meta property=\"og:image:width\" content=\"1280\" \/>\n\t<meta property=\"og:image:height\" content=\"853\" \/>\n\t<meta property=\"og:image:type\" content=\"image\/jpeg\" \/>\n<meta name=\"author\" content=\"OndaUno\" \/>\n<meta name=\"twitter:card\" content=\"summary_large_image\" \/>\n<meta name=\"twitter:label1\" content=\"Escrito por\" \/>\n\t<meta name=\"twitter:data1\" content=\"OndaUno\" \/>\n\t<meta name=\"twitter:label2\" content=\"Tiempo de lectura\" \/>\n\t<meta name=\"twitter:data2\" content=\"2 minutos\" \/>\n<script type=\"application\/ld+json\" class=\"yoast-schema-graph\">{\"@context\":\"https:\/\/schema.org\",\"@graph\":[{\"@type\":\"WebPage\",\"@id\":\"https:\/\/ondauno.com.ar\/index.php\/2025\/06\/14\/la-muni-cerca-de-los-vecinos-el-programa-llego-al-barrio-boca\/\",\"url\":\"https:\/\/ondauno.com.ar\/index.php\/2025\/06\/14\/la-muni-cerca-de-los-vecinos-el-programa-llego-al-barrio-boca\/\",\"name\":\"La Muni cerca de los vecinos: el programa lleg\u00f3 al barrio Boca - 103.9 fm\",\"isPartOf\":{\"@id\":\"https:\/\/ondauno.com.ar\/#website\"},\"primaryImageOfPage\":{\"@id\":\"https:\/\/ondauno.com.ar\/index.php\/2025\/06\/14\/la-muni-cerca-de-los-vecinos-el-programa-llego-al-barrio-boca\/#primaryimage\"},\"image\":{\"@id\":\"https:\/\/ondauno.com.ar\/index.php\/2025\/06\/14\/la-muni-cerca-de-los-vecinos-el-programa-llego-al-barrio-boca\/#primaryimage\"},\"thumbnailUrl\":\"https:\/\/ondauno.com.ar\/wp-content\/uploads\/2025\/06\/WhatsApp-Image-2025-06-14-at-14.06.25.jpeg\",\"datePublished\":\"2025-06-14T17:41:57+00:00\",\"dateModified\":\"2025-06-14T17:42:02+00:00\",\"author\":{\"@id\":\"https:\/\/ondauno.com.ar\/#\/schema\/person\/7ec851ddeceb4133d7d7132dc645714e\"},\"breadcrumb\":{\"@id\":\"https:\/\/ondauno.com.ar\/index.php\/2025\/06\/14\/la-muni-cerca-de-los-vecinos-el-programa-llego-al-barrio-boca\/#breadcrumb\"},\"inLanguage\":\"es-AR\",\"potentialAction\":[{\"@type\":\"ReadAction\",\"target\":[\"https:\/\/ondauno.com.ar\/index.php\/2025\/06\/14\/la-muni-cerca-de-los-vecinos-el-programa-llego-al-barrio-boca\/\"]}]},{\"@type\":\"ImageObject\",\"inLanguage\":\"es-AR\",\"@id\":\"https:\/\/ondauno.com.ar\/index.php\/2025\/06\/14\/la-muni-cerca-de-los-vecinos-el-programa-llego-al-barrio-boca\/#primaryimage\",\"url\":\"https:\/\/ondauno.com.ar\/wp-content\/uploads\/2025\/06\/WhatsApp-Image-2025-06-14-at-14.06.25.jpeg\",\"contentUrl\":\"https:\/\/ondauno.com.ar\/wp-content\/uploads\/2025\/06\/WhatsApp-Image-2025-06-14-at-14.06.25.jpeg\",\"width\":1280,\"height\":853},{\"@type\":\"BreadcrumbList\",\"@id\":\"https:\/\/ondauno.com.ar\/index.php\/2025\/06\/14\/la-muni-cerca-de-los-vecinos-el-programa-llego-al-barrio-boca\/#breadcrumb\",\"itemListElement\":[{\"@type\":\"ListItem\",\"position\":1,\"name\":\"Inicio\",\"item\":\"https:\/\/ondauno.com.ar\/\"},{\"@type\":\"ListItem\",\"position\":2,\"name\":\"La Muni cerca de los vecinos: el programa lleg\u00f3 al barrio Boca\"}]},{\"@type\":\"WebSite\",\"@id\":\"https:\/\/ondauno.com.ar\/#website\",\"url\":\"https:\/\/ondauno.com.ar\/\",\"name\":\"103.9 fm\",\"description\":\"LA PRIMERA RADIO MULTIMEDIA DE TRES ARROYOS\",\"potentialAction\":[{\"@type\":\"SearchAction\",\"target\":{\"@type\":\"EntryPoint\",\"urlTemplate\":\"https:\/\/ondauno.com.ar\/?s={search_term_string}\"},\"query-input\":\"required name=search_term_string\"}],\"inLanguage\":\"es-AR\"},{\"@type\":\"Person\",\"@id\":\"https:\/\/ondauno.com.ar\/#\/schema\/person\/7ec851ddeceb4133d7d7132dc645714e\",\"name\":\"OndaUno\",\"image\":{\"@type\":\"ImageObject\",\"inLanguage\":\"es-AR\",\"@id\":\"https:\/\/ondauno.com.ar\/#\/schema\/person\/image\/\",\"url\":\"https:\/\/secure.gravatar.com\/avatar\/93b8009f0de7021f1feb2bd5b32fb9e8?s=96&d=mm&r=g\",\"contentUrl\":\"https:\/\/secure.gravatar.com\/avatar\/93b8009f0de7021f1feb2bd5b32fb9e8?s=96&d=mm&r=g\",\"caption\":\"OndaUno\"},\"url\":\"https:\/\/ondauno.com.ar\/index.php\/author\/ondauno\/\"}]}<\/script>\n<!-- \/ Yoast SEO plugin. -->","yoast_head_json":{"title":"La Muni cerca de los vecinos: el programa lleg\u00f3 al barrio Boca - 103.9 fm","robots":{"index":"index","follow":"follow","max-snippet":"max-snippet:-1","max-image-preview":"max-image-preview:large","max-video-preview":"max-video-preview:-1"},"canonical":"https:\/\/ondauno.com.ar\/index.php\/2025\/06\/14\/la-muni-cerca-de-los-vecinos-el-programa-llego-al-barrio-boca\/","og_locale":"es_ES","og_type":"article","og_title":"La Muni cerca de los vecinos: el programa lleg\u00f3 al barrio Boca - 103.9 fm","og_description":"Este s\u00e1bado 14 de junio, el programa municipal La Muni en tu Barrio lleg\u00f3 al Barrio Boca, para estar cerca de cada vecino de Tres Arroyos. La jornada tuvo lugar en el CIC del barrio, tras una campa\u00f1a de difusi\u00f3n por redes sociales, medios locales y folleter\u00eda que invit\u00f3 a la comunidad a acercarse, informarse [&hellip;]","og_url":"https:\/\/ondauno.com.ar\/index.php\/2025\/06\/14\/la-muni-cerca-de-los-vecinos-el-programa-llego-al-barrio-boca\/","og_site_name":"103.9 fm","article_publisher":"https:\/\/www.facebook.com\/ondauno103.9","article_published_time":"2025-06-14T17:41:57+00:00","article_modified_time":"2025-06-14T17:42:02+00:00","og_image":[{"width":1280,"height":853,"url":"http:\/\/ondauno.com.ar\/wp-content\/uploads\/2025\/06\/WhatsApp-Image-2025-06-14-at-14.06.25.jpeg","type":"image\/jpeg"}],"author":"OndaUno","twitter_card":"summary_large_image","twitter_misc":{"Escrito por":"OndaUno","Tiempo de lectura":"2 minutos"},"schema":{"@context":"https:\/\/schema.org","@graph":[{"@type":"WebPage","@id":"https:\/\/ondauno.com.ar\/index.php\/2025\/06\/14\/la-muni-cerca-de-los-vecinos-el-programa-llego-al-barrio-boca\/","url":"https:\/\/ondauno.com.ar\/index.php\/2025\/06\/14\/la-muni-cerca-de-los-vecinos-el-programa-llego-al-barrio-boca\/","name":"La Muni cerca de los vecinos: el programa lleg\u00f3 al barrio Boca - 103.9 fm","isPartOf":{"@id":"https:\/\/ondauno.com.ar\/#website"},"primaryImageOfPage":{"@id":"https:\/\/ondauno.com.ar\/index.php\/2025\/06\/14\/la-muni-cerca-de-los-vecinos-el-programa-llego-al-barrio-boca\/#primaryimage"},"image":{"@id":"https:\/\/ondauno.com.ar\/index.php\/2025\/06\/14\/la-muni-cerca-de-los-vecinos-el-programa-llego-al-barrio-boca\/#primaryimage"},"thumbnailUrl":"https:\/\/ondauno.com.ar\/wp-content\/uploads\/2025\/06\/WhatsApp-Image-2025-06-14-at-14.06.25.jpeg","datePublished":"2025-06-14T17:41:57+00:00","dateModified":"2025-06-14T17:42:02+00:00","author":{"@id":"https:\/\/ondauno.com.ar\/#\/schema\/person\/7ec851ddeceb4133d7d7132dc645714e"},"breadcrumb":{"@id":"https:\/\/ondauno.com.ar\/index.php\/2025\/06\/14\/la-muni-cerca-de-los-vecinos-el-programa-llego-al-barrio-boca\/#breadcrumb"},"inLanguage":"es-AR","potentialAction":[{"@type":"ReadAction","target":["https:\/\/ondauno.com.ar\/index.php\/2025\/06\/14\/la-muni-cerca-de-los-vecinos-el-programa-llego-al-barrio-boca\/"]}]},{"@type":"ImageObject","inLanguage":"es-AR","@id":"https:\/\/ondauno.com.ar\/index.php\/2025\/06\/14\/la-muni-cerca-de-los-vecinos-el-programa-llego-al-barrio-boca\/#primaryimage","url":"https:\/\/ondauno.com.ar\/wp-content\/uploads\/2025\/06\/WhatsApp-Image-2025-06-14-at-14.06.25.jpeg","contentUrl":"https:\/\/ondauno.com.ar\/wp-content\/uploads\/2025\/06\/WhatsApp-Image-2025-06-14-at-14.06.25.jpeg","width":1280,"height":853},{"@type":"BreadcrumbList","@id":"https:\/\/ondauno.com.ar\/index.php\/2025\/06\/14\/la-muni-cerca-de-los-vecinos-el-programa-llego-al-barrio-boca\/#breadcrumb","itemListElement":[{"@type":"ListItem","position":1,"name":"Inicio","item":"https:\/\/ondauno.com.ar\/"},{"@type":"ListItem","position":2,"name":"La Muni cerca de los vecinos: el programa lleg\u00f3 al barrio Boca"}]},{"@type":"WebSite","@id":"https:\/\/ondauno.com.ar\/#website","url":"https:\/\/ondauno.com.ar\/","name":"103.9 fm","description":"LA PRIMERA RADIO MULTIMEDIA DE TRES ARROYOS","potentialAction":[{"@type":"SearchAction","target":{"@type":"EntryPoint","urlTemplate":"https:\/\/ondauno.com.ar\/?s={search_term_string}"},"query-input":"required name=search_term_string"}],"inLanguage":"es-AR"},{"@type":"Person","@id":"https:\/\/ondauno.com.ar\/#\/schema\/person\/7ec851ddeceb4133d7d7132dc645714e","name":"OndaUno","image":{"@type":"ImageObject","inLanguage":"es-AR","@id":"https:\/\/ondauno.com.ar\/#\/schema\/person\/image\/","url":"https:\/\/secure.gravatar.com\/avatar\/93b8009f0de7021f1feb2bd5b32fb9e8?s=96&d=mm&r=g","contentUrl":"https:\/\/secure.gravatar.com\/avatar\/93b8009f0de7021f1feb2bd5b32fb9e8?s=96&d=mm&r=g","caption":"OndaUno"},"url":"https:\/\/ondauno.com.ar\/index.php\/author\/ondauno\/"}]}},"jetpack_publicize_connections":[],"jetpack_featured_media_url":"https:\/\/ondauno.com.ar\/wp-content\/uploads\/2025\/06\/WhatsApp-Image-2025-06-14-at-14.06.25.jpeg","jetpack_sharing_enabled":true,"_links":{"self":[{"href":"https:\/\/ondauno.com.ar\/index.php\/wp-json\/wp\/v2\/posts\/57556","targetHints":{"allow":["GET"]}}],"collection":[{"href":"https:\/\/ondauno.com.ar\/index.php\/wp-json\/wp\/v2\/posts"}],"about":[{"href":"https:\/\/ondauno.com.ar\/index.php\/wp-json\/wp\/v2\/types\/post"}],"author":[{"embeddable":true,"href":"https:\/\/ondauno.com.ar\/index.php\/wp-json\/wp\/v2\/users\/1"}],"replies":[{"embeddable":true,"href":"https:\/\/ondauno.com.ar\/index.php\/wp-json\/wp\/v2\/comments?post=57556"}],"version-history":[{"count":1,"href":"https:\/\/ondauno.com.ar\/index.php\/wp-json\/wp\/v2\/posts\/57556\/revisions"}],"predecessor-version":[{"id":57559,"href":"https:\/\/ondauno.com.ar\/index.php\/wp-json\/wp\/v2\/posts\/57556\/revisions\/57559"}],"wp:featuredmedia":[{"embeddable":true,"href":"https:\/\/ondauno.com.ar\/index.php\/wp-json\/wp\/v2\/media\/57557"}],"wp:attachment":[{"href":"https:\/\/ondauno.com.ar\/index.php\/wp-json\/wp\/v2\/media?parent=57556"}],"wp:term":[{"taxonomy":"category","embeddable":true,"href":"https:\/\/ondauno.com.ar\/index.php\/wp-json\/wp\/v2\/categories?post=57556"},{"taxonomy":"post_tag","embeddable":true,"href":"https:\/\/ondauno.com.ar\/index.php\/wp-json\/wp\/v2\/tags?post=57556"}],"curies":[{"name":"wp","href":"https:\/\/api.w.org\/{rel}","templated":true}]}}