{"id":57553,"date":"2025-06-14T14:27:03","date_gmt":"2025-06-14T17:27:03","guid":{"rendered":"https:\/\/ondauno.com.ar\/?p=57553"},"modified":"2025-06-14T14:27:08","modified_gmt":"2025-06-14T17:27:08","slug":"llega-a-gonzalez-chaves-la-premiada-obra-sentido-menaje","status":"publish","type":"post","link":"https:\/\/ondauno.com.ar\/index.php\/2025\/06\/14\/llega-a-gonzalez-chaves-la-premiada-obra-sentido-menaje\/","title":{"rendered":"Llega a Gonz\u00e1lez Chaves la premiada obra \u201cSentido menaje\u201d"},"content":{"rendered":"<div class=\"ondau-before-content_3\" style=\"margin-top: -30px;\" id=\"ondau-3828325448\"><a href=\"https:\/\/www.lps.com.ar\/\" aria-label=\"la-perse2\"><img loading=\"lazy\" decoding=\"async\" src=\"https:\/\/ondauno.com.ar\/wp-content\/uploads\/2021\/10\/la-perse2.jpg\" alt=\"\"  srcset=\"https:\/\/ondauno.com.ar\/wp-content\/uploads\/2021\/10\/la-perse2.jpg 1353w, https:\/\/ondauno.com.ar\/wp-content\/uploads\/2021\/10\/la-perse2-300x43.jpg 300w, https:\/\/ondauno.com.ar\/wp-content\/uploads\/2021\/10\/la-perse2-1024x148.jpg 1024w, https:\/\/ondauno.com.ar\/wp-content\/uploads\/2021\/10\/la-perse2-768x111.jpg 768w, https:\/\/ondauno.com.ar\/wp-content\/uploads\/2021\/10\/la-perse2-696x100.jpg 696w, https:\/\/ondauno.com.ar\/wp-content\/uploads\/2021\/10\/la-perse2-1068x154.jpg 1068w\" sizes=\"(max-width: 1353px) 100vw, 1353px\" class=\"no-lazyload\" width=\"1353\" height=\"195\"  style=\"display: inline-block;\" \/><\/a><\/div>\n<p>La galardonada obra teatral <em>Sentido menaje<\/em>, escrita y dirigida por Andr\u00e9s Mazzitelli, se presentar\u00e1 el s\u00e1bado 14 de junio a las 20:30 en el Auditorium Sala Elvira Ceballos de Adolfo Gonz\u00e1lez Chaves.<\/p>\n\n\n\n<p>Protagonizada por Roberto Dolad\u00e9, Jorge Ferrer y el propio Mazzitelli, la pieza fue distinguida en Espa\u00f1a en el Certamen Iberoamericano de Dramaturgia Carlos Schwaderer en 2022, y publicada al a\u00f1o siguiente junto con la obra <em>Traviesas<\/em>, de la dramaturga madrile\u00f1a Meije Guerrero.<\/p>\n\n\n\n<p>El jurado del certamen destac\u00f3 que se trata de \u201cuna din\u00e1mica y magistral obra en la que, con humor, se aborda la relaci\u00f3n entre maestro y disc\u00edpulo en el \u00e1mbito literario, donde el choque de egos y la lucha por la fama puede pervertir el v\u00ednculo entre mentor y aprendiz\u201d.<\/p>\n\n\n\n<p>La puesta cuenta con voces en off del poeta claromequense Julio Fern\u00e1ndez Sarlangue, la actriz Vivi Campos, el actor Carlos Strefezza, el periodista y escritor Guillermo Cavia y la actriz Silvia Meleiro. La escenograf\u00eda fue realizada por Hugo Costanzo, y la operaci\u00f3n t\u00e9cnica est\u00e1 a cargo de Anah\u00ed Fern\u00e1ndez, con la colaboraci\u00f3n de Nicol\u00e1s F\u00e9rex, Diana Escudero y la coordinaci\u00f3n de sala de \u00c9rika Raab.<\/p>\n\n\n\n<p>Desde su estreno, <em>Sentido menaje<\/em> ha recibido elogios de la cr\u00edtica y el p\u00fablico. Es la novena obra de Mazzitelli, autor tambi\u00e9n de <em>Por hoy dejamos ac\u00e1<\/em> y <em>Memoria cu\u00e1ntica<\/em>, ambas premiadas y representadas internacionalmente.<\/p>\n\n\n\n<p>Con un texto \u00e1gil, \u00e1cido y con momentos dram\u00e1ticos, la obra ofrece una mirada cr\u00edtica sobre los v\u00ednculos y la creaci\u00f3n art\u00edstica, con un final inesperado. Las entradas anticipadas est\u00e1n disponibles en el Centro Cultural Georgina V. de Lafargue.<\/p>\n","protected":false},"excerpt":{"rendered":"<p>La galardonada obra teatral Sentido menaje, escrita y dirigida por Andr\u00e9s Mazzitelli, se presentar\u00e1 el s\u00e1bado 14 de junio a las 20:30 en el Auditorium Sala Elvira Ceballos de Adolfo Gonz\u00e1lez Chaves. Protagonizada por Roberto Dolad\u00e9, Jorge Ferrer y el propio Mazzitelli, la pieza fue distinguida en Espa\u00f1a en el Certamen Iberoamericano de Dramaturgia Carlos [&hellip;]<\/p>\n","protected":false},"author":1,"featured_media":57554,"comment_status":"open","ping_status":"open","sticky":false,"template":"","format":"standard","meta":{"tdm_status":"","tdm_grid_status":"","_jetpack_memberships_contains_paid_content":false,"footnotes":"","jetpack_publicize_message":"","jetpack_publicize_feature_enabled":true,"jetpack_social_post_already_shared":true,"jetpack_social_options":{"image_generator_settings":{"template":"highway","default_image_id":0,"font":"","enabled":false},"version":2}},"categories":[28],"tags":[],"class_list":{"0":"post-57553","1":"post","2":"type-post","3":"status-publish","4":"format-standard","5":"has-post-thumbnail","7":"category-interes-general"},"yoast_head":"<!-- This site is optimized with the Yoast SEO plugin v22.7 - https:\/\/yoast.com\/wordpress\/plugins\/seo\/ -->\n<title>Llega a Gonz\u00e1lez Chaves la premiada obra \u201cSentido menaje\u201d - 103.9 fm<\/title>\n<meta name=\"robots\" content=\"index, follow, max-snippet:-1, max-image-preview:large, max-video-preview:-1\" \/>\n<link rel=\"canonical\" href=\"https:\/\/ondauno.com.ar\/index.php\/2025\/06\/14\/llega-a-gonzalez-chaves-la-premiada-obra-sentido-menaje\/\" \/>\n<meta property=\"og:locale\" content=\"es_ES\" \/>\n<meta property=\"og:type\" content=\"article\" \/>\n<meta property=\"og:title\" content=\"Llega a Gonz\u00e1lez Chaves la premiada obra \u201cSentido menaje\u201d - 103.9 fm\" \/>\n<meta property=\"og:description\" content=\"La galardonada obra teatral Sentido menaje, escrita y dirigida por Andr\u00e9s Mazzitelli, se presentar\u00e1 el s\u00e1bado 14 de junio a las 20:30 en el Auditorium Sala Elvira Ceballos de Adolfo Gonz\u00e1lez Chaves. Protagonizada por Roberto Dolad\u00e9, Jorge Ferrer y el propio Mazzitelli, la pieza fue distinguida en Espa\u00f1a en el Certamen Iberoamericano de Dramaturgia Carlos [&hellip;]\" \/>\n<meta property=\"og:url\" content=\"https:\/\/ondauno.com.ar\/index.php\/2025\/06\/14\/llega-a-gonzalez-chaves-la-premiada-obra-sentido-menaje\/\" \/>\n<meta property=\"og:site_name\" content=\"103.9 fm\" \/>\n<meta property=\"article:publisher\" content=\"https:\/\/www.facebook.com\/ondauno103.9\" \/>\n<meta property=\"article:published_time\" content=\"2025-06-14T17:27:03+00:00\" \/>\n<meta property=\"article:modified_time\" content=\"2025-06-14T17:27:08+00:00\" \/>\n<meta property=\"og:image\" content=\"http:\/\/ondauno.com.ar\/wp-content\/uploads\/2025\/06\/WhatsApp-Image-2025-06-13-at-21.20.23.jpeg\" \/>\n\t<meta property=\"og:image:width\" content=\"621\" \/>\n\t<meta property=\"og:image:height\" content=\"359\" \/>\n\t<meta property=\"og:image:type\" content=\"image\/jpeg\" \/>\n<meta name=\"author\" content=\"OndaUno\" \/>\n<meta name=\"twitter:card\" content=\"summary_large_image\" \/>\n<meta name=\"twitter:label1\" content=\"Escrito por\" \/>\n\t<meta name=\"twitter:data1\" content=\"OndaUno\" \/>\n\t<meta name=\"twitter:label2\" content=\"Tiempo de lectura\" \/>\n\t<meta name=\"twitter:data2\" content=\"2 minutos\" \/>\n<script type=\"application\/ld+json\" class=\"yoast-schema-graph\">{\"@context\":\"https:\/\/schema.org\",\"@graph\":[{\"@type\":\"WebPage\",\"@id\":\"https:\/\/ondauno.com.ar\/index.php\/2025\/06\/14\/llega-a-gonzalez-chaves-la-premiada-obra-sentido-menaje\/\",\"url\":\"https:\/\/ondauno.com.ar\/index.php\/2025\/06\/14\/llega-a-gonzalez-chaves-la-premiada-obra-sentido-menaje\/\",\"name\":\"Llega a Gonz\u00e1lez Chaves la premiada obra \u201cSentido menaje\u201d - 103.9 fm\",\"isPartOf\":{\"@id\":\"https:\/\/ondauno.com.ar\/#website\"},\"primaryImageOfPage\":{\"@id\":\"https:\/\/ondauno.com.ar\/index.php\/2025\/06\/14\/llega-a-gonzalez-chaves-la-premiada-obra-sentido-menaje\/#primaryimage\"},\"image\":{\"@id\":\"https:\/\/ondauno.com.ar\/index.php\/2025\/06\/14\/llega-a-gonzalez-chaves-la-premiada-obra-sentido-menaje\/#primaryimage\"},\"thumbnailUrl\":\"https:\/\/ondauno.com.ar\/wp-content\/uploads\/2025\/06\/WhatsApp-Image-2025-06-13-at-21.20.23.jpeg\",\"datePublished\":\"2025-06-14T17:27:03+00:00\",\"dateModified\":\"2025-06-14T17:27:08+00:00\",\"author\":{\"@id\":\"https:\/\/ondauno.com.ar\/#\/schema\/person\/7ec851ddeceb4133d7d7132dc645714e\"},\"breadcrumb\":{\"@id\":\"https:\/\/ondauno.com.ar\/index.php\/2025\/06\/14\/llega-a-gonzalez-chaves-la-premiada-obra-sentido-menaje\/#breadcrumb\"},\"inLanguage\":\"es-AR\",\"potentialAction\":[{\"@type\":\"ReadAction\",\"target\":[\"https:\/\/ondauno.com.ar\/index.php\/2025\/06\/14\/llega-a-gonzalez-chaves-la-premiada-obra-sentido-menaje\/\"]}]},{\"@type\":\"ImageObject\",\"inLanguage\":\"es-AR\",\"@id\":\"https:\/\/ondauno.com.ar\/index.php\/2025\/06\/14\/llega-a-gonzalez-chaves-la-premiada-obra-sentido-menaje\/#primaryimage\",\"url\":\"https:\/\/ondauno.com.ar\/wp-content\/uploads\/2025\/06\/WhatsApp-Image-2025-06-13-at-21.20.23.jpeg\",\"contentUrl\":\"https:\/\/ondauno.com.ar\/wp-content\/uploads\/2025\/06\/WhatsApp-Image-2025-06-13-at-21.20.23.jpeg\",\"width\":621,\"height\":359},{\"@type\":\"BreadcrumbList\",\"@id\":\"https:\/\/ondauno.com.ar\/index.php\/2025\/06\/14\/llega-a-gonzalez-chaves-la-premiada-obra-sentido-menaje\/#breadcrumb\",\"itemListElement\":[{\"@type\":\"ListItem\",\"position\":1,\"name\":\"Inicio\",\"item\":\"https:\/\/ondauno.com.ar\/\"},{\"@type\":\"ListItem\",\"position\":2,\"name\":\"Llega a Gonz\u00e1lez Chaves la premiada obra \u201cSentido menaje\u201d\"}]},{\"@type\":\"WebSite\",\"@id\":\"https:\/\/ondauno.com.ar\/#website\",\"url\":\"https:\/\/ondauno.com.ar\/\",\"name\":\"103.9 fm\",\"description\":\"LA PRIMERA RADIO MULTIMEDIA DE TRES ARROYOS\",\"potentialAction\":[{\"@type\":\"SearchAction\",\"target\":{\"@type\":\"EntryPoint\",\"urlTemplate\":\"https:\/\/ondauno.com.ar\/?s={search_term_string}\"},\"query-input\":\"required name=search_term_string\"}],\"inLanguage\":\"es-AR\"},{\"@type\":\"Person\",\"@id\":\"https:\/\/ondauno.com.ar\/#\/schema\/person\/7ec851ddeceb4133d7d7132dc645714e\",\"name\":\"OndaUno\",\"image\":{\"@type\":\"ImageObject\",\"inLanguage\":\"es-AR\",\"@id\":\"https:\/\/ondauno.com.ar\/#\/schema\/person\/image\/\",\"url\":\"https:\/\/secure.gravatar.com\/avatar\/93b8009f0de7021f1feb2bd5b32fb9e8?s=96&d=mm&r=g\",\"contentUrl\":\"https:\/\/secure.gravatar.com\/avatar\/93b8009f0de7021f1feb2bd5b32fb9e8?s=96&d=mm&r=g\",\"caption\":\"OndaUno\"},\"url\":\"https:\/\/ondauno.com.ar\/index.php\/author\/ondauno\/\"}]}<\/script>\n<!-- \/ Yoast SEO plugin. -->","yoast_head_json":{"title":"Llega a Gonz\u00e1lez Chaves la premiada obra \u201cSentido menaje\u201d - 103.9 fm","robots":{"index":"index","follow":"follow","max-snippet":"max-snippet:-1","max-image-preview":"max-image-preview:large","max-video-preview":"max-video-preview:-1"},"canonical":"https:\/\/ondauno.com.ar\/index.php\/2025\/06\/14\/llega-a-gonzalez-chaves-la-premiada-obra-sentido-menaje\/","og_locale":"es_ES","og_type":"article","og_title":"Llega a Gonz\u00e1lez Chaves la premiada obra \u201cSentido menaje\u201d - 103.9 fm","og_description":"La galardonada obra teatral Sentido menaje, escrita y dirigida por Andr\u00e9s Mazzitelli, se presentar\u00e1 el s\u00e1bado 14 de junio a las 20:30 en el Auditorium Sala Elvira Ceballos de Adolfo Gonz\u00e1lez Chaves. Protagonizada por Roberto Dolad\u00e9, Jorge Ferrer y el propio Mazzitelli, la pieza fue distinguida en Espa\u00f1a en el Certamen Iberoamericano de Dramaturgia Carlos [&hellip;]","og_url":"https:\/\/ondauno.com.ar\/index.php\/2025\/06\/14\/llega-a-gonzalez-chaves-la-premiada-obra-sentido-menaje\/","og_site_name":"103.9 fm","article_publisher":"https:\/\/www.facebook.com\/ondauno103.9","article_published_time":"2025-06-14T17:27:03+00:00","article_modified_time":"2025-06-14T17:27:08+00:00","og_image":[{"width":621,"height":359,"url":"http:\/\/ondauno.com.ar\/wp-content\/uploads\/2025\/06\/WhatsApp-Image-2025-06-13-at-21.20.23.jpeg","type":"image\/jpeg"}],"author":"OndaUno","twitter_card":"summary_large_image","twitter_misc":{"Escrito por":"OndaUno","Tiempo de lectura":"2 minutos"},"schema":{"@context":"https:\/\/schema.org","@graph":[{"@type":"WebPage","@id":"https:\/\/ondauno.com.ar\/index.php\/2025\/06\/14\/llega-a-gonzalez-chaves-la-premiada-obra-sentido-menaje\/","url":"https:\/\/ondauno.com.ar\/index.php\/2025\/06\/14\/llega-a-gonzalez-chaves-la-premiada-obra-sentido-menaje\/","name":"Llega a Gonz\u00e1lez Chaves la premiada obra \u201cSentido menaje\u201d - 103.9 fm","isPartOf":{"@id":"https:\/\/ondauno.com.ar\/#website"},"primaryImageOfPage":{"@id":"https:\/\/ondauno.com.ar\/index.php\/2025\/06\/14\/llega-a-gonzalez-chaves-la-premiada-obra-sentido-menaje\/#primaryimage"},"image":{"@id":"https:\/\/ondauno.com.ar\/index.php\/2025\/06\/14\/llega-a-gonzalez-chaves-la-premiada-obra-sentido-menaje\/#primaryimage"},"thumbnailUrl":"https:\/\/ondauno.com.ar\/wp-content\/uploads\/2025\/06\/WhatsApp-Image-2025-06-13-at-21.20.23.jpeg","datePublished":"2025-06-14T17:27:03+00:00","dateModified":"2025-06-14T17:27:08+00:00","author":{"@id":"https:\/\/ondauno.com.ar\/#\/schema\/person\/7ec851ddeceb4133d7d7132dc645714e"},"breadcrumb":{"@id":"https:\/\/ondauno.com.ar\/index.php\/2025\/06\/14\/llega-a-gonzalez-chaves-la-premiada-obra-sentido-menaje\/#breadcrumb"},"inLanguage":"es-AR","potentialAction":[{"@type":"ReadAction","target":["https:\/\/ondauno.com.ar\/index.php\/2025\/06\/14\/llega-a-gonzalez-chaves-la-premiada-obra-sentido-menaje\/"]}]},{"@type":"ImageObject","inLanguage":"es-AR","@id":"https:\/\/ondauno.com.ar\/index.php\/2025\/06\/14\/llega-a-gonzalez-chaves-la-premiada-obra-sentido-menaje\/#primaryimage","url":"https:\/\/ondauno.com.ar\/wp-content\/uploads\/2025\/06\/WhatsApp-Image-2025-06-13-at-21.20.23.jpeg","contentUrl":"https:\/\/ondauno.com.ar\/wp-content\/uploads\/2025\/06\/WhatsApp-Image-2025-06-13-at-21.20.23.jpeg","width":621,"height":359},{"@type":"BreadcrumbList","@id":"https:\/\/ondauno.com.ar\/index.php\/2025\/06\/14\/llega-a-gonzalez-chaves-la-premiada-obra-sentido-menaje\/#breadcrumb","itemListElement":[{"@type":"ListItem","position":1,"name":"Inicio","item":"https:\/\/ondauno.com.ar\/"},{"@type":"ListItem","position":2,"name":"Llega a Gonz\u00e1lez Chaves la premiada obra \u201cSentido menaje\u201d"}]},{"@type":"WebSite","@id":"https:\/\/ondauno.com.ar\/#website","url":"https:\/\/ondauno.com.ar\/","name":"103.9 fm","description":"LA PRIMERA RADIO MULTIMEDIA DE TRES ARROYOS","potentialAction":[{"@type":"SearchAction","target":{"@type":"EntryPoint","urlTemplate":"https:\/\/ondauno.com.ar\/?s={search_term_string}"},"query-input":"required name=search_term_string"}],"inLanguage":"es-AR"},{"@type":"Person","@id":"https:\/\/ondauno.com.ar\/#\/schema\/person\/7ec851ddeceb4133d7d7132dc645714e","name":"OndaUno","image":{"@type":"ImageObject","inLanguage":"es-AR","@id":"https:\/\/ondauno.com.ar\/#\/schema\/person\/image\/","url":"https:\/\/secure.gravatar.com\/avatar\/93b8009f0de7021f1feb2bd5b32fb9e8?s=96&d=mm&r=g","contentUrl":"https:\/\/secure.gravatar.com\/avatar\/93b8009f0de7021f1feb2bd5b32fb9e8?s=96&d=mm&r=g","caption":"OndaUno"},"url":"https:\/\/ondauno.com.ar\/index.php\/author\/ondauno\/"}]}},"jetpack_publicize_connections":[],"jetpack_featured_media_url":"https:\/\/ondauno.com.ar\/wp-content\/uploads\/2025\/06\/WhatsApp-Image-2025-06-13-at-21.20.23.jpeg","jetpack_sharing_enabled":true,"_links":{"self":[{"href":"https:\/\/ondauno.com.ar\/index.php\/wp-json\/wp\/v2\/posts\/57553","targetHints":{"allow":["GET"]}}],"collection":[{"href":"https:\/\/ondauno.com.ar\/index.php\/wp-json\/wp\/v2\/posts"}],"about":[{"href":"https:\/\/ondauno.com.ar\/index.php\/wp-json\/wp\/v2\/types\/post"}],"author":[{"embeddable":true,"href":"https:\/\/ondauno.com.ar\/index.php\/wp-json\/wp\/v2\/users\/1"}],"replies":[{"embeddable":true,"href":"https:\/\/ondauno.com.ar\/index.php\/wp-json\/wp\/v2\/comments?post=57553"}],"version-history":[{"count":1,"href":"https:\/\/ondauno.com.ar\/index.php\/wp-json\/wp\/v2\/posts\/57553\/revisions"}],"predecessor-version":[{"id":57555,"href":"https:\/\/ondauno.com.ar\/index.php\/wp-json\/wp\/v2\/posts\/57553\/revisions\/57555"}],"wp:featuredmedia":[{"embeddable":true,"href":"https:\/\/ondauno.com.ar\/index.php\/wp-json\/wp\/v2\/media\/57554"}],"wp:attachment":[{"href":"https:\/\/ondauno.com.ar\/index.php\/wp-json\/wp\/v2\/media?parent=57553"}],"wp:term":[{"taxonomy":"category","embeddable":true,"href":"https:\/\/ondauno.com.ar\/index.php\/wp-json\/wp\/v2\/categories?post=57553"},{"taxonomy":"post_tag","embeddable":true,"href":"https:\/\/ondauno.com.ar\/index.php\/wp-json\/wp\/v2\/tags?post=57553"}],"curies":[{"name":"wp","href":"https:\/\/api.w.org\/{rel}","templated":true}]}}