{"id":57548,"date":"2025-06-13T21:12:32","date_gmt":"2025-06-14T00:12:32","guid":{"rendered":"https:\/\/ondauno.com.ar\/?p=57548"},"modified":"2025-06-13T21:12:38","modified_gmt":"2025-06-14T00:12:38","slug":"discapacidad-la-falta-de-informacion-siempre-fue-una-de-las-mayores-barreras-aseguro-baez","status":"publish","type":"post","link":"https:\/\/ondauno.com.ar\/index.php\/2025\/06\/13\/discapacidad-la-falta-de-informacion-siempre-fue-una-de-las-mayores-barreras-aseguro-baez\/","title":{"rendered":"Discapacidad: \u201cLa falta de informaci\u00f3n siempre fue una de las mayores barreras\u201d, asegur\u00f3 B\u00e1ez"},"content":{"rendered":"<div class=\"ondau-before-content_3\" style=\"margin-top: -30px;\" id=\"ondau-3193137224\"><a href=\"https:\/\/www.lps.com.ar\/\" aria-label=\"la-perse2\"><img loading=\"lazy\" decoding=\"async\" src=\"https:\/\/ondauno.com.ar\/wp-content\/uploads\/2021\/10\/la-perse2.jpg\" alt=\"\"  srcset=\"https:\/\/ondauno.com.ar\/wp-content\/uploads\/2021\/10\/la-perse2.jpg 1353w, https:\/\/ondauno.com.ar\/wp-content\/uploads\/2021\/10\/la-perse2-300x43.jpg 300w, https:\/\/ondauno.com.ar\/wp-content\/uploads\/2021\/10\/la-perse2-1024x148.jpg 1024w, https:\/\/ondauno.com.ar\/wp-content\/uploads\/2021\/10\/la-perse2-768x111.jpg 768w, https:\/\/ondauno.com.ar\/wp-content\/uploads\/2021\/10\/la-perse2-696x100.jpg 696w, https:\/\/ondauno.com.ar\/wp-content\/uploads\/2021\/10\/la-perse2-1068x154.jpg 1068w\" sizes=\"(max-width: 1353px) 100vw, 1353px\" class=\"no-lazyload\" width=\"1353\" height=\"195\"  style=\"display: inline-block;\" \/><\/a><\/div>\n<p>El presidente de la Comisi\u00f3n Municipal de Discapacidad, Agust\u00edn B\u00e1ez, visit\u00f3 Cosas que pasan y habl\u00f3 sobre los desaf\u00edos de su nueva funci\u00f3n y el trabajo del consejo. \u201cNo ten\u00eda experiencia como presidente, pero s\u00ed \u00e9ramos cr\u00edticos del funcionamiento anterior. Buscamos darle otra din\u00e1mica y llegar m\u00e1s a la sociedad\u201d, explic\u00f3.<\/p>\n\n\n\n<p>B\u00e1ez valor\u00f3 la diversidad del equipo con el que trabaja \u2014integrado por psic\u00f3logos, inspectoras y profesionales de distintas \u00e1reas\u2014 y destac\u00f3 la importancia de compartir los res\u00famenes de cada reuni\u00f3n para construir una red. Coment\u00f3 que \u201cla falta de informaci\u00f3n siempre fue una de las mayores barreras que enfrentamos en torno a la discapacidad y la salud mental\u201d.<\/p>\n\n\n\n<p>Al referirse a los temas que atraviesan los encuentros del Consejo, mencion\u00f3 m\u00e1s de 20 ejes de trabajo, entre ellos la accesibilidad, la inserci\u00f3n laboral, las pr\u00e1cticas discriminatorias y las estad\u00edsticas. \u201cNo estamos acostumbrados a trabajar en forma colectiva y eso tambi\u00e9n es un desaf\u00edo\u201d, se\u00f1al\u00f3.<\/p>\n\n\n\n<p>Adem\u00e1s subray\u00f3 la necesidad de pol\u00edticas p\u00fablicas que contemplen los distintos tipos de apoyos para personas con discapacidad. \u201cTodos pueden aprender, pero es necesario formarse, tener actitud, contar con apoyos adecuados y estrategias pedag\u00f3gicas\u201d.<\/p>\n\n\n\n<p>B\u00e1ez tambi\u00e9n hizo hincapi\u00e9 en las barreras actitudinales que persisten, especialmente hacia las personas mayores y quienes atraviesan situaciones vinculadas a la salud mental. \u201cYo mismo fui paciente durante diez a\u00f1os. Las palabras pueden herir profundamente y muchas veces reproducimos prejuicios sin darnos cuenta\u201d, sostuvo.<\/p>\n\n\n\n<p>En relaci\u00f3n a la Ley Nacional de Salud Mental, expres\u00f3: \u201cEs una muy buena ley, pero con muchos intereses en juego. No es perfecta, pero descartar todo lo que propone ser\u00eda un error. Hace falta m\u00e1s formaci\u00f3n y una mirada comunitaria e interdisciplinaria\u201d.<\/p>\n\n\n\n<p>Finalmente sostuvo que desde el Consejo se acercan a distintas localidades para abrir espacios de di\u00e1logo. \u201cVamos a cada lugar a ponernos a disposici\u00f3n y acompa\u00f1ar. Lo importante es empezar a debatir el tema\u201d, asegur\u00f3.<\/p>\n\n\n\n<figure class=\"wp-block-embed is-type-video is-provider-youtube wp-block-embed-youtube wp-embed-aspect-16-9 wp-has-aspect-ratio\"><div class=\"wp-block-embed__wrapper\">\n<div class=\"youtube-embed\" data-video_id=\"NFrDcQ_36Xs\"><iframe loading=\"lazy\" title=\"Onda Uno 103.9 en vivo\" width=\"696\" height=\"392\" data-src=\"https:\/\/www.youtube.com\/embed\/NFrDcQ_36Xs?start=3&#038;feature=oembed\" frameborder=\"0\" allow=\"accelerometer; autoplay; clipboard-write; encrypted-media; gyroscope; picture-in-picture; web-share\" referrerpolicy=\"strict-origin-when-cross-origin\" allowfullscreen src=\"data:image\/gif;base64,R0lGODlhAQABAAAAACH5BAEKAAEALAAAAAABAAEAAAICTAEAOw==\" class=\"lazyload\" data-load-mode=\"1\"><\/iframe><\/div>\n<\/div><\/figure>\n","protected":false},"excerpt":{"rendered":"<p>El presidente de la Comisi\u00f3n Municipal de Discapacidad, Agust\u00edn B\u00e1ez, visit\u00f3 Cosas que pasan y habl\u00f3 sobre los desaf\u00edos de su nueva funci\u00f3n y el trabajo del consejo. \u201cNo ten\u00eda experiencia como presidente, pero s\u00ed \u00e9ramos cr\u00edticos del funcionamiento anterior. Buscamos darle otra din\u00e1mica y llegar m\u00e1s a la sociedad\u201d, explic\u00f3. B\u00e1ez valor\u00f3 la diversidad [&hellip;]<\/p>\n","protected":false},"author":1,"featured_media":57550,"comment_status":"open","ping_status":"open","sticky":false,"template":"","format":"standard","meta":{"tdm_status":"","tdm_grid_status":"","_jetpack_memberships_contains_paid_content":false,"footnotes":"","jetpack_publicize_message":"","jetpack_publicize_feature_enabled":true,"jetpack_social_post_already_shared":true,"jetpack_social_options":{"image_generator_settings":{"template":"highway","default_image_id":0,"font":"","enabled":false},"version":2}},"categories":[26],"tags":[],"class_list":{"0":"post-57548","1":"post","2":"type-post","3":"status-publish","4":"format-standard","5":"has-post-thumbnail","7":"category-destacada"},"yoast_head":"<!-- This site is optimized with the Yoast SEO plugin v22.7 - https:\/\/yoast.com\/wordpress\/plugins\/seo\/ -->\n<title>Discapacidad: \u201cLa falta de informaci\u00f3n siempre fue una de las mayores barreras\u201d, asegur\u00f3 B\u00e1ez - 103.9 fm<\/title>\n<meta name=\"robots\" content=\"index, follow, max-snippet:-1, max-image-preview:large, max-video-preview:-1\" \/>\n<link rel=\"canonical\" href=\"https:\/\/ondauno.com.ar\/index.php\/2025\/06\/13\/discapacidad-la-falta-de-informacion-siempre-fue-una-de-las-mayores-barreras-aseguro-baez\/\" \/>\n<meta property=\"og:locale\" content=\"es_ES\" \/>\n<meta property=\"og:type\" content=\"article\" \/>\n<meta property=\"og:title\" content=\"Discapacidad: \u201cLa falta de informaci\u00f3n siempre fue una de las mayores barreras\u201d, asegur\u00f3 B\u00e1ez - 103.9 fm\" \/>\n<meta property=\"og:description\" content=\"El presidente de la Comisi\u00f3n Municipal de Discapacidad, Agust\u00edn B\u00e1ez, visit\u00f3 Cosas que pasan y habl\u00f3 sobre los desaf\u00edos de su nueva funci\u00f3n y el trabajo del consejo. \u201cNo ten\u00eda experiencia como presidente, pero s\u00ed \u00e9ramos cr\u00edticos del funcionamiento anterior. Buscamos darle otra din\u00e1mica y llegar m\u00e1s a la sociedad\u201d, explic\u00f3. B\u00e1ez valor\u00f3 la diversidad [&hellip;]\" \/>\n<meta property=\"og:url\" content=\"https:\/\/ondauno.com.ar\/index.php\/2025\/06\/13\/discapacidad-la-falta-de-informacion-siempre-fue-una-de-las-mayores-barreras-aseguro-baez\/\" \/>\n<meta property=\"og:site_name\" content=\"103.9 fm\" \/>\n<meta property=\"article:publisher\" content=\"https:\/\/www.facebook.com\/ondauno103.9\" \/>\n<meta property=\"article:published_time\" content=\"2025-06-14T00:12:32+00:00\" \/>\n<meta property=\"article:modified_time\" content=\"2025-06-14T00:12:38+00:00\" \/>\n<meta property=\"og:image\" content=\"http:\/\/ondauno.com.ar\/wp-content\/uploads\/2025\/06\/WhatsApp-Image-2025-06-13-at-19.37.02.jpeg\" \/>\n\t<meta property=\"og:image:width\" content=\"1600\" \/>\n\t<meta property=\"og:image:height\" content=\"1204\" \/>\n\t<meta property=\"og:image:type\" content=\"image\/jpeg\" \/>\n<meta name=\"author\" content=\"OndaUno\" \/>\n<meta name=\"twitter:card\" content=\"summary_large_image\" \/>\n<meta name=\"twitter:label1\" content=\"Escrito por\" \/>\n\t<meta name=\"twitter:data1\" content=\"OndaUno\" \/>\n\t<meta name=\"twitter:label2\" content=\"Tiempo de lectura\" \/>\n\t<meta name=\"twitter:data2\" content=\"2 minutos\" \/>\n<script type=\"application\/ld+json\" class=\"yoast-schema-graph\">{\"@context\":\"https:\/\/schema.org\",\"@graph\":[{\"@type\":\"WebPage\",\"@id\":\"https:\/\/ondauno.com.ar\/index.php\/2025\/06\/13\/discapacidad-la-falta-de-informacion-siempre-fue-una-de-las-mayores-barreras-aseguro-baez\/\",\"url\":\"https:\/\/ondauno.com.ar\/index.php\/2025\/06\/13\/discapacidad-la-falta-de-informacion-siempre-fue-una-de-las-mayores-barreras-aseguro-baez\/\",\"name\":\"Discapacidad: \u201cLa falta de informaci\u00f3n siempre fue una de las mayores barreras\u201d, asegur\u00f3 B\u00e1ez - 103.9 fm\",\"isPartOf\":{\"@id\":\"https:\/\/ondauno.com.ar\/#website\"},\"primaryImageOfPage\":{\"@id\":\"https:\/\/ondauno.com.ar\/index.php\/2025\/06\/13\/discapacidad-la-falta-de-informacion-siempre-fue-una-de-las-mayores-barreras-aseguro-baez\/#primaryimage\"},\"image\":{\"@id\":\"https:\/\/ondauno.com.ar\/index.php\/2025\/06\/13\/discapacidad-la-falta-de-informacion-siempre-fue-una-de-las-mayores-barreras-aseguro-baez\/#primaryimage\"},\"thumbnailUrl\":\"https:\/\/ondauno.com.ar\/wp-content\/uploads\/2025\/06\/WhatsApp-Image-2025-06-13-at-19.37.02.jpeg\",\"datePublished\":\"2025-06-14T00:12:32+00:00\",\"dateModified\":\"2025-06-14T00:12:38+00:00\",\"author\":{\"@id\":\"https:\/\/ondauno.com.ar\/#\/schema\/person\/7ec851ddeceb4133d7d7132dc645714e\"},\"breadcrumb\":{\"@id\":\"https:\/\/ondauno.com.ar\/index.php\/2025\/06\/13\/discapacidad-la-falta-de-informacion-siempre-fue-una-de-las-mayores-barreras-aseguro-baez\/#breadcrumb\"},\"inLanguage\":\"es-AR\",\"potentialAction\":[{\"@type\":\"ReadAction\",\"target\":[\"https:\/\/ondauno.com.ar\/index.php\/2025\/06\/13\/discapacidad-la-falta-de-informacion-siempre-fue-una-de-las-mayores-barreras-aseguro-baez\/\"]}]},{\"@type\":\"ImageObject\",\"inLanguage\":\"es-AR\",\"@id\":\"https:\/\/ondauno.com.ar\/index.php\/2025\/06\/13\/discapacidad-la-falta-de-informacion-siempre-fue-una-de-las-mayores-barreras-aseguro-baez\/#primaryimage\",\"url\":\"https:\/\/ondauno.com.ar\/wp-content\/uploads\/2025\/06\/WhatsApp-Image-2025-06-13-at-19.37.02.jpeg\",\"contentUrl\":\"https:\/\/ondauno.com.ar\/wp-content\/uploads\/2025\/06\/WhatsApp-Image-2025-06-13-at-19.37.02.jpeg\",\"width\":1600,\"height\":1204},{\"@type\":\"BreadcrumbList\",\"@id\":\"https:\/\/ondauno.com.ar\/index.php\/2025\/06\/13\/discapacidad-la-falta-de-informacion-siempre-fue-una-de-las-mayores-barreras-aseguro-baez\/#breadcrumb\",\"itemListElement\":[{\"@type\":\"ListItem\",\"position\":1,\"name\":\"Inicio\",\"item\":\"https:\/\/ondauno.com.ar\/\"},{\"@type\":\"ListItem\",\"position\":2,\"name\":\"Discapacidad: \u201cLa falta de informaci\u00f3n siempre fue una de las mayores barreras\u201d, asegur\u00f3 B\u00e1ez\"}]},{\"@type\":\"WebSite\",\"@id\":\"https:\/\/ondauno.com.ar\/#website\",\"url\":\"https:\/\/ondauno.com.ar\/\",\"name\":\"103.9 fm\",\"description\":\"LA PRIMERA RADIO MULTIMEDIA DE TRES ARROYOS\",\"potentialAction\":[{\"@type\":\"SearchAction\",\"target\":{\"@type\":\"EntryPoint\",\"urlTemplate\":\"https:\/\/ondauno.com.ar\/?s={search_term_string}\"},\"query-input\":\"required name=search_term_string\"}],\"inLanguage\":\"es-AR\"},{\"@type\":\"Person\",\"@id\":\"https:\/\/ondauno.com.ar\/#\/schema\/person\/7ec851ddeceb4133d7d7132dc645714e\",\"name\":\"OndaUno\",\"image\":{\"@type\":\"ImageObject\",\"inLanguage\":\"es-AR\",\"@id\":\"https:\/\/ondauno.com.ar\/#\/schema\/person\/image\/\",\"url\":\"https:\/\/secure.gravatar.com\/avatar\/93b8009f0de7021f1feb2bd5b32fb9e8?s=96&d=mm&r=g\",\"contentUrl\":\"https:\/\/secure.gravatar.com\/avatar\/93b8009f0de7021f1feb2bd5b32fb9e8?s=96&d=mm&r=g\",\"caption\":\"OndaUno\"},\"url\":\"https:\/\/ondauno.com.ar\/index.php\/author\/ondauno\/\"}]}<\/script>\n<!-- \/ Yoast SEO plugin. -->","yoast_head_json":{"title":"Discapacidad: \u201cLa falta de informaci\u00f3n siempre fue una de las mayores barreras\u201d, asegur\u00f3 B\u00e1ez - 103.9 fm","robots":{"index":"index","follow":"follow","max-snippet":"max-snippet:-1","max-image-preview":"max-image-preview:large","max-video-preview":"max-video-preview:-1"},"canonical":"https:\/\/ondauno.com.ar\/index.php\/2025\/06\/13\/discapacidad-la-falta-de-informacion-siempre-fue-una-de-las-mayores-barreras-aseguro-baez\/","og_locale":"es_ES","og_type":"article","og_title":"Discapacidad: \u201cLa falta de informaci\u00f3n siempre fue una de las mayores barreras\u201d, asegur\u00f3 B\u00e1ez - 103.9 fm","og_description":"El presidente de la Comisi\u00f3n Municipal de Discapacidad, Agust\u00edn B\u00e1ez, visit\u00f3 Cosas que pasan y habl\u00f3 sobre los desaf\u00edos de su nueva funci\u00f3n y el trabajo del consejo. \u201cNo ten\u00eda experiencia como presidente, pero s\u00ed \u00e9ramos cr\u00edticos del funcionamiento anterior. Buscamos darle otra din\u00e1mica y llegar m\u00e1s a la sociedad\u201d, explic\u00f3. B\u00e1ez valor\u00f3 la diversidad [&hellip;]","og_url":"https:\/\/ondauno.com.ar\/index.php\/2025\/06\/13\/discapacidad-la-falta-de-informacion-siempre-fue-una-de-las-mayores-barreras-aseguro-baez\/","og_site_name":"103.9 fm","article_publisher":"https:\/\/www.facebook.com\/ondauno103.9","article_published_time":"2025-06-14T00:12:32+00:00","article_modified_time":"2025-06-14T00:12:38+00:00","og_image":[{"width":1600,"height":1204,"url":"http:\/\/ondauno.com.ar\/wp-content\/uploads\/2025\/06\/WhatsApp-Image-2025-06-13-at-19.37.02.jpeg","type":"image\/jpeg"}],"author":"OndaUno","twitter_card":"summary_large_image","twitter_misc":{"Escrito por":"OndaUno","Tiempo de lectura":"2 minutos"},"schema":{"@context":"https:\/\/schema.org","@graph":[{"@type":"WebPage","@id":"https:\/\/ondauno.com.ar\/index.php\/2025\/06\/13\/discapacidad-la-falta-de-informacion-siempre-fue-una-de-las-mayores-barreras-aseguro-baez\/","url":"https:\/\/ondauno.com.ar\/index.php\/2025\/06\/13\/discapacidad-la-falta-de-informacion-siempre-fue-una-de-las-mayores-barreras-aseguro-baez\/","name":"Discapacidad: \u201cLa falta de informaci\u00f3n siempre fue una de las mayores barreras\u201d, asegur\u00f3 B\u00e1ez - 103.9 fm","isPartOf":{"@id":"https:\/\/ondauno.com.ar\/#website"},"primaryImageOfPage":{"@id":"https:\/\/ondauno.com.ar\/index.php\/2025\/06\/13\/discapacidad-la-falta-de-informacion-siempre-fue-una-de-las-mayores-barreras-aseguro-baez\/#primaryimage"},"image":{"@id":"https:\/\/ondauno.com.ar\/index.php\/2025\/06\/13\/discapacidad-la-falta-de-informacion-siempre-fue-una-de-las-mayores-barreras-aseguro-baez\/#primaryimage"},"thumbnailUrl":"https:\/\/ondauno.com.ar\/wp-content\/uploads\/2025\/06\/WhatsApp-Image-2025-06-13-at-19.37.02.jpeg","datePublished":"2025-06-14T00:12:32+00:00","dateModified":"2025-06-14T00:12:38+00:00","author":{"@id":"https:\/\/ondauno.com.ar\/#\/schema\/person\/7ec851ddeceb4133d7d7132dc645714e"},"breadcrumb":{"@id":"https:\/\/ondauno.com.ar\/index.php\/2025\/06\/13\/discapacidad-la-falta-de-informacion-siempre-fue-una-de-las-mayores-barreras-aseguro-baez\/#breadcrumb"},"inLanguage":"es-AR","potentialAction":[{"@type":"ReadAction","target":["https:\/\/ondauno.com.ar\/index.php\/2025\/06\/13\/discapacidad-la-falta-de-informacion-siempre-fue-una-de-las-mayores-barreras-aseguro-baez\/"]}]},{"@type":"ImageObject","inLanguage":"es-AR","@id":"https:\/\/ondauno.com.ar\/index.php\/2025\/06\/13\/discapacidad-la-falta-de-informacion-siempre-fue-una-de-las-mayores-barreras-aseguro-baez\/#primaryimage","url":"https:\/\/ondauno.com.ar\/wp-content\/uploads\/2025\/06\/WhatsApp-Image-2025-06-13-at-19.37.02.jpeg","contentUrl":"https:\/\/ondauno.com.ar\/wp-content\/uploads\/2025\/06\/WhatsApp-Image-2025-06-13-at-19.37.02.jpeg","width":1600,"height":1204},{"@type":"BreadcrumbList","@id":"https:\/\/ondauno.com.ar\/index.php\/2025\/06\/13\/discapacidad-la-falta-de-informacion-siempre-fue-una-de-las-mayores-barreras-aseguro-baez\/#breadcrumb","itemListElement":[{"@type":"ListItem","position":1,"name":"Inicio","item":"https:\/\/ondauno.com.ar\/"},{"@type":"ListItem","position":2,"name":"Discapacidad: \u201cLa falta de informaci\u00f3n siempre fue una de las mayores barreras\u201d, asegur\u00f3 B\u00e1ez"}]},{"@type":"WebSite","@id":"https:\/\/ondauno.com.ar\/#website","url":"https:\/\/ondauno.com.ar\/","name":"103.9 fm","description":"LA PRIMERA RADIO MULTIMEDIA DE TRES ARROYOS","potentialAction":[{"@type":"SearchAction","target":{"@type":"EntryPoint","urlTemplate":"https:\/\/ondauno.com.ar\/?s={search_term_string}"},"query-input":"required name=search_term_string"}],"inLanguage":"es-AR"},{"@type":"Person","@id":"https:\/\/ondauno.com.ar\/#\/schema\/person\/7ec851ddeceb4133d7d7132dc645714e","name":"OndaUno","image":{"@type":"ImageObject","inLanguage":"es-AR","@id":"https:\/\/ondauno.com.ar\/#\/schema\/person\/image\/","url":"https:\/\/secure.gravatar.com\/avatar\/93b8009f0de7021f1feb2bd5b32fb9e8?s=96&d=mm&r=g","contentUrl":"https:\/\/secure.gravatar.com\/avatar\/93b8009f0de7021f1feb2bd5b32fb9e8?s=96&d=mm&r=g","caption":"OndaUno"},"url":"https:\/\/ondauno.com.ar\/index.php\/author\/ondauno\/"}]}},"jetpack_publicize_connections":[],"jetpack_featured_media_url":"https:\/\/ondauno.com.ar\/wp-content\/uploads\/2025\/06\/WhatsApp-Image-2025-06-13-at-19.37.02.jpeg","jetpack_sharing_enabled":true,"_links":{"self":[{"href":"https:\/\/ondauno.com.ar\/index.php\/wp-json\/wp\/v2\/posts\/57548","targetHints":{"allow":["GET"]}}],"collection":[{"href":"https:\/\/ondauno.com.ar\/index.php\/wp-json\/wp\/v2\/posts"}],"about":[{"href":"https:\/\/ondauno.com.ar\/index.php\/wp-json\/wp\/v2\/types\/post"}],"author":[{"embeddable":true,"href":"https:\/\/ondauno.com.ar\/index.php\/wp-json\/wp\/v2\/users\/1"}],"replies":[{"embeddable":true,"href":"https:\/\/ondauno.com.ar\/index.php\/wp-json\/wp\/v2\/comments?post=57548"}],"version-history":[{"count":1,"href":"https:\/\/ondauno.com.ar\/index.php\/wp-json\/wp\/v2\/posts\/57548\/revisions"}],"predecessor-version":[{"id":57551,"href":"https:\/\/ondauno.com.ar\/index.php\/wp-json\/wp\/v2\/posts\/57548\/revisions\/57551"}],"wp:featuredmedia":[{"embeddable":true,"href":"https:\/\/ondauno.com.ar\/index.php\/wp-json\/wp\/v2\/media\/57550"}],"wp:attachment":[{"href":"https:\/\/ondauno.com.ar\/index.php\/wp-json\/wp\/v2\/media?parent=57548"}],"wp:term":[{"taxonomy":"category","embeddable":true,"href":"https:\/\/ondauno.com.ar\/index.php\/wp-json\/wp\/v2\/categories?post=57548"},{"taxonomy":"post_tag","embeddable":true,"href":"https:\/\/ondauno.com.ar\/index.php\/wp-json\/wp\/v2\/tags?post=57548"}],"curies":[{"name":"wp","href":"https:\/\/api.w.org\/{rel}","templated":true}]}}