{"id":57540,"date":"2025-06-13T21:04:25","date_gmt":"2025-06-14T00:04:25","guid":{"rendered":"https:\/\/ondauno.com.ar\/?p=57540"},"modified":"2025-06-13T21:04:29","modified_gmt":"2025-06-14T00:04:29","slug":"celebraran-el-dia-del-libro-con-musica-poesia-y-autores-locales-en-claromeco","status":"publish","type":"post","link":"https:\/\/ondauno.com.ar\/index.php\/2025\/06\/13\/celebraran-el-dia-del-libro-con-musica-poesia-y-autores-locales-en-claromeco\/","title":{"rendered":"Celebrar\u00e1n el D\u00eda del Libro con m\u00fasica, poes\u00eda y autores locales en Claromec\u00f3"},"content":{"rendered":"<div class=\"ondau-before-content_3\" style=\"margin-top: -30px;\" id=\"ondau-2152858497\"><a href=\"https:\/\/www.lps.com.ar\/\" aria-label=\"la-perse2\"><img loading=\"lazy\" decoding=\"async\" src=\"https:\/\/ondauno.com.ar\/wp-content\/uploads\/2021\/10\/la-perse2.jpg\" alt=\"\"  srcset=\"https:\/\/ondauno.com.ar\/wp-content\/uploads\/2021\/10\/la-perse2.jpg 1353w, https:\/\/ondauno.com.ar\/wp-content\/uploads\/2021\/10\/la-perse2-300x43.jpg 300w, https:\/\/ondauno.com.ar\/wp-content\/uploads\/2021\/10\/la-perse2-1024x148.jpg 1024w, https:\/\/ondauno.com.ar\/wp-content\/uploads\/2021\/10\/la-perse2-768x111.jpg 768w, https:\/\/ondauno.com.ar\/wp-content\/uploads\/2021\/10\/la-perse2-696x100.jpg 696w, https:\/\/ondauno.com.ar\/wp-content\/uploads\/2021\/10\/la-perse2-1068x154.jpg 1068w\" sizes=\"(max-width: 1353px) 100vw, 1353px\" class=\"no-lazyload\" width=\"1353\" height=\"195\"  style=\"display: inline-block;\" \/><\/a><\/div>\n<p>\u201cCreemos que va a ser una jornada linda para encontrarnos y celebrar la cultura\u201d, expres\u00f3 Paula \u00c1vila, bibliotecaria de la Biblioteca Bernardo Houssay de Claromec\u00f3, al invitar en Cosas que pasan al evento que tendr\u00e1 lugar este s\u00e1bado desde las 19 en la sede de calle 20 casi 9.<\/p>\n\n\n\n<p>La actividad tiene como objetivo compartir con la comunidad los libros adquiridos recientemente en el marco de un programa de la CONABIP, que permiti\u00f3 a las bibliotecas populares de todo el pa\u00eds viajar a la Feria del Libro de Buenos Aires y comprar material con descuento. En el caso de Claromec\u00f3, fueron alrededor de 140 t\u00edtulos.<br>\u201cDijimos, est\u00e1 genial viajar a la feria, es genial conseguir material nuevo, pero esto merece una celebraci\u00f3n\u201d, explic\u00f3 \u00c1vila. Por eso se organiz\u00f3 un evento que combinar\u00e1 la presentaci\u00f3n de las nuevas obras con expresiones art\u00edsticas locales.<\/p>\n\n\n\n<p><br>Entre quienes participar\u00e1n estar\u00e1n la poeta Marina Andreasen, el escritor y m\u00fasico Mart\u00edn G\u00e1ndara, el folklorista Horacio Abraham y Donato, un joven estudiante que se destaca por su voz. Tambi\u00e9n habr\u00e1 una puesta en escena especial para mostrar los libros y un sector dedicado a la literatura infantil.<br>\u201cVa a ser algo m\u00e1gico\u201d, anticip\u00f3 Paula \u00c1vila.<\/p>\n\n\n\n<figure class=\"wp-block-embed is-type-video is-provider-youtube wp-block-embed-youtube wp-embed-aspect-16-9 wp-has-aspect-ratio\"><div class=\"wp-block-embed__wrapper\">\n<div class=\"youtube-embed\" data-video_id=\"Ju8m8j3ReOQ\"><iframe loading=\"lazy\" title=\"Onda Uno 103.9 en vivo\" width=\"696\" height=\"392\" data-src=\"https:\/\/www.youtube.com\/embed\/Ju8m8j3ReOQ?feature=oembed&#038;enablejsapi=1\" frameborder=\"0\" allow=\"accelerometer; autoplay; clipboard-write; encrypted-media; gyroscope; picture-in-picture; web-share\" referrerpolicy=\"strict-origin-when-cross-origin\" allowfullscreen src=\"data:image\/gif;base64,R0lGODlhAQABAAAAACH5BAEKAAEALAAAAAABAAEAAAICTAEAOw==\" class=\"lazyload\" data-load-mode=\"1\"><\/iframe><\/div>\n<\/div><\/figure>\n","protected":false},"excerpt":{"rendered":"<p>\u201cCreemos que va a ser una jornada linda para encontrarnos y celebrar la cultura\u201d, expres\u00f3 Paula \u00c1vila, bibliotecaria de la Biblioteca Bernardo Houssay de Claromec\u00f3, al invitar en Cosas que pasan al evento que tendr\u00e1 lugar este s\u00e1bado desde las 19 en la sede de calle 20 casi 9. La actividad tiene como objetivo compartir [&hellip;]<\/p>\n","protected":false},"author":1,"featured_media":57541,"comment_status":"open","ping_status":"open","sticky":false,"template":"","format":"standard","meta":{"tdm_status":"","tdm_grid_status":"","_jetpack_memberships_contains_paid_content":false,"footnotes":"","jetpack_publicize_message":"","jetpack_publicize_feature_enabled":true,"jetpack_social_post_already_shared":true,"jetpack_social_options":{"image_generator_settings":{"template":"highway","default_image_id":0,"font":"","enabled":false},"version":2}},"categories":[2],"tags":[],"class_list":{"0":"post-57540","1":"post","2":"type-post","3":"status-publish","4":"format-standard","5":"has-post-thumbnail","7":"category-locales"},"yoast_head":"<!-- This site is optimized with the Yoast SEO plugin v22.7 - https:\/\/yoast.com\/wordpress\/plugins\/seo\/ -->\n<title>Celebrar\u00e1n el D\u00eda del Libro con m\u00fasica, poes\u00eda y autores locales en Claromec\u00f3 - 103.9 fm<\/title>\n<meta name=\"robots\" content=\"index, follow, max-snippet:-1, max-image-preview:large, max-video-preview:-1\" \/>\n<link rel=\"canonical\" href=\"https:\/\/ondauno.com.ar\/index.php\/2025\/06\/13\/celebraran-el-dia-del-libro-con-musica-poesia-y-autores-locales-en-claromeco\/\" \/>\n<meta property=\"og:locale\" content=\"es_ES\" \/>\n<meta property=\"og:type\" content=\"article\" \/>\n<meta property=\"og:title\" content=\"Celebrar\u00e1n el D\u00eda del Libro con m\u00fasica, poes\u00eda y autores locales en Claromec\u00f3 - 103.9 fm\" \/>\n<meta property=\"og:description\" content=\"\u201cCreemos que va a ser una jornada linda para encontrarnos y celebrar la cultura\u201d, expres\u00f3 Paula \u00c1vila, bibliotecaria de la Biblioteca Bernardo Houssay de Claromec\u00f3, al invitar en Cosas que pasan al evento que tendr\u00e1 lugar este s\u00e1bado desde las 19 en la sede de calle 20 casi 9. La actividad tiene como objetivo compartir [&hellip;]\" \/>\n<meta property=\"og:url\" content=\"https:\/\/ondauno.com.ar\/index.php\/2025\/06\/13\/celebraran-el-dia-del-libro-con-musica-poesia-y-autores-locales-en-claromeco\/\" \/>\n<meta property=\"og:site_name\" content=\"103.9 fm\" \/>\n<meta property=\"article:publisher\" content=\"https:\/\/www.facebook.com\/ondauno103.9\" \/>\n<meta property=\"article:published_time\" content=\"2025-06-14T00:04:25+00:00\" \/>\n<meta property=\"article:modified_time\" content=\"2025-06-14T00:04:29+00:00\" \/>\n<meta property=\"og:image\" content=\"http:\/\/ondauno.com.ar\/wp-content\/uploads\/2025\/06\/117445023_3700710763290343_1395184163093791964_n.jpg\" \/>\n\t<meta property=\"og:image:width\" content=\"712\" \/>\n\t<meta property=\"og:image:height\" content=\"534\" \/>\n\t<meta property=\"og:image:type\" content=\"image\/jpeg\" \/>\n<meta name=\"author\" content=\"OndaUno\" \/>\n<meta name=\"twitter:card\" content=\"summary_large_image\" \/>\n<meta name=\"twitter:label1\" content=\"Escrito por\" \/>\n\t<meta name=\"twitter:data1\" content=\"OndaUno\" \/>\n\t<meta name=\"twitter:label2\" content=\"Tiempo de lectura\" \/>\n\t<meta name=\"twitter:data2\" content=\"2 minutos\" \/>\n<script type=\"application\/ld+json\" class=\"yoast-schema-graph\">{\"@context\":\"https:\/\/schema.org\",\"@graph\":[{\"@type\":\"WebPage\",\"@id\":\"https:\/\/ondauno.com.ar\/index.php\/2025\/06\/13\/celebraran-el-dia-del-libro-con-musica-poesia-y-autores-locales-en-claromeco\/\",\"url\":\"https:\/\/ondauno.com.ar\/index.php\/2025\/06\/13\/celebraran-el-dia-del-libro-con-musica-poesia-y-autores-locales-en-claromeco\/\",\"name\":\"Celebrar\u00e1n el D\u00eda del Libro con m\u00fasica, poes\u00eda y autores locales en Claromec\u00f3 - 103.9 fm\",\"isPartOf\":{\"@id\":\"https:\/\/ondauno.com.ar\/#website\"},\"primaryImageOfPage\":{\"@id\":\"https:\/\/ondauno.com.ar\/index.php\/2025\/06\/13\/celebraran-el-dia-del-libro-con-musica-poesia-y-autores-locales-en-claromeco\/#primaryimage\"},\"image\":{\"@id\":\"https:\/\/ondauno.com.ar\/index.php\/2025\/06\/13\/celebraran-el-dia-del-libro-con-musica-poesia-y-autores-locales-en-claromeco\/#primaryimage\"},\"thumbnailUrl\":\"https:\/\/ondauno.com.ar\/wp-content\/uploads\/2025\/06\/117445023_3700710763290343_1395184163093791964_n.jpg\",\"datePublished\":\"2025-06-14T00:04:25+00:00\",\"dateModified\":\"2025-06-14T00:04:29+00:00\",\"author\":{\"@id\":\"https:\/\/ondauno.com.ar\/#\/schema\/person\/7ec851ddeceb4133d7d7132dc645714e\"},\"breadcrumb\":{\"@id\":\"https:\/\/ondauno.com.ar\/index.php\/2025\/06\/13\/celebraran-el-dia-del-libro-con-musica-poesia-y-autores-locales-en-claromeco\/#breadcrumb\"},\"inLanguage\":\"es-AR\",\"potentialAction\":[{\"@type\":\"ReadAction\",\"target\":[\"https:\/\/ondauno.com.ar\/index.php\/2025\/06\/13\/celebraran-el-dia-del-libro-con-musica-poesia-y-autores-locales-en-claromeco\/\"]}]},{\"@type\":\"ImageObject\",\"inLanguage\":\"es-AR\",\"@id\":\"https:\/\/ondauno.com.ar\/index.php\/2025\/06\/13\/celebraran-el-dia-del-libro-con-musica-poesia-y-autores-locales-en-claromeco\/#primaryimage\",\"url\":\"https:\/\/ondauno.com.ar\/wp-content\/uploads\/2025\/06\/117445023_3700710763290343_1395184163093791964_n.jpg\",\"contentUrl\":\"https:\/\/ondauno.com.ar\/wp-content\/uploads\/2025\/06\/117445023_3700710763290343_1395184163093791964_n.jpg\",\"width\":712,\"height\":534},{\"@type\":\"BreadcrumbList\",\"@id\":\"https:\/\/ondauno.com.ar\/index.php\/2025\/06\/13\/celebraran-el-dia-del-libro-con-musica-poesia-y-autores-locales-en-claromeco\/#breadcrumb\",\"itemListElement\":[{\"@type\":\"ListItem\",\"position\":1,\"name\":\"Inicio\",\"item\":\"https:\/\/ondauno.com.ar\/\"},{\"@type\":\"ListItem\",\"position\":2,\"name\":\"Celebrar\u00e1n el D\u00eda del Libro con m\u00fasica, poes\u00eda y autores locales en Claromec\u00f3\"}]},{\"@type\":\"WebSite\",\"@id\":\"https:\/\/ondauno.com.ar\/#website\",\"url\":\"https:\/\/ondauno.com.ar\/\",\"name\":\"103.9 fm\",\"description\":\"LA PRIMERA RADIO MULTIMEDIA DE TRES ARROYOS\",\"potentialAction\":[{\"@type\":\"SearchAction\",\"target\":{\"@type\":\"EntryPoint\",\"urlTemplate\":\"https:\/\/ondauno.com.ar\/?s={search_term_string}\"},\"query-input\":\"required name=search_term_string\"}],\"inLanguage\":\"es-AR\"},{\"@type\":\"Person\",\"@id\":\"https:\/\/ondauno.com.ar\/#\/schema\/person\/7ec851ddeceb4133d7d7132dc645714e\",\"name\":\"OndaUno\",\"image\":{\"@type\":\"ImageObject\",\"inLanguage\":\"es-AR\",\"@id\":\"https:\/\/ondauno.com.ar\/#\/schema\/person\/image\/\",\"url\":\"https:\/\/secure.gravatar.com\/avatar\/93b8009f0de7021f1feb2bd5b32fb9e8?s=96&d=mm&r=g\",\"contentUrl\":\"https:\/\/secure.gravatar.com\/avatar\/93b8009f0de7021f1feb2bd5b32fb9e8?s=96&d=mm&r=g\",\"caption\":\"OndaUno\"},\"url\":\"https:\/\/ondauno.com.ar\/index.php\/author\/ondauno\/\"}]}<\/script>\n<!-- \/ Yoast SEO plugin. -->","yoast_head_json":{"title":"Celebrar\u00e1n el D\u00eda del Libro con m\u00fasica, poes\u00eda y autores locales en Claromec\u00f3 - 103.9 fm","robots":{"index":"index","follow":"follow","max-snippet":"max-snippet:-1","max-image-preview":"max-image-preview:large","max-video-preview":"max-video-preview:-1"},"canonical":"https:\/\/ondauno.com.ar\/index.php\/2025\/06\/13\/celebraran-el-dia-del-libro-con-musica-poesia-y-autores-locales-en-claromeco\/","og_locale":"es_ES","og_type":"article","og_title":"Celebrar\u00e1n el D\u00eda del Libro con m\u00fasica, poes\u00eda y autores locales en Claromec\u00f3 - 103.9 fm","og_description":"\u201cCreemos que va a ser una jornada linda para encontrarnos y celebrar la cultura\u201d, expres\u00f3 Paula \u00c1vila, bibliotecaria de la Biblioteca Bernardo Houssay de Claromec\u00f3, al invitar en Cosas que pasan al evento que tendr\u00e1 lugar este s\u00e1bado desde las 19 en la sede de calle 20 casi 9. La actividad tiene como objetivo compartir [&hellip;]","og_url":"https:\/\/ondauno.com.ar\/index.php\/2025\/06\/13\/celebraran-el-dia-del-libro-con-musica-poesia-y-autores-locales-en-claromeco\/","og_site_name":"103.9 fm","article_publisher":"https:\/\/www.facebook.com\/ondauno103.9","article_published_time":"2025-06-14T00:04:25+00:00","article_modified_time":"2025-06-14T00:04:29+00:00","og_image":[{"width":712,"height":534,"url":"http:\/\/ondauno.com.ar\/wp-content\/uploads\/2025\/06\/117445023_3700710763290343_1395184163093791964_n.jpg","type":"image\/jpeg"}],"author":"OndaUno","twitter_card":"summary_large_image","twitter_misc":{"Escrito por":"OndaUno","Tiempo de lectura":"2 minutos"},"schema":{"@context":"https:\/\/schema.org","@graph":[{"@type":"WebPage","@id":"https:\/\/ondauno.com.ar\/index.php\/2025\/06\/13\/celebraran-el-dia-del-libro-con-musica-poesia-y-autores-locales-en-claromeco\/","url":"https:\/\/ondauno.com.ar\/index.php\/2025\/06\/13\/celebraran-el-dia-del-libro-con-musica-poesia-y-autores-locales-en-claromeco\/","name":"Celebrar\u00e1n el D\u00eda del Libro con m\u00fasica, poes\u00eda y autores locales en Claromec\u00f3 - 103.9 fm","isPartOf":{"@id":"https:\/\/ondauno.com.ar\/#website"},"primaryImageOfPage":{"@id":"https:\/\/ondauno.com.ar\/index.php\/2025\/06\/13\/celebraran-el-dia-del-libro-con-musica-poesia-y-autores-locales-en-claromeco\/#primaryimage"},"image":{"@id":"https:\/\/ondauno.com.ar\/index.php\/2025\/06\/13\/celebraran-el-dia-del-libro-con-musica-poesia-y-autores-locales-en-claromeco\/#primaryimage"},"thumbnailUrl":"https:\/\/ondauno.com.ar\/wp-content\/uploads\/2025\/06\/117445023_3700710763290343_1395184163093791964_n.jpg","datePublished":"2025-06-14T00:04:25+00:00","dateModified":"2025-06-14T00:04:29+00:00","author":{"@id":"https:\/\/ondauno.com.ar\/#\/schema\/person\/7ec851ddeceb4133d7d7132dc645714e"},"breadcrumb":{"@id":"https:\/\/ondauno.com.ar\/index.php\/2025\/06\/13\/celebraran-el-dia-del-libro-con-musica-poesia-y-autores-locales-en-claromeco\/#breadcrumb"},"inLanguage":"es-AR","potentialAction":[{"@type":"ReadAction","target":["https:\/\/ondauno.com.ar\/index.php\/2025\/06\/13\/celebraran-el-dia-del-libro-con-musica-poesia-y-autores-locales-en-claromeco\/"]}]},{"@type":"ImageObject","inLanguage":"es-AR","@id":"https:\/\/ondauno.com.ar\/index.php\/2025\/06\/13\/celebraran-el-dia-del-libro-con-musica-poesia-y-autores-locales-en-claromeco\/#primaryimage","url":"https:\/\/ondauno.com.ar\/wp-content\/uploads\/2025\/06\/117445023_3700710763290343_1395184163093791964_n.jpg","contentUrl":"https:\/\/ondauno.com.ar\/wp-content\/uploads\/2025\/06\/117445023_3700710763290343_1395184163093791964_n.jpg","width":712,"height":534},{"@type":"BreadcrumbList","@id":"https:\/\/ondauno.com.ar\/index.php\/2025\/06\/13\/celebraran-el-dia-del-libro-con-musica-poesia-y-autores-locales-en-claromeco\/#breadcrumb","itemListElement":[{"@type":"ListItem","position":1,"name":"Inicio","item":"https:\/\/ondauno.com.ar\/"},{"@type":"ListItem","position":2,"name":"Celebrar\u00e1n el D\u00eda del Libro con m\u00fasica, poes\u00eda y autores locales en Claromec\u00f3"}]},{"@type":"WebSite","@id":"https:\/\/ondauno.com.ar\/#website","url":"https:\/\/ondauno.com.ar\/","name":"103.9 fm","description":"LA PRIMERA RADIO MULTIMEDIA DE TRES ARROYOS","potentialAction":[{"@type":"SearchAction","target":{"@type":"EntryPoint","urlTemplate":"https:\/\/ondauno.com.ar\/?s={search_term_string}"},"query-input":"required name=search_term_string"}],"inLanguage":"es-AR"},{"@type":"Person","@id":"https:\/\/ondauno.com.ar\/#\/schema\/person\/7ec851ddeceb4133d7d7132dc645714e","name":"OndaUno","image":{"@type":"ImageObject","inLanguage":"es-AR","@id":"https:\/\/ondauno.com.ar\/#\/schema\/person\/image\/","url":"https:\/\/secure.gravatar.com\/avatar\/93b8009f0de7021f1feb2bd5b32fb9e8?s=96&d=mm&r=g","contentUrl":"https:\/\/secure.gravatar.com\/avatar\/93b8009f0de7021f1feb2bd5b32fb9e8?s=96&d=mm&r=g","caption":"OndaUno"},"url":"https:\/\/ondauno.com.ar\/index.php\/author\/ondauno\/"}]}},"jetpack_publicize_connections":[],"jetpack_featured_media_url":"https:\/\/ondauno.com.ar\/wp-content\/uploads\/2025\/06\/117445023_3700710763290343_1395184163093791964_n.jpg","jetpack_sharing_enabled":true,"_links":{"self":[{"href":"https:\/\/ondauno.com.ar\/index.php\/wp-json\/wp\/v2\/posts\/57540","targetHints":{"allow":["GET"]}}],"collection":[{"href":"https:\/\/ondauno.com.ar\/index.php\/wp-json\/wp\/v2\/posts"}],"about":[{"href":"https:\/\/ondauno.com.ar\/index.php\/wp-json\/wp\/v2\/types\/post"}],"author":[{"embeddable":true,"href":"https:\/\/ondauno.com.ar\/index.php\/wp-json\/wp\/v2\/users\/1"}],"replies":[{"embeddable":true,"href":"https:\/\/ondauno.com.ar\/index.php\/wp-json\/wp\/v2\/comments?post=57540"}],"version-history":[{"count":1,"href":"https:\/\/ondauno.com.ar\/index.php\/wp-json\/wp\/v2\/posts\/57540\/revisions"}],"predecessor-version":[{"id":57542,"href":"https:\/\/ondauno.com.ar\/index.php\/wp-json\/wp\/v2\/posts\/57540\/revisions\/57542"}],"wp:featuredmedia":[{"embeddable":true,"href":"https:\/\/ondauno.com.ar\/index.php\/wp-json\/wp\/v2\/media\/57541"}],"wp:attachment":[{"href":"https:\/\/ondauno.com.ar\/index.php\/wp-json\/wp\/v2\/media?parent=57540"}],"wp:term":[{"taxonomy":"category","embeddable":true,"href":"https:\/\/ondauno.com.ar\/index.php\/wp-json\/wp\/v2\/categories?post=57540"},{"taxonomy":"post_tag","embeddable":true,"href":"https:\/\/ondauno.com.ar\/index.php\/wp-json\/wp\/v2\/tags?post=57540"}],"curies":[{"name":"wp","href":"https:\/\/api.w.org\/{rel}","templated":true}]}}