{"id":57538,"date":"2025-06-13T20:55:06","date_gmt":"2025-06-13T23:55:06","guid":{"rendered":"https:\/\/ondauno.com.ar\/?p=57538"},"modified":"2025-06-17T23:12:33","modified_gmt":"2025-06-18T02:12:33","slug":"finoquio-la-justicia-hizo-su-trabajo-se-cayo-la-teoria-del-pacto-de-impunidad","status":"publish","type":"post","link":"https:\/\/ondauno.com.ar\/index.php\/2025\/06\/13\/finoquio-la-justicia-hizo-su-trabajo-se-cayo-la-teoria-del-pacto-de-impunidad\/","title":{"rendered":"Finocchio: \u201cLa Justicia hizo su trabajo, se cay\u00f3 la teor\u00eda del pacto de impunidad\u201d"},"content":{"rendered":"<div class=\"ondau-before-content_3\" style=\"margin-top: -30px;\" id=\"ondau-3696166376\"><a href=\"https:\/\/www.lps.com.ar\/\" aria-label=\"la-perse2\"><img loading=\"lazy\" decoding=\"async\" src=\"https:\/\/ondauno.com.ar\/wp-content\/uploads\/2021\/10\/la-perse2.jpg\" alt=\"\"  srcset=\"https:\/\/ondauno.com.ar\/wp-content\/uploads\/2021\/10\/la-perse2.jpg 1353w, https:\/\/ondauno.com.ar\/wp-content\/uploads\/2021\/10\/la-perse2-300x43.jpg 300w, https:\/\/ondauno.com.ar\/wp-content\/uploads\/2021\/10\/la-perse2-1024x148.jpg 1024w, https:\/\/ondauno.com.ar\/wp-content\/uploads\/2021\/10\/la-perse2-768x111.jpg 768w, https:\/\/ondauno.com.ar\/wp-content\/uploads\/2021\/10\/la-perse2-696x100.jpg 696w, https:\/\/ondauno.com.ar\/wp-content\/uploads\/2021\/10\/la-perse2-1068x154.jpg 1068w\" sizes=\"(max-width: 1353px) 100vw, 1353px\" class=\"no-lazyload\" width=\"1353\" height=\"195\"  style=\"display: inline-block;\" \/><\/a><\/div>\n<p>En Cosas que pasan, Alejandro Finocchio, referente de La Libertad Avanza en Tres Arroyos, se refiri\u00f3 al fallo de la Corte Suprema de Justicia de la Naci\u00f3n que dej\u00f3 firme la condena contra la expresidente Cristina Fern\u00e1ndez de Kirchner. \u201cLa Justicia hizo su trabajo, se cay\u00f3 la teor\u00eda del pacto de impunidad\u201d, afirm\u00f3.<\/p>\n\n\n\n<p><br>Finocchio sostuvo que \u201clos jueces determinaron que correspond\u00eda procesarla por los delitos que se le imputan\u201d y consider\u00f3 que el kirchnerismo \u201csiempre habl\u00f3 de grieta, pero hoy la grieta es moral\u201d. En ese sentido, cit\u00f3 al Presidente argentino Javier Milei: \u201cEl que las hace, las paga\u201d.<\/p>\n\n\n\n<p><br>Consultado por la situaci\u00f3n econ\u00f3mica, reconoci\u00f3 que \u201ctodo cuesta, todo duele\u201d, pero defendi\u00f3 el rumbo del Gobierno: \u201cEl pa\u00eds est\u00e1 cambiando, se est\u00e1 mejorando, se est\u00e1n cumpliendo las promesas de campa\u00f1a\u201d, afirm\u00f3.<br>En cuanto a la realidad de la clase media, se refiri\u00f3 al llamado \u201cefecto tijera\u201d y dijo que si bien a\u00fan los beneficios no llegan al bolsillo, \u201cbajar la inflaci\u00f3n es parte del proceso de ordenamiento, como tambi\u00e9n eliminar subsidios injustificados y achicar el Estado\u201d.<\/p>\n\n\n\n<p><br>Finalmente cuestion\u00f3 el alto valor de las patentes en la provincia de Buenos Aires, a las que calific\u00f3 de \u201cexcesivas\u201d, y lo atribuy\u00f3 a \u201cun Estado grande que no quieren achicar\u201d.<\/p>\n\n\n\n<figure class=\"wp-block-embed is-type-video is-provider-youtube wp-block-embed-youtube wp-embed-aspect-16-9 wp-has-aspect-ratio\"><div class=\"wp-block-embed__wrapper\">\n<div class=\"youtube-embed\" data-video_id=\"qvjjUReTmNM\"><iframe loading=\"lazy\" title=\"Onda Uno 103.9 en vivo\" width=\"696\" height=\"392\" data-src=\"https:\/\/www.youtube.com\/embed\/qvjjUReTmNM?start=22&#038;feature=oembed\" frameborder=\"0\" allow=\"accelerometer; autoplay; clipboard-write; encrypted-media; gyroscope; picture-in-picture; web-share\" referrerpolicy=\"strict-origin-when-cross-origin\" allowfullscreen src=\"data:image\/gif;base64,R0lGODlhAQABAAAAACH5BAEKAAEALAAAAAABAAEAAAICTAEAOw==\" class=\"lazyload\" data-load-mode=\"1\"><\/iframe><\/div>\n<\/div><\/figure>\n","protected":false},"excerpt":{"rendered":"<p>En Cosas que pasan, Alejandro Finocchio, referente de La Libertad Avanza en Tres Arroyos, se refiri\u00f3 al fallo de la Corte Suprema de Justicia de la Naci\u00f3n que dej\u00f3 firme la condena contra la expresidente Cristina Fern\u00e1ndez de Kirchner. \u201cLa Justicia hizo su trabajo, se cay\u00f3 la teor\u00eda del pacto de impunidad\u201d, afirm\u00f3. Finocchio sostuvo [&hellip;]<\/p>\n","protected":false},"author":1,"featured_media":57133,"comment_status":"open","ping_status":"open","sticky":false,"template":"","format":"standard","meta":{"tdm_status":"","tdm_grid_status":"","_jetpack_memberships_contains_paid_content":false,"footnotes":"","jetpack_publicize_message":"","jetpack_publicize_feature_enabled":true,"jetpack_social_post_already_shared":true,"jetpack_social_options":{"image_generator_settings":{"template":"highway","default_image_id":0,"font":"","enabled":false},"version":2}},"categories":[2],"tags":[],"class_list":{"0":"post-57538","1":"post","2":"type-post","3":"status-publish","4":"format-standard","5":"has-post-thumbnail","7":"category-locales"},"yoast_head":"<!-- This site is optimized with the Yoast SEO plugin v22.7 - https:\/\/yoast.com\/wordpress\/plugins\/seo\/ -->\n<title>Finocchio: \u201cLa Justicia hizo su trabajo, se cay\u00f3 la teor\u00eda del pacto de impunidad\u201d - 103.9 fm<\/title>\n<meta name=\"robots\" content=\"index, follow, max-snippet:-1, max-image-preview:large, max-video-preview:-1\" \/>\n<link rel=\"canonical\" href=\"https:\/\/ondauno.com.ar\/index.php\/2025\/06\/13\/finoquio-la-justicia-hizo-su-trabajo-se-cayo-la-teoria-del-pacto-de-impunidad\/\" \/>\n<meta property=\"og:locale\" content=\"es_ES\" \/>\n<meta property=\"og:type\" content=\"article\" \/>\n<meta property=\"og:title\" content=\"Finocchio: \u201cLa Justicia hizo su trabajo, se cay\u00f3 la teor\u00eda del pacto de impunidad\u201d - 103.9 fm\" \/>\n<meta property=\"og:description\" content=\"En Cosas que pasan, Alejandro Finocchio, referente de La Libertad Avanza en Tres Arroyos, se refiri\u00f3 al fallo de la Corte Suprema de Justicia de la Naci\u00f3n que dej\u00f3 firme la condena contra la expresidente Cristina Fern\u00e1ndez de Kirchner. \u201cLa Justicia hizo su trabajo, se cay\u00f3 la teor\u00eda del pacto de impunidad\u201d, afirm\u00f3. Finocchio sostuvo [&hellip;]\" \/>\n<meta property=\"og:url\" content=\"https:\/\/ondauno.com.ar\/index.php\/2025\/06\/13\/finoquio-la-justicia-hizo-su-trabajo-se-cayo-la-teoria-del-pacto-de-impunidad\/\" \/>\n<meta property=\"og:site_name\" content=\"103.9 fm\" \/>\n<meta property=\"article:publisher\" content=\"https:\/\/www.facebook.com\/ondauno103.9\" \/>\n<meta property=\"article:published_time\" content=\"2025-06-13T23:55:06+00:00\" \/>\n<meta property=\"article:modified_time\" content=\"2025-06-18T02:12:33+00:00\" \/>\n<meta property=\"og:image\" content=\"http:\/\/ondauno.com.ar\/wp-content\/uploads\/2025\/05\/WhatsApp-Image-2025-05-28-at-20.26.39.jpeg\" \/>\n\t<meta property=\"og:image:width\" content=\"1600\" \/>\n\t<meta property=\"og:image:height\" content=\"1312\" \/>\n\t<meta property=\"og:image:type\" content=\"image\/jpeg\" \/>\n<meta name=\"author\" content=\"OndaUno\" \/>\n<meta name=\"twitter:card\" content=\"summary_large_image\" \/>\n<meta name=\"twitter:label1\" content=\"Escrito por\" \/>\n\t<meta name=\"twitter:data1\" content=\"OndaUno\" \/>\n\t<meta name=\"twitter:label2\" content=\"Tiempo de lectura\" \/>\n\t<meta name=\"twitter:data2\" content=\"2 minutos\" \/>\n<script type=\"application\/ld+json\" class=\"yoast-schema-graph\">{\"@context\":\"https:\/\/schema.org\",\"@graph\":[{\"@type\":\"WebPage\",\"@id\":\"https:\/\/ondauno.com.ar\/index.php\/2025\/06\/13\/finoquio-la-justicia-hizo-su-trabajo-se-cayo-la-teoria-del-pacto-de-impunidad\/\",\"url\":\"https:\/\/ondauno.com.ar\/index.php\/2025\/06\/13\/finoquio-la-justicia-hizo-su-trabajo-se-cayo-la-teoria-del-pacto-de-impunidad\/\",\"name\":\"Finocchio: \u201cLa Justicia hizo su trabajo, se cay\u00f3 la teor\u00eda del pacto de impunidad\u201d - 103.9 fm\",\"isPartOf\":{\"@id\":\"https:\/\/ondauno.com.ar\/#website\"},\"primaryImageOfPage\":{\"@id\":\"https:\/\/ondauno.com.ar\/index.php\/2025\/06\/13\/finoquio-la-justicia-hizo-su-trabajo-se-cayo-la-teoria-del-pacto-de-impunidad\/#primaryimage\"},\"image\":{\"@id\":\"https:\/\/ondauno.com.ar\/index.php\/2025\/06\/13\/finoquio-la-justicia-hizo-su-trabajo-se-cayo-la-teoria-del-pacto-de-impunidad\/#primaryimage\"},\"thumbnailUrl\":\"https:\/\/ondauno.com.ar\/wp-content\/uploads\/2025\/05\/WhatsApp-Image-2025-05-28-at-20.26.39.jpeg\",\"datePublished\":\"2025-06-13T23:55:06+00:00\",\"dateModified\":\"2025-06-18T02:12:33+00:00\",\"author\":{\"@id\":\"https:\/\/ondauno.com.ar\/#\/schema\/person\/7ec851ddeceb4133d7d7132dc645714e\"},\"breadcrumb\":{\"@id\":\"https:\/\/ondauno.com.ar\/index.php\/2025\/06\/13\/finoquio-la-justicia-hizo-su-trabajo-se-cayo-la-teoria-del-pacto-de-impunidad\/#breadcrumb\"},\"inLanguage\":\"es-AR\",\"potentialAction\":[{\"@type\":\"ReadAction\",\"target\":[\"https:\/\/ondauno.com.ar\/index.php\/2025\/06\/13\/finoquio-la-justicia-hizo-su-trabajo-se-cayo-la-teoria-del-pacto-de-impunidad\/\"]}]},{\"@type\":\"ImageObject\",\"inLanguage\":\"es-AR\",\"@id\":\"https:\/\/ondauno.com.ar\/index.php\/2025\/06\/13\/finoquio-la-justicia-hizo-su-trabajo-se-cayo-la-teoria-del-pacto-de-impunidad\/#primaryimage\",\"url\":\"https:\/\/ondauno.com.ar\/wp-content\/uploads\/2025\/05\/WhatsApp-Image-2025-05-28-at-20.26.39.jpeg\",\"contentUrl\":\"https:\/\/ondauno.com.ar\/wp-content\/uploads\/2025\/05\/WhatsApp-Image-2025-05-28-at-20.26.39.jpeg\",\"width\":1600,\"height\":1312},{\"@type\":\"BreadcrumbList\",\"@id\":\"https:\/\/ondauno.com.ar\/index.php\/2025\/06\/13\/finoquio-la-justicia-hizo-su-trabajo-se-cayo-la-teoria-del-pacto-de-impunidad\/#breadcrumb\",\"itemListElement\":[{\"@type\":\"ListItem\",\"position\":1,\"name\":\"Inicio\",\"item\":\"https:\/\/ondauno.com.ar\/\"},{\"@type\":\"ListItem\",\"position\":2,\"name\":\"Finocchio: \u201cLa Justicia hizo su trabajo, se cay\u00f3 la teor\u00eda del pacto de impunidad\u201d\"}]},{\"@type\":\"WebSite\",\"@id\":\"https:\/\/ondauno.com.ar\/#website\",\"url\":\"https:\/\/ondauno.com.ar\/\",\"name\":\"103.9 fm\",\"description\":\"LA PRIMERA RADIO MULTIMEDIA DE TRES ARROYOS\",\"potentialAction\":[{\"@type\":\"SearchAction\",\"target\":{\"@type\":\"EntryPoint\",\"urlTemplate\":\"https:\/\/ondauno.com.ar\/?s={search_term_string}\"},\"query-input\":\"required name=search_term_string\"}],\"inLanguage\":\"es-AR\"},{\"@type\":\"Person\",\"@id\":\"https:\/\/ondauno.com.ar\/#\/schema\/person\/7ec851ddeceb4133d7d7132dc645714e\",\"name\":\"OndaUno\",\"image\":{\"@type\":\"ImageObject\",\"inLanguage\":\"es-AR\",\"@id\":\"https:\/\/ondauno.com.ar\/#\/schema\/person\/image\/\",\"url\":\"https:\/\/secure.gravatar.com\/avatar\/93b8009f0de7021f1feb2bd5b32fb9e8?s=96&d=mm&r=g\",\"contentUrl\":\"https:\/\/secure.gravatar.com\/avatar\/93b8009f0de7021f1feb2bd5b32fb9e8?s=96&d=mm&r=g\",\"caption\":\"OndaUno\"},\"url\":\"https:\/\/ondauno.com.ar\/index.php\/author\/ondauno\/\"}]}<\/script>\n<!-- \/ Yoast SEO plugin. -->","yoast_head_json":{"title":"Finocchio: \u201cLa Justicia hizo su trabajo, se cay\u00f3 la teor\u00eda del pacto de impunidad\u201d - 103.9 fm","robots":{"index":"index","follow":"follow","max-snippet":"max-snippet:-1","max-image-preview":"max-image-preview:large","max-video-preview":"max-video-preview:-1"},"canonical":"https:\/\/ondauno.com.ar\/index.php\/2025\/06\/13\/finoquio-la-justicia-hizo-su-trabajo-se-cayo-la-teoria-del-pacto-de-impunidad\/","og_locale":"es_ES","og_type":"article","og_title":"Finocchio: \u201cLa Justicia hizo su trabajo, se cay\u00f3 la teor\u00eda del pacto de impunidad\u201d - 103.9 fm","og_description":"En Cosas que pasan, Alejandro Finocchio, referente de La Libertad Avanza en Tres Arroyos, se refiri\u00f3 al fallo de la Corte Suprema de Justicia de la Naci\u00f3n que dej\u00f3 firme la condena contra la expresidente Cristina Fern\u00e1ndez de Kirchner. \u201cLa Justicia hizo su trabajo, se cay\u00f3 la teor\u00eda del pacto de impunidad\u201d, afirm\u00f3. Finocchio sostuvo [&hellip;]","og_url":"https:\/\/ondauno.com.ar\/index.php\/2025\/06\/13\/finoquio-la-justicia-hizo-su-trabajo-se-cayo-la-teoria-del-pacto-de-impunidad\/","og_site_name":"103.9 fm","article_publisher":"https:\/\/www.facebook.com\/ondauno103.9","article_published_time":"2025-06-13T23:55:06+00:00","article_modified_time":"2025-06-18T02:12:33+00:00","og_image":[{"width":1600,"height":1312,"url":"http:\/\/ondauno.com.ar\/wp-content\/uploads\/2025\/05\/WhatsApp-Image-2025-05-28-at-20.26.39.jpeg","type":"image\/jpeg"}],"author":"OndaUno","twitter_card":"summary_large_image","twitter_misc":{"Escrito por":"OndaUno","Tiempo de lectura":"2 minutos"},"schema":{"@context":"https:\/\/schema.org","@graph":[{"@type":"WebPage","@id":"https:\/\/ondauno.com.ar\/index.php\/2025\/06\/13\/finoquio-la-justicia-hizo-su-trabajo-se-cayo-la-teoria-del-pacto-de-impunidad\/","url":"https:\/\/ondauno.com.ar\/index.php\/2025\/06\/13\/finoquio-la-justicia-hizo-su-trabajo-se-cayo-la-teoria-del-pacto-de-impunidad\/","name":"Finocchio: \u201cLa Justicia hizo su trabajo, se cay\u00f3 la teor\u00eda del pacto de impunidad\u201d - 103.9 fm","isPartOf":{"@id":"https:\/\/ondauno.com.ar\/#website"},"primaryImageOfPage":{"@id":"https:\/\/ondauno.com.ar\/index.php\/2025\/06\/13\/finoquio-la-justicia-hizo-su-trabajo-se-cayo-la-teoria-del-pacto-de-impunidad\/#primaryimage"},"image":{"@id":"https:\/\/ondauno.com.ar\/index.php\/2025\/06\/13\/finoquio-la-justicia-hizo-su-trabajo-se-cayo-la-teoria-del-pacto-de-impunidad\/#primaryimage"},"thumbnailUrl":"https:\/\/ondauno.com.ar\/wp-content\/uploads\/2025\/05\/WhatsApp-Image-2025-05-28-at-20.26.39.jpeg","datePublished":"2025-06-13T23:55:06+00:00","dateModified":"2025-06-18T02:12:33+00:00","author":{"@id":"https:\/\/ondauno.com.ar\/#\/schema\/person\/7ec851ddeceb4133d7d7132dc645714e"},"breadcrumb":{"@id":"https:\/\/ondauno.com.ar\/index.php\/2025\/06\/13\/finoquio-la-justicia-hizo-su-trabajo-se-cayo-la-teoria-del-pacto-de-impunidad\/#breadcrumb"},"inLanguage":"es-AR","potentialAction":[{"@type":"ReadAction","target":["https:\/\/ondauno.com.ar\/index.php\/2025\/06\/13\/finoquio-la-justicia-hizo-su-trabajo-se-cayo-la-teoria-del-pacto-de-impunidad\/"]}]},{"@type":"ImageObject","inLanguage":"es-AR","@id":"https:\/\/ondauno.com.ar\/index.php\/2025\/06\/13\/finoquio-la-justicia-hizo-su-trabajo-se-cayo-la-teoria-del-pacto-de-impunidad\/#primaryimage","url":"https:\/\/ondauno.com.ar\/wp-content\/uploads\/2025\/05\/WhatsApp-Image-2025-05-28-at-20.26.39.jpeg","contentUrl":"https:\/\/ondauno.com.ar\/wp-content\/uploads\/2025\/05\/WhatsApp-Image-2025-05-28-at-20.26.39.jpeg","width":1600,"height":1312},{"@type":"BreadcrumbList","@id":"https:\/\/ondauno.com.ar\/index.php\/2025\/06\/13\/finoquio-la-justicia-hizo-su-trabajo-se-cayo-la-teoria-del-pacto-de-impunidad\/#breadcrumb","itemListElement":[{"@type":"ListItem","position":1,"name":"Inicio","item":"https:\/\/ondauno.com.ar\/"},{"@type":"ListItem","position":2,"name":"Finocchio: \u201cLa Justicia hizo su trabajo, se cay\u00f3 la teor\u00eda del pacto de impunidad\u201d"}]},{"@type":"WebSite","@id":"https:\/\/ondauno.com.ar\/#website","url":"https:\/\/ondauno.com.ar\/","name":"103.9 fm","description":"LA PRIMERA RADIO MULTIMEDIA DE TRES ARROYOS","potentialAction":[{"@type":"SearchAction","target":{"@type":"EntryPoint","urlTemplate":"https:\/\/ondauno.com.ar\/?s={search_term_string}"},"query-input":"required name=search_term_string"}],"inLanguage":"es-AR"},{"@type":"Person","@id":"https:\/\/ondauno.com.ar\/#\/schema\/person\/7ec851ddeceb4133d7d7132dc645714e","name":"OndaUno","image":{"@type":"ImageObject","inLanguage":"es-AR","@id":"https:\/\/ondauno.com.ar\/#\/schema\/person\/image\/","url":"https:\/\/secure.gravatar.com\/avatar\/93b8009f0de7021f1feb2bd5b32fb9e8?s=96&d=mm&r=g","contentUrl":"https:\/\/secure.gravatar.com\/avatar\/93b8009f0de7021f1feb2bd5b32fb9e8?s=96&d=mm&r=g","caption":"OndaUno"},"url":"https:\/\/ondauno.com.ar\/index.php\/author\/ondauno\/"}]}},"jetpack_publicize_connections":[],"jetpack_featured_media_url":"https:\/\/ondauno.com.ar\/wp-content\/uploads\/2025\/05\/WhatsApp-Image-2025-05-28-at-20.26.39.jpeg","jetpack_sharing_enabled":true,"_links":{"self":[{"href":"https:\/\/ondauno.com.ar\/index.php\/wp-json\/wp\/v2\/posts\/57538","targetHints":{"allow":["GET"]}}],"collection":[{"href":"https:\/\/ondauno.com.ar\/index.php\/wp-json\/wp\/v2\/posts"}],"about":[{"href":"https:\/\/ondauno.com.ar\/index.php\/wp-json\/wp\/v2\/types\/post"}],"author":[{"embeddable":true,"href":"https:\/\/ondauno.com.ar\/index.php\/wp-json\/wp\/v2\/users\/1"}],"replies":[{"embeddable":true,"href":"https:\/\/ondauno.com.ar\/index.php\/wp-json\/wp\/v2\/comments?post=57538"}],"version-history":[{"count":2,"href":"https:\/\/ondauno.com.ar\/index.php\/wp-json\/wp\/v2\/posts\/57538\/revisions"}],"predecessor-version":[{"id":57579,"href":"https:\/\/ondauno.com.ar\/index.php\/wp-json\/wp\/v2\/posts\/57538\/revisions\/57579"}],"wp:featuredmedia":[{"embeddable":true,"href":"https:\/\/ondauno.com.ar\/index.php\/wp-json\/wp\/v2\/media\/57133"}],"wp:attachment":[{"href":"https:\/\/ondauno.com.ar\/index.php\/wp-json\/wp\/v2\/media?parent=57538"}],"wp:term":[{"taxonomy":"category","embeddable":true,"href":"https:\/\/ondauno.com.ar\/index.php\/wp-json\/wp\/v2\/categories?post=57538"},{"taxonomy":"post_tag","embeddable":true,"href":"https:\/\/ondauno.com.ar\/index.php\/wp-json\/wp\/v2\/tags?post=57538"}],"curies":[{"name":"wp","href":"https:\/\/api.w.org\/{rel}","templated":true}]}}