{"id":57534,"date":"2025-06-13T18:36:28","date_gmt":"2025-06-13T21:36:28","guid":{"rendered":"https:\/\/ondauno.com.ar\/?p=57534"},"modified":"2025-06-13T18:36:33","modified_gmt":"2025-06-13T21:36:33","slug":"invitan-a-participar-de-la-etapa-municipal-de-los-juegos-bonaerenses-con-una-semana-completa-de-competencia-cultural","status":"publish","type":"post","link":"https:\/\/ondauno.com.ar\/index.php\/2025\/06\/13\/invitan-a-participar-de-la-etapa-municipal-de-los-juegos-bonaerenses-con-una-semana-completa-de-competencia-cultural\/","title":{"rendered":"Invitan a participar de la Etapa Municipal de los Juegos Bonaerenses con una semana completa de competencia cultural"},"content":{"rendered":"<div class=\"ondau-before-content_3\" style=\"margin-top: -30px;\" id=\"ondau-1631646255\"><a href=\"https:\/\/www.lps.com.ar\/\" aria-label=\"la-perse2\"><img loading=\"lazy\" decoding=\"async\" src=\"https:\/\/ondauno.com.ar\/wp-content\/uploads\/2021\/10\/la-perse2.jpg\" alt=\"\"  srcset=\"https:\/\/ondauno.com.ar\/wp-content\/uploads\/2021\/10\/la-perse2.jpg 1353w, https:\/\/ondauno.com.ar\/wp-content\/uploads\/2021\/10\/la-perse2-300x43.jpg 300w, https:\/\/ondauno.com.ar\/wp-content\/uploads\/2021\/10\/la-perse2-1024x148.jpg 1024w, https:\/\/ondauno.com.ar\/wp-content\/uploads\/2021\/10\/la-perse2-768x111.jpg 768w, https:\/\/ondauno.com.ar\/wp-content\/uploads\/2021\/10\/la-perse2-696x100.jpg 696w, https:\/\/ondauno.com.ar\/wp-content\/uploads\/2021\/10\/la-perse2-1068x154.jpg 1068w\" sizes=\"(max-width: 1353px) 100vw, 1353px\" class=\"no-lazyload\" width=\"1353\" height=\"195\"  style=\"display: inline-block;\" \/><\/a><\/div>\n<p>La Direcci\u00f3n de Cultura, Educaci\u00f3n y Derechos Humanos de la Municipalidad de Tres Arroyos invita a la comunidad a ser parte de la Etapa Municipal de los Juegos Bonaerenses, que por primera vez se desarrollar\u00e1 en una semana completa de competencia cultural, del <strong>23 al 27 de junio<\/strong>.<\/p>\n\n\n\n<p>Durante esta semana, j\u00f3venes y adultos mayores tendr\u00e1n la oportunidad de compartir y celebrar el talento local a trav\u00e9s de diversas disciplinas art\u00edsticas. Las actividades se llevar\u00e1n a cabo en distintas sedes del distrito y la entrada ser\u00e1 libre y gratuita para todo el p\u00fablico.<\/p>\n\n\n\n<p><strong>Locaciones y disciplinas:<\/strong><\/p>\n\n\n\n<ul class=\"wp-block-list\">\n<li><strong>Centro Cultural La Estaci\u00f3n<\/strong> (Av. Ituzaing\u00f3 320)<br>Desde el 23 de junio<br>Disciplinas: Artes pl\u00e1sticas (dibujo, pintura, escultura), literatura (cuento, poes\u00eda), fotograf\u00eda, y m\u00e1s.<\/li>\n\n\n\n<li><strong>Casa del Bicentenario<\/strong> (Av. San Mart\u00edn 1200)<br>Desde el 24 de junio<br>Disciplinas: Teatro, danza, m\u00fasica (solista y grupos), y expresi\u00f3n corporal.<\/li>\n\n\n\n<li><strong>Sal\u00f3n Municipal<\/strong> (San Mart\u00edn 1345)<br>Desde el 25 de junio<br>Disciplinas: Artesan\u00edas, audiovisuales, canto grupal y solista, y otras manifestaciones culturales.<\/li>\n<\/ul>\n\n\n\n<p>La Municipalidad invita a toda la comunidad a acompa\u00f1ar este evento, disfrutar de las actividades y apoyar a los participantes, que representan la riqueza cultural de Tres Arroyos.<\/p>\n\n\n\n<p>Para m\u00e1s informaci\u00f3n, los interesados pueden comunicarse con la Direcci\u00f3n de Cultura al tel\u00e9fono [incluir n\u00famero] o a trav\u00e9s de las redes sociales oficiales.<\/p>\n","protected":false},"excerpt":{"rendered":"<p>La Direcci\u00f3n de Cultura, Educaci\u00f3n y Derechos Humanos de la Municipalidad de Tres Arroyos invita a la comunidad a ser parte de la Etapa Municipal de los Juegos Bonaerenses, que por primera vez se desarrollar\u00e1 en una semana completa de competencia cultural, del 23 al 27 de junio. Durante esta semana, j\u00f3venes y adultos mayores [&hellip;]<\/p>\n","protected":false},"author":1,"featured_media":57535,"comment_status":"open","ping_status":"open","sticky":false,"template":"","format":"standard","meta":{"tdm_status":"","tdm_grid_status":"","_jetpack_memberships_contains_paid_content":false,"footnotes":"","jetpack_publicize_message":"","jetpack_publicize_feature_enabled":true,"jetpack_social_post_already_shared":true,"jetpack_social_options":{"image_generator_settings":{"template":"highway","default_image_id":0,"font":"","enabled":false},"version":2}},"categories":[28],"tags":[],"class_list":{"0":"post-57534","1":"post","2":"type-post","3":"status-publish","4":"format-standard","5":"has-post-thumbnail","7":"category-interes-general"},"yoast_head":"<!-- This site is optimized with the Yoast SEO plugin v22.7 - https:\/\/yoast.com\/wordpress\/plugins\/seo\/ -->\n<title>Invitan a participar de la Etapa Municipal de los Juegos Bonaerenses con una semana completa de competencia cultural - 103.9 fm<\/title>\n<meta name=\"robots\" content=\"index, follow, max-snippet:-1, max-image-preview:large, max-video-preview:-1\" \/>\n<link rel=\"canonical\" href=\"https:\/\/ondauno.com.ar\/index.php\/2025\/06\/13\/invitan-a-participar-de-la-etapa-municipal-de-los-juegos-bonaerenses-con-una-semana-completa-de-competencia-cultural\/\" \/>\n<meta property=\"og:locale\" content=\"es_ES\" \/>\n<meta property=\"og:type\" content=\"article\" \/>\n<meta property=\"og:title\" content=\"Invitan a participar de la Etapa Municipal de los Juegos Bonaerenses con una semana completa de competencia cultural - 103.9 fm\" \/>\n<meta property=\"og:description\" content=\"La Direcci\u00f3n de Cultura, Educaci\u00f3n y Derechos Humanos de la Municipalidad de Tres Arroyos invita a la comunidad a ser parte de la Etapa Municipal de los Juegos Bonaerenses, que por primera vez se desarrollar\u00e1 en una semana completa de competencia cultural, del 23 al 27 de junio. Durante esta semana, j\u00f3venes y adultos mayores [&hellip;]\" \/>\n<meta property=\"og:url\" content=\"https:\/\/ondauno.com.ar\/index.php\/2025\/06\/13\/invitan-a-participar-de-la-etapa-municipal-de-los-juegos-bonaerenses-con-una-semana-completa-de-competencia-cultural\/\" \/>\n<meta property=\"og:site_name\" content=\"103.9 fm\" \/>\n<meta property=\"article:publisher\" content=\"https:\/\/www.facebook.com\/ondauno103.9\" \/>\n<meta property=\"article:published_time\" content=\"2025-06-13T21:36:28+00:00\" \/>\n<meta property=\"article:modified_time\" content=\"2025-06-13T21:36:33+00:00\" \/>\n<meta property=\"og:image\" content=\"http:\/\/ondauno.com.ar\/wp-content\/uploads\/2025\/06\/WhatsApp-Image-2025-06-13-at-08.04.30.jpeg\" \/>\n\t<meta property=\"og:image:width\" content=\"1080\" \/>\n\t<meta property=\"og:image:height\" content=\"1350\" \/>\n\t<meta property=\"og:image:type\" content=\"image\/jpeg\" \/>\n<meta name=\"author\" content=\"OndaUno\" \/>\n<meta name=\"twitter:card\" content=\"summary_large_image\" \/>\n<meta name=\"twitter:label1\" content=\"Escrito por\" \/>\n\t<meta name=\"twitter:data1\" content=\"OndaUno\" \/>\n\t<meta name=\"twitter:label2\" content=\"Tiempo de lectura\" \/>\n\t<meta name=\"twitter:data2\" content=\"2 minutos\" \/>\n<script type=\"application\/ld+json\" class=\"yoast-schema-graph\">{\"@context\":\"https:\/\/schema.org\",\"@graph\":[{\"@type\":\"WebPage\",\"@id\":\"https:\/\/ondauno.com.ar\/index.php\/2025\/06\/13\/invitan-a-participar-de-la-etapa-municipal-de-los-juegos-bonaerenses-con-una-semana-completa-de-competencia-cultural\/\",\"url\":\"https:\/\/ondauno.com.ar\/index.php\/2025\/06\/13\/invitan-a-participar-de-la-etapa-municipal-de-los-juegos-bonaerenses-con-una-semana-completa-de-competencia-cultural\/\",\"name\":\"Invitan a participar de la Etapa Municipal de los Juegos Bonaerenses con una semana completa de competencia cultural - 103.9 fm\",\"isPartOf\":{\"@id\":\"https:\/\/ondauno.com.ar\/#website\"},\"primaryImageOfPage\":{\"@id\":\"https:\/\/ondauno.com.ar\/index.php\/2025\/06\/13\/invitan-a-participar-de-la-etapa-municipal-de-los-juegos-bonaerenses-con-una-semana-completa-de-competencia-cultural\/#primaryimage\"},\"image\":{\"@id\":\"https:\/\/ondauno.com.ar\/index.php\/2025\/06\/13\/invitan-a-participar-de-la-etapa-municipal-de-los-juegos-bonaerenses-con-una-semana-completa-de-competencia-cultural\/#primaryimage\"},\"thumbnailUrl\":\"https:\/\/ondauno.com.ar\/wp-content\/uploads\/2025\/06\/WhatsApp-Image-2025-06-13-at-08.04.30.jpeg\",\"datePublished\":\"2025-06-13T21:36:28+00:00\",\"dateModified\":\"2025-06-13T21:36:33+00:00\",\"author\":{\"@id\":\"https:\/\/ondauno.com.ar\/#\/schema\/person\/7ec851ddeceb4133d7d7132dc645714e\"},\"breadcrumb\":{\"@id\":\"https:\/\/ondauno.com.ar\/index.php\/2025\/06\/13\/invitan-a-participar-de-la-etapa-municipal-de-los-juegos-bonaerenses-con-una-semana-completa-de-competencia-cultural\/#breadcrumb\"},\"inLanguage\":\"es-AR\",\"potentialAction\":[{\"@type\":\"ReadAction\",\"target\":[\"https:\/\/ondauno.com.ar\/index.php\/2025\/06\/13\/invitan-a-participar-de-la-etapa-municipal-de-los-juegos-bonaerenses-con-una-semana-completa-de-competencia-cultural\/\"]}]},{\"@type\":\"ImageObject\",\"inLanguage\":\"es-AR\",\"@id\":\"https:\/\/ondauno.com.ar\/index.php\/2025\/06\/13\/invitan-a-participar-de-la-etapa-municipal-de-los-juegos-bonaerenses-con-una-semana-completa-de-competencia-cultural\/#primaryimage\",\"url\":\"https:\/\/ondauno.com.ar\/wp-content\/uploads\/2025\/06\/WhatsApp-Image-2025-06-13-at-08.04.30.jpeg\",\"contentUrl\":\"https:\/\/ondauno.com.ar\/wp-content\/uploads\/2025\/06\/WhatsApp-Image-2025-06-13-at-08.04.30.jpeg\",\"width\":1080,\"height\":1350},{\"@type\":\"BreadcrumbList\",\"@id\":\"https:\/\/ondauno.com.ar\/index.php\/2025\/06\/13\/invitan-a-participar-de-la-etapa-municipal-de-los-juegos-bonaerenses-con-una-semana-completa-de-competencia-cultural\/#breadcrumb\",\"itemListElement\":[{\"@type\":\"ListItem\",\"position\":1,\"name\":\"Inicio\",\"item\":\"https:\/\/ondauno.com.ar\/\"},{\"@type\":\"ListItem\",\"position\":2,\"name\":\"Invitan a participar de la Etapa Municipal de los Juegos Bonaerenses con una semana completa de competencia cultural\"}]},{\"@type\":\"WebSite\",\"@id\":\"https:\/\/ondauno.com.ar\/#website\",\"url\":\"https:\/\/ondauno.com.ar\/\",\"name\":\"103.9 fm\",\"description\":\"LA PRIMERA RADIO MULTIMEDIA DE TRES ARROYOS\",\"potentialAction\":[{\"@type\":\"SearchAction\",\"target\":{\"@type\":\"EntryPoint\",\"urlTemplate\":\"https:\/\/ondauno.com.ar\/?s={search_term_string}\"},\"query-input\":\"required name=search_term_string\"}],\"inLanguage\":\"es-AR\"},{\"@type\":\"Person\",\"@id\":\"https:\/\/ondauno.com.ar\/#\/schema\/person\/7ec851ddeceb4133d7d7132dc645714e\",\"name\":\"OndaUno\",\"image\":{\"@type\":\"ImageObject\",\"inLanguage\":\"es-AR\",\"@id\":\"https:\/\/ondauno.com.ar\/#\/schema\/person\/image\/\",\"url\":\"https:\/\/secure.gravatar.com\/avatar\/93b8009f0de7021f1feb2bd5b32fb9e8?s=96&d=mm&r=g\",\"contentUrl\":\"https:\/\/secure.gravatar.com\/avatar\/93b8009f0de7021f1feb2bd5b32fb9e8?s=96&d=mm&r=g\",\"caption\":\"OndaUno\"},\"url\":\"https:\/\/ondauno.com.ar\/index.php\/author\/ondauno\/\"}]}<\/script>\n<!-- \/ Yoast SEO plugin. -->","yoast_head_json":{"title":"Invitan a participar de la Etapa Municipal de los Juegos Bonaerenses con una semana completa de competencia cultural - 103.9 fm","robots":{"index":"index","follow":"follow","max-snippet":"max-snippet:-1","max-image-preview":"max-image-preview:large","max-video-preview":"max-video-preview:-1"},"canonical":"https:\/\/ondauno.com.ar\/index.php\/2025\/06\/13\/invitan-a-participar-de-la-etapa-municipal-de-los-juegos-bonaerenses-con-una-semana-completa-de-competencia-cultural\/","og_locale":"es_ES","og_type":"article","og_title":"Invitan a participar de la Etapa Municipal de los Juegos Bonaerenses con una semana completa de competencia cultural - 103.9 fm","og_description":"La Direcci\u00f3n de Cultura, Educaci\u00f3n y Derechos Humanos de la Municipalidad de Tres Arroyos invita a la comunidad a ser parte de la Etapa Municipal de los Juegos Bonaerenses, que por primera vez se desarrollar\u00e1 en una semana completa de competencia cultural, del 23 al 27 de junio. Durante esta semana, j\u00f3venes y adultos mayores [&hellip;]","og_url":"https:\/\/ondauno.com.ar\/index.php\/2025\/06\/13\/invitan-a-participar-de-la-etapa-municipal-de-los-juegos-bonaerenses-con-una-semana-completa-de-competencia-cultural\/","og_site_name":"103.9 fm","article_publisher":"https:\/\/www.facebook.com\/ondauno103.9","article_published_time":"2025-06-13T21:36:28+00:00","article_modified_time":"2025-06-13T21:36:33+00:00","og_image":[{"width":1080,"height":1350,"url":"http:\/\/ondauno.com.ar\/wp-content\/uploads\/2025\/06\/WhatsApp-Image-2025-06-13-at-08.04.30.jpeg","type":"image\/jpeg"}],"author":"OndaUno","twitter_card":"summary_large_image","twitter_misc":{"Escrito por":"OndaUno","Tiempo de lectura":"2 minutos"},"schema":{"@context":"https:\/\/schema.org","@graph":[{"@type":"WebPage","@id":"https:\/\/ondauno.com.ar\/index.php\/2025\/06\/13\/invitan-a-participar-de-la-etapa-municipal-de-los-juegos-bonaerenses-con-una-semana-completa-de-competencia-cultural\/","url":"https:\/\/ondauno.com.ar\/index.php\/2025\/06\/13\/invitan-a-participar-de-la-etapa-municipal-de-los-juegos-bonaerenses-con-una-semana-completa-de-competencia-cultural\/","name":"Invitan a participar de la Etapa Municipal de los Juegos Bonaerenses con una semana completa de competencia cultural - 103.9 fm","isPartOf":{"@id":"https:\/\/ondauno.com.ar\/#website"},"primaryImageOfPage":{"@id":"https:\/\/ondauno.com.ar\/index.php\/2025\/06\/13\/invitan-a-participar-de-la-etapa-municipal-de-los-juegos-bonaerenses-con-una-semana-completa-de-competencia-cultural\/#primaryimage"},"image":{"@id":"https:\/\/ondauno.com.ar\/index.php\/2025\/06\/13\/invitan-a-participar-de-la-etapa-municipal-de-los-juegos-bonaerenses-con-una-semana-completa-de-competencia-cultural\/#primaryimage"},"thumbnailUrl":"https:\/\/ondauno.com.ar\/wp-content\/uploads\/2025\/06\/WhatsApp-Image-2025-06-13-at-08.04.30.jpeg","datePublished":"2025-06-13T21:36:28+00:00","dateModified":"2025-06-13T21:36:33+00:00","author":{"@id":"https:\/\/ondauno.com.ar\/#\/schema\/person\/7ec851ddeceb4133d7d7132dc645714e"},"breadcrumb":{"@id":"https:\/\/ondauno.com.ar\/index.php\/2025\/06\/13\/invitan-a-participar-de-la-etapa-municipal-de-los-juegos-bonaerenses-con-una-semana-completa-de-competencia-cultural\/#breadcrumb"},"inLanguage":"es-AR","potentialAction":[{"@type":"ReadAction","target":["https:\/\/ondauno.com.ar\/index.php\/2025\/06\/13\/invitan-a-participar-de-la-etapa-municipal-de-los-juegos-bonaerenses-con-una-semana-completa-de-competencia-cultural\/"]}]},{"@type":"ImageObject","inLanguage":"es-AR","@id":"https:\/\/ondauno.com.ar\/index.php\/2025\/06\/13\/invitan-a-participar-de-la-etapa-municipal-de-los-juegos-bonaerenses-con-una-semana-completa-de-competencia-cultural\/#primaryimage","url":"https:\/\/ondauno.com.ar\/wp-content\/uploads\/2025\/06\/WhatsApp-Image-2025-06-13-at-08.04.30.jpeg","contentUrl":"https:\/\/ondauno.com.ar\/wp-content\/uploads\/2025\/06\/WhatsApp-Image-2025-06-13-at-08.04.30.jpeg","width":1080,"height":1350},{"@type":"BreadcrumbList","@id":"https:\/\/ondauno.com.ar\/index.php\/2025\/06\/13\/invitan-a-participar-de-la-etapa-municipal-de-los-juegos-bonaerenses-con-una-semana-completa-de-competencia-cultural\/#breadcrumb","itemListElement":[{"@type":"ListItem","position":1,"name":"Inicio","item":"https:\/\/ondauno.com.ar\/"},{"@type":"ListItem","position":2,"name":"Invitan a participar de la Etapa Municipal de los Juegos Bonaerenses con una semana completa de competencia cultural"}]},{"@type":"WebSite","@id":"https:\/\/ondauno.com.ar\/#website","url":"https:\/\/ondauno.com.ar\/","name":"103.9 fm","description":"LA PRIMERA RADIO MULTIMEDIA DE TRES ARROYOS","potentialAction":[{"@type":"SearchAction","target":{"@type":"EntryPoint","urlTemplate":"https:\/\/ondauno.com.ar\/?s={search_term_string}"},"query-input":"required name=search_term_string"}],"inLanguage":"es-AR"},{"@type":"Person","@id":"https:\/\/ondauno.com.ar\/#\/schema\/person\/7ec851ddeceb4133d7d7132dc645714e","name":"OndaUno","image":{"@type":"ImageObject","inLanguage":"es-AR","@id":"https:\/\/ondauno.com.ar\/#\/schema\/person\/image\/","url":"https:\/\/secure.gravatar.com\/avatar\/93b8009f0de7021f1feb2bd5b32fb9e8?s=96&d=mm&r=g","contentUrl":"https:\/\/secure.gravatar.com\/avatar\/93b8009f0de7021f1feb2bd5b32fb9e8?s=96&d=mm&r=g","caption":"OndaUno"},"url":"https:\/\/ondauno.com.ar\/index.php\/author\/ondauno\/"}]}},"jetpack_publicize_connections":[],"jetpack_featured_media_url":"https:\/\/ondauno.com.ar\/wp-content\/uploads\/2025\/06\/WhatsApp-Image-2025-06-13-at-08.04.30.jpeg","jetpack_sharing_enabled":true,"_links":{"self":[{"href":"https:\/\/ondauno.com.ar\/index.php\/wp-json\/wp\/v2\/posts\/57534","targetHints":{"allow":["GET"]}}],"collection":[{"href":"https:\/\/ondauno.com.ar\/index.php\/wp-json\/wp\/v2\/posts"}],"about":[{"href":"https:\/\/ondauno.com.ar\/index.php\/wp-json\/wp\/v2\/types\/post"}],"author":[{"embeddable":true,"href":"https:\/\/ondauno.com.ar\/index.php\/wp-json\/wp\/v2\/users\/1"}],"replies":[{"embeddable":true,"href":"https:\/\/ondauno.com.ar\/index.php\/wp-json\/wp\/v2\/comments?post=57534"}],"version-history":[{"count":1,"href":"https:\/\/ondauno.com.ar\/index.php\/wp-json\/wp\/v2\/posts\/57534\/revisions"}],"predecessor-version":[{"id":57536,"href":"https:\/\/ondauno.com.ar\/index.php\/wp-json\/wp\/v2\/posts\/57534\/revisions\/57536"}],"wp:featuredmedia":[{"embeddable":true,"href":"https:\/\/ondauno.com.ar\/index.php\/wp-json\/wp\/v2\/media\/57535"}],"wp:attachment":[{"href":"https:\/\/ondauno.com.ar\/index.php\/wp-json\/wp\/v2\/media?parent=57534"}],"wp:term":[{"taxonomy":"category","embeddable":true,"href":"https:\/\/ondauno.com.ar\/index.php\/wp-json\/wp\/v2\/categories?post=57534"},{"taxonomy":"post_tag","embeddable":true,"href":"https:\/\/ondauno.com.ar\/index.php\/wp-json\/wp\/v2\/tags?post=57534"}],"curies":[{"name":"wp","href":"https:\/\/api.w.org\/{rel}","templated":true}]}}