{"id":57185,"date":"2025-05-29T17:39:19","date_gmt":"2025-05-29T20:39:19","guid":{"rendered":"https:\/\/ondauno.com.ar\/?p=57185"},"modified":"2025-05-29T17:39:25","modified_gmt":"2025-05-29T20:39:25","slug":"tres-arroyos-fue-sede-del-encuentro-regional-de-capacitacion-contra-las-violencias-por-razones-de-genero","status":"publish","type":"post","link":"https:\/\/ondauno.com.ar\/index.php\/2025\/05\/29\/tres-arroyos-fue-sede-del-encuentro-regional-de-capacitacion-contra-las-violencias-por-razones-de-genero\/","title":{"rendered":"Tres Arroyos fue sede del Encuentro Regional de Capacitaci\u00f3n contra las Violencias por Razones de G\u00e9nero"},"content":{"rendered":"<div class=\"ondau-before-content_3\" style=\"margin-top: -30px;\" id=\"ondau-2997624879\"><a href=\"https:\/\/www.lps.com.ar\/\" aria-label=\"la-perse2\"><img loading=\"lazy\" decoding=\"async\" src=\"https:\/\/ondauno.com.ar\/wp-content\/uploads\/2021\/10\/la-perse2.jpg\" alt=\"\"  srcset=\"https:\/\/ondauno.com.ar\/wp-content\/uploads\/2021\/10\/la-perse2.jpg 1353w, https:\/\/ondauno.com.ar\/wp-content\/uploads\/2021\/10\/la-perse2-300x43.jpg 300w, https:\/\/ondauno.com.ar\/wp-content\/uploads\/2021\/10\/la-perse2-1024x148.jpg 1024w, https:\/\/ondauno.com.ar\/wp-content\/uploads\/2021\/10\/la-perse2-768x111.jpg 768w, https:\/\/ondauno.com.ar\/wp-content\/uploads\/2021\/10\/la-perse2-696x100.jpg 696w, https:\/\/ondauno.com.ar\/wp-content\/uploads\/2021\/10\/la-perse2-1068x154.jpg 1068w\" sizes=\"(max-width: 1353px) 100vw, 1353px\" class=\"no-lazyload\" width=\"1353\" height=\"195\"  style=\"display: inline-block;\" \/><\/a><\/div>\n<p>En la ciudad de Tres Arroyos se llev\u00f3 a cabo un Encuentro Regional de Capacitaci\u00f3n orientado al fortalecimiento del abordaje integral de las violencias por razones de g\u00e9nero, en el marco del Sistema Integrado de Pol\u00edticas P\u00fablicas (SIPP) de la provincia de Buenos Aires.<\/p>\n\n\n\n<p>La jornada, estuvo organizada por la Direcci\u00f3n de Mujeres, Genero y Diversidad y coordinada<br>por la Subsecretar\u00eda de Pol\u00edticas contra las Violencias por Razones de G\u00e9nero del Ministerio de Mujeres y Diversidad, y tuvo como eje reunir a m\u00e1s de 50 profesionales que componen los equipos t\u00e9cnicos, instituciones y referentes de distintos municipios, como G. Chaves, Ju\u00e1rez, Lamadrid y Torquinst como tambi\u00e9n personal de la Secretar\u00eda de Seguridad de nuestro medio. El objetivo fue profundizar el trabajo en red y capacitar en la gu\u00eda de los dispositivos de protecci\u00f3n integral que impulsa el SIPP, una herramienta que busca prevenir y asistir situaciones de violencia desde un enfoque interinstitucional, integral y territorial.<\/p>\n\n\n\n<p>En este sentido, Delfina Espinal Directora de Mujeres y Genero local dependiente de la Secretar\u00eda de Desarrollo Social, detall\u00f3 que \u201cestamos convencidos de que solo el trabajo colectivo, articulado y sostenido en el tiempo puede transformar las condiciones estructurales que perpet\u00faan las violencias. Y en este caso el SIPP promueve la articulaci\u00f3n entre distintas jurisdicciones y sectores para garantizar respuestas adecuadas a la complejidad de la problem\u00e1tica. Los Dispositivos Territoriales de Protecci\u00f3n Integral (DTPI), son protagonistas de este entramado institucional, representan un eslab\u00f3n clave en la red provincial que trabaja en el territorio para la protecci\u00f3n y acompa\u00f1amiento de personas en situaci\u00f3n de violencia por razones de g\u00e9nero.<\/p>\n\n\n\n<p><br>Este tipo de encuentros reafirma el compromiso del Estado provincial y municipal trabajando juntos para el avance de pol\u00edticas p\u00fablicas con perspectiva de g\u00e9nero, y en el dise\u00f1o de estrategias concretas que permitan avanzar hacia una sociedad m\u00e1s igualitaria\u201d.<\/p>\n","protected":false},"excerpt":{"rendered":"<p>En la ciudad de Tres Arroyos se llev\u00f3 a cabo un Encuentro Regional de Capacitaci\u00f3n orientado al fortalecimiento del abordaje integral de las violencias por razones de g\u00e9nero, en el marco del Sistema Integrado de Pol\u00edticas P\u00fablicas (SIPP) de la provincia de Buenos Aires. La jornada, estuvo organizada por la Direcci\u00f3n de Mujeres, Genero y [&hellip;]<\/p>\n","protected":false},"author":1,"featured_media":57186,"comment_status":"open","ping_status":"open","sticky":false,"template":"","format":"standard","meta":{"tdm_status":"","tdm_grid_status":"","_jetpack_memberships_contains_paid_content":false,"footnotes":"","jetpack_publicize_message":"","jetpack_publicize_feature_enabled":true,"jetpack_social_post_already_shared":true,"jetpack_social_options":{"image_generator_settings":{"template":"highway","default_image_id":0,"font":"","enabled":false},"version":2}},"categories":[2],"tags":[],"class_list":{"0":"post-57185","1":"post","2":"type-post","3":"status-publish","4":"format-standard","5":"has-post-thumbnail","7":"category-locales"},"yoast_head":"<!-- This site is optimized with the Yoast SEO plugin v22.7 - https:\/\/yoast.com\/wordpress\/plugins\/seo\/ -->\n<title>Tres Arroyos fue sede del Encuentro Regional de Capacitaci\u00f3n contra las Violencias por Razones de G\u00e9nero - 103.9 fm<\/title>\n<meta name=\"robots\" content=\"index, follow, max-snippet:-1, max-image-preview:large, max-video-preview:-1\" \/>\n<link rel=\"canonical\" href=\"https:\/\/ondauno.com.ar\/index.php\/2025\/05\/29\/tres-arroyos-fue-sede-del-encuentro-regional-de-capacitacion-contra-las-violencias-por-razones-de-genero\/\" \/>\n<meta property=\"og:locale\" content=\"es_ES\" \/>\n<meta property=\"og:type\" content=\"article\" \/>\n<meta property=\"og:title\" content=\"Tres Arroyos fue sede del Encuentro Regional de Capacitaci\u00f3n contra las Violencias por Razones de G\u00e9nero - 103.9 fm\" \/>\n<meta property=\"og:description\" content=\"En la ciudad de Tres Arroyos se llev\u00f3 a cabo un Encuentro Regional de Capacitaci\u00f3n orientado al fortalecimiento del abordaje integral de las violencias por razones de g\u00e9nero, en el marco del Sistema Integrado de Pol\u00edticas P\u00fablicas (SIPP) de la provincia de Buenos Aires. La jornada, estuvo organizada por la Direcci\u00f3n de Mujeres, Genero y [&hellip;]\" \/>\n<meta property=\"og:url\" content=\"https:\/\/ondauno.com.ar\/index.php\/2025\/05\/29\/tres-arroyos-fue-sede-del-encuentro-regional-de-capacitacion-contra-las-violencias-por-razones-de-genero\/\" \/>\n<meta property=\"og:site_name\" content=\"103.9 fm\" \/>\n<meta property=\"article:publisher\" content=\"https:\/\/www.facebook.com\/ondauno103.9\" \/>\n<meta property=\"article:published_time\" content=\"2025-05-29T20:39:19+00:00\" \/>\n<meta property=\"article:modified_time\" content=\"2025-05-29T20:39:25+00:00\" \/>\n<meta property=\"og:image\" content=\"http:\/\/ondauno.com.ar\/wp-content\/uploads\/2025\/05\/WhatsApp-Image-2025-05-29-at-13.40.34-scaled.jpeg\" \/>\n\t<meta property=\"og:image:width\" content=\"1920\" \/>\n\t<meta property=\"og:image:height\" content=\"2560\" \/>\n\t<meta property=\"og:image:type\" content=\"image\/jpeg\" \/>\n<meta name=\"author\" content=\"OndaUno\" \/>\n<meta name=\"twitter:card\" content=\"summary_large_image\" \/>\n<meta name=\"twitter:label1\" content=\"Escrito por\" \/>\n\t<meta name=\"twitter:data1\" content=\"OndaUno\" \/>\n\t<meta name=\"twitter:label2\" content=\"Tiempo de lectura\" \/>\n\t<meta name=\"twitter:data2\" content=\"2 minutos\" \/>\n<script type=\"application\/ld+json\" class=\"yoast-schema-graph\">{\"@context\":\"https:\/\/schema.org\",\"@graph\":[{\"@type\":\"WebPage\",\"@id\":\"https:\/\/ondauno.com.ar\/index.php\/2025\/05\/29\/tres-arroyos-fue-sede-del-encuentro-regional-de-capacitacion-contra-las-violencias-por-razones-de-genero\/\",\"url\":\"https:\/\/ondauno.com.ar\/index.php\/2025\/05\/29\/tres-arroyos-fue-sede-del-encuentro-regional-de-capacitacion-contra-las-violencias-por-razones-de-genero\/\",\"name\":\"Tres Arroyos fue sede del Encuentro Regional de Capacitaci\u00f3n contra las Violencias por Razones de G\u00e9nero - 103.9 fm\",\"isPartOf\":{\"@id\":\"https:\/\/ondauno.com.ar\/#website\"},\"primaryImageOfPage\":{\"@id\":\"https:\/\/ondauno.com.ar\/index.php\/2025\/05\/29\/tres-arroyos-fue-sede-del-encuentro-regional-de-capacitacion-contra-las-violencias-por-razones-de-genero\/#primaryimage\"},\"image\":{\"@id\":\"https:\/\/ondauno.com.ar\/index.php\/2025\/05\/29\/tres-arroyos-fue-sede-del-encuentro-regional-de-capacitacion-contra-las-violencias-por-razones-de-genero\/#primaryimage\"},\"thumbnailUrl\":\"https:\/\/ondauno.com.ar\/wp-content\/uploads\/2025\/05\/WhatsApp-Image-2025-05-29-at-13.40.34-scaled.jpeg\",\"datePublished\":\"2025-05-29T20:39:19+00:00\",\"dateModified\":\"2025-05-29T20:39:25+00:00\",\"author\":{\"@id\":\"https:\/\/ondauno.com.ar\/#\/schema\/person\/7ec851ddeceb4133d7d7132dc645714e\"},\"breadcrumb\":{\"@id\":\"https:\/\/ondauno.com.ar\/index.php\/2025\/05\/29\/tres-arroyos-fue-sede-del-encuentro-regional-de-capacitacion-contra-las-violencias-por-razones-de-genero\/#breadcrumb\"},\"inLanguage\":\"es-AR\",\"potentialAction\":[{\"@type\":\"ReadAction\",\"target\":[\"https:\/\/ondauno.com.ar\/index.php\/2025\/05\/29\/tres-arroyos-fue-sede-del-encuentro-regional-de-capacitacion-contra-las-violencias-por-razones-de-genero\/\"]}]},{\"@type\":\"ImageObject\",\"inLanguage\":\"es-AR\",\"@id\":\"https:\/\/ondauno.com.ar\/index.php\/2025\/05\/29\/tres-arroyos-fue-sede-del-encuentro-regional-de-capacitacion-contra-las-violencias-por-razones-de-genero\/#primaryimage\",\"url\":\"https:\/\/ondauno.com.ar\/wp-content\/uploads\/2025\/05\/WhatsApp-Image-2025-05-29-at-13.40.34-scaled.jpeg\",\"contentUrl\":\"https:\/\/ondauno.com.ar\/wp-content\/uploads\/2025\/05\/WhatsApp-Image-2025-05-29-at-13.40.34-scaled.jpeg\",\"width\":1920,\"height\":2560},{\"@type\":\"BreadcrumbList\",\"@id\":\"https:\/\/ondauno.com.ar\/index.php\/2025\/05\/29\/tres-arroyos-fue-sede-del-encuentro-regional-de-capacitacion-contra-las-violencias-por-razones-de-genero\/#breadcrumb\",\"itemListElement\":[{\"@type\":\"ListItem\",\"position\":1,\"name\":\"Inicio\",\"item\":\"https:\/\/ondauno.com.ar\/\"},{\"@type\":\"ListItem\",\"position\":2,\"name\":\"Tres Arroyos fue sede del Encuentro Regional de Capacitaci\u00f3n contra las Violencias por Razones de G\u00e9nero\"}]},{\"@type\":\"WebSite\",\"@id\":\"https:\/\/ondauno.com.ar\/#website\",\"url\":\"https:\/\/ondauno.com.ar\/\",\"name\":\"103.9 fm\",\"description\":\"LA PRIMERA RADIO MULTIMEDIA DE TRES ARROYOS\",\"potentialAction\":[{\"@type\":\"SearchAction\",\"target\":{\"@type\":\"EntryPoint\",\"urlTemplate\":\"https:\/\/ondauno.com.ar\/?s={search_term_string}\"},\"query-input\":\"required name=search_term_string\"}],\"inLanguage\":\"es-AR\"},{\"@type\":\"Person\",\"@id\":\"https:\/\/ondauno.com.ar\/#\/schema\/person\/7ec851ddeceb4133d7d7132dc645714e\",\"name\":\"OndaUno\",\"image\":{\"@type\":\"ImageObject\",\"inLanguage\":\"es-AR\",\"@id\":\"https:\/\/ondauno.com.ar\/#\/schema\/person\/image\/\",\"url\":\"https:\/\/secure.gravatar.com\/avatar\/93b8009f0de7021f1feb2bd5b32fb9e8?s=96&d=mm&r=g\",\"contentUrl\":\"https:\/\/secure.gravatar.com\/avatar\/93b8009f0de7021f1feb2bd5b32fb9e8?s=96&d=mm&r=g\",\"caption\":\"OndaUno\"},\"url\":\"https:\/\/ondauno.com.ar\/index.php\/author\/ondauno\/\"}]}<\/script>\n<!-- \/ Yoast SEO plugin. -->","yoast_head_json":{"title":"Tres Arroyos fue sede del Encuentro Regional de Capacitaci\u00f3n contra las Violencias por Razones de G\u00e9nero - 103.9 fm","robots":{"index":"index","follow":"follow","max-snippet":"max-snippet:-1","max-image-preview":"max-image-preview:large","max-video-preview":"max-video-preview:-1"},"canonical":"https:\/\/ondauno.com.ar\/index.php\/2025\/05\/29\/tres-arroyos-fue-sede-del-encuentro-regional-de-capacitacion-contra-las-violencias-por-razones-de-genero\/","og_locale":"es_ES","og_type":"article","og_title":"Tres Arroyos fue sede del Encuentro Regional de Capacitaci\u00f3n contra las Violencias por Razones de G\u00e9nero - 103.9 fm","og_description":"En la ciudad de Tres Arroyos se llev\u00f3 a cabo un Encuentro Regional de Capacitaci\u00f3n orientado al fortalecimiento del abordaje integral de las violencias por razones de g\u00e9nero, en el marco del Sistema Integrado de Pol\u00edticas P\u00fablicas (SIPP) de la provincia de Buenos Aires. La jornada, estuvo organizada por la Direcci\u00f3n de Mujeres, Genero y [&hellip;]","og_url":"https:\/\/ondauno.com.ar\/index.php\/2025\/05\/29\/tres-arroyos-fue-sede-del-encuentro-regional-de-capacitacion-contra-las-violencias-por-razones-de-genero\/","og_site_name":"103.9 fm","article_publisher":"https:\/\/www.facebook.com\/ondauno103.9","article_published_time":"2025-05-29T20:39:19+00:00","article_modified_time":"2025-05-29T20:39:25+00:00","og_image":[{"width":1920,"height":2560,"url":"http:\/\/ondauno.com.ar\/wp-content\/uploads\/2025\/05\/WhatsApp-Image-2025-05-29-at-13.40.34-scaled.jpeg","type":"image\/jpeg"}],"author":"OndaUno","twitter_card":"summary_large_image","twitter_misc":{"Escrito por":"OndaUno","Tiempo de lectura":"2 minutos"},"schema":{"@context":"https:\/\/schema.org","@graph":[{"@type":"WebPage","@id":"https:\/\/ondauno.com.ar\/index.php\/2025\/05\/29\/tres-arroyos-fue-sede-del-encuentro-regional-de-capacitacion-contra-las-violencias-por-razones-de-genero\/","url":"https:\/\/ondauno.com.ar\/index.php\/2025\/05\/29\/tres-arroyos-fue-sede-del-encuentro-regional-de-capacitacion-contra-las-violencias-por-razones-de-genero\/","name":"Tres Arroyos fue sede del Encuentro Regional de Capacitaci\u00f3n contra las Violencias por Razones de G\u00e9nero - 103.9 fm","isPartOf":{"@id":"https:\/\/ondauno.com.ar\/#website"},"primaryImageOfPage":{"@id":"https:\/\/ondauno.com.ar\/index.php\/2025\/05\/29\/tres-arroyos-fue-sede-del-encuentro-regional-de-capacitacion-contra-las-violencias-por-razones-de-genero\/#primaryimage"},"image":{"@id":"https:\/\/ondauno.com.ar\/index.php\/2025\/05\/29\/tres-arroyos-fue-sede-del-encuentro-regional-de-capacitacion-contra-las-violencias-por-razones-de-genero\/#primaryimage"},"thumbnailUrl":"https:\/\/ondauno.com.ar\/wp-content\/uploads\/2025\/05\/WhatsApp-Image-2025-05-29-at-13.40.34-scaled.jpeg","datePublished":"2025-05-29T20:39:19+00:00","dateModified":"2025-05-29T20:39:25+00:00","author":{"@id":"https:\/\/ondauno.com.ar\/#\/schema\/person\/7ec851ddeceb4133d7d7132dc645714e"},"breadcrumb":{"@id":"https:\/\/ondauno.com.ar\/index.php\/2025\/05\/29\/tres-arroyos-fue-sede-del-encuentro-regional-de-capacitacion-contra-las-violencias-por-razones-de-genero\/#breadcrumb"},"inLanguage":"es-AR","potentialAction":[{"@type":"ReadAction","target":["https:\/\/ondauno.com.ar\/index.php\/2025\/05\/29\/tres-arroyos-fue-sede-del-encuentro-regional-de-capacitacion-contra-las-violencias-por-razones-de-genero\/"]}]},{"@type":"ImageObject","inLanguage":"es-AR","@id":"https:\/\/ondauno.com.ar\/index.php\/2025\/05\/29\/tres-arroyos-fue-sede-del-encuentro-regional-de-capacitacion-contra-las-violencias-por-razones-de-genero\/#primaryimage","url":"https:\/\/ondauno.com.ar\/wp-content\/uploads\/2025\/05\/WhatsApp-Image-2025-05-29-at-13.40.34-scaled.jpeg","contentUrl":"https:\/\/ondauno.com.ar\/wp-content\/uploads\/2025\/05\/WhatsApp-Image-2025-05-29-at-13.40.34-scaled.jpeg","width":1920,"height":2560},{"@type":"BreadcrumbList","@id":"https:\/\/ondauno.com.ar\/index.php\/2025\/05\/29\/tres-arroyos-fue-sede-del-encuentro-regional-de-capacitacion-contra-las-violencias-por-razones-de-genero\/#breadcrumb","itemListElement":[{"@type":"ListItem","position":1,"name":"Inicio","item":"https:\/\/ondauno.com.ar\/"},{"@type":"ListItem","position":2,"name":"Tres Arroyos fue sede del Encuentro Regional de Capacitaci\u00f3n contra las Violencias por Razones de G\u00e9nero"}]},{"@type":"WebSite","@id":"https:\/\/ondauno.com.ar\/#website","url":"https:\/\/ondauno.com.ar\/","name":"103.9 fm","description":"LA PRIMERA RADIO MULTIMEDIA DE TRES ARROYOS","potentialAction":[{"@type":"SearchAction","target":{"@type":"EntryPoint","urlTemplate":"https:\/\/ondauno.com.ar\/?s={search_term_string}"},"query-input":"required name=search_term_string"}],"inLanguage":"es-AR"},{"@type":"Person","@id":"https:\/\/ondauno.com.ar\/#\/schema\/person\/7ec851ddeceb4133d7d7132dc645714e","name":"OndaUno","image":{"@type":"ImageObject","inLanguage":"es-AR","@id":"https:\/\/ondauno.com.ar\/#\/schema\/person\/image\/","url":"https:\/\/secure.gravatar.com\/avatar\/93b8009f0de7021f1feb2bd5b32fb9e8?s=96&d=mm&r=g","contentUrl":"https:\/\/secure.gravatar.com\/avatar\/93b8009f0de7021f1feb2bd5b32fb9e8?s=96&d=mm&r=g","caption":"OndaUno"},"url":"https:\/\/ondauno.com.ar\/index.php\/author\/ondauno\/"}]}},"jetpack_publicize_connections":[],"jetpack_featured_media_url":"https:\/\/ondauno.com.ar\/wp-content\/uploads\/2025\/05\/WhatsApp-Image-2025-05-29-at-13.40.34-scaled.jpeg","jetpack_sharing_enabled":true,"_links":{"self":[{"href":"https:\/\/ondauno.com.ar\/index.php\/wp-json\/wp\/v2\/posts\/57185","targetHints":{"allow":["GET"]}}],"collection":[{"href":"https:\/\/ondauno.com.ar\/index.php\/wp-json\/wp\/v2\/posts"}],"about":[{"href":"https:\/\/ondauno.com.ar\/index.php\/wp-json\/wp\/v2\/types\/post"}],"author":[{"embeddable":true,"href":"https:\/\/ondauno.com.ar\/index.php\/wp-json\/wp\/v2\/users\/1"}],"replies":[{"embeddable":true,"href":"https:\/\/ondauno.com.ar\/index.php\/wp-json\/wp\/v2\/comments?post=57185"}],"version-history":[{"count":1,"href":"https:\/\/ondauno.com.ar\/index.php\/wp-json\/wp\/v2\/posts\/57185\/revisions"}],"predecessor-version":[{"id":57187,"href":"https:\/\/ondauno.com.ar\/index.php\/wp-json\/wp\/v2\/posts\/57185\/revisions\/57187"}],"wp:featuredmedia":[{"embeddable":true,"href":"https:\/\/ondauno.com.ar\/index.php\/wp-json\/wp\/v2\/media\/57186"}],"wp:attachment":[{"href":"https:\/\/ondauno.com.ar\/index.php\/wp-json\/wp\/v2\/media?parent=57185"}],"wp:term":[{"taxonomy":"category","embeddable":true,"href":"https:\/\/ondauno.com.ar\/index.php\/wp-json\/wp\/v2\/categories?post=57185"},{"taxonomy":"post_tag","embeddable":true,"href":"https:\/\/ondauno.com.ar\/index.php\/wp-json\/wp\/v2\/tags?post=57185"}],"curies":[{"name":"wp","href":"https:\/\/api.w.org\/{rel}","templated":true}]}}