{"id":57005,"date":"2025-05-22T21:52:40","date_gmt":"2025-05-23T00:52:40","guid":{"rendered":"https:\/\/ondauno.com.ar\/?p=57005"},"modified":"2025-05-22T21:52:45","modified_gmt":"2025-05-23T00:52:45","slug":"como-seran-las-escuelas-dentro-de-10-anos","status":"publish","type":"post","link":"https:\/\/ondauno.com.ar\/index.php\/2025\/05\/22\/como-seran-las-escuelas-dentro-de-10-anos\/","title":{"rendered":"\u00bfC\u00f3mo ser\u00e1n las escuelas dentro de 10 a\u00f1os?"},"content":{"rendered":"<div class=\"ondau-before-content_3\" style=\"margin-top: -30px;\" id=\"ondau-812941974\"><a href=\"https:\/\/www.lps.com.ar\/\" aria-label=\"la-perse2\"><img loading=\"lazy\" decoding=\"async\" src=\"https:\/\/ondauno.com.ar\/wp-content\/uploads\/2021\/10\/la-perse2.jpg\" alt=\"\"  srcset=\"https:\/\/ondauno.com.ar\/wp-content\/uploads\/2021\/10\/la-perse2.jpg 1353w, https:\/\/ondauno.com.ar\/wp-content\/uploads\/2021\/10\/la-perse2-300x43.jpg 300w, https:\/\/ondauno.com.ar\/wp-content\/uploads\/2021\/10\/la-perse2-1024x148.jpg 1024w, https:\/\/ondauno.com.ar\/wp-content\/uploads\/2021\/10\/la-perse2-768x111.jpg 768w, https:\/\/ondauno.com.ar\/wp-content\/uploads\/2021\/10\/la-perse2-696x100.jpg 696w, https:\/\/ondauno.com.ar\/wp-content\/uploads\/2021\/10\/la-perse2-1068x154.jpg 1068w\" sizes=\"(max-width: 1353px) 100vw, 1353px\" class=\"no-lazyload\" width=\"1353\" height=\"195\"  style=\"display: inline-block;\" \/><\/a><\/div>\n<p>El reciente martes 20 de mayo se llev\u00f3 a cabo la primera conferencia del ciclo impulsado en el marco del Proyecto Alfredo Hirsch, que propone reflexionar sobre la educaci\u00f3n en un presente atravesado por la inteligencia artificial, una tecnolog\u00eda que lleg\u00f3 para quedarse.<\/p>\n\n\n\n<p>En esta apertura, el especialista Mariano Narodowski realiz\u00f3 un repaso retrospectivo sobre c\u00f3mo las distintas tecnolog\u00edas fueron impactando en los procesos de ense\u00f1anza y aprendizaje en las escuelas. A su vez, plante\u00f3 una mirada hacia el futuro y la posibilidad real de que ciertas funciones de la ense\u00f1anza puedan automatizarse, en un contexto de aceleraci\u00f3n tecnol\u00f3gica exponencial.<\/p>\n\n\n\n<figure class=\"wp-block-image size-large\"><img loading=\"lazy\" decoding=\"async\" width=\"1024\" height=\"470\" data-src=\"https:\/\/ondauno.com.ar\/wp-content\/uploads\/2025\/05\/WhatsApp-Image-2025-05-22-at-17.56.55-1-1024x470.jpeg\" alt=\"\" class=\"wp-image-57007 lazyload\" data-srcset=\"https:\/\/ondauno.com.ar\/wp-content\/uploads\/2025\/05\/WhatsApp-Image-2025-05-22-at-17.56.55-1-1024x470.jpeg 1024w, https:\/\/ondauno.com.ar\/wp-content\/uploads\/2025\/05\/WhatsApp-Image-2025-05-22-at-17.56.55-1-300x138.jpeg 300w, https:\/\/ondauno.com.ar\/wp-content\/uploads\/2025\/05\/WhatsApp-Image-2025-05-22-at-17.56.55-1-768x353.jpeg 768w, https:\/\/ondauno.com.ar\/wp-content\/uploads\/2025\/05\/WhatsApp-Image-2025-05-22-at-17.56.55-1-1536x706.jpeg 1536w, https:\/\/ondauno.com.ar\/wp-content\/uploads\/2025\/05\/WhatsApp-Image-2025-05-22-at-17.56.55-1-914x420.jpeg 914w, https:\/\/ondauno.com.ar\/wp-content\/uploads\/2025\/05\/WhatsApp-Image-2025-05-22-at-17.56.55-1-696x320.jpeg 696w, https:\/\/ondauno.com.ar\/wp-content\/uploads\/2025\/05\/WhatsApp-Image-2025-05-22-at-17.56.55-1-1068x491.jpeg 1068w, https:\/\/ondauno.com.ar\/wp-content\/uploads\/2025\/05\/WhatsApp-Image-2025-05-22-at-17.56.55-1.jpeg 1600w\" data-sizes=\"auto, (max-width: 1024px) 100vw, 1024px\" src=\"data:image\/gif;base64,R0lGODlhAQABAAAAACH5BAEKAAEALAAAAAABAAEAAAICTAEAOw==\" style=\"--smush-placeholder-width: 1024px; --smush-placeholder-aspect-ratio: 1024\/470;\" \/><noscript><img loading=\"lazy\" decoding=\"async\" width=\"1024\" height=\"470\" src=\"https:\/\/ondauno.com.ar\/wp-content\/uploads\/2025\/05\/WhatsApp-Image-2025-05-22-at-17.56.55-1-1024x470.jpeg\" alt=\"\" class=\"wp-image-57007\" srcset=\"https:\/\/ondauno.com.ar\/wp-content\/uploads\/2025\/05\/WhatsApp-Image-2025-05-22-at-17.56.55-1-1024x470.jpeg 1024w, https:\/\/ondauno.com.ar\/wp-content\/uploads\/2025\/05\/WhatsApp-Image-2025-05-22-at-17.56.55-1-300x138.jpeg 300w, https:\/\/ondauno.com.ar\/wp-content\/uploads\/2025\/05\/WhatsApp-Image-2025-05-22-at-17.56.55-1-768x353.jpeg 768w, https:\/\/ondauno.com.ar\/wp-content\/uploads\/2025\/05\/WhatsApp-Image-2025-05-22-at-17.56.55-1-1536x706.jpeg 1536w, https:\/\/ondauno.com.ar\/wp-content\/uploads\/2025\/05\/WhatsApp-Image-2025-05-22-at-17.56.55-1-914x420.jpeg 914w, https:\/\/ondauno.com.ar\/wp-content\/uploads\/2025\/05\/WhatsApp-Image-2025-05-22-at-17.56.55-1-696x320.jpeg 696w, https:\/\/ondauno.com.ar\/wp-content\/uploads\/2025\/05\/WhatsApp-Image-2025-05-22-at-17.56.55-1-1068x491.jpeg 1068w, https:\/\/ondauno.com.ar\/wp-content\/uploads\/2025\/05\/WhatsApp-Image-2025-05-22-at-17.56.55-1.jpeg 1600w\" sizes=\"auto, (max-width: 1024px) 100vw, 1024px\" \/><\/noscript><\/figure>\n\n\n\n<p>Su exposici\u00f3n fue una invitaci\u00f3n a pensar un futuro cercano en el que la l\u00f3gica y el impacto de la inteligencia artificial plantean un desaf\u00edo profundo para la educaci\u00f3n tal como la conocemos.<\/p>\n\n\n\n<p>Desde el Proyecto Alfredo Hirsch, este ciclo de charlas busca abrir el debate desde una perspectiva filos\u00f3fica y general sobre el futuro de la escuela, con foco en el rol de los educadores, hasta llegar a abordajes m\u00e1s concretos sobre c\u00f3mo ser\u00e1 la convivencia entre docentes, estudiantes y tecnolog\u00edas en las aulas.<\/p>\n\n\n\n<p>Entre los pr\u00f3ximos encuentros se abordar\u00e1n temas como los criterios de evaluaci\u00f3n y los desaf\u00edos de evaluar a estudiantes que utilizan inteligencia artificial, a cargo del consultor y docente de la UCA Sebasti\u00e1n Villar; las competencias del docente del futuro, con la Licenciada en Ciencias de la Educaci\u00f3n Susana Avolio de Cols; y las pr\u00e1cticas que hoy ya est\u00e1n implementando los docentes en el aula, a cargo de Karina Barci, jefa del Departamento de Inform\u00e1tica de la EATA.<\/p>\n\n\n\n<p>El cierre estar\u00e1 a cargo de Carlos Torrendell, actual secretario de Educaci\u00f3n de la Naci\u00f3n, quien fuera tambi\u00e9n asesor del reconocido Alfredo van Gelderen, y ofrecer\u00e1 una visi\u00f3n m\u00e1s human\u00edstica sobre esta transformaci\u00f3n educativa.<\/p>\n\n\n\n<p>El Proyecto Alfredo Hirsch fue creado en 2007 por los hermanos Claudia Caraballo de Quentin y Octavio Caraballo \u2014nietos de Alfredo Hirsch\u2014 con el objetivo de mejorar la calidad educativa agropecuaria de nivel medio. Para ello, promueve diversas herramientas de gesti\u00f3n, entre ellas la implementaci\u00f3n del Sistema de Calidad Educativa seg\u00fan la Norma ISO 9001.<\/p>\n\n\n\n<p>El proyecto es coordinado por Patricio Ferrario, ex coordinador general de la Escuela Agropecuaria de Tres Arroyos (EATA), y Karina Barci, vicedirectora de Nivel Primario y jefa del \u00e1rea de Inform\u00e1tica de la instituci\u00f3n, quien adem\u00e1s es auditora l\u00edder de la Norma ISO 9001:2015. Ambos lideran equipos directivos y docentes en distintas instituciones del pa\u00eds que ya han certificado \u2014o est\u00e1n en proceso de certificar\u2014 bajo esta norma.<\/p>\n\n\n\n<p>Cabe destacar que, en su pr\u00f3xima actualizaci\u00f3n prevista para 2026, la Norma ISO 9001 incluir\u00e1 entre sus requisitos el concepto de sustentabilidad en las escuelas. En este contexto, el ciclo de conferencias busca ofrecer un espacio para pensar el presente y anticipar el porvenir, en palabras de Narodowski, \u201cun futuro que no tardar\u00e1 en llegar\u201d.<\/p>\n","protected":false},"excerpt":{"rendered":"<p>El reciente martes 20 de mayo se llev\u00f3 a cabo la primera conferencia del ciclo impulsado en el marco del Proyecto Alfredo Hirsch, que propone reflexionar sobre la educaci\u00f3n en un presente atravesado por la inteligencia artificial, una tecnolog\u00eda que lleg\u00f3 para quedarse. En esta apertura, el especialista Mariano Narodowski realiz\u00f3 un repaso retrospectivo sobre [&hellip;]<\/p>\n","protected":false},"author":1,"featured_media":57006,"comment_status":"open","ping_status":"open","sticky":false,"template":"","format":"standard","meta":{"tdm_status":"","tdm_grid_status":"","_jetpack_memberships_contains_paid_content":false,"footnotes":"","jetpack_publicize_message":"","jetpack_publicize_feature_enabled":true,"jetpack_social_post_already_shared":true,"jetpack_social_options":{"image_generator_settings":{"template":"highway","default_image_id":0,"font":"","enabled":false},"version":2}},"categories":[28],"tags":[],"class_list":{"0":"post-57005","1":"post","2":"type-post","3":"status-publish","4":"format-standard","5":"has-post-thumbnail","7":"category-interes-general"},"yoast_head":"<!-- This site is optimized with the Yoast SEO plugin v22.7 - https:\/\/yoast.com\/wordpress\/plugins\/seo\/ -->\n<title>\u00bfC\u00f3mo ser\u00e1n las escuelas dentro de 10 a\u00f1os? - 103.9 fm<\/title>\n<meta name=\"robots\" content=\"index, follow, max-snippet:-1, max-image-preview:large, max-video-preview:-1\" \/>\n<link rel=\"canonical\" href=\"https:\/\/ondauno.com.ar\/index.php\/2025\/05\/22\/como-seran-las-escuelas-dentro-de-10-anos\/\" \/>\n<meta property=\"og:locale\" content=\"es_ES\" \/>\n<meta property=\"og:type\" content=\"article\" \/>\n<meta property=\"og:title\" content=\"\u00bfC\u00f3mo ser\u00e1n las escuelas dentro de 10 a\u00f1os? - 103.9 fm\" \/>\n<meta property=\"og:description\" content=\"El reciente martes 20 de mayo se llev\u00f3 a cabo la primera conferencia del ciclo impulsado en el marco del Proyecto Alfredo Hirsch, que propone reflexionar sobre la educaci\u00f3n en un presente atravesado por la inteligencia artificial, una tecnolog\u00eda que lleg\u00f3 para quedarse. En esta apertura, el especialista Mariano Narodowski realiz\u00f3 un repaso retrospectivo sobre [&hellip;]\" \/>\n<meta property=\"og:url\" content=\"https:\/\/ondauno.com.ar\/index.php\/2025\/05\/22\/como-seran-las-escuelas-dentro-de-10-anos\/\" \/>\n<meta property=\"og:site_name\" content=\"103.9 fm\" \/>\n<meta property=\"article:publisher\" content=\"https:\/\/www.facebook.com\/ondauno103.9\" \/>\n<meta property=\"article:published_time\" content=\"2025-05-23T00:52:40+00:00\" \/>\n<meta property=\"article:modified_time\" content=\"2025-05-23T00:52:45+00:00\" \/>\n<meta property=\"og:image\" content=\"http:\/\/ondauno.com.ar\/wp-content\/uploads\/2025\/05\/WhatsApp-Image-2025-05-22-at-17.56.55.jpeg\" \/>\n\t<meta property=\"og:image:width\" content=\"1280\" \/>\n\t<meta property=\"og:image:height\" content=\"813\" \/>\n\t<meta property=\"og:image:type\" content=\"image\/jpeg\" \/>\n<meta name=\"author\" content=\"OndaUno\" \/>\n<meta name=\"twitter:card\" content=\"summary_large_image\" \/>\n<meta name=\"twitter:label1\" content=\"Escrito por\" \/>\n\t<meta name=\"twitter:data1\" content=\"OndaUno\" \/>\n\t<meta name=\"twitter:label2\" content=\"Tiempo de lectura\" \/>\n\t<meta name=\"twitter:data2\" content=\"3 minutos\" \/>\n<script type=\"application\/ld+json\" class=\"yoast-schema-graph\">{\"@context\":\"https:\/\/schema.org\",\"@graph\":[{\"@type\":\"WebPage\",\"@id\":\"https:\/\/ondauno.com.ar\/index.php\/2025\/05\/22\/como-seran-las-escuelas-dentro-de-10-anos\/\",\"url\":\"https:\/\/ondauno.com.ar\/index.php\/2025\/05\/22\/como-seran-las-escuelas-dentro-de-10-anos\/\",\"name\":\"\u00bfC\u00f3mo ser\u00e1n las escuelas dentro de 10 a\u00f1os? - 103.9 fm\",\"isPartOf\":{\"@id\":\"https:\/\/ondauno.com.ar\/#website\"},\"primaryImageOfPage\":{\"@id\":\"https:\/\/ondauno.com.ar\/index.php\/2025\/05\/22\/como-seran-las-escuelas-dentro-de-10-anos\/#primaryimage\"},\"image\":{\"@id\":\"https:\/\/ondauno.com.ar\/index.php\/2025\/05\/22\/como-seran-las-escuelas-dentro-de-10-anos\/#primaryimage\"},\"thumbnailUrl\":\"https:\/\/ondauno.com.ar\/wp-content\/uploads\/2025\/05\/WhatsApp-Image-2025-05-22-at-17.56.55.jpeg\",\"datePublished\":\"2025-05-23T00:52:40+00:00\",\"dateModified\":\"2025-05-23T00:52:45+00:00\",\"author\":{\"@id\":\"https:\/\/ondauno.com.ar\/#\/schema\/person\/7ec851ddeceb4133d7d7132dc645714e\"},\"breadcrumb\":{\"@id\":\"https:\/\/ondauno.com.ar\/index.php\/2025\/05\/22\/como-seran-las-escuelas-dentro-de-10-anos\/#breadcrumb\"},\"inLanguage\":\"es-AR\",\"potentialAction\":[{\"@type\":\"ReadAction\",\"target\":[\"https:\/\/ondauno.com.ar\/index.php\/2025\/05\/22\/como-seran-las-escuelas-dentro-de-10-anos\/\"]}]},{\"@type\":\"ImageObject\",\"inLanguage\":\"es-AR\",\"@id\":\"https:\/\/ondauno.com.ar\/index.php\/2025\/05\/22\/como-seran-las-escuelas-dentro-de-10-anos\/#primaryimage\",\"url\":\"https:\/\/ondauno.com.ar\/wp-content\/uploads\/2025\/05\/WhatsApp-Image-2025-05-22-at-17.56.55.jpeg\",\"contentUrl\":\"https:\/\/ondauno.com.ar\/wp-content\/uploads\/2025\/05\/WhatsApp-Image-2025-05-22-at-17.56.55.jpeg\",\"width\":1280,\"height\":813},{\"@type\":\"BreadcrumbList\",\"@id\":\"https:\/\/ondauno.com.ar\/index.php\/2025\/05\/22\/como-seran-las-escuelas-dentro-de-10-anos\/#breadcrumb\",\"itemListElement\":[{\"@type\":\"ListItem\",\"position\":1,\"name\":\"Inicio\",\"item\":\"https:\/\/ondauno.com.ar\/\"},{\"@type\":\"ListItem\",\"position\":2,\"name\":\"\u00bfC\u00f3mo ser\u00e1n las escuelas dentro de 10 a\u00f1os?\"}]},{\"@type\":\"WebSite\",\"@id\":\"https:\/\/ondauno.com.ar\/#website\",\"url\":\"https:\/\/ondauno.com.ar\/\",\"name\":\"103.9 fm\",\"description\":\"LA PRIMERA RADIO MULTIMEDIA DE TRES ARROYOS\",\"potentialAction\":[{\"@type\":\"SearchAction\",\"target\":{\"@type\":\"EntryPoint\",\"urlTemplate\":\"https:\/\/ondauno.com.ar\/?s={search_term_string}\"},\"query-input\":\"required name=search_term_string\"}],\"inLanguage\":\"es-AR\"},{\"@type\":\"Person\",\"@id\":\"https:\/\/ondauno.com.ar\/#\/schema\/person\/7ec851ddeceb4133d7d7132dc645714e\",\"name\":\"OndaUno\",\"image\":{\"@type\":\"ImageObject\",\"inLanguage\":\"es-AR\",\"@id\":\"https:\/\/ondauno.com.ar\/#\/schema\/person\/image\/\",\"url\":\"https:\/\/secure.gravatar.com\/avatar\/93b8009f0de7021f1feb2bd5b32fb9e8?s=96&d=mm&r=g\",\"contentUrl\":\"https:\/\/secure.gravatar.com\/avatar\/93b8009f0de7021f1feb2bd5b32fb9e8?s=96&d=mm&r=g\",\"caption\":\"OndaUno\"},\"url\":\"https:\/\/ondauno.com.ar\/index.php\/author\/ondauno\/\"}]}<\/script>\n<!-- \/ Yoast SEO plugin. -->","yoast_head_json":{"title":"\u00bfC\u00f3mo ser\u00e1n las escuelas dentro de 10 a\u00f1os? - 103.9 fm","robots":{"index":"index","follow":"follow","max-snippet":"max-snippet:-1","max-image-preview":"max-image-preview:large","max-video-preview":"max-video-preview:-1"},"canonical":"https:\/\/ondauno.com.ar\/index.php\/2025\/05\/22\/como-seran-las-escuelas-dentro-de-10-anos\/","og_locale":"es_ES","og_type":"article","og_title":"\u00bfC\u00f3mo ser\u00e1n las escuelas dentro de 10 a\u00f1os? - 103.9 fm","og_description":"El reciente martes 20 de mayo se llev\u00f3 a cabo la primera conferencia del ciclo impulsado en el marco del Proyecto Alfredo Hirsch, que propone reflexionar sobre la educaci\u00f3n en un presente atravesado por la inteligencia artificial, una tecnolog\u00eda que lleg\u00f3 para quedarse. En esta apertura, el especialista Mariano Narodowski realiz\u00f3 un repaso retrospectivo sobre [&hellip;]","og_url":"https:\/\/ondauno.com.ar\/index.php\/2025\/05\/22\/como-seran-las-escuelas-dentro-de-10-anos\/","og_site_name":"103.9 fm","article_publisher":"https:\/\/www.facebook.com\/ondauno103.9","article_published_time":"2025-05-23T00:52:40+00:00","article_modified_time":"2025-05-23T00:52:45+00:00","og_image":[{"width":1280,"height":813,"url":"http:\/\/ondauno.com.ar\/wp-content\/uploads\/2025\/05\/WhatsApp-Image-2025-05-22-at-17.56.55.jpeg","type":"image\/jpeg"}],"author":"OndaUno","twitter_card":"summary_large_image","twitter_misc":{"Escrito por":"OndaUno","Tiempo de lectura":"3 minutos"},"schema":{"@context":"https:\/\/schema.org","@graph":[{"@type":"WebPage","@id":"https:\/\/ondauno.com.ar\/index.php\/2025\/05\/22\/como-seran-las-escuelas-dentro-de-10-anos\/","url":"https:\/\/ondauno.com.ar\/index.php\/2025\/05\/22\/como-seran-las-escuelas-dentro-de-10-anos\/","name":"\u00bfC\u00f3mo ser\u00e1n las escuelas dentro de 10 a\u00f1os? - 103.9 fm","isPartOf":{"@id":"https:\/\/ondauno.com.ar\/#website"},"primaryImageOfPage":{"@id":"https:\/\/ondauno.com.ar\/index.php\/2025\/05\/22\/como-seran-las-escuelas-dentro-de-10-anos\/#primaryimage"},"image":{"@id":"https:\/\/ondauno.com.ar\/index.php\/2025\/05\/22\/como-seran-las-escuelas-dentro-de-10-anos\/#primaryimage"},"thumbnailUrl":"https:\/\/ondauno.com.ar\/wp-content\/uploads\/2025\/05\/WhatsApp-Image-2025-05-22-at-17.56.55.jpeg","datePublished":"2025-05-23T00:52:40+00:00","dateModified":"2025-05-23T00:52:45+00:00","author":{"@id":"https:\/\/ondauno.com.ar\/#\/schema\/person\/7ec851ddeceb4133d7d7132dc645714e"},"breadcrumb":{"@id":"https:\/\/ondauno.com.ar\/index.php\/2025\/05\/22\/como-seran-las-escuelas-dentro-de-10-anos\/#breadcrumb"},"inLanguage":"es-AR","potentialAction":[{"@type":"ReadAction","target":["https:\/\/ondauno.com.ar\/index.php\/2025\/05\/22\/como-seran-las-escuelas-dentro-de-10-anos\/"]}]},{"@type":"ImageObject","inLanguage":"es-AR","@id":"https:\/\/ondauno.com.ar\/index.php\/2025\/05\/22\/como-seran-las-escuelas-dentro-de-10-anos\/#primaryimage","url":"https:\/\/ondauno.com.ar\/wp-content\/uploads\/2025\/05\/WhatsApp-Image-2025-05-22-at-17.56.55.jpeg","contentUrl":"https:\/\/ondauno.com.ar\/wp-content\/uploads\/2025\/05\/WhatsApp-Image-2025-05-22-at-17.56.55.jpeg","width":1280,"height":813},{"@type":"BreadcrumbList","@id":"https:\/\/ondauno.com.ar\/index.php\/2025\/05\/22\/como-seran-las-escuelas-dentro-de-10-anos\/#breadcrumb","itemListElement":[{"@type":"ListItem","position":1,"name":"Inicio","item":"https:\/\/ondauno.com.ar\/"},{"@type":"ListItem","position":2,"name":"\u00bfC\u00f3mo ser\u00e1n las escuelas dentro de 10 a\u00f1os?"}]},{"@type":"WebSite","@id":"https:\/\/ondauno.com.ar\/#website","url":"https:\/\/ondauno.com.ar\/","name":"103.9 fm","description":"LA PRIMERA RADIO MULTIMEDIA DE TRES ARROYOS","potentialAction":[{"@type":"SearchAction","target":{"@type":"EntryPoint","urlTemplate":"https:\/\/ondauno.com.ar\/?s={search_term_string}"},"query-input":"required name=search_term_string"}],"inLanguage":"es-AR"},{"@type":"Person","@id":"https:\/\/ondauno.com.ar\/#\/schema\/person\/7ec851ddeceb4133d7d7132dc645714e","name":"OndaUno","image":{"@type":"ImageObject","inLanguage":"es-AR","@id":"https:\/\/ondauno.com.ar\/#\/schema\/person\/image\/","url":"https:\/\/secure.gravatar.com\/avatar\/93b8009f0de7021f1feb2bd5b32fb9e8?s=96&d=mm&r=g","contentUrl":"https:\/\/secure.gravatar.com\/avatar\/93b8009f0de7021f1feb2bd5b32fb9e8?s=96&d=mm&r=g","caption":"OndaUno"},"url":"https:\/\/ondauno.com.ar\/index.php\/author\/ondauno\/"}]}},"jetpack_publicize_connections":[],"jetpack_featured_media_url":"https:\/\/ondauno.com.ar\/wp-content\/uploads\/2025\/05\/WhatsApp-Image-2025-05-22-at-17.56.55.jpeg","jetpack_sharing_enabled":true,"_links":{"self":[{"href":"https:\/\/ondauno.com.ar\/index.php\/wp-json\/wp\/v2\/posts\/57005","targetHints":{"allow":["GET"]}}],"collection":[{"href":"https:\/\/ondauno.com.ar\/index.php\/wp-json\/wp\/v2\/posts"}],"about":[{"href":"https:\/\/ondauno.com.ar\/index.php\/wp-json\/wp\/v2\/types\/post"}],"author":[{"embeddable":true,"href":"https:\/\/ondauno.com.ar\/index.php\/wp-json\/wp\/v2\/users\/1"}],"replies":[{"embeddable":true,"href":"https:\/\/ondauno.com.ar\/index.php\/wp-json\/wp\/v2\/comments?post=57005"}],"version-history":[{"count":1,"href":"https:\/\/ondauno.com.ar\/index.php\/wp-json\/wp\/v2\/posts\/57005\/revisions"}],"predecessor-version":[{"id":57008,"href":"https:\/\/ondauno.com.ar\/index.php\/wp-json\/wp\/v2\/posts\/57005\/revisions\/57008"}],"wp:featuredmedia":[{"embeddable":true,"href":"https:\/\/ondauno.com.ar\/index.php\/wp-json\/wp\/v2\/media\/57006"}],"wp:attachment":[{"href":"https:\/\/ondauno.com.ar\/index.php\/wp-json\/wp\/v2\/media?parent=57005"}],"wp:term":[{"taxonomy":"category","embeddable":true,"href":"https:\/\/ondauno.com.ar\/index.php\/wp-json\/wp\/v2\/categories?post=57005"},{"taxonomy":"post_tag","embeddable":true,"href":"https:\/\/ondauno.com.ar\/index.php\/wp-json\/wp\/v2\/tags?post=57005"}],"curies":[{"name":"wp","href":"https:\/\/api.w.org\/{rel}","templated":true}]}}