{"id":55965,"date":"2025-05-11T13:31:26","date_gmt":"2025-05-11T16:31:26","guid":{"rendered":"https:\/\/ondauno.com.ar\/?p=55965"},"modified":"2025-05-11T13:31:30","modified_gmt":"2025-05-11T16:31:30","slug":"robaron-una-moto-en-la-madrugada-del-domingo-en-calle-buchardo","status":"publish","type":"post","link":"https:\/\/ondauno.com.ar\/index.php\/2025\/05\/11\/robaron-una-moto-en-la-madrugada-del-domingo-en-calle-buchardo\/","title":{"rendered":"Robaron una moto en la madrugada del domingo en calle Buchardo"},"content":{"rendered":"<div class=\"ondau-before-content_3\" style=\"margin-top: -30px;\" id=\"ondau-2220847487\"><a href=\"https:\/\/www.lps.com.ar\/\" aria-label=\"la-perse2\"><img loading=\"lazy\" decoding=\"async\" src=\"https:\/\/ondauno.com.ar\/wp-content\/uploads\/2021\/10\/la-perse2.jpg\" alt=\"\"  srcset=\"https:\/\/ondauno.com.ar\/wp-content\/uploads\/2021\/10\/la-perse2.jpg 1353w, https:\/\/ondauno.com.ar\/wp-content\/uploads\/2021\/10\/la-perse2-300x43.jpg 300w, https:\/\/ondauno.com.ar\/wp-content\/uploads\/2021\/10\/la-perse2-1024x148.jpg 1024w, https:\/\/ondauno.com.ar\/wp-content\/uploads\/2021\/10\/la-perse2-768x111.jpg 768w, https:\/\/ondauno.com.ar\/wp-content\/uploads\/2021\/10\/la-perse2-696x100.jpg 696w, https:\/\/ondauno.com.ar\/wp-content\/uploads\/2021\/10\/la-perse2-1068x154.jpg 1068w\" sizes=\"(max-width: 1353px) 100vw, 1353px\" class=\"no-lazyload\" width=\"1353\" height=\"195\"  style=\"display: inline-block;\" \/><\/a><\/div>\n<p>Un nuevo hecho de inseguridad se registr\u00f3 en las primeras horas de este domingo en calle Buchardo 535. Delincuentes sustrajeron una motocicleta Mondial 110 azul que se encontraba en el porche de una vivienda.<\/p>\n\n\n\n<p>El rodado pertenec\u00eda a un hombre de 38 a\u00f1os, quien al salir de su casa advirti\u00f3 que la moto ya no estaba en el lugar. Seg\u00fan pudo saberse, el robo se produjo mientras la moto estaba estacionada frente a la vivienda, sin que nadie advirtiera movimientos sospechosos en ese momento.<\/p>\n","protected":false},"excerpt":{"rendered":"<p>Un nuevo hecho de inseguridad se registr\u00f3 en las primeras horas de este domingo en calle Buchardo 535. Delincuentes sustrajeron una motocicleta Mondial 110 azul que se encontraba en el porche de una vivienda. El rodado pertenec\u00eda a un hombre de 38 a\u00f1os, quien al salir de su casa advirti\u00f3 que la moto ya no [&hellip;]<\/p>\n","protected":false},"author":1,"featured_media":54255,"comment_status":"open","ping_status":"open","sticky":false,"template":"","format":"standard","meta":{"tdm_status":"","tdm_grid_status":"","_jetpack_memberships_contains_paid_content":false,"footnotes":"","jetpack_publicize_message":"","jetpack_publicize_feature_enabled":true,"jetpack_social_post_already_shared":true,"jetpack_social_options":{"image_generator_settings":{"template":"highway","default_image_id":0,"font":"","enabled":false},"version":2}},"categories":[29],"tags":[],"class_list":{"0":"post-55965","1":"post","2":"type-post","3":"status-publish","4":"format-standard","5":"has-post-thumbnail","7":"category-policiales"},"yoast_head":"<!-- This site is optimized with the Yoast SEO plugin v22.7 - https:\/\/yoast.com\/wordpress\/plugins\/seo\/ -->\n<title>Robaron una moto en la madrugada del domingo en calle Buchardo - 103.9 fm<\/title>\n<meta name=\"robots\" content=\"index, follow, max-snippet:-1, max-image-preview:large, max-video-preview:-1\" \/>\n<link rel=\"canonical\" href=\"https:\/\/ondauno.com.ar\/index.php\/2025\/05\/11\/robaron-una-moto-en-la-madrugada-del-domingo-en-calle-buchardo\/\" \/>\n<meta property=\"og:locale\" content=\"es_ES\" \/>\n<meta property=\"og:type\" content=\"article\" \/>\n<meta property=\"og:title\" content=\"Robaron una moto en la madrugada del domingo en calle Buchardo - 103.9 fm\" \/>\n<meta property=\"og:description\" content=\"Un nuevo hecho de inseguridad se registr\u00f3 en las primeras horas de este domingo en calle Buchardo 535. Delincuentes sustrajeron una motocicleta Mondial 110 azul que se encontraba en el porche de una vivienda. El rodado pertenec\u00eda a un hombre de 38 a\u00f1os, quien al salir de su casa advirti\u00f3 que la moto ya no [&hellip;]\" \/>\n<meta property=\"og:url\" content=\"https:\/\/ondauno.com.ar\/index.php\/2025\/05\/11\/robaron-una-moto-en-la-madrugada-del-domingo-en-calle-buchardo\/\" \/>\n<meta property=\"og:site_name\" content=\"103.9 fm\" \/>\n<meta property=\"article:publisher\" content=\"https:\/\/www.facebook.com\/ondauno103.9\" \/>\n<meta property=\"article:published_time\" content=\"2025-05-11T16:31:26+00:00\" \/>\n<meta property=\"article:modified_time\" content=\"2025-05-11T16:31:30+00:00\" \/>\n<meta property=\"og:image\" content=\"http:\/\/ondauno.com.ar\/wp-content\/uploads\/2025\/03\/baliza-patrullero-policia.jpg\" \/>\n\t<meta property=\"og:image:width\" content=\"600\" \/>\n\t<meta property=\"og:image:height\" content=\"315\" \/>\n\t<meta property=\"og:image:type\" content=\"image\/jpeg\" \/>\n<meta name=\"author\" content=\"OndaUno\" \/>\n<meta name=\"twitter:card\" content=\"summary_large_image\" \/>\n<meta name=\"twitter:label1\" content=\"Escrito por\" \/>\n\t<meta name=\"twitter:data1\" content=\"OndaUno\" \/>\n\t<meta name=\"twitter:label2\" content=\"Tiempo de lectura\" \/>\n\t<meta name=\"twitter:data2\" content=\"1 minuto\" \/>\n<script type=\"application\/ld+json\" class=\"yoast-schema-graph\">{\"@context\":\"https:\/\/schema.org\",\"@graph\":[{\"@type\":\"WebPage\",\"@id\":\"https:\/\/ondauno.com.ar\/index.php\/2025\/05\/11\/robaron-una-moto-en-la-madrugada-del-domingo-en-calle-buchardo\/\",\"url\":\"https:\/\/ondauno.com.ar\/index.php\/2025\/05\/11\/robaron-una-moto-en-la-madrugada-del-domingo-en-calle-buchardo\/\",\"name\":\"Robaron una moto en la madrugada del domingo en calle Buchardo - 103.9 fm\",\"isPartOf\":{\"@id\":\"https:\/\/ondauno.com.ar\/#website\"},\"primaryImageOfPage\":{\"@id\":\"https:\/\/ondauno.com.ar\/index.php\/2025\/05\/11\/robaron-una-moto-en-la-madrugada-del-domingo-en-calle-buchardo\/#primaryimage\"},\"image\":{\"@id\":\"https:\/\/ondauno.com.ar\/index.php\/2025\/05\/11\/robaron-una-moto-en-la-madrugada-del-domingo-en-calle-buchardo\/#primaryimage\"},\"thumbnailUrl\":\"https:\/\/ondauno.com.ar\/wp-content\/uploads\/2025\/03\/baliza-patrullero-policia.jpg\",\"datePublished\":\"2025-05-11T16:31:26+00:00\",\"dateModified\":\"2025-05-11T16:31:30+00:00\",\"author\":{\"@id\":\"https:\/\/ondauno.com.ar\/#\/schema\/person\/7ec851ddeceb4133d7d7132dc645714e\"},\"breadcrumb\":{\"@id\":\"https:\/\/ondauno.com.ar\/index.php\/2025\/05\/11\/robaron-una-moto-en-la-madrugada-del-domingo-en-calle-buchardo\/#breadcrumb\"},\"inLanguage\":\"es-AR\",\"potentialAction\":[{\"@type\":\"ReadAction\",\"target\":[\"https:\/\/ondauno.com.ar\/index.php\/2025\/05\/11\/robaron-una-moto-en-la-madrugada-del-domingo-en-calle-buchardo\/\"]}]},{\"@type\":\"ImageObject\",\"inLanguage\":\"es-AR\",\"@id\":\"https:\/\/ondauno.com.ar\/index.php\/2025\/05\/11\/robaron-una-moto-en-la-madrugada-del-domingo-en-calle-buchardo\/#primaryimage\",\"url\":\"https:\/\/ondauno.com.ar\/wp-content\/uploads\/2025\/03\/baliza-patrullero-policia.jpg\",\"contentUrl\":\"https:\/\/ondauno.com.ar\/wp-content\/uploads\/2025\/03\/baliza-patrullero-policia.jpg\",\"width\":600,\"height\":315},{\"@type\":\"BreadcrumbList\",\"@id\":\"https:\/\/ondauno.com.ar\/index.php\/2025\/05\/11\/robaron-una-moto-en-la-madrugada-del-domingo-en-calle-buchardo\/#breadcrumb\",\"itemListElement\":[{\"@type\":\"ListItem\",\"position\":1,\"name\":\"Inicio\",\"item\":\"https:\/\/ondauno.com.ar\/\"},{\"@type\":\"ListItem\",\"position\":2,\"name\":\"Robaron una moto en la madrugada del domingo en calle Buchardo\"}]},{\"@type\":\"WebSite\",\"@id\":\"https:\/\/ondauno.com.ar\/#website\",\"url\":\"https:\/\/ondauno.com.ar\/\",\"name\":\"103.9 fm\",\"description\":\"LA PRIMERA RADIO MULTIMEDIA DE TRES ARROYOS\",\"potentialAction\":[{\"@type\":\"SearchAction\",\"target\":{\"@type\":\"EntryPoint\",\"urlTemplate\":\"https:\/\/ondauno.com.ar\/?s={search_term_string}\"},\"query-input\":\"required name=search_term_string\"}],\"inLanguage\":\"es-AR\"},{\"@type\":\"Person\",\"@id\":\"https:\/\/ondauno.com.ar\/#\/schema\/person\/7ec851ddeceb4133d7d7132dc645714e\",\"name\":\"OndaUno\",\"image\":{\"@type\":\"ImageObject\",\"inLanguage\":\"es-AR\",\"@id\":\"https:\/\/ondauno.com.ar\/#\/schema\/person\/image\/\",\"url\":\"https:\/\/secure.gravatar.com\/avatar\/93b8009f0de7021f1feb2bd5b32fb9e8?s=96&d=mm&r=g\",\"contentUrl\":\"https:\/\/secure.gravatar.com\/avatar\/93b8009f0de7021f1feb2bd5b32fb9e8?s=96&d=mm&r=g\",\"caption\":\"OndaUno\"},\"url\":\"https:\/\/ondauno.com.ar\/index.php\/author\/ondauno\/\"}]}<\/script>\n<!-- \/ Yoast SEO plugin. -->","yoast_head_json":{"title":"Robaron una moto en la madrugada del domingo en calle Buchardo - 103.9 fm","robots":{"index":"index","follow":"follow","max-snippet":"max-snippet:-1","max-image-preview":"max-image-preview:large","max-video-preview":"max-video-preview:-1"},"canonical":"https:\/\/ondauno.com.ar\/index.php\/2025\/05\/11\/robaron-una-moto-en-la-madrugada-del-domingo-en-calle-buchardo\/","og_locale":"es_ES","og_type":"article","og_title":"Robaron una moto en la madrugada del domingo en calle Buchardo - 103.9 fm","og_description":"Un nuevo hecho de inseguridad se registr\u00f3 en las primeras horas de este domingo en calle Buchardo 535. Delincuentes sustrajeron una motocicleta Mondial 110 azul que se encontraba en el porche de una vivienda. El rodado pertenec\u00eda a un hombre de 38 a\u00f1os, quien al salir de su casa advirti\u00f3 que la moto ya no [&hellip;]","og_url":"https:\/\/ondauno.com.ar\/index.php\/2025\/05\/11\/robaron-una-moto-en-la-madrugada-del-domingo-en-calle-buchardo\/","og_site_name":"103.9 fm","article_publisher":"https:\/\/www.facebook.com\/ondauno103.9","article_published_time":"2025-05-11T16:31:26+00:00","article_modified_time":"2025-05-11T16:31:30+00:00","og_image":[{"width":600,"height":315,"url":"http:\/\/ondauno.com.ar\/wp-content\/uploads\/2025\/03\/baliza-patrullero-policia.jpg","type":"image\/jpeg"}],"author":"OndaUno","twitter_card":"summary_large_image","twitter_misc":{"Escrito por":"OndaUno","Tiempo de lectura":"1 minuto"},"schema":{"@context":"https:\/\/schema.org","@graph":[{"@type":"WebPage","@id":"https:\/\/ondauno.com.ar\/index.php\/2025\/05\/11\/robaron-una-moto-en-la-madrugada-del-domingo-en-calle-buchardo\/","url":"https:\/\/ondauno.com.ar\/index.php\/2025\/05\/11\/robaron-una-moto-en-la-madrugada-del-domingo-en-calle-buchardo\/","name":"Robaron una moto en la madrugada del domingo en calle Buchardo - 103.9 fm","isPartOf":{"@id":"https:\/\/ondauno.com.ar\/#website"},"primaryImageOfPage":{"@id":"https:\/\/ondauno.com.ar\/index.php\/2025\/05\/11\/robaron-una-moto-en-la-madrugada-del-domingo-en-calle-buchardo\/#primaryimage"},"image":{"@id":"https:\/\/ondauno.com.ar\/index.php\/2025\/05\/11\/robaron-una-moto-en-la-madrugada-del-domingo-en-calle-buchardo\/#primaryimage"},"thumbnailUrl":"https:\/\/ondauno.com.ar\/wp-content\/uploads\/2025\/03\/baliza-patrullero-policia.jpg","datePublished":"2025-05-11T16:31:26+00:00","dateModified":"2025-05-11T16:31:30+00:00","author":{"@id":"https:\/\/ondauno.com.ar\/#\/schema\/person\/7ec851ddeceb4133d7d7132dc645714e"},"breadcrumb":{"@id":"https:\/\/ondauno.com.ar\/index.php\/2025\/05\/11\/robaron-una-moto-en-la-madrugada-del-domingo-en-calle-buchardo\/#breadcrumb"},"inLanguage":"es-AR","potentialAction":[{"@type":"ReadAction","target":["https:\/\/ondauno.com.ar\/index.php\/2025\/05\/11\/robaron-una-moto-en-la-madrugada-del-domingo-en-calle-buchardo\/"]}]},{"@type":"ImageObject","inLanguage":"es-AR","@id":"https:\/\/ondauno.com.ar\/index.php\/2025\/05\/11\/robaron-una-moto-en-la-madrugada-del-domingo-en-calle-buchardo\/#primaryimage","url":"https:\/\/ondauno.com.ar\/wp-content\/uploads\/2025\/03\/baliza-patrullero-policia.jpg","contentUrl":"https:\/\/ondauno.com.ar\/wp-content\/uploads\/2025\/03\/baliza-patrullero-policia.jpg","width":600,"height":315},{"@type":"BreadcrumbList","@id":"https:\/\/ondauno.com.ar\/index.php\/2025\/05\/11\/robaron-una-moto-en-la-madrugada-del-domingo-en-calle-buchardo\/#breadcrumb","itemListElement":[{"@type":"ListItem","position":1,"name":"Inicio","item":"https:\/\/ondauno.com.ar\/"},{"@type":"ListItem","position":2,"name":"Robaron una moto en la madrugada del domingo en calle Buchardo"}]},{"@type":"WebSite","@id":"https:\/\/ondauno.com.ar\/#website","url":"https:\/\/ondauno.com.ar\/","name":"103.9 fm","description":"LA PRIMERA RADIO MULTIMEDIA DE TRES ARROYOS","potentialAction":[{"@type":"SearchAction","target":{"@type":"EntryPoint","urlTemplate":"https:\/\/ondauno.com.ar\/?s={search_term_string}"},"query-input":"required name=search_term_string"}],"inLanguage":"es-AR"},{"@type":"Person","@id":"https:\/\/ondauno.com.ar\/#\/schema\/person\/7ec851ddeceb4133d7d7132dc645714e","name":"OndaUno","image":{"@type":"ImageObject","inLanguage":"es-AR","@id":"https:\/\/ondauno.com.ar\/#\/schema\/person\/image\/","url":"https:\/\/secure.gravatar.com\/avatar\/93b8009f0de7021f1feb2bd5b32fb9e8?s=96&d=mm&r=g","contentUrl":"https:\/\/secure.gravatar.com\/avatar\/93b8009f0de7021f1feb2bd5b32fb9e8?s=96&d=mm&r=g","caption":"OndaUno"},"url":"https:\/\/ondauno.com.ar\/index.php\/author\/ondauno\/"}]}},"jetpack_publicize_connections":[],"jetpack_featured_media_url":"https:\/\/ondauno.com.ar\/wp-content\/uploads\/2025\/03\/baliza-patrullero-policia.jpg","jetpack_sharing_enabled":true,"_links":{"self":[{"href":"https:\/\/ondauno.com.ar\/index.php\/wp-json\/wp\/v2\/posts\/55965","targetHints":{"allow":["GET"]}}],"collection":[{"href":"https:\/\/ondauno.com.ar\/index.php\/wp-json\/wp\/v2\/posts"}],"about":[{"href":"https:\/\/ondauno.com.ar\/index.php\/wp-json\/wp\/v2\/types\/post"}],"author":[{"embeddable":true,"href":"https:\/\/ondauno.com.ar\/index.php\/wp-json\/wp\/v2\/users\/1"}],"replies":[{"embeddable":true,"href":"https:\/\/ondauno.com.ar\/index.php\/wp-json\/wp\/v2\/comments?post=55965"}],"version-history":[{"count":1,"href":"https:\/\/ondauno.com.ar\/index.php\/wp-json\/wp\/v2\/posts\/55965\/revisions"}],"predecessor-version":[{"id":55966,"href":"https:\/\/ondauno.com.ar\/index.php\/wp-json\/wp\/v2\/posts\/55965\/revisions\/55966"}],"wp:featuredmedia":[{"embeddable":true,"href":"https:\/\/ondauno.com.ar\/index.php\/wp-json\/wp\/v2\/media\/54255"}],"wp:attachment":[{"href":"https:\/\/ondauno.com.ar\/index.php\/wp-json\/wp\/v2\/media?parent=55965"}],"wp:term":[{"taxonomy":"category","embeddable":true,"href":"https:\/\/ondauno.com.ar\/index.php\/wp-json\/wp\/v2\/categories?post=55965"},{"taxonomy":"post_tag","embeddable":true,"href":"https:\/\/ondauno.com.ar\/index.php\/wp-json\/wp\/v2\/tags?post=55965"}],"curies":[{"name":"wp","href":"https:\/\/api.w.org\/{rel}","templated":true}]}}