{"id":55959,"date":"2025-05-11T01:30:42","date_gmt":"2025-05-11T04:30:42","guid":{"rendered":"https:\/\/ondauno.com.ar\/?p=55959"},"modified":"2025-05-11T01:30:47","modified_gmt":"2025-05-11T04:30:47","slug":"clausuran-dos-locales-nocturnos-en-el-marco-de-controles-coordinados-entre-el-municipio-y-fuerzas-de-seguridad","status":"publish","type":"post","link":"https:\/\/ondauno.com.ar\/index.php\/2025\/05\/11\/clausuran-dos-locales-nocturnos-en-el-marco-de-controles-coordinados-entre-el-municipio-y-fuerzas-de-seguridad\/","title":{"rendered":"Clausuran dos locales nocturnos en el marco de controles coordinados entre el municipio y fuerzas de seguridad"},"content":{"rendered":"<div class=\"ondau-before-content_3\" style=\"margin-top: -30px;\" id=\"ondau-330386230\"><a href=\"https:\/\/www.lps.com.ar\/\" aria-label=\"la-perse2\"><img loading=\"lazy\" decoding=\"async\" src=\"https:\/\/ondauno.com.ar\/wp-content\/uploads\/2021\/10\/la-perse2.jpg\" alt=\"\"  srcset=\"https:\/\/ondauno.com.ar\/wp-content\/uploads\/2021\/10\/la-perse2.jpg 1353w, https:\/\/ondauno.com.ar\/wp-content\/uploads\/2021\/10\/la-perse2-300x43.jpg 300w, https:\/\/ondauno.com.ar\/wp-content\/uploads\/2021\/10\/la-perse2-1024x148.jpg 1024w, https:\/\/ondauno.com.ar\/wp-content\/uploads\/2021\/10\/la-perse2-768x111.jpg 768w, https:\/\/ondauno.com.ar\/wp-content\/uploads\/2021\/10\/la-perse2-696x100.jpg 696w, https:\/\/ondauno.com.ar\/wp-content\/uploads\/2021\/10\/la-perse2-1068x154.jpg 1068w\" sizes=\"(max-width: 1353px) 100vw, 1353px\" class=\"no-lazyload\" width=\"1353\" height=\"195\"  style=\"display: inline-block;\" \/><\/a><\/div>\n<p>En la madrugada de este viernes 10 de mayo, se llevaron a cabo operativos de control sobre locales vinculados a la nocturnidad en Tres Arroyos. La acci\u00f3n fue el resultado de una reuni\u00f3n de trabajo realizada el d\u00eda anterior entre autoridades municipales, provinciales y policiales, en la que se diagramaron medidas preventivas para abordar situaciones vinculadas al funcionamiento de comercios nocturnos, el cumplimiento de las normativas vigentes y la seguridad general en la ciudad.<\/p>\n\n\n\n<p>Del encuentro participaron el intendente municipal Pablo Garate, funcionarios del gabinete local, el subsecretario del Ministerio de Seguridad de la Provincia, Federico Montero, el superintendente de la Polic\u00eda de la Zona Sur comisario mayor Gonzalo Bezos, el jefe de la Polic\u00eda Comunal de Tres Arroyos comisario inspector Carlos Degiorgi y dem\u00e1s jefes policiales de la ciudad.<\/p>\n\n\n\n<p>Producto de esa planificaci\u00f3n, este viernes a las 4 de la madrugada se realizaron operativos conjuntos entre personal policial \u2014bajo la conducci\u00f3n del comisario Franco Solli, jefe de la Estaci\u00f3n de Polic\u00eda de Tres Arroyos\u2014 y personal de Inspecci\u00f3n General del Municipio.<\/p>\n\n\n\n<p>Durante los controles, se verificaron las habilitaciones y condiciones de funcionamiento de distintos comercios vinculados a actividades nocturnas. Como resultado, se labraron infracciones y se dispusieron clausuras preventivas en dos locales.<\/p>\n\n\n\n<p>Por un lado, se clausur\u00f3 el local nocturno &#8220;Chapas&#8221;, ubicado en Avenida Moreno 250, por contar con una habilitaci\u00f3n municipal provisoria vencida. Esta situaci\u00f3n constituye una falta a las normas establecidas por la ordenanza N\u00b01183\/80, por lo cual se procedi\u00f3 a su clausura preventiva.<\/p>\n\n\n\n<figure class=\"wp-block-image size-large\"><img loading=\"lazy\" decoding=\"async\" width=\"1024\" height=\"544\" data-src=\"http:\/\/ondauno.com.ar\/wp-content\/uploads\/2025\/05\/WhatsApp-Image-2025-05-10-at-13.54.16-1024x544.jpeg\" alt=\"\" class=\"wp-image-55960 lazyload\" data-srcset=\"https:\/\/ondauno.com.ar\/wp-content\/uploads\/2025\/05\/WhatsApp-Image-2025-05-10-at-13.54.16-1024x544.jpeg 1024w, https:\/\/ondauno.com.ar\/wp-content\/uploads\/2025\/05\/WhatsApp-Image-2025-05-10-at-13.54.16-300x159.jpeg 300w, https:\/\/ondauno.com.ar\/wp-content\/uploads\/2025\/05\/WhatsApp-Image-2025-05-10-at-13.54.16-768x408.jpeg 768w, https:\/\/ondauno.com.ar\/wp-content\/uploads\/2025\/05\/WhatsApp-Image-2025-05-10-at-13.54.16-791x420.jpeg 791w, https:\/\/ondauno.com.ar\/wp-content\/uploads\/2025\/05\/WhatsApp-Image-2025-05-10-at-13.54.16-696x370.jpeg 696w, https:\/\/ondauno.com.ar\/wp-content\/uploads\/2025\/05\/WhatsApp-Image-2025-05-10-at-13.54.16-1068x567.jpeg 1068w, https:\/\/ondauno.com.ar\/wp-content\/uploads\/2025\/05\/WhatsApp-Image-2025-05-10-at-13.54.16.jpeg 1079w\" data-sizes=\"auto, (max-width: 1024px) 100vw, 1024px\" src=\"data:image\/gif;base64,R0lGODlhAQABAAAAACH5BAEKAAEALAAAAAABAAEAAAICTAEAOw==\" style=\"--smush-placeholder-width: 1024px; --smush-placeholder-aspect-ratio: 1024\/544;\" \/><noscript><img loading=\"lazy\" decoding=\"async\" width=\"1024\" height=\"544\" src=\"http:\/\/ondauno.com.ar\/wp-content\/uploads\/2025\/05\/WhatsApp-Image-2025-05-10-at-13.54.16-1024x544.jpeg\" alt=\"\" class=\"wp-image-55960\" srcset=\"https:\/\/ondauno.com.ar\/wp-content\/uploads\/2025\/05\/WhatsApp-Image-2025-05-10-at-13.54.16-1024x544.jpeg 1024w, https:\/\/ondauno.com.ar\/wp-content\/uploads\/2025\/05\/WhatsApp-Image-2025-05-10-at-13.54.16-300x159.jpeg 300w, https:\/\/ondauno.com.ar\/wp-content\/uploads\/2025\/05\/WhatsApp-Image-2025-05-10-at-13.54.16-768x408.jpeg 768w, https:\/\/ondauno.com.ar\/wp-content\/uploads\/2025\/05\/WhatsApp-Image-2025-05-10-at-13.54.16-791x420.jpeg 791w, https:\/\/ondauno.com.ar\/wp-content\/uploads\/2025\/05\/WhatsApp-Image-2025-05-10-at-13.54.16-696x370.jpeg 696w, https:\/\/ondauno.com.ar\/wp-content\/uploads\/2025\/05\/WhatsApp-Image-2025-05-10-at-13.54.16-1068x567.jpeg 1068w, https:\/\/ondauno.com.ar\/wp-content\/uploads\/2025\/05\/WhatsApp-Image-2025-05-10-at-13.54.16.jpeg 1079w\" sizes=\"auto, (max-width: 1024px) 100vw, 1024px\" \/><\/noscript><\/figure>\n\n\n\n<p>Por otro lado, el comercio \u201cCoco\u201d, ubicado en Caseros 1050, fue clausurado por no contar con la habilitaci\u00f3n correspondiente para el rubro que estaba ejerciendo. La falta de habilitaci\u00f3n es considerada una infracci\u00f3n grave y se actu\u00f3 en consecuencia.<\/p>\n\n\n\n<figure class=\"wp-block-image size-full\"><img loading=\"lazy\" decoding=\"async\" width=\"1014\" height=\"576\" data-src=\"https:\/\/ondauno.com.ar\/wp-content\/uploads\/2025\/05\/WhatsApp-Image-2025-05-10-at-13.54.17.jpeg\" alt=\"\" class=\"wp-image-55961 lazyload\" data-srcset=\"https:\/\/ondauno.com.ar\/wp-content\/uploads\/2025\/05\/WhatsApp-Image-2025-05-10-at-13.54.17.jpeg 1014w, https:\/\/ondauno.com.ar\/wp-content\/uploads\/2025\/05\/WhatsApp-Image-2025-05-10-at-13.54.17-300x170.jpeg 300w, https:\/\/ondauno.com.ar\/wp-content\/uploads\/2025\/05\/WhatsApp-Image-2025-05-10-at-13.54.17-768x436.jpeg 768w, https:\/\/ondauno.com.ar\/wp-content\/uploads\/2025\/05\/WhatsApp-Image-2025-05-10-at-13.54.17-739x420.jpeg 739w, https:\/\/ondauno.com.ar\/wp-content\/uploads\/2025\/05\/WhatsApp-Image-2025-05-10-at-13.54.17-696x395.jpeg 696w\" data-sizes=\"auto, (max-width: 1014px) 100vw, 1014px\" src=\"data:image\/gif;base64,R0lGODlhAQABAAAAACH5BAEKAAEALAAAAAABAAEAAAICTAEAOw==\" style=\"--smush-placeholder-width: 1014px; --smush-placeholder-aspect-ratio: 1014\/576;\" \/><noscript><img loading=\"lazy\" decoding=\"async\" width=\"1014\" height=\"576\" src=\"https:\/\/ondauno.com.ar\/wp-content\/uploads\/2025\/05\/WhatsApp-Image-2025-05-10-at-13.54.17.jpeg\" alt=\"\" class=\"wp-image-55961\" srcset=\"https:\/\/ondauno.com.ar\/wp-content\/uploads\/2025\/05\/WhatsApp-Image-2025-05-10-at-13.54.17.jpeg 1014w, https:\/\/ondauno.com.ar\/wp-content\/uploads\/2025\/05\/WhatsApp-Image-2025-05-10-at-13.54.17-300x170.jpeg 300w, https:\/\/ondauno.com.ar\/wp-content\/uploads\/2025\/05\/WhatsApp-Image-2025-05-10-at-13.54.17-768x436.jpeg 768w, https:\/\/ondauno.com.ar\/wp-content\/uploads\/2025\/05\/WhatsApp-Image-2025-05-10-at-13.54.17-739x420.jpeg 739w, https:\/\/ondauno.com.ar\/wp-content\/uploads\/2025\/05\/WhatsApp-Image-2025-05-10-at-13.54.17-696x395.jpeg 696w\" sizes=\"auto, (max-width: 1014px) 100vw, 1014px\" \/><\/noscript><\/figure>\n\n\n\n<p>Ambos procedimientos fueron elevados al Juzgado de Faltas Municipal, que encabeza el Dr. Jos\u00e9 Mart\u00ednez Hurtado, quien dar\u00e1 continuidad a las actuaciones administrativas correspondientes.<\/p>\n\n\n\n<p>Desde el Municipio y la Secretar\u00eda de Seguridad remarcaron que este tipo de operativos continuar\u00e1n llev\u00e1ndose a cabo con el objetivo de garantizar el orden p\u00fablico, prevenir delitos, y dar respuesta a los reclamos de los vecinos, quienes pueden canalizar sus denuncias a trav\u00e9s del n\u00famero 147. Asimismo, se destac\u00f3 el trabajo articulado con la Provincia para reforzar los controles y sostener una presencia activa en las calles durante los fines de semana.<\/p>\n","protected":false},"excerpt":{"rendered":"<p>En la madrugada de este viernes 10 de mayo, se llevaron a cabo operativos de control sobre locales vinculados a la nocturnidad en Tres Arroyos. La acci\u00f3n fue el resultado de una reuni\u00f3n de trabajo realizada el d\u00eda anterior entre autoridades municipales, provinciales y policiales, en la que se diagramaron medidas preventivas para abordar situaciones [&hellip;]<\/p>\n","protected":false},"author":1,"featured_media":55960,"comment_status":"open","ping_status":"open","sticky":false,"template":"","format":"standard","meta":{"tdm_status":"","tdm_grid_status":"","_jetpack_memberships_contains_paid_content":false,"footnotes":"","jetpack_publicize_message":"","jetpack_publicize_feature_enabled":true,"jetpack_social_post_already_shared":true,"jetpack_social_options":{"image_generator_settings":{"template":"highway","default_image_id":0,"font":"","enabled":false},"version":2}},"categories":[29],"tags":[],"class_list":{"0":"post-55959","1":"post","2":"type-post","3":"status-publish","4":"format-standard","5":"has-post-thumbnail","7":"category-policiales"},"yoast_head":"<!-- This site is optimized with the Yoast SEO plugin v22.7 - https:\/\/yoast.com\/wordpress\/plugins\/seo\/ -->\n<title>Clausuran dos locales nocturnos en el marco de controles coordinados entre el municipio y fuerzas de seguridad - 103.9 fm<\/title>\n<meta name=\"robots\" content=\"index, follow, max-snippet:-1, max-image-preview:large, max-video-preview:-1\" \/>\n<link rel=\"canonical\" href=\"https:\/\/ondauno.com.ar\/index.php\/2025\/05\/11\/clausuran-dos-locales-nocturnos-en-el-marco-de-controles-coordinados-entre-el-municipio-y-fuerzas-de-seguridad\/\" \/>\n<meta property=\"og:locale\" content=\"es_ES\" \/>\n<meta property=\"og:type\" content=\"article\" \/>\n<meta property=\"og:title\" content=\"Clausuran dos locales nocturnos en el marco de controles coordinados entre el municipio y fuerzas de seguridad - 103.9 fm\" \/>\n<meta property=\"og:description\" content=\"En la madrugada de este viernes 10 de mayo, se llevaron a cabo operativos de control sobre locales vinculados a la nocturnidad en Tres Arroyos. La acci\u00f3n fue el resultado de una reuni\u00f3n de trabajo realizada el d\u00eda anterior entre autoridades municipales, provinciales y policiales, en la que se diagramaron medidas preventivas para abordar situaciones [&hellip;]\" \/>\n<meta property=\"og:url\" content=\"https:\/\/ondauno.com.ar\/index.php\/2025\/05\/11\/clausuran-dos-locales-nocturnos-en-el-marco-de-controles-coordinados-entre-el-municipio-y-fuerzas-de-seguridad\/\" \/>\n<meta property=\"og:site_name\" content=\"103.9 fm\" \/>\n<meta property=\"article:publisher\" content=\"https:\/\/www.facebook.com\/ondauno103.9\" \/>\n<meta property=\"article:published_time\" content=\"2025-05-11T04:30:42+00:00\" \/>\n<meta property=\"article:modified_time\" content=\"2025-05-11T04:30:47+00:00\" \/>\n<meta property=\"og:image\" content=\"http:\/\/ondauno.com.ar\/wp-content\/uploads\/2025\/05\/WhatsApp-Image-2025-05-10-at-13.54.16.jpeg\" \/>\n\t<meta property=\"og:image:width\" content=\"1079\" \/>\n\t<meta property=\"og:image:height\" content=\"573\" \/>\n\t<meta property=\"og:image:type\" content=\"image\/jpeg\" \/>\n<meta name=\"author\" content=\"OndaUno\" \/>\n<meta name=\"twitter:card\" content=\"summary_large_image\" \/>\n<meta name=\"twitter:label1\" content=\"Escrito por\" \/>\n\t<meta name=\"twitter:data1\" content=\"OndaUno\" \/>\n\t<meta name=\"twitter:label2\" content=\"Tiempo de lectura\" \/>\n\t<meta name=\"twitter:data2\" content=\"3 minutos\" \/>\n<script type=\"application\/ld+json\" class=\"yoast-schema-graph\">{\"@context\":\"https:\/\/schema.org\",\"@graph\":[{\"@type\":\"WebPage\",\"@id\":\"https:\/\/ondauno.com.ar\/index.php\/2025\/05\/11\/clausuran-dos-locales-nocturnos-en-el-marco-de-controles-coordinados-entre-el-municipio-y-fuerzas-de-seguridad\/\",\"url\":\"https:\/\/ondauno.com.ar\/index.php\/2025\/05\/11\/clausuran-dos-locales-nocturnos-en-el-marco-de-controles-coordinados-entre-el-municipio-y-fuerzas-de-seguridad\/\",\"name\":\"Clausuran dos locales nocturnos en el marco de controles coordinados entre el municipio y fuerzas de seguridad - 103.9 fm\",\"isPartOf\":{\"@id\":\"https:\/\/ondauno.com.ar\/#website\"},\"primaryImageOfPage\":{\"@id\":\"https:\/\/ondauno.com.ar\/index.php\/2025\/05\/11\/clausuran-dos-locales-nocturnos-en-el-marco-de-controles-coordinados-entre-el-municipio-y-fuerzas-de-seguridad\/#primaryimage\"},\"image\":{\"@id\":\"https:\/\/ondauno.com.ar\/index.php\/2025\/05\/11\/clausuran-dos-locales-nocturnos-en-el-marco-de-controles-coordinados-entre-el-municipio-y-fuerzas-de-seguridad\/#primaryimage\"},\"thumbnailUrl\":\"https:\/\/ondauno.com.ar\/wp-content\/uploads\/2025\/05\/WhatsApp-Image-2025-05-10-at-13.54.16.jpeg\",\"datePublished\":\"2025-05-11T04:30:42+00:00\",\"dateModified\":\"2025-05-11T04:30:47+00:00\",\"author\":{\"@id\":\"https:\/\/ondauno.com.ar\/#\/schema\/person\/7ec851ddeceb4133d7d7132dc645714e\"},\"breadcrumb\":{\"@id\":\"https:\/\/ondauno.com.ar\/index.php\/2025\/05\/11\/clausuran-dos-locales-nocturnos-en-el-marco-de-controles-coordinados-entre-el-municipio-y-fuerzas-de-seguridad\/#breadcrumb\"},\"inLanguage\":\"es-AR\",\"potentialAction\":[{\"@type\":\"ReadAction\",\"target\":[\"https:\/\/ondauno.com.ar\/index.php\/2025\/05\/11\/clausuran-dos-locales-nocturnos-en-el-marco-de-controles-coordinados-entre-el-municipio-y-fuerzas-de-seguridad\/\"]}]},{\"@type\":\"ImageObject\",\"inLanguage\":\"es-AR\",\"@id\":\"https:\/\/ondauno.com.ar\/index.php\/2025\/05\/11\/clausuran-dos-locales-nocturnos-en-el-marco-de-controles-coordinados-entre-el-municipio-y-fuerzas-de-seguridad\/#primaryimage\",\"url\":\"https:\/\/ondauno.com.ar\/wp-content\/uploads\/2025\/05\/WhatsApp-Image-2025-05-10-at-13.54.16.jpeg\",\"contentUrl\":\"https:\/\/ondauno.com.ar\/wp-content\/uploads\/2025\/05\/WhatsApp-Image-2025-05-10-at-13.54.16.jpeg\",\"width\":1079,\"height\":573},{\"@type\":\"BreadcrumbList\",\"@id\":\"https:\/\/ondauno.com.ar\/index.php\/2025\/05\/11\/clausuran-dos-locales-nocturnos-en-el-marco-de-controles-coordinados-entre-el-municipio-y-fuerzas-de-seguridad\/#breadcrumb\",\"itemListElement\":[{\"@type\":\"ListItem\",\"position\":1,\"name\":\"Inicio\",\"item\":\"https:\/\/ondauno.com.ar\/\"},{\"@type\":\"ListItem\",\"position\":2,\"name\":\"Clausuran dos locales nocturnos en el marco de controles coordinados entre el municipio y fuerzas de seguridad\"}]},{\"@type\":\"WebSite\",\"@id\":\"https:\/\/ondauno.com.ar\/#website\",\"url\":\"https:\/\/ondauno.com.ar\/\",\"name\":\"103.9 fm\",\"description\":\"LA PRIMERA RADIO MULTIMEDIA DE TRES ARROYOS\",\"potentialAction\":[{\"@type\":\"SearchAction\",\"target\":{\"@type\":\"EntryPoint\",\"urlTemplate\":\"https:\/\/ondauno.com.ar\/?s={search_term_string}\"},\"query-input\":\"required name=search_term_string\"}],\"inLanguage\":\"es-AR\"},{\"@type\":\"Person\",\"@id\":\"https:\/\/ondauno.com.ar\/#\/schema\/person\/7ec851ddeceb4133d7d7132dc645714e\",\"name\":\"OndaUno\",\"image\":{\"@type\":\"ImageObject\",\"inLanguage\":\"es-AR\",\"@id\":\"https:\/\/ondauno.com.ar\/#\/schema\/person\/image\/\",\"url\":\"https:\/\/secure.gravatar.com\/avatar\/93b8009f0de7021f1feb2bd5b32fb9e8?s=96&d=mm&r=g\",\"contentUrl\":\"https:\/\/secure.gravatar.com\/avatar\/93b8009f0de7021f1feb2bd5b32fb9e8?s=96&d=mm&r=g\",\"caption\":\"OndaUno\"},\"url\":\"https:\/\/ondauno.com.ar\/index.php\/author\/ondauno\/\"}]}<\/script>\n<!-- \/ Yoast SEO plugin. -->","yoast_head_json":{"title":"Clausuran dos locales nocturnos en el marco de controles coordinados entre el municipio y fuerzas de seguridad - 103.9 fm","robots":{"index":"index","follow":"follow","max-snippet":"max-snippet:-1","max-image-preview":"max-image-preview:large","max-video-preview":"max-video-preview:-1"},"canonical":"https:\/\/ondauno.com.ar\/index.php\/2025\/05\/11\/clausuran-dos-locales-nocturnos-en-el-marco-de-controles-coordinados-entre-el-municipio-y-fuerzas-de-seguridad\/","og_locale":"es_ES","og_type":"article","og_title":"Clausuran dos locales nocturnos en el marco de controles coordinados entre el municipio y fuerzas de seguridad - 103.9 fm","og_description":"En la madrugada de este viernes 10 de mayo, se llevaron a cabo operativos de control sobre locales vinculados a la nocturnidad en Tres Arroyos. La acci\u00f3n fue el resultado de una reuni\u00f3n de trabajo realizada el d\u00eda anterior entre autoridades municipales, provinciales y policiales, en la que se diagramaron medidas preventivas para abordar situaciones [&hellip;]","og_url":"https:\/\/ondauno.com.ar\/index.php\/2025\/05\/11\/clausuran-dos-locales-nocturnos-en-el-marco-de-controles-coordinados-entre-el-municipio-y-fuerzas-de-seguridad\/","og_site_name":"103.9 fm","article_publisher":"https:\/\/www.facebook.com\/ondauno103.9","article_published_time":"2025-05-11T04:30:42+00:00","article_modified_time":"2025-05-11T04:30:47+00:00","og_image":[{"width":1079,"height":573,"url":"http:\/\/ondauno.com.ar\/wp-content\/uploads\/2025\/05\/WhatsApp-Image-2025-05-10-at-13.54.16.jpeg","type":"image\/jpeg"}],"author":"OndaUno","twitter_card":"summary_large_image","twitter_misc":{"Escrito por":"OndaUno","Tiempo de lectura":"3 minutos"},"schema":{"@context":"https:\/\/schema.org","@graph":[{"@type":"WebPage","@id":"https:\/\/ondauno.com.ar\/index.php\/2025\/05\/11\/clausuran-dos-locales-nocturnos-en-el-marco-de-controles-coordinados-entre-el-municipio-y-fuerzas-de-seguridad\/","url":"https:\/\/ondauno.com.ar\/index.php\/2025\/05\/11\/clausuran-dos-locales-nocturnos-en-el-marco-de-controles-coordinados-entre-el-municipio-y-fuerzas-de-seguridad\/","name":"Clausuran dos locales nocturnos en el marco de controles coordinados entre el municipio y fuerzas de seguridad - 103.9 fm","isPartOf":{"@id":"https:\/\/ondauno.com.ar\/#website"},"primaryImageOfPage":{"@id":"https:\/\/ondauno.com.ar\/index.php\/2025\/05\/11\/clausuran-dos-locales-nocturnos-en-el-marco-de-controles-coordinados-entre-el-municipio-y-fuerzas-de-seguridad\/#primaryimage"},"image":{"@id":"https:\/\/ondauno.com.ar\/index.php\/2025\/05\/11\/clausuran-dos-locales-nocturnos-en-el-marco-de-controles-coordinados-entre-el-municipio-y-fuerzas-de-seguridad\/#primaryimage"},"thumbnailUrl":"https:\/\/ondauno.com.ar\/wp-content\/uploads\/2025\/05\/WhatsApp-Image-2025-05-10-at-13.54.16.jpeg","datePublished":"2025-05-11T04:30:42+00:00","dateModified":"2025-05-11T04:30:47+00:00","author":{"@id":"https:\/\/ondauno.com.ar\/#\/schema\/person\/7ec851ddeceb4133d7d7132dc645714e"},"breadcrumb":{"@id":"https:\/\/ondauno.com.ar\/index.php\/2025\/05\/11\/clausuran-dos-locales-nocturnos-en-el-marco-de-controles-coordinados-entre-el-municipio-y-fuerzas-de-seguridad\/#breadcrumb"},"inLanguage":"es-AR","potentialAction":[{"@type":"ReadAction","target":["https:\/\/ondauno.com.ar\/index.php\/2025\/05\/11\/clausuran-dos-locales-nocturnos-en-el-marco-de-controles-coordinados-entre-el-municipio-y-fuerzas-de-seguridad\/"]}]},{"@type":"ImageObject","inLanguage":"es-AR","@id":"https:\/\/ondauno.com.ar\/index.php\/2025\/05\/11\/clausuran-dos-locales-nocturnos-en-el-marco-de-controles-coordinados-entre-el-municipio-y-fuerzas-de-seguridad\/#primaryimage","url":"https:\/\/ondauno.com.ar\/wp-content\/uploads\/2025\/05\/WhatsApp-Image-2025-05-10-at-13.54.16.jpeg","contentUrl":"https:\/\/ondauno.com.ar\/wp-content\/uploads\/2025\/05\/WhatsApp-Image-2025-05-10-at-13.54.16.jpeg","width":1079,"height":573},{"@type":"BreadcrumbList","@id":"https:\/\/ondauno.com.ar\/index.php\/2025\/05\/11\/clausuran-dos-locales-nocturnos-en-el-marco-de-controles-coordinados-entre-el-municipio-y-fuerzas-de-seguridad\/#breadcrumb","itemListElement":[{"@type":"ListItem","position":1,"name":"Inicio","item":"https:\/\/ondauno.com.ar\/"},{"@type":"ListItem","position":2,"name":"Clausuran dos locales nocturnos en el marco de controles coordinados entre el municipio y fuerzas de seguridad"}]},{"@type":"WebSite","@id":"https:\/\/ondauno.com.ar\/#website","url":"https:\/\/ondauno.com.ar\/","name":"103.9 fm","description":"LA PRIMERA RADIO MULTIMEDIA DE TRES ARROYOS","potentialAction":[{"@type":"SearchAction","target":{"@type":"EntryPoint","urlTemplate":"https:\/\/ondauno.com.ar\/?s={search_term_string}"},"query-input":"required name=search_term_string"}],"inLanguage":"es-AR"},{"@type":"Person","@id":"https:\/\/ondauno.com.ar\/#\/schema\/person\/7ec851ddeceb4133d7d7132dc645714e","name":"OndaUno","image":{"@type":"ImageObject","inLanguage":"es-AR","@id":"https:\/\/ondauno.com.ar\/#\/schema\/person\/image\/","url":"https:\/\/secure.gravatar.com\/avatar\/93b8009f0de7021f1feb2bd5b32fb9e8?s=96&d=mm&r=g","contentUrl":"https:\/\/secure.gravatar.com\/avatar\/93b8009f0de7021f1feb2bd5b32fb9e8?s=96&d=mm&r=g","caption":"OndaUno"},"url":"https:\/\/ondauno.com.ar\/index.php\/author\/ondauno\/"}]}},"jetpack_publicize_connections":[],"jetpack_featured_media_url":"https:\/\/ondauno.com.ar\/wp-content\/uploads\/2025\/05\/WhatsApp-Image-2025-05-10-at-13.54.16.jpeg","jetpack_sharing_enabled":true,"_links":{"self":[{"href":"https:\/\/ondauno.com.ar\/index.php\/wp-json\/wp\/v2\/posts\/55959","targetHints":{"allow":["GET"]}}],"collection":[{"href":"https:\/\/ondauno.com.ar\/index.php\/wp-json\/wp\/v2\/posts"}],"about":[{"href":"https:\/\/ondauno.com.ar\/index.php\/wp-json\/wp\/v2\/types\/post"}],"author":[{"embeddable":true,"href":"https:\/\/ondauno.com.ar\/index.php\/wp-json\/wp\/v2\/users\/1"}],"replies":[{"embeddable":true,"href":"https:\/\/ondauno.com.ar\/index.php\/wp-json\/wp\/v2\/comments?post=55959"}],"version-history":[{"count":1,"href":"https:\/\/ondauno.com.ar\/index.php\/wp-json\/wp\/v2\/posts\/55959\/revisions"}],"predecessor-version":[{"id":55962,"href":"https:\/\/ondauno.com.ar\/index.php\/wp-json\/wp\/v2\/posts\/55959\/revisions\/55962"}],"wp:featuredmedia":[{"embeddable":true,"href":"https:\/\/ondauno.com.ar\/index.php\/wp-json\/wp\/v2\/media\/55960"}],"wp:attachment":[{"href":"https:\/\/ondauno.com.ar\/index.php\/wp-json\/wp\/v2\/media?parent=55959"}],"wp:term":[{"taxonomy":"category","embeddable":true,"href":"https:\/\/ondauno.com.ar\/index.php\/wp-json\/wp\/v2\/categories?post=55959"},{"taxonomy":"post_tag","embeddable":true,"href":"https:\/\/ondauno.com.ar\/index.php\/wp-json\/wp\/v2\/tags?post=55959"}],"curies":[{"name":"wp","href":"https:\/\/api.w.org\/{rel}","templated":true}]}}