{"id":55956,"date":"2025-05-11T01:25:21","date_gmt":"2025-05-11T04:25:21","guid":{"rendered":"https:\/\/ondauno.com.ar\/?p=55956"},"modified":"2025-05-11T01:25:25","modified_gmt":"2025-05-11T04:25:25","slug":"luciano-saltape-cerro-con-un-triunfo-la-participacion-de-cavta-en-el-torneo-internacional","status":"publish","type":"post","link":"https:\/\/ondauno.com.ar\/index.php\/2025\/05\/11\/luciano-saltape-cerro-con-un-triunfo-la-participacion-de-cavta-en-el-torneo-internacional\/","title":{"rendered":"Luciano Saltap\u00e9 cerr\u00f3 con un triunfo la participaci\u00f3n de CAVTA en el torneo internacional"},"content":{"rendered":"<div class=\"ondau-before-content_3\" style=\"margin-top: -30px;\" id=\"ondau-1236044731\"><a href=\"https:\/\/www.lps.com.ar\/\" aria-label=\"la-perse2\"><img loading=\"lazy\" decoding=\"async\" src=\"https:\/\/ondauno.com.ar\/wp-content\/uploads\/2021\/10\/la-perse2.jpg\" alt=\"\"  srcset=\"https:\/\/ondauno.com.ar\/wp-content\/uploads\/2021\/10\/la-perse2.jpg 1353w, https:\/\/ondauno.com.ar\/wp-content\/uploads\/2021\/10\/la-perse2-300x43.jpg 300w, https:\/\/ondauno.com.ar\/wp-content\/uploads\/2021\/10\/la-perse2-1024x148.jpg 1024w, https:\/\/ondauno.com.ar\/wp-content\/uploads\/2021\/10\/la-perse2-768x111.jpg 768w, https:\/\/ondauno.com.ar\/wp-content\/uploads\/2021\/10\/la-perse2-696x100.jpg 696w, https:\/\/ondauno.com.ar\/wp-content\/uploads\/2021\/10\/la-perse2-1068x154.jpg 1068w\" sizes=\"(max-width: 1353px) 100vw, 1353px\" class=\"no-lazyload\" width=\"1353\" height=\"195\"  style=\"display: inline-block;\" \/><\/a><\/div>\n<p>Se cerr\u00f3 la participaci\u00f3n de los atletas tresarroyenses del CAVTA con el triunfo de Luciano Saltap\u00e9 en la prueba de salto en alto M45. El atleta revalid\u00f3 su t\u00edtulo del a\u00f1o 2023, alz\u00e1ndose con la victoria no solo en su categor\u00eda, sino tambi\u00e9n en la clasificaci\u00f3n general, con una destacada marca de 1,61 metros, quedando muy cerca de superar los 1,64 metros.<\/p>\n\n\n\n<p>Luciano agradeci\u00f3 a sus sponsors \u2014Parador Samoa, Carnicer\u00eda El Tato y Veterinaria Don Hugo\u2014, quienes le permitieron costear los gastos de inscripci\u00f3n, alojamiento y comidas para dicho evento, el \u00fanico internacional que se realiza en Argentina este a\u00f1o.<\/p>\n\n\n\n<p>Los pr\u00f3ximos compromisos de los atletas del CAVTA ser\u00e1n en septiembre, en el Campeonato Argentino de Pista y Campo con sede en la provincia de Entre R\u00edos (a\u00fan resta definir si ser\u00e1 en Concordia o Concepci\u00f3n del Uruguay), y en el Sudamericano M\u00e1ster de Santiago de Chile, que se desarrollar\u00e1 entre el 23 y el 30 de noviembre.<\/p>\n\n\n\n<figure class=\"wp-block-embed is-type-video is-provider-youtube wp-block-embed-youtube wp-embed-aspect-16-9 wp-has-aspect-ratio\"><div class=\"wp-block-embed__wrapper\">\n<iframe loading=\"lazy\" title=\"Luciano Saltap\u00e9 cerr\u00f3 con un triunfo la participaci\u00f3n de CAVTA en el torneo internacional\" width=\"696\" height=\"392\" data-src=\"https:\/\/www.youtube.com\/embed\/iFAKqWvirDM?feature=oembed\" frameborder=\"0\" allow=\"accelerometer; autoplay; clipboard-write; encrypted-media; gyroscope; picture-in-picture; web-share\" referrerpolicy=\"strict-origin-when-cross-origin\" allowfullscreen src=\"data:image\/gif;base64,R0lGODlhAQABAAAAACH5BAEKAAEALAAAAAABAAEAAAICTAEAOw==\" class=\"lazyload\" data-load-mode=\"1\"><\/iframe>\n<\/div><\/figure>\n","protected":false},"excerpt":{"rendered":"<p>Se cerr\u00f3 la participaci\u00f3n de los atletas tresarroyenses del CAVTA con el triunfo de Luciano Saltap\u00e9 en la prueba de salto en alto M45. El atleta revalid\u00f3 su t\u00edtulo del a\u00f1o 2023, alz\u00e1ndose con la victoria no solo en su categor\u00eda, sino tambi\u00e9n en la clasificaci\u00f3n general, con una destacada marca de 1,61 metros, quedando [&hellip;]<\/p>\n","protected":false},"author":1,"featured_media":55957,"comment_status":"open","ping_status":"open","sticky":false,"template":"","format":"standard","meta":{"tdm_status":"","tdm_grid_status":"","_jetpack_memberships_contains_paid_content":false,"footnotes":"","jetpack_publicize_message":"","jetpack_publicize_feature_enabled":true,"jetpack_social_post_already_shared":true,"jetpack_social_options":{"image_generator_settings":{"template":"highway","default_image_id":0,"font":"","enabled":false},"version":2}},"categories":[37],"tags":[],"class_list":{"0":"post-55956","1":"post","2":"type-post","3":"status-publish","4":"format-standard","5":"has-post-thumbnail","7":"category-deportes"},"yoast_head":"<!-- This site is optimized with the Yoast SEO plugin v22.7 - https:\/\/yoast.com\/wordpress\/plugins\/seo\/ -->\n<title>Luciano Saltap\u00e9 cerr\u00f3 con un triunfo la participaci\u00f3n de CAVTA en el torneo internacional - 103.9 fm<\/title>\n<meta name=\"robots\" content=\"index, follow, max-snippet:-1, max-image-preview:large, max-video-preview:-1\" \/>\n<link rel=\"canonical\" href=\"https:\/\/ondauno.com.ar\/index.php\/2025\/05\/11\/luciano-saltape-cerro-con-un-triunfo-la-participacion-de-cavta-en-el-torneo-internacional\/\" \/>\n<meta property=\"og:locale\" content=\"es_ES\" \/>\n<meta property=\"og:type\" content=\"article\" \/>\n<meta property=\"og:title\" content=\"Luciano Saltap\u00e9 cerr\u00f3 con un triunfo la participaci\u00f3n de CAVTA en el torneo internacional - 103.9 fm\" \/>\n<meta property=\"og:description\" content=\"Se cerr\u00f3 la participaci\u00f3n de los atletas tresarroyenses del CAVTA con el triunfo de Luciano Saltap\u00e9 en la prueba de salto en alto M45. El atleta revalid\u00f3 su t\u00edtulo del a\u00f1o 2023, alz\u00e1ndose con la victoria no solo en su categor\u00eda, sino tambi\u00e9n en la clasificaci\u00f3n general, con una destacada marca de 1,61 metros, quedando [&hellip;]\" \/>\n<meta property=\"og:url\" content=\"https:\/\/ondauno.com.ar\/index.php\/2025\/05\/11\/luciano-saltape-cerro-con-un-triunfo-la-participacion-de-cavta-en-el-torneo-internacional\/\" \/>\n<meta property=\"og:site_name\" content=\"103.9 fm\" \/>\n<meta property=\"article:publisher\" content=\"https:\/\/www.facebook.com\/ondauno103.9\" \/>\n<meta property=\"article:published_time\" content=\"2025-05-11T04:25:21+00:00\" \/>\n<meta property=\"article:modified_time\" content=\"2025-05-11T04:25:25+00:00\" \/>\n<meta property=\"og:image\" content=\"http:\/\/ondauno.com.ar\/wp-content\/uploads\/2025\/05\/WhatsApp-Image-2025-05-10-at-18.58.41.jpeg\" \/>\n\t<meta property=\"og:image:width\" content=\"1200\" \/>\n\t<meta property=\"og:image:height\" content=\"1600\" \/>\n\t<meta property=\"og:image:type\" content=\"image\/jpeg\" \/>\n<meta name=\"author\" content=\"OndaUno\" \/>\n<meta name=\"twitter:card\" content=\"summary_large_image\" \/>\n<meta name=\"twitter:label1\" content=\"Escrito por\" \/>\n\t<meta name=\"twitter:data1\" content=\"OndaUno\" \/>\n\t<meta name=\"twitter:label2\" content=\"Tiempo de lectura\" \/>\n\t<meta name=\"twitter:data2\" content=\"1 minuto\" \/>\n<script type=\"application\/ld+json\" class=\"yoast-schema-graph\">{\"@context\":\"https:\/\/schema.org\",\"@graph\":[{\"@type\":\"WebPage\",\"@id\":\"https:\/\/ondauno.com.ar\/index.php\/2025\/05\/11\/luciano-saltape-cerro-con-un-triunfo-la-participacion-de-cavta-en-el-torneo-internacional\/\",\"url\":\"https:\/\/ondauno.com.ar\/index.php\/2025\/05\/11\/luciano-saltape-cerro-con-un-triunfo-la-participacion-de-cavta-en-el-torneo-internacional\/\",\"name\":\"Luciano Saltap\u00e9 cerr\u00f3 con un triunfo la participaci\u00f3n de CAVTA en el torneo internacional - 103.9 fm\",\"isPartOf\":{\"@id\":\"https:\/\/ondauno.com.ar\/#website\"},\"primaryImageOfPage\":{\"@id\":\"https:\/\/ondauno.com.ar\/index.php\/2025\/05\/11\/luciano-saltape-cerro-con-un-triunfo-la-participacion-de-cavta-en-el-torneo-internacional\/#primaryimage\"},\"image\":{\"@id\":\"https:\/\/ondauno.com.ar\/index.php\/2025\/05\/11\/luciano-saltape-cerro-con-un-triunfo-la-participacion-de-cavta-en-el-torneo-internacional\/#primaryimage\"},\"thumbnailUrl\":\"https:\/\/ondauno.com.ar\/wp-content\/uploads\/2025\/05\/WhatsApp-Image-2025-05-10-at-18.58.41.jpeg\",\"datePublished\":\"2025-05-11T04:25:21+00:00\",\"dateModified\":\"2025-05-11T04:25:25+00:00\",\"author\":{\"@id\":\"https:\/\/ondauno.com.ar\/#\/schema\/person\/7ec851ddeceb4133d7d7132dc645714e\"},\"breadcrumb\":{\"@id\":\"https:\/\/ondauno.com.ar\/index.php\/2025\/05\/11\/luciano-saltape-cerro-con-un-triunfo-la-participacion-de-cavta-en-el-torneo-internacional\/#breadcrumb\"},\"inLanguage\":\"es-AR\",\"potentialAction\":[{\"@type\":\"ReadAction\",\"target\":[\"https:\/\/ondauno.com.ar\/index.php\/2025\/05\/11\/luciano-saltape-cerro-con-un-triunfo-la-participacion-de-cavta-en-el-torneo-internacional\/\"]}]},{\"@type\":\"ImageObject\",\"inLanguage\":\"es-AR\",\"@id\":\"https:\/\/ondauno.com.ar\/index.php\/2025\/05\/11\/luciano-saltape-cerro-con-un-triunfo-la-participacion-de-cavta-en-el-torneo-internacional\/#primaryimage\",\"url\":\"https:\/\/ondauno.com.ar\/wp-content\/uploads\/2025\/05\/WhatsApp-Image-2025-05-10-at-18.58.41.jpeg\",\"contentUrl\":\"https:\/\/ondauno.com.ar\/wp-content\/uploads\/2025\/05\/WhatsApp-Image-2025-05-10-at-18.58.41.jpeg\",\"width\":1200,\"height\":1600},{\"@type\":\"BreadcrumbList\",\"@id\":\"https:\/\/ondauno.com.ar\/index.php\/2025\/05\/11\/luciano-saltape-cerro-con-un-triunfo-la-participacion-de-cavta-en-el-torneo-internacional\/#breadcrumb\",\"itemListElement\":[{\"@type\":\"ListItem\",\"position\":1,\"name\":\"Inicio\",\"item\":\"https:\/\/ondauno.com.ar\/\"},{\"@type\":\"ListItem\",\"position\":2,\"name\":\"Luciano Saltap\u00e9 cerr\u00f3 con un triunfo la participaci\u00f3n de CAVTA en el torneo internacional\"}]},{\"@type\":\"WebSite\",\"@id\":\"https:\/\/ondauno.com.ar\/#website\",\"url\":\"https:\/\/ondauno.com.ar\/\",\"name\":\"103.9 fm\",\"description\":\"LA PRIMERA RADIO MULTIMEDIA DE TRES ARROYOS\",\"potentialAction\":[{\"@type\":\"SearchAction\",\"target\":{\"@type\":\"EntryPoint\",\"urlTemplate\":\"https:\/\/ondauno.com.ar\/?s={search_term_string}\"},\"query-input\":\"required name=search_term_string\"}],\"inLanguage\":\"es-AR\"},{\"@type\":\"Person\",\"@id\":\"https:\/\/ondauno.com.ar\/#\/schema\/person\/7ec851ddeceb4133d7d7132dc645714e\",\"name\":\"OndaUno\",\"image\":{\"@type\":\"ImageObject\",\"inLanguage\":\"es-AR\",\"@id\":\"https:\/\/ondauno.com.ar\/#\/schema\/person\/image\/\",\"url\":\"https:\/\/secure.gravatar.com\/avatar\/93b8009f0de7021f1feb2bd5b32fb9e8?s=96&d=mm&r=g\",\"contentUrl\":\"https:\/\/secure.gravatar.com\/avatar\/93b8009f0de7021f1feb2bd5b32fb9e8?s=96&d=mm&r=g\",\"caption\":\"OndaUno\"},\"url\":\"https:\/\/ondauno.com.ar\/index.php\/author\/ondauno\/\"}]}<\/script>\n<!-- \/ Yoast SEO plugin. -->","yoast_head_json":{"title":"Luciano Saltap\u00e9 cerr\u00f3 con un triunfo la participaci\u00f3n de CAVTA en el torneo internacional - 103.9 fm","robots":{"index":"index","follow":"follow","max-snippet":"max-snippet:-1","max-image-preview":"max-image-preview:large","max-video-preview":"max-video-preview:-1"},"canonical":"https:\/\/ondauno.com.ar\/index.php\/2025\/05\/11\/luciano-saltape-cerro-con-un-triunfo-la-participacion-de-cavta-en-el-torneo-internacional\/","og_locale":"es_ES","og_type":"article","og_title":"Luciano Saltap\u00e9 cerr\u00f3 con un triunfo la participaci\u00f3n de CAVTA en el torneo internacional - 103.9 fm","og_description":"Se cerr\u00f3 la participaci\u00f3n de los atletas tresarroyenses del CAVTA con el triunfo de Luciano Saltap\u00e9 en la prueba de salto en alto M45. El atleta revalid\u00f3 su t\u00edtulo del a\u00f1o 2023, alz\u00e1ndose con la victoria no solo en su categor\u00eda, sino tambi\u00e9n en la clasificaci\u00f3n general, con una destacada marca de 1,61 metros, quedando [&hellip;]","og_url":"https:\/\/ondauno.com.ar\/index.php\/2025\/05\/11\/luciano-saltape-cerro-con-un-triunfo-la-participacion-de-cavta-en-el-torneo-internacional\/","og_site_name":"103.9 fm","article_publisher":"https:\/\/www.facebook.com\/ondauno103.9","article_published_time":"2025-05-11T04:25:21+00:00","article_modified_time":"2025-05-11T04:25:25+00:00","og_image":[{"width":1200,"height":1600,"url":"http:\/\/ondauno.com.ar\/wp-content\/uploads\/2025\/05\/WhatsApp-Image-2025-05-10-at-18.58.41.jpeg","type":"image\/jpeg"}],"author":"OndaUno","twitter_card":"summary_large_image","twitter_misc":{"Escrito por":"OndaUno","Tiempo de lectura":"1 minuto"},"schema":{"@context":"https:\/\/schema.org","@graph":[{"@type":"WebPage","@id":"https:\/\/ondauno.com.ar\/index.php\/2025\/05\/11\/luciano-saltape-cerro-con-un-triunfo-la-participacion-de-cavta-en-el-torneo-internacional\/","url":"https:\/\/ondauno.com.ar\/index.php\/2025\/05\/11\/luciano-saltape-cerro-con-un-triunfo-la-participacion-de-cavta-en-el-torneo-internacional\/","name":"Luciano Saltap\u00e9 cerr\u00f3 con un triunfo la participaci\u00f3n de CAVTA en el torneo internacional - 103.9 fm","isPartOf":{"@id":"https:\/\/ondauno.com.ar\/#website"},"primaryImageOfPage":{"@id":"https:\/\/ondauno.com.ar\/index.php\/2025\/05\/11\/luciano-saltape-cerro-con-un-triunfo-la-participacion-de-cavta-en-el-torneo-internacional\/#primaryimage"},"image":{"@id":"https:\/\/ondauno.com.ar\/index.php\/2025\/05\/11\/luciano-saltape-cerro-con-un-triunfo-la-participacion-de-cavta-en-el-torneo-internacional\/#primaryimage"},"thumbnailUrl":"https:\/\/ondauno.com.ar\/wp-content\/uploads\/2025\/05\/WhatsApp-Image-2025-05-10-at-18.58.41.jpeg","datePublished":"2025-05-11T04:25:21+00:00","dateModified":"2025-05-11T04:25:25+00:00","author":{"@id":"https:\/\/ondauno.com.ar\/#\/schema\/person\/7ec851ddeceb4133d7d7132dc645714e"},"breadcrumb":{"@id":"https:\/\/ondauno.com.ar\/index.php\/2025\/05\/11\/luciano-saltape-cerro-con-un-triunfo-la-participacion-de-cavta-en-el-torneo-internacional\/#breadcrumb"},"inLanguage":"es-AR","potentialAction":[{"@type":"ReadAction","target":["https:\/\/ondauno.com.ar\/index.php\/2025\/05\/11\/luciano-saltape-cerro-con-un-triunfo-la-participacion-de-cavta-en-el-torneo-internacional\/"]}]},{"@type":"ImageObject","inLanguage":"es-AR","@id":"https:\/\/ondauno.com.ar\/index.php\/2025\/05\/11\/luciano-saltape-cerro-con-un-triunfo-la-participacion-de-cavta-en-el-torneo-internacional\/#primaryimage","url":"https:\/\/ondauno.com.ar\/wp-content\/uploads\/2025\/05\/WhatsApp-Image-2025-05-10-at-18.58.41.jpeg","contentUrl":"https:\/\/ondauno.com.ar\/wp-content\/uploads\/2025\/05\/WhatsApp-Image-2025-05-10-at-18.58.41.jpeg","width":1200,"height":1600},{"@type":"BreadcrumbList","@id":"https:\/\/ondauno.com.ar\/index.php\/2025\/05\/11\/luciano-saltape-cerro-con-un-triunfo-la-participacion-de-cavta-en-el-torneo-internacional\/#breadcrumb","itemListElement":[{"@type":"ListItem","position":1,"name":"Inicio","item":"https:\/\/ondauno.com.ar\/"},{"@type":"ListItem","position":2,"name":"Luciano Saltap\u00e9 cerr\u00f3 con un triunfo la participaci\u00f3n de CAVTA en el torneo internacional"}]},{"@type":"WebSite","@id":"https:\/\/ondauno.com.ar\/#website","url":"https:\/\/ondauno.com.ar\/","name":"103.9 fm","description":"LA PRIMERA RADIO MULTIMEDIA DE TRES ARROYOS","potentialAction":[{"@type":"SearchAction","target":{"@type":"EntryPoint","urlTemplate":"https:\/\/ondauno.com.ar\/?s={search_term_string}"},"query-input":"required name=search_term_string"}],"inLanguage":"es-AR"},{"@type":"Person","@id":"https:\/\/ondauno.com.ar\/#\/schema\/person\/7ec851ddeceb4133d7d7132dc645714e","name":"OndaUno","image":{"@type":"ImageObject","inLanguage":"es-AR","@id":"https:\/\/ondauno.com.ar\/#\/schema\/person\/image\/","url":"https:\/\/secure.gravatar.com\/avatar\/93b8009f0de7021f1feb2bd5b32fb9e8?s=96&d=mm&r=g","contentUrl":"https:\/\/secure.gravatar.com\/avatar\/93b8009f0de7021f1feb2bd5b32fb9e8?s=96&d=mm&r=g","caption":"OndaUno"},"url":"https:\/\/ondauno.com.ar\/index.php\/author\/ondauno\/"}]}},"jetpack_publicize_connections":[],"jetpack_featured_media_url":"https:\/\/ondauno.com.ar\/wp-content\/uploads\/2025\/05\/WhatsApp-Image-2025-05-10-at-18.58.41.jpeg","jetpack_sharing_enabled":true,"_links":{"self":[{"href":"https:\/\/ondauno.com.ar\/index.php\/wp-json\/wp\/v2\/posts\/55956","targetHints":{"allow":["GET"]}}],"collection":[{"href":"https:\/\/ondauno.com.ar\/index.php\/wp-json\/wp\/v2\/posts"}],"about":[{"href":"https:\/\/ondauno.com.ar\/index.php\/wp-json\/wp\/v2\/types\/post"}],"author":[{"embeddable":true,"href":"https:\/\/ondauno.com.ar\/index.php\/wp-json\/wp\/v2\/users\/1"}],"replies":[{"embeddable":true,"href":"https:\/\/ondauno.com.ar\/index.php\/wp-json\/wp\/v2\/comments?post=55956"}],"version-history":[{"count":1,"href":"https:\/\/ondauno.com.ar\/index.php\/wp-json\/wp\/v2\/posts\/55956\/revisions"}],"predecessor-version":[{"id":55958,"href":"https:\/\/ondauno.com.ar\/index.php\/wp-json\/wp\/v2\/posts\/55956\/revisions\/55958"}],"wp:featuredmedia":[{"embeddable":true,"href":"https:\/\/ondauno.com.ar\/index.php\/wp-json\/wp\/v2\/media\/55957"}],"wp:attachment":[{"href":"https:\/\/ondauno.com.ar\/index.php\/wp-json\/wp\/v2\/media?parent=55956"}],"wp:term":[{"taxonomy":"category","embeddable":true,"href":"https:\/\/ondauno.com.ar\/index.php\/wp-json\/wp\/v2\/categories?post=55956"},{"taxonomy":"post_tag","embeddable":true,"href":"https:\/\/ondauno.com.ar\/index.php\/wp-json\/wp\/v2\/tags?post=55956"}],"curies":[{"name":"wp","href":"https:\/\/api.w.org\/{rel}","templated":true}]}}