{"id":55931,"date":"2025-05-10T02:18:54","date_gmt":"2025-05-10T05:18:54","guid":{"rendered":"https:\/\/ondauno.com.ar\/?p=55931"},"modified":"2025-05-10T02:18:58","modified_gmt":"2025-05-10T05:18:58","slug":"se-elige-nueva-junta-vecinal-en-villa-italia-queremos-que-el-barrio-tenga-voz","status":"publish","type":"post","link":"https:\/\/ondauno.com.ar\/index.php\/2025\/05\/10\/se-elige-nueva-junta-vecinal-en-villa-italia-queremos-que-el-barrio-tenga-voz\/","title":{"rendered":"Se elige nueva junta vecinal en Villa Italia: \u201cQueremos que el barrio tenga voz\u201d"},"content":{"rendered":"<div class=\"ondau-before-content_3\" style=\"margin-top: -30px;\" id=\"ondau-960959697\"><a href=\"https:\/\/www.lps.com.ar\/\" aria-label=\"la-perse2\"><img loading=\"lazy\" decoding=\"async\" src=\"https:\/\/ondauno.com.ar\/wp-content\/uploads\/2021\/10\/la-perse2.jpg\" alt=\"\"  srcset=\"https:\/\/ondauno.com.ar\/wp-content\/uploads\/2021\/10\/la-perse2.jpg 1353w, https:\/\/ondauno.com.ar\/wp-content\/uploads\/2021\/10\/la-perse2-300x43.jpg 300w, https:\/\/ondauno.com.ar\/wp-content\/uploads\/2021\/10\/la-perse2-1024x148.jpg 1024w, https:\/\/ondauno.com.ar\/wp-content\/uploads\/2021\/10\/la-perse2-768x111.jpg 768w, https:\/\/ondauno.com.ar\/wp-content\/uploads\/2021\/10\/la-perse2-696x100.jpg 696w, https:\/\/ondauno.com.ar\/wp-content\/uploads\/2021\/10\/la-perse2-1068x154.jpg 1068w\" sizes=\"(max-width: 1353px) 100vw, 1353px\" class=\"no-lazyload\" width=\"1353\" height=\"195\"  style=\"display: inline-block;\" \/><\/a><\/div>\n<p>Delia Tolosa y Vanessa Ramos visitaron los estudios de Cosas que pasan para hablar sobre la elecci\u00f3n de autoridades en la junta vecinal de Villa Italia, que finalmente se realizar\u00e1 hoy, 9 de mayo, luego de que una primera convocatoria fuera suspendida.<\/p>\n\n\n\n<p>Tolosa encabeza una de las listas y explic\u00f3 que la actual conducci\u00f3n decidi\u00f3 dar un paso al costado por problemas de salud. \u201cNo quer\u00edamos seguir dilatando esta situaci\u00f3n. Los vecinos ya sab\u00edan que la fecha original era el 9, as\u00ed que aprovechamos para concretarla\u201d, dijo.<\/p>\n\n\n\n<p>\u201cSomos todos vecinos de hace muchos a\u00f1os. Hay mucho para hacer por el barrio\u201d, asegur\u00f3. Con m\u00e1s de tres d\u00e9cadas de trabajo social en el Club Argentino y actual DT del equipo femenino, Delia afirm\u00f3.<br>\u201cYo siempre estuve ah\u00ed para ayudar desde mi casa, pero en una junta vecinal pod\u00e9s ser m\u00e1s escuchado por las autoridades\u201d.<\/p>\n\n\n\n<p>Vanessa Ramos, vocera de la lista, detall\u00f3 que la elecci\u00f3n este mismo viernes a las 18:30 en la sede ubicada en V\u00edctor Manuel y Cangallo. \u201cInvitamos a todos los vecinos a participar con su DNI. Hace a\u00f1os que no hay elecciones y es importante que puedan elegir qui\u00e9n los representa\u201d.<\/p>\n\n\n\n<p>Consultadas sobre su posici\u00f3n pol\u00edtica, Tolosa aclar\u00f3: \u201cFormo parte de la lista de Pablo Garate y actualmente trabajo en el Polideportivo\u201d.<\/p>\n\n\n\n<p>La lista compite con otra encabezada por Alejandro Vega.<\/p>\n\n\n\n<figure class=\"wp-block-embed is-type-video is-provider-youtube wp-block-embed-youtube wp-embed-aspect-16-9 wp-has-aspect-ratio\"><div class=\"wp-block-embed__wrapper\">\n<div class=\"youtube-embed\" data-video_id=\"CVRWFPTE9zY\"><iframe loading=\"lazy\" title=\"Onda Uno 103.9 en vivo\" width=\"696\" height=\"392\" data-src=\"https:\/\/www.youtube.com\/embed\/CVRWFPTE9zY?start=42&#038;feature=oembed\" frameborder=\"0\" allow=\"accelerometer; autoplay; clipboard-write; encrypted-media; gyroscope; picture-in-picture; web-share\" referrerpolicy=\"strict-origin-when-cross-origin\" allowfullscreen src=\"data:image\/gif;base64,R0lGODlhAQABAAAAACH5BAEKAAEALAAAAAABAAEAAAICTAEAOw==\" class=\"lazyload\" data-load-mode=\"1\"><\/iframe><\/div>\n<\/div><\/figure>\n","protected":false},"excerpt":{"rendered":"<p>Delia Tolosa y Vanessa Ramos visitaron los estudios de Cosas que pasan para hablar sobre la elecci\u00f3n de autoridades en la junta vecinal de Villa Italia, que finalmente se realizar\u00e1 hoy, 9 de mayo, luego de que una primera convocatoria fuera suspendida. Tolosa encabeza una de las listas y explic\u00f3 que la actual conducci\u00f3n decidi\u00f3 [&hellip;]<\/p>\n","protected":false},"author":1,"featured_media":55932,"comment_status":"open","ping_status":"open","sticky":false,"template":"","format":"standard","meta":{"tdm_status":"","tdm_grid_status":"","_jetpack_memberships_contains_paid_content":false,"footnotes":"","jetpack_publicize_message":"","jetpack_publicize_feature_enabled":true,"jetpack_social_post_already_shared":true,"jetpack_social_options":{"image_generator_settings":{"template":"highway","default_image_id":0,"font":"","enabled":false},"version":2}},"categories":[2],"tags":[],"class_list":{"0":"post-55931","1":"post","2":"type-post","3":"status-publish","4":"format-standard","5":"has-post-thumbnail","7":"category-locales"},"yoast_head":"<!-- This site is optimized with the Yoast SEO plugin v22.7 - https:\/\/yoast.com\/wordpress\/plugins\/seo\/ -->\n<title>Se elige nueva junta vecinal en Villa Italia: \u201cQueremos que el barrio tenga voz\u201d - 103.9 fm<\/title>\n<meta name=\"robots\" content=\"index, follow, max-snippet:-1, max-image-preview:large, max-video-preview:-1\" \/>\n<link rel=\"canonical\" href=\"https:\/\/ondauno.com.ar\/index.php\/2025\/05\/10\/se-elige-nueva-junta-vecinal-en-villa-italia-queremos-que-el-barrio-tenga-voz\/\" \/>\n<meta property=\"og:locale\" content=\"es_ES\" \/>\n<meta property=\"og:type\" content=\"article\" \/>\n<meta property=\"og:title\" content=\"Se elige nueva junta vecinal en Villa Italia: \u201cQueremos que el barrio tenga voz\u201d - 103.9 fm\" \/>\n<meta property=\"og:description\" content=\"Delia Tolosa y Vanessa Ramos visitaron los estudios de Cosas que pasan para hablar sobre la elecci\u00f3n de autoridades en la junta vecinal de Villa Italia, que finalmente se realizar\u00e1 hoy, 9 de mayo, luego de que una primera convocatoria fuera suspendida. Tolosa encabeza una de las listas y explic\u00f3 que la actual conducci\u00f3n decidi\u00f3 [&hellip;]\" \/>\n<meta property=\"og:url\" content=\"https:\/\/ondauno.com.ar\/index.php\/2025\/05\/10\/se-elige-nueva-junta-vecinal-en-villa-italia-queremos-que-el-barrio-tenga-voz\/\" \/>\n<meta property=\"og:site_name\" content=\"103.9 fm\" \/>\n<meta property=\"article:publisher\" content=\"https:\/\/www.facebook.com\/ondauno103.9\" \/>\n<meta property=\"article:published_time\" content=\"2025-05-10T05:18:54+00:00\" \/>\n<meta property=\"article:modified_time\" content=\"2025-05-10T05:18:58+00:00\" \/>\n<meta property=\"og:image\" content=\"http:\/\/ondauno.com.ar\/wp-content\/uploads\/2025\/05\/495608890_8865530486882662_1958597699638980610_n.jpg\" \/>\n\t<meta property=\"og:image:width\" content=\"797\" \/>\n\t<meta property=\"og:image:height\" content=\"600\" \/>\n\t<meta property=\"og:image:type\" content=\"image\/jpeg\" \/>\n<meta name=\"author\" content=\"OndaUno\" \/>\n<meta name=\"twitter:card\" content=\"summary_large_image\" \/>\n<meta name=\"twitter:label1\" content=\"Escrito por\" \/>\n\t<meta name=\"twitter:data1\" content=\"OndaUno\" \/>\n\t<meta name=\"twitter:label2\" content=\"Tiempo de lectura\" \/>\n\t<meta name=\"twitter:data2\" content=\"2 minutos\" \/>\n<script type=\"application\/ld+json\" class=\"yoast-schema-graph\">{\"@context\":\"https:\/\/schema.org\",\"@graph\":[{\"@type\":\"WebPage\",\"@id\":\"https:\/\/ondauno.com.ar\/index.php\/2025\/05\/10\/se-elige-nueva-junta-vecinal-en-villa-italia-queremos-que-el-barrio-tenga-voz\/\",\"url\":\"https:\/\/ondauno.com.ar\/index.php\/2025\/05\/10\/se-elige-nueva-junta-vecinal-en-villa-italia-queremos-que-el-barrio-tenga-voz\/\",\"name\":\"Se elige nueva junta vecinal en Villa Italia: \u201cQueremos que el barrio tenga voz\u201d - 103.9 fm\",\"isPartOf\":{\"@id\":\"https:\/\/ondauno.com.ar\/#website\"},\"primaryImageOfPage\":{\"@id\":\"https:\/\/ondauno.com.ar\/index.php\/2025\/05\/10\/se-elige-nueva-junta-vecinal-en-villa-italia-queremos-que-el-barrio-tenga-voz\/#primaryimage\"},\"image\":{\"@id\":\"https:\/\/ondauno.com.ar\/index.php\/2025\/05\/10\/se-elige-nueva-junta-vecinal-en-villa-italia-queremos-que-el-barrio-tenga-voz\/#primaryimage\"},\"thumbnailUrl\":\"https:\/\/ondauno.com.ar\/wp-content\/uploads\/2025\/05\/495608890_8865530486882662_1958597699638980610_n.jpg\",\"datePublished\":\"2025-05-10T05:18:54+00:00\",\"dateModified\":\"2025-05-10T05:18:58+00:00\",\"author\":{\"@id\":\"https:\/\/ondauno.com.ar\/#\/schema\/person\/7ec851ddeceb4133d7d7132dc645714e\"},\"breadcrumb\":{\"@id\":\"https:\/\/ondauno.com.ar\/index.php\/2025\/05\/10\/se-elige-nueva-junta-vecinal-en-villa-italia-queremos-que-el-barrio-tenga-voz\/#breadcrumb\"},\"inLanguage\":\"es-AR\",\"potentialAction\":[{\"@type\":\"ReadAction\",\"target\":[\"https:\/\/ondauno.com.ar\/index.php\/2025\/05\/10\/se-elige-nueva-junta-vecinal-en-villa-italia-queremos-que-el-barrio-tenga-voz\/\"]}]},{\"@type\":\"ImageObject\",\"inLanguage\":\"es-AR\",\"@id\":\"https:\/\/ondauno.com.ar\/index.php\/2025\/05\/10\/se-elige-nueva-junta-vecinal-en-villa-italia-queremos-que-el-barrio-tenga-voz\/#primaryimage\",\"url\":\"https:\/\/ondauno.com.ar\/wp-content\/uploads\/2025\/05\/495608890_8865530486882662_1958597699638980610_n.jpg\",\"contentUrl\":\"https:\/\/ondauno.com.ar\/wp-content\/uploads\/2025\/05\/495608890_8865530486882662_1958597699638980610_n.jpg\",\"width\":797,\"height\":600},{\"@type\":\"BreadcrumbList\",\"@id\":\"https:\/\/ondauno.com.ar\/index.php\/2025\/05\/10\/se-elige-nueva-junta-vecinal-en-villa-italia-queremos-que-el-barrio-tenga-voz\/#breadcrumb\",\"itemListElement\":[{\"@type\":\"ListItem\",\"position\":1,\"name\":\"Inicio\",\"item\":\"https:\/\/ondauno.com.ar\/\"},{\"@type\":\"ListItem\",\"position\":2,\"name\":\"Se elige nueva junta vecinal en Villa Italia: \u201cQueremos que el barrio tenga voz\u201d\"}]},{\"@type\":\"WebSite\",\"@id\":\"https:\/\/ondauno.com.ar\/#website\",\"url\":\"https:\/\/ondauno.com.ar\/\",\"name\":\"103.9 fm\",\"description\":\"LA PRIMERA RADIO MULTIMEDIA DE TRES ARROYOS\",\"potentialAction\":[{\"@type\":\"SearchAction\",\"target\":{\"@type\":\"EntryPoint\",\"urlTemplate\":\"https:\/\/ondauno.com.ar\/?s={search_term_string}\"},\"query-input\":\"required name=search_term_string\"}],\"inLanguage\":\"es-AR\"},{\"@type\":\"Person\",\"@id\":\"https:\/\/ondauno.com.ar\/#\/schema\/person\/7ec851ddeceb4133d7d7132dc645714e\",\"name\":\"OndaUno\",\"image\":{\"@type\":\"ImageObject\",\"inLanguage\":\"es-AR\",\"@id\":\"https:\/\/ondauno.com.ar\/#\/schema\/person\/image\/\",\"url\":\"https:\/\/secure.gravatar.com\/avatar\/93b8009f0de7021f1feb2bd5b32fb9e8?s=96&d=mm&r=g\",\"contentUrl\":\"https:\/\/secure.gravatar.com\/avatar\/93b8009f0de7021f1feb2bd5b32fb9e8?s=96&d=mm&r=g\",\"caption\":\"OndaUno\"},\"url\":\"https:\/\/ondauno.com.ar\/index.php\/author\/ondauno\/\"}]}<\/script>\n<!-- \/ Yoast SEO plugin. -->","yoast_head_json":{"title":"Se elige nueva junta vecinal en Villa Italia: \u201cQueremos que el barrio tenga voz\u201d - 103.9 fm","robots":{"index":"index","follow":"follow","max-snippet":"max-snippet:-1","max-image-preview":"max-image-preview:large","max-video-preview":"max-video-preview:-1"},"canonical":"https:\/\/ondauno.com.ar\/index.php\/2025\/05\/10\/se-elige-nueva-junta-vecinal-en-villa-italia-queremos-que-el-barrio-tenga-voz\/","og_locale":"es_ES","og_type":"article","og_title":"Se elige nueva junta vecinal en Villa Italia: \u201cQueremos que el barrio tenga voz\u201d - 103.9 fm","og_description":"Delia Tolosa y Vanessa Ramos visitaron los estudios de Cosas que pasan para hablar sobre la elecci\u00f3n de autoridades en la junta vecinal de Villa Italia, que finalmente se realizar\u00e1 hoy, 9 de mayo, luego de que una primera convocatoria fuera suspendida. Tolosa encabeza una de las listas y explic\u00f3 que la actual conducci\u00f3n decidi\u00f3 [&hellip;]","og_url":"https:\/\/ondauno.com.ar\/index.php\/2025\/05\/10\/se-elige-nueva-junta-vecinal-en-villa-italia-queremos-que-el-barrio-tenga-voz\/","og_site_name":"103.9 fm","article_publisher":"https:\/\/www.facebook.com\/ondauno103.9","article_published_time":"2025-05-10T05:18:54+00:00","article_modified_time":"2025-05-10T05:18:58+00:00","og_image":[{"width":797,"height":600,"url":"http:\/\/ondauno.com.ar\/wp-content\/uploads\/2025\/05\/495608890_8865530486882662_1958597699638980610_n.jpg","type":"image\/jpeg"}],"author":"OndaUno","twitter_card":"summary_large_image","twitter_misc":{"Escrito por":"OndaUno","Tiempo de lectura":"2 minutos"},"schema":{"@context":"https:\/\/schema.org","@graph":[{"@type":"WebPage","@id":"https:\/\/ondauno.com.ar\/index.php\/2025\/05\/10\/se-elige-nueva-junta-vecinal-en-villa-italia-queremos-que-el-barrio-tenga-voz\/","url":"https:\/\/ondauno.com.ar\/index.php\/2025\/05\/10\/se-elige-nueva-junta-vecinal-en-villa-italia-queremos-que-el-barrio-tenga-voz\/","name":"Se elige nueva junta vecinal en Villa Italia: \u201cQueremos que el barrio tenga voz\u201d - 103.9 fm","isPartOf":{"@id":"https:\/\/ondauno.com.ar\/#website"},"primaryImageOfPage":{"@id":"https:\/\/ondauno.com.ar\/index.php\/2025\/05\/10\/se-elige-nueva-junta-vecinal-en-villa-italia-queremos-que-el-barrio-tenga-voz\/#primaryimage"},"image":{"@id":"https:\/\/ondauno.com.ar\/index.php\/2025\/05\/10\/se-elige-nueva-junta-vecinal-en-villa-italia-queremos-que-el-barrio-tenga-voz\/#primaryimage"},"thumbnailUrl":"https:\/\/ondauno.com.ar\/wp-content\/uploads\/2025\/05\/495608890_8865530486882662_1958597699638980610_n.jpg","datePublished":"2025-05-10T05:18:54+00:00","dateModified":"2025-05-10T05:18:58+00:00","author":{"@id":"https:\/\/ondauno.com.ar\/#\/schema\/person\/7ec851ddeceb4133d7d7132dc645714e"},"breadcrumb":{"@id":"https:\/\/ondauno.com.ar\/index.php\/2025\/05\/10\/se-elige-nueva-junta-vecinal-en-villa-italia-queremos-que-el-barrio-tenga-voz\/#breadcrumb"},"inLanguage":"es-AR","potentialAction":[{"@type":"ReadAction","target":["https:\/\/ondauno.com.ar\/index.php\/2025\/05\/10\/se-elige-nueva-junta-vecinal-en-villa-italia-queremos-que-el-barrio-tenga-voz\/"]}]},{"@type":"ImageObject","inLanguage":"es-AR","@id":"https:\/\/ondauno.com.ar\/index.php\/2025\/05\/10\/se-elige-nueva-junta-vecinal-en-villa-italia-queremos-que-el-barrio-tenga-voz\/#primaryimage","url":"https:\/\/ondauno.com.ar\/wp-content\/uploads\/2025\/05\/495608890_8865530486882662_1958597699638980610_n.jpg","contentUrl":"https:\/\/ondauno.com.ar\/wp-content\/uploads\/2025\/05\/495608890_8865530486882662_1958597699638980610_n.jpg","width":797,"height":600},{"@type":"BreadcrumbList","@id":"https:\/\/ondauno.com.ar\/index.php\/2025\/05\/10\/se-elige-nueva-junta-vecinal-en-villa-italia-queremos-que-el-barrio-tenga-voz\/#breadcrumb","itemListElement":[{"@type":"ListItem","position":1,"name":"Inicio","item":"https:\/\/ondauno.com.ar\/"},{"@type":"ListItem","position":2,"name":"Se elige nueva junta vecinal en Villa Italia: \u201cQueremos que el barrio tenga voz\u201d"}]},{"@type":"WebSite","@id":"https:\/\/ondauno.com.ar\/#website","url":"https:\/\/ondauno.com.ar\/","name":"103.9 fm","description":"LA PRIMERA RADIO MULTIMEDIA DE TRES ARROYOS","potentialAction":[{"@type":"SearchAction","target":{"@type":"EntryPoint","urlTemplate":"https:\/\/ondauno.com.ar\/?s={search_term_string}"},"query-input":"required name=search_term_string"}],"inLanguage":"es-AR"},{"@type":"Person","@id":"https:\/\/ondauno.com.ar\/#\/schema\/person\/7ec851ddeceb4133d7d7132dc645714e","name":"OndaUno","image":{"@type":"ImageObject","inLanguage":"es-AR","@id":"https:\/\/ondauno.com.ar\/#\/schema\/person\/image\/","url":"https:\/\/secure.gravatar.com\/avatar\/93b8009f0de7021f1feb2bd5b32fb9e8?s=96&d=mm&r=g","contentUrl":"https:\/\/secure.gravatar.com\/avatar\/93b8009f0de7021f1feb2bd5b32fb9e8?s=96&d=mm&r=g","caption":"OndaUno"},"url":"https:\/\/ondauno.com.ar\/index.php\/author\/ondauno\/"}]}},"jetpack_publicize_connections":[],"jetpack_featured_media_url":"https:\/\/ondauno.com.ar\/wp-content\/uploads\/2025\/05\/495608890_8865530486882662_1958597699638980610_n.jpg","jetpack_sharing_enabled":true,"_links":{"self":[{"href":"https:\/\/ondauno.com.ar\/index.php\/wp-json\/wp\/v2\/posts\/55931","targetHints":{"allow":["GET"]}}],"collection":[{"href":"https:\/\/ondauno.com.ar\/index.php\/wp-json\/wp\/v2\/posts"}],"about":[{"href":"https:\/\/ondauno.com.ar\/index.php\/wp-json\/wp\/v2\/types\/post"}],"author":[{"embeddable":true,"href":"https:\/\/ondauno.com.ar\/index.php\/wp-json\/wp\/v2\/users\/1"}],"replies":[{"embeddable":true,"href":"https:\/\/ondauno.com.ar\/index.php\/wp-json\/wp\/v2\/comments?post=55931"}],"version-history":[{"count":1,"href":"https:\/\/ondauno.com.ar\/index.php\/wp-json\/wp\/v2\/posts\/55931\/revisions"}],"predecessor-version":[{"id":55933,"href":"https:\/\/ondauno.com.ar\/index.php\/wp-json\/wp\/v2\/posts\/55931\/revisions\/55933"}],"wp:featuredmedia":[{"embeddable":true,"href":"https:\/\/ondauno.com.ar\/index.php\/wp-json\/wp\/v2\/media\/55932"}],"wp:attachment":[{"href":"https:\/\/ondauno.com.ar\/index.php\/wp-json\/wp\/v2\/media?parent=55931"}],"wp:term":[{"taxonomy":"category","embeddable":true,"href":"https:\/\/ondauno.com.ar\/index.php\/wp-json\/wp\/v2\/categories?post=55931"},{"taxonomy":"post_tag","embeddable":true,"href":"https:\/\/ondauno.com.ar\/index.php\/wp-json\/wp\/v2\/tags?post=55931"}],"curies":[{"name":"wp","href":"https:\/\/api.w.org\/{rel}","templated":true}]}}