{"id":5587,"date":"2020-02-10T10:44:59","date_gmt":"2020-02-10T13:44:59","guid":{"rendered":"http:\/\/ondauno.com.ar\/?p=5587"},"modified":"2020-02-10T11:02:15","modified_gmt":"2020-02-10T14:02:15","slug":"las-claves-de-la-semana-licitacion-deuda-fmi-e-inflacion","status":"publish","type":"post","link":"https:\/\/ondauno.com.ar\/index.php\/2020\/02\/10\/las-claves-de-la-semana-licitacion-deuda-fmi-e-inflacion\/","title":{"rendered":"Las claves de la semana: licitaci\u00f3n, deuda, FMI e inflaci\u00f3n"},"content":{"rendered":"<div class=\"ondau-before-content_3\" style=\"margin-top: -30px;\" id=\"ondau-126455091\"><a href=\"https:\/\/www.lps.com.ar\/\" aria-label=\"la-perse2\"><img loading=\"lazy\" decoding=\"async\" src=\"https:\/\/ondauno.com.ar\/wp-content\/uploads\/2021\/10\/la-perse2.jpg\" alt=\"\"  srcset=\"https:\/\/ondauno.com.ar\/wp-content\/uploads\/2021\/10\/la-perse2.jpg 1353w, https:\/\/ondauno.com.ar\/wp-content\/uploads\/2021\/10\/la-perse2-300x43.jpg 300w, https:\/\/ondauno.com.ar\/wp-content\/uploads\/2021\/10\/la-perse2-1024x148.jpg 1024w, https:\/\/ondauno.com.ar\/wp-content\/uploads\/2021\/10\/la-perse2-768x111.jpg 768w, https:\/\/ondauno.com.ar\/wp-content\/uploads\/2021\/10\/la-perse2-696x100.jpg 696w, https:\/\/ondauno.com.ar\/wp-content\/uploads\/2021\/10\/la-perse2-1068x154.jpg 1068w\" sizes=\"(max-width: 1353px) 100vw, 1353px\" class=\"no-lazyload\" width=\"1353\" height=\"195\"  style=\"display: inline-block;\" \/><\/a><\/div>\n<h2 class=\"wp-block-heading\">El Gobierno vuelve a licitar el Bono Dual. Guzm\u00e1n va al Congreso y llegan los enviados del FMI. D\u00edas claves para la renegociaci\u00f3n de la deuda. Misi\u00f3n a Brasil por el Mercosur. Se conoce la primera inflaci\u00f3n de Alberto Fern\u00e1ndez.<\/h2>\n\n\n\n<figure class=\"wp-block-image\"><img decoding=\"async\" data-src=\"https:\/\/media.ambito.com\/adjuntos\/239\/imagenes\/037\/341\/0037341209.jpg\" alt=\"Las claves de la semana: licitaci\u00f3n, deuda, FMI e inflaci\u00f3n\" src=\"data:image\/gif;base64,R0lGODlhAQABAAAAACH5BAEKAAEALAAAAAABAAEAAAICTAEAOw==\" class=\"lazyload\" \/><noscript><img decoding=\"async\" src=\"https:\/\/media.ambito.com\/adjuntos\/239\/imagenes\/037\/341\/0037341209.jpg\" alt=\"Las claves de la semana: licitaci\u00f3n, deuda, FMI e inflaci\u00f3n\"\/><\/noscript><\/figure>\n\n\n\n<p>Foto: Pixabay<\/p>\n\n\n\n<p><strong>FUENTE \u00c1MBITO.COM<\/strong><\/p>\n\n\n\n<p><\/p>\n\n\n\n<h3 class=\"wp-block-heading\">Licitaci\u00f3n del Bono Dual<\/h3>\n\n\n\n<p>El Ministerio de Econom\u00eda realizar\u00e1 hoy&nbsp;<a href=\"https:\/\/www.ambito.com\/economia\/bono-dual\/segundo-round-bono-dual-si-no-se-refinancia-se-reperfila-n5081887\">una nueva licitaci\u00f3n de Bonos del Tesoro Nacional<\/a>, tanto en pesos como en d\u00f3lares, todos con vencimiento en 2021, con el fin de sumar recursos para pagar el jueves el t\u00edtulo de deuda Dual.<\/p>\n\n\n\n<p>Se trata de los Bonos del Tesoro Nacional en Pesos con Ajuste por CER 1%; Bonos del Tesoro Nacional en Pesos BADLAR Privada+100 puntos b\u00e1sicos y Bonos del Tesoro Nacional Vinculados al D\u00f3lar Estadounidense 4%. La recepci\u00f3n de ofertas comenzar\u00e1 a las 10 y finalizar\u00e1 a las 15.<\/p>\n\n\n\n<p>El jueves vencen unos $100.000 millones del bono denominado Dual, por lo que el Tesoro necesita recursos para afrontarlo.<\/p>\n\n\n\n<p>La licitaci\u00f3n se realizar\u00e1 por indicaci\u00f3n de precio, el que deber\u00e1 ser igual o superior al precio m\u00ednimo anunciado para cada uno de los Bonos.<\/p>\n\n\n\n<p>El precio m\u00ednimo para los Bonos del Tesoro Nacional en Pesos con Ajuste por CER ser\u00e1 de $980,67 por cada $1.000; para los Bonos BADLAR Privada, $991,03 por cada $1.000 y para los Bonos en d\u00f3lares, u$s1.000,88 por cada u$s1.000.<\/p>\n\n\n\n<p>Para todos los instrumentos habr\u00e1 un tramo competitivo y uno no competitivo, de acuerdo con la informaci\u00f3n oficial.<\/p>\n\n\n\n<p>La suscripci\u00f3n de los Bonos del Tesoro Nacional en Pesos con Ajuste por CER y de los Bonos del Tesoro Nacional en Pesos BADLAR Privada, podr\u00e1 realizarse \u00fanicamente en Pesos.<\/p>\n\n\n\n<p>Para el caso de los Bonos del Tesoro Nacional Vinculados al D\u00f3lar, la suscripci\u00f3n podr\u00e1 realizarse \u00fanicamente en Pesos, al tipo de cambio correspondiente a la Comunicaci\u00f3n &#8220;A&#8221; 3500 de este viernes.<\/p>\n\n\n\n<p>Seg\u00fan lo dispuesto, podr\u00e1n participar de estas operaciones personas humanas o jur\u00eddicas interesadas, debiendo a estos efectos dirigir sus manifestaciones de inter\u00e9s en tiempo y forma a trav\u00e9s de los agentes de liquidaci\u00f3n y compensaci\u00f3n (integrales y propios) y agentes de negociaci\u00f3n registrados en la Comisi\u00f3n Nacional de Valores.<\/p>\n\n\n\n<h3 class=\"wp-block-heading\">Guzm\u00e1n va al Congreso y llega la misi\u00f3n del FMI<\/h3>\n\n\n\n<p>El ministro de Econom\u00eda,&nbsp;<a href=\"https:\/\/www.ambito.com\/martin-guzman-a5127249\">Mart\u00edn Guzm\u00e1n<\/a>, asistir\u00e1 este mi\u00e9rcoles a la C\u00e1mara de Diputados a brindar detalles sobre la&nbsp;<a href=\"https:\/\/www.ambito.com\/economia\/fmi\/la-oferta-al-fmi-superavit-fiscal-y-comercial-vaca-muerta-n5081902\">renegociaci\u00f3n de la deuda externa<\/a>, el mismo d\u00eda en que arribar\u00e1 a la Argentina una misi\u00f3n de t\u00e9cnicos del&nbsp;<a href=\"https:\/\/www.ambito.com\/fmi-a5122563\">FMI<\/a>.<\/p>\n\n\n\n<p>Bonistas piden que el funcionario brinde precisiones sobre los planes de reestructuraci\u00f3n de deuda,<a href=\"https:\/\/www.ambito.com\/politica\/cristina-fernandez-kirchner\/para-cristina-el-fmi-deberia-establecer-una-quita-sustancial-la-deuda-n5081773\">&nbsp;luego que la vicepresidenta Cristina Fern\u00e1ndez de Kirchner reclam\u00f3 una quita al FMI.<\/a><\/p>\n\n\n\n<p>El reclamo de los acreedores se produce tras el respaldo pol\u00edtico que el gobierno de Alberto Fern\u00e1ndez recogi\u00f3 en Europa para renegociar la deuda con el Fondo Monetario.<\/p>\n\n\n\n<p>En Estados Unidos, los inversores piden detalles sobre el plan econ\u00f3mico de Guzm\u00e1n.<\/p>\n\n\n\n<p>Sostienen que todav\u00eda no hay n\u00fameros precisos sobre lo que pretende hacer el Gobierno para aliviar el panorama financiero de los pr\u00f3ximos a\u00f1os.<\/p>\n\n\n\n<p>Los acreedores quieren detalles sobre el ajuste fiscal al que se comprometer\u00e1, y el perfil de crecimiento y de&nbsp;<a href=\"https:\/\/www.ambito.com\/inflacion-a5122641\">inflaci\u00f3n<\/a>&nbsp;que aspira lograr.<\/p>\n\n\n\n<p>Se espera que uno de los ejes sobre los que har\u00e1 hincapi\u00e9 el ministro Guzm\u00e1n ante el Congreso ser\u00e1 la cuesti\u00f3n fiscal.<\/p>\n\n\n\n<p>Guzm\u00e1n buscar\u00e1 transmitir la idea de que la Argentina necesita establecer lineamientos fiscales a\u00fan cuando despeje su horizonte financiero a trav\u00e9s de la reestructuraci\u00f3n de la deuda del FMI, los bonistas y el Club de Par\u00eds.<\/p>\n\n\n\n<p>En el mercado argentino, los inversores creen que el ministro de Econom\u00eda brindar\u00e1 ante Diputados definiciones generales, en una l\u00ednea similar a lo ocurrido en su viaje reciente a Nueva York, cuando se reuni\u00f3 con inversores y salieron con dudas tras la charla en el Consejo de las Am\u00e9ricas.<\/p>\n\n\n\n<p>Esta semana el ministro buscar\u00e1 $96.000 millones para afrontar un vencimiento del Bono Dual el jueves a trav\u00e9s de una licitaci\u00f3n de tres t\u00edtulos.<\/p>\n\n\n\n<p>Si bien el Gobierno no cuenta a\u00fan con el Presupuesto -esperar\u00e1 a resolver el tema de la deuda-, s\u00ed tiene una ley de emergencia para garantizarse ingresos que seg\u00fan c\u00e1lculos privados podr\u00edan mejorar el resultado fiscal primario del a\u00f1o pasado.<\/p>\n\n\n\n<p>El super\u00e1vit primario este a\u00f1o rondar\u00eda el 0,75% del PBI mientras que el d\u00e9ficit financiero pasar\u00eda de 3,7% en 2019 a 1,8% del Producto este a\u00f1o.<\/p>\n\n\n\n<h3 class=\"wp-block-heading\">Misi\u00f3n a Brasil por el Mercosur<\/h3>\n\n\n\n<p>El canciller&nbsp;<strong>Felipe Sol\u00e1<\/strong>&nbsp;encabezar\u00e1 esta semana una visita oficial a&nbsp;<strong>Brasil<\/strong>, donde se reunir\u00e1 con su par local, Ernesto Ara\u00fajo, para intentar encauzar la relaci\u00f3n bilateral y acercar posiciones con la administraci\u00f3n de<strong>&nbsp;Jair Bolsonaro.<\/strong><\/p>\n\n\n\n<p>El ministro de Relaciones Exteriores viajar\u00e1 junto al secretario de Asuntos Estrat\u00e9gicos de la Presidencia, Gustavo Beliz, y all\u00ed se encontrar\u00e1n con el designado embajador,&nbsp;<strong>Daniel Scioli.<\/strong><\/p>\n\n\n\n<p><strong>La visita a Brasil ser\u00e1 de dos d\u00edas y el evento central es el encuentro entre Sol\u00e1 y Ara\u00fajo, aunque Beliz tambi\u00e9n mantendr\u00e1 una reuni\u00f3n con el jefe de Gabinete de Seguridad Institucional de la Presidencia, el influyente general Augusto Heleno.<\/strong><\/p>\n\n\n\n<p>El eje central del viaje es trabajar en la construcci\u00f3n de una relaci\u00f3n s\u00f3lida con el presidente de Brasil, en medio de las constantes cr\u00edticas de Bolsonaro al gobierno de Alberto Fern\u00e1ndez y al kirchnerismo.<\/p>\n\n\n\n<p>En base a ese v\u00ednculo, se esperan profundizar despu\u00e9s los intercambios comerciales, uno de los objetivos que se puso Sol\u00e1 para su gesti\u00f3n al frente de la Canciller\u00eda.<\/p>\n\n\n\n<p>Este primer encuentro oficial entre los dos gobiernos podr\u00eda servir de primer paso hacia una posterior cumbre entre Fern\u00e1ndez y Bolsonaro que, por ahora, no asoma en el horizonte.<\/p>\n\n\n\n<p>Esta semana, Scioli asegur\u00f3 que todav\u00eda no tuvo una entrevista con el mandatario del pa\u00eds vecino, pero que espera que su &#8220;personalidad&#8221; contribuya a resolver eventuales conflictos que pudieran surgir en el futuro.<\/p>\n\n\n\n<p>&#8220;No me vi personalmente con Bolsonaro todav\u00eda, tenemos amigos en com\u00fan. Voy a pelear para defender los intereses de los argentinos, mi personalidad hace que resuelva problemas, los conflictos&#8221;, subray\u00f3 el ex gobernador de Buenos Aires.<\/p>\n\n\n\n<p>Adem\u00e1s, sobre la visita de Sol\u00e1, consider\u00f3 que servir\u00e1 para &#8220;despejar la incertidumbre&#8221; sobre la relaci\u00f3n comercial con ese pa\u00eds, principal socio de la Argentina.<\/p>\n\n\n\n<h3 class=\"wp-block-heading\">El INDEC da a conocer la inflaci\u00f3n de enero<\/h3>\n\n\n\n<p>La&nbsp;<a href=\"https:\/\/www.ambito.com\/economia\/precios-cuidados\/en-el-primer-mes-precios-cuidados-la-dispersion-precios-y-las-ventas-subieron-200-n5081667\">implementaci\u00f3n del programa Precios Cuidados permiti\u00f3 una desaceleraci\u00f3n de la inflaci\u00f3n en el primer mes del relanzamiento de esta medida, indic\u00f3 el Gobierno nacional.<\/a><\/p>\n\n\n\n<p>El informe se conoci\u00f3 a la espera del \u00edndice de inflaci\u00f3n de enero que el INDEC difundir\u00e1 el 13 de febrero pr\u00f3ximo.<\/p>\n\n\n\n<p>Los resultados oficiales indican que hubo una desaceleraci\u00f3n en los ajustes de precios, una ca\u00edda de la dispersi\u00f3n de los valores y una suba en las ventas de hasta 200% de los productos de la lista, seg\u00fan datos del Ministerio de Desarrollo Productivo.<\/p>\n\n\n\n<p>&#8220;Se trata de datos parciales, pero nos permiten ver que el programa viene bien y va a mejorar&#8221;, dijeron fuentes oficiales.<\/p>\n\n\n\n<p>El programa incluye 301 productos, algunos primeras marcas, y una reducci\u00f3n promedio de precios del 8%.<\/p>\n\n\n\n<p>El Gobierno sostiene que el programa est\u00e1 cumpliendo el rol de establecer valores de referencia -tanto para consumidores como para las marcas- y disminuyendo la dispersi\u00f3n de valores.<\/p>\n\n\n\n<p>La Secretar\u00eda de Comercio Interior verific\u00f3 una ca\u00edda en categor\u00edas como aceites, l\u00e1cteos y productos para beb\u00e9s.<\/p>\n\n\n\n<p>Para el Gobierno, la desaceleraci\u00f3n comenz\u00f3 a notarse durante la segunda quincena de enero y se acentu\u00f3 a\u00fan m\u00e1s durante los primeros seis d\u00edas de febrero.<\/p>\n\n\n\n<p>Tambi\u00e9n se verificaron en la primera semana de enero fuertes subas por el descongelamiento del IVA en productos de la canasta b\u00e1sica.<\/p>\n\n\n\n<p>Habr\u00e1 que esperar los datos del INDEC de la pr\u00f3xima semana para conocer la inflaci\u00f3n de los alimentos del primer mes de 2020.<\/p>\n\n\n\n<p>La nueva canasta cuenta con 158 productos menos que la versi\u00f3n del gobierno anterior, pero es m\u00e1s representativa del consumo de los hogares, seg\u00fan la Casa Rosada.<\/p>\n\n\n\n<p>La participaci\u00f3n de los productos de precios cuidados en la facturaci\u00f3n de los supermercados subi\u00f3 de 3,5% a 9%.<\/p>\n\n\n\n<p>Los productos incluidos en el programa mostraron fuertes subas de ventas.<\/p>\n\n\n\n<p>Las cantidades vendidas se incrementaron en promedio 14%, con picos de hasta 207% en el caso del queso rallado Sancor.<\/p>\n\n\n\n<p>Los productos que mostraron m\u00e1s alzas fueron perfumer\u00eda (67%), l\u00e1cteos (62%), limpieza (22%) y almac\u00e9n (18%).<\/p>\n\n\n\n<p>Tambi\u00e9n creci\u00f3 el consumo de leches, pastas secas, harina, manteca, aceites y yerba.<\/p>\n\n\n\n<p>En cuanto al cumplimiento, seg\u00fan un relevamiento realizado en la zona del AMBA por los inspectores de la Secretar\u00eda de Comercio Interior, se registr\u00f3 un acatamiento del stock del 75% en promedio, del 79% respecto de la se\u00f1alizaci\u00f3n y del 100% en precios.<\/p>\n\n\n\n<p>Con el relanzamiento, se present\u00f3 una app con un sistema que sirve para localizar comercios adheridos, conocer la lista de productos incluidos en el acuerdo y denunciar cualquier incumplimiento o faltante.<\/p>\n\n\n\n<p>En un mes la aplicaci\u00f3n tuvo 210 mil descargas y los usuarios realizaron 21.080 avisos sobre irregularidades que son analizados por la Secretaria de Comercio.<\/p>\n","protected":false},"excerpt":{"rendered":"<p>El Gobierno vuelve a licitar el Bono Dual. Guzm\u00e1n va al Congreso y llegan los enviados del FMI. D\u00edas claves para la renegociaci\u00f3n de la deuda. Misi\u00f3n a Brasil por el Mercosur. Se conoce la primera inflaci\u00f3n de Alberto Fern\u00e1ndez. Foto: Pixabay FUENTE \u00c1MBITO.COM Licitaci\u00f3n del Bono Dual El Ministerio de Econom\u00eda realizar\u00e1 hoy&nbsp;una nueva [&hellip;]<\/p>\n","protected":false},"author":2,"featured_media":0,"comment_status":"open","ping_status":"open","sticky":false,"template":"","format":"standard","meta":{"tdm_status":"","tdm_grid_status":"","_jetpack_memberships_contains_paid_content":false,"footnotes":"","jetpack_publicize_message":"","jetpack_publicize_feature_enabled":true,"jetpack_social_post_already_shared":false,"jetpack_social_options":{"image_generator_settings":{"template":"highway","default_image_id":0,"font":"","enabled":false},"version":2}},"categories":[3],"tags":[],"class_list":{"0":"post-5587","1":"post","2":"type-post","3":"status-publish","4":"format-standard","6":"category-nacionales"},"yoast_head":"<!-- This site is optimized with the Yoast SEO plugin v22.7 - https:\/\/yoast.com\/wordpress\/plugins\/seo\/ -->\n<title>Las claves de la semana: licitaci\u00f3n, deuda, FMI e inflaci\u00f3n - 103.9 fm<\/title>\n<meta name=\"robots\" content=\"index, follow, max-snippet:-1, max-image-preview:large, max-video-preview:-1\" \/>\n<link rel=\"canonical\" href=\"https:\/\/ondauno.com.ar\/index.php\/2020\/02\/10\/las-claves-de-la-semana-licitacion-deuda-fmi-e-inflacion\/\" \/>\n<meta property=\"og:locale\" content=\"es_ES\" \/>\n<meta property=\"og:type\" content=\"article\" \/>\n<meta property=\"og:title\" content=\"Las claves de la semana: licitaci\u00f3n, deuda, FMI e inflaci\u00f3n - 103.9 fm\" \/>\n<meta property=\"og:description\" content=\"El Gobierno vuelve a licitar el Bono Dual. Guzm\u00e1n va al Congreso y llegan los enviados del FMI. D\u00edas claves para la renegociaci\u00f3n de la deuda. Misi\u00f3n a Brasil por el Mercosur. Se conoce la primera inflaci\u00f3n de Alberto Fern\u00e1ndez. Foto: Pixabay FUENTE \u00c1MBITO.COM Licitaci\u00f3n del Bono Dual El Ministerio de Econom\u00eda realizar\u00e1 hoy&nbsp;una nueva [&hellip;]\" \/>\n<meta property=\"og:url\" content=\"https:\/\/ondauno.com.ar\/index.php\/2020\/02\/10\/las-claves-de-la-semana-licitacion-deuda-fmi-e-inflacion\/\" \/>\n<meta property=\"og:site_name\" content=\"103.9 fm\" \/>\n<meta property=\"article:publisher\" content=\"https:\/\/www.facebook.com\/ondauno103.9\" \/>\n<meta property=\"article:published_time\" content=\"2020-02-10T13:44:59+00:00\" \/>\n<meta property=\"article:modified_time\" content=\"2020-02-10T14:02:15+00:00\" \/>\n<meta property=\"og:image\" content=\"https:\/\/ondauno.com.ar\/wp-content\/uploads\/2020\/02\/0037381289.jpg\" \/>\n\t<meta property=\"og:image:width\" content=\"350\" \/>\n\t<meta property=\"og:image:height\" content=\"197\" \/>\n\t<meta property=\"og:image:type\" content=\"image\/jpeg\" \/>\n<meta name=\"author\" content=\"fernando garcia\" \/>\n<meta name=\"twitter:card\" content=\"summary_large_image\" \/>\n<meta name=\"twitter:label1\" content=\"Escrito por\" \/>\n\t<meta name=\"twitter:data1\" content=\"fernando garcia\" \/>\n\t<meta name=\"twitter:label2\" content=\"Tiempo de lectura\" \/>\n\t<meta name=\"twitter:data2\" content=\"8 minutos\" \/>\n<script type=\"application\/ld+json\" class=\"yoast-schema-graph\">{\"@context\":\"https:\/\/schema.org\",\"@graph\":[{\"@type\":\"WebPage\",\"@id\":\"https:\/\/ondauno.com.ar\/index.php\/2020\/02\/10\/las-claves-de-la-semana-licitacion-deuda-fmi-e-inflacion\/\",\"url\":\"https:\/\/ondauno.com.ar\/index.php\/2020\/02\/10\/las-claves-de-la-semana-licitacion-deuda-fmi-e-inflacion\/\",\"name\":\"Las claves de la semana: licitaci\u00f3n, deuda, FMI e inflaci\u00f3n - 103.9 fm\",\"isPartOf\":{\"@id\":\"https:\/\/ondauno.com.ar\/#website\"},\"primaryImageOfPage\":{\"@id\":\"https:\/\/ondauno.com.ar\/index.php\/2020\/02\/10\/las-claves-de-la-semana-licitacion-deuda-fmi-e-inflacion\/#primaryimage\"},\"image\":{\"@id\":\"https:\/\/ondauno.com.ar\/index.php\/2020\/02\/10\/las-claves-de-la-semana-licitacion-deuda-fmi-e-inflacion\/#primaryimage\"},\"thumbnailUrl\":\"https:\/\/media.ambito.com\/adjuntos\/239\/imagenes\/037\/341\/0037341209.jpg\",\"datePublished\":\"2020-02-10T13:44:59+00:00\",\"dateModified\":\"2020-02-10T14:02:15+00:00\",\"author\":{\"@id\":\"https:\/\/ondauno.com.ar\/#\/schema\/person\/201d1b68e6c75e0fd396fe5f8af5d139\"},\"breadcrumb\":{\"@id\":\"https:\/\/ondauno.com.ar\/index.php\/2020\/02\/10\/las-claves-de-la-semana-licitacion-deuda-fmi-e-inflacion\/#breadcrumb\"},\"inLanguage\":\"es-AR\",\"potentialAction\":[{\"@type\":\"ReadAction\",\"target\":[\"https:\/\/ondauno.com.ar\/index.php\/2020\/02\/10\/las-claves-de-la-semana-licitacion-deuda-fmi-e-inflacion\/\"]}]},{\"@type\":\"ImageObject\",\"inLanguage\":\"es-AR\",\"@id\":\"https:\/\/ondauno.com.ar\/index.php\/2020\/02\/10\/las-claves-de-la-semana-licitacion-deuda-fmi-e-inflacion\/#primaryimage\",\"url\":\"https:\/\/media.ambito.com\/adjuntos\/239\/imagenes\/037\/341\/0037341209.jpg\",\"contentUrl\":\"https:\/\/media.ambito.com\/adjuntos\/239\/imagenes\/037\/341\/0037341209.jpg\"},{\"@type\":\"BreadcrumbList\",\"@id\":\"https:\/\/ondauno.com.ar\/index.php\/2020\/02\/10\/las-claves-de-la-semana-licitacion-deuda-fmi-e-inflacion\/#breadcrumb\",\"itemListElement\":[{\"@type\":\"ListItem\",\"position\":1,\"name\":\"Inicio\",\"item\":\"https:\/\/ondauno.com.ar\/\"},{\"@type\":\"ListItem\",\"position\":2,\"name\":\"Las claves de la semana: licitaci\u00f3n, deuda, FMI e inflaci\u00f3n\"}]},{\"@type\":\"WebSite\",\"@id\":\"https:\/\/ondauno.com.ar\/#website\",\"url\":\"https:\/\/ondauno.com.ar\/\",\"name\":\"103.9 fm\",\"description\":\"LA PRIMERA RADIO MULTIMEDIA DE TRES ARROYOS\",\"potentialAction\":[{\"@type\":\"SearchAction\",\"target\":{\"@type\":\"EntryPoint\",\"urlTemplate\":\"https:\/\/ondauno.com.ar\/?s={search_term_string}\"},\"query-input\":\"required name=search_term_string\"}],\"inLanguage\":\"es-AR\"},{\"@type\":\"Person\",\"@id\":\"https:\/\/ondauno.com.ar\/#\/schema\/person\/201d1b68e6c75e0fd396fe5f8af5d139\",\"name\":\"fernando garcia\",\"image\":{\"@type\":\"ImageObject\",\"inLanguage\":\"es-AR\",\"@id\":\"https:\/\/ondauno.com.ar\/#\/schema\/person\/image\/\",\"url\":\"https:\/\/secure.gravatar.com\/avatar\/5f7254642ad81272e79a2e69653cfdfc?s=96&d=mm&r=g\",\"contentUrl\":\"https:\/\/secure.gravatar.com\/avatar\/5f7254642ad81272e79a2e69653cfdfc?s=96&d=mm&r=g\",\"caption\":\"fernando garcia\"},\"url\":\"https:\/\/ondauno.com.ar\/index.php\/author\/ondaunoeditor\/\"}]}<\/script>\n<!-- \/ Yoast SEO plugin. -->","yoast_head_json":{"title":"Las claves de la semana: licitaci\u00f3n, deuda, FMI e inflaci\u00f3n - 103.9 fm","robots":{"index":"index","follow":"follow","max-snippet":"max-snippet:-1","max-image-preview":"max-image-preview:large","max-video-preview":"max-video-preview:-1"},"canonical":"https:\/\/ondauno.com.ar\/index.php\/2020\/02\/10\/las-claves-de-la-semana-licitacion-deuda-fmi-e-inflacion\/","og_locale":"es_ES","og_type":"article","og_title":"Las claves de la semana: licitaci\u00f3n, deuda, FMI e inflaci\u00f3n - 103.9 fm","og_description":"El Gobierno vuelve a licitar el Bono Dual. Guzm\u00e1n va al Congreso y llegan los enviados del FMI. D\u00edas claves para la renegociaci\u00f3n de la deuda. Misi\u00f3n a Brasil por el Mercosur. Se conoce la primera inflaci\u00f3n de Alberto Fern\u00e1ndez. Foto: Pixabay FUENTE \u00c1MBITO.COM Licitaci\u00f3n del Bono Dual El Ministerio de Econom\u00eda realizar\u00e1 hoy&nbsp;una nueva [&hellip;]","og_url":"https:\/\/ondauno.com.ar\/index.php\/2020\/02\/10\/las-claves-de-la-semana-licitacion-deuda-fmi-e-inflacion\/","og_site_name":"103.9 fm","article_publisher":"https:\/\/www.facebook.com\/ondauno103.9","article_published_time":"2020-02-10T13:44:59+00:00","article_modified_time":"2020-02-10T14:02:15+00:00","og_image":[{"width":350,"height":197,"url":"https:\/\/ondauno.com.ar\/wp-content\/uploads\/2020\/02\/0037381289.jpg","type":"image\/jpeg"}],"author":"fernando garcia","twitter_card":"summary_large_image","twitter_misc":{"Escrito por":"fernando garcia","Tiempo de lectura":"8 minutos"},"schema":{"@context":"https:\/\/schema.org","@graph":[{"@type":"WebPage","@id":"https:\/\/ondauno.com.ar\/index.php\/2020\/02\/10\/las-claves-de-la-semana-licitacion-deuda-fmi-e-inflacion\/","url":"https:\/\/ondauno.com.ar\/index.php\/2020\/02\/10\/las-claves-de-la-semana-licitacion-deuda-fmi-e-inflacion\/","name":"Las claves de la semana: licitaci\u00f3n, deuda, FMI e inflaci\u00f3n - 103.9 fm","isPartOf":{"@id":"https:\/\/ondauno.com.ar\/#website"},"primaryImageOfPage":{"@id":"https:\/\/ondauno.com.ar\/index.php\/2020\/02\/10\/las-claves-de-la-semana-licitacion-deuda-fmi-e-inflacion\/#primaryimage"},"image":{"@id":"https:\/\/ondauno.com.ar\/index.php\/2020\/02\/10\/las-claves-de-la-semana-licitacion-deuda-fmi-e-inflacion\/#primaryimage"},"thumbnailUrl":"https:\/\/media.ambito.com\/adjuntos\/239\/imagenes\/037\/341\/0037341209.jpg","datePublished":"2020-02-10T13:44:59+00:00","dateModified":"2020-02-10T14:02:15+00:00","author":{"@id":"https:\/\/ondauno.com.ar\/#\/schema\/person\/201d1b68e6c75e0fd396fe5f8af5d139"},"breadcrumb":{"@id":"https:\/\/ondauno.com.ar\/index.php\/2020\/02\/10\/las-claves-de-la-semana-licitacion-deuda-fmi-e-inflacion\/#breadcrumb"},"inLanguage":"es-AR","potentialAction":[{"@type":"ReadAction","target":["https:\/\/ondauno.com.ar\/index.php\/2020\/02\/10\/las-claves-de-la-semana-licitacion-deuda-fmi-e-inflacion\/"]}]},{"@type":"ImageObject","inLanguage":"es-AR","@id":"https:\/\/ondauno.com.ar\/index.php\/2020\/02\/10\/las-claves-de-la-semana-licitacion-deuda-fmi-e-inflacion\/#primaryimage","url":"https:\/\/media.ambito.com\/adjuntos\/239\/imagenes\/037\/341\/0037341209.jpg","contentUrl":"https:\/\/media.ambito.com\/adjuntos\/239\/imagenes\/037\/341\/0037341209.jpg"},{"@type":"BreadcrumbList","@id":"https:\/\/ondauno.com.ar\/index.php\/2020\/02\/10\/las-claves-de-la-semana-licitacion-deuda-fmi-e-inflacion\/#breadcrumb","itemListElement":[{"@type":"ListItem","position":1,"name":"Inicio","item":"https:\/\/ondauno.com.ar\/"},{"@type":"ListItem","position":2,"name":"Las claves de la semana: licitaci\u00f3n, deuda, FMI e inflaci\u00f3n"}]},{"@type":"WebSite","@id":"https:\/\/ondauno.com.ar\/#website","url":"https:\/\/ondauno.com.ar\/","name":"103.9 fm","description":"LA PRIMERA RADIO MULTIMEDIA DE TRES ARROYOS","potentialAction":[{"@type":"SearchAction","target":{"@type":"EntryPoint","urlTemplate":"https:\/\/ondauno.com.ar\/?s={search_term_string}"},"query-input":"required name=search_term_string"}],"inLanguage":"es-AR"},{"@type":"Person","@id":"https:\/\/ondauno.com.ar\/#\/schema\/person\/201d1b68e6c75e0fd396fe5f8af5d139","name":"fernando garcia","image":{"@type":"ImageObject","inLanguage":"es-AR","@id":"https:\/\/ondauno.com.ar\/#\/schema\/person\/image\/","url":"https:\/\/secure.gravatar.com\/avatar\/5f7254642ad81272e79a2e69653cfdfc?s=96&d=mm&r=g","contentUrl":"https:\/\/secure.gravatar.com\/avatar\/5f7254642ad81272e79a2e69653cfdfc?s=96&d=mm&r=g","caption":"fernando garcia"},"url":"https:\/\/ondauno.com.ar\/index.php\/author\/ondaunoeditor\/"}]}},"jetpack_publicize_connections":[],"jetpack_featured_media_url":"","jetpack_sharing_enabled":true,"_links":{"self":[{"href":"https:\/\/ondauno.com.ar\/index.php\/wp-json\/wp\/v2\/posts\/5587","targetHints":{"allow":["GET"]}}],"collection":[{"href":"https:\/\/ondauno.com.ar\/index.php\/wp-json\/wp\/v2\/posts"}],"about":[{"href":"https:\/\/ondauno.com.ar\/index.php\/wp-json\/wp\/v2\/types\/post"}],"author":[{"embeddable":true,"href":"https:\/\/ondauno.com.ar\/index.php\/wp-json\/wp\/v2\/users\/2"}],"replies":[{"embeddable":true,"href":"https:\/\/ondauno.com.ar\/index.php\/wp-json\/wp\/v2\/comments?post=5587"}],"version-history":[{"count":0,"href":"https:\/\/ondauno.com.ar\/index.php\/wp-json\/wp\/v2\/posts\/5587\/revisions"}],"wp:attachment":[{"href":"https:\/\/ondauno.com.ar\/index.php\/wp-json\/wp\/v2\/media?parent=5587"}],"wp:term":[{"taxonomy":"category","embeddable":true,"href":"https:\/\/ondauno.com.ar\/index.php\/wp-json\/wp\/v2\/categories?post=5587"},{"taxonomy":"post_tag","embeddable":true,"href":"https:\/\/ondauno.com.ar\/index.php\/wp-json\/wp\/v2\/tags?post=5587"}],"curies":[{"name":"wp","href":"https:\/\/api.w.org\/{rel}","templated":true}]}}