{"id":55771,"date":"2025-05-05T16:59:36","date_gmt":"2025-05-05T19:59:36","guid":{"rendered":"https:\/\/ondauno.com.ar\/?p=55771"},"modified":"2025-05-05T16:59:42","modified_gmt":"2025-05-05T19:59:42","slug":"comienzan-encuentros-para-trabajar-la-salud-mental-de-pacientes-oncologicos-y-cronicos","status":"publish","type":"post","link":"https:\/\/ondauno.com.ar\/index.php\/2025\/05\/05\/comienzan-encuentros-para-trabajar-la-salud-mental-de-pacientes-oncologicos-y-cronicos\/","title":{"rendered":"Comienzan encuentros para trabajar la salud mental de pacientes oncol\u00f3gicos y cr\u00f3nicos"},"content":{"rendered":"<div class=\"ondau-before-content_3\" style=\"margin-top: -30px;\" id=\"ondau-3531593533\"><a href=\"https:\/\/www.lps.com.ar\/\" aria-label=\"la-perse2\"><img loading=\"lazy\" decoding=\"async\" src=\"https:\/\/ondauno.com.ar\/wp-content\/uploads\/2021\/10\/la-perse2.jpg\" alt=\"\"  srcset=\"https:\/\/ondauno.com.ar\/wp-content\/uploads\/2021\/10\/la-perse2.jpg 1353w, https:\/\/ondauno.com.ar\/wp-content\/uploads\/2021\/10\/la-perse2-300x43.jpg 300w, https:\/\/ondauno.com.ar\/wp-content\/uploads\/2021\/10\/la-perse2-1024x148.jpg 1024w, https:\/\/ondauno.com.ar\/wp-content\/uploads\/2021\/10\/la-perse2-768x111.jpg 768w, https:\/\/ondauno.com.ar\/wp-content\/uploads\/2021\/10\/la-perse2-696x100.jpg 696w, https:\/\/ondauno.com.ar\/wp-content\/uploads\/2021\/10\/la-perse2-1068x154.jpg 1068w\" sizes=\"(max-width: 1353px) 100vw, 1353px\" class=\"no-lazyload\" width=\"1353\" height=\"195\"  style=\"display: inline-block;\" \/><\/a><\/div>\n<p>\u201cReflexi\u00f3n, comunicaci\u00f3n, estrategias y actividades para pacientes oncol\u00f3gicos y cr\u00f3nicos\u201d<\/p>\n\n\n\n<p>La Secretar\u00eda de Salud, Atenci\u00f3n Primaria de la Salud y el Hospital realizan en conjunto una serie de encuentros destinados a trabajar en la salud mental de pacientes oncol\u00f3gicos y cr\u00f3nicos.<\/p>\n\n\n\n<p>Entendiendo que el acompa\u00f1amiento a los vecinos con estas problem\u00e1ticas de salud y a sus familiares es una forma de contenci\u00f3n y de estar presentes, aportando herramientas para atravesar las vivencias particulares en forma colectiva.<\/p>\n\n\n\n<p>Para los encuentros, coordinados por las Licenciadas Patricia Crespo y Vanesa Rodr\u00edguez, especializadas en estos casos, se utilizar\u00e1 el consultorio externo N\u00b020 del Hospital Municipal, Primera Junta 440. El Centro Municipal de Salud invita a todos los vecinos que quieran sumarse a esta iniciativa todos los martes a partir del mes de mayo de 10.00 hs a 11.30 hs.<\/p>\n\n\n\n<p>\u201cEs importante que participen porque es un espacio de acompa\u00f1amiento, de conexi\u00f3n grupal, vamos a hablar de h\u00e1bitos saludables, nos visitar\u00e1n profesionales de otras actividades como yoga o reiki, estamos viendo la posibilidad de sumar una actividad art\u00edstica. Tambi\u00e9n para despejar cualquier duda que tengan o vayan surgiendo en el camino, queremos mejorar la calidad de vida m\u00e1s all\u00e1 del diagn\u00f3stico. Reflexi\u00f3n, comunicaci\u00f3n, estrategias y actividades son los ejes de estos encuentros\u201d. Expres\u00f3 la Licenciada Patricia Crespo.<\/p>\n","protected":false},"excerpt":{"rendered":"<p>\u201cReflexi\u00f3n, comunicaci\u00f3n, estrategias y actividades para pacientes oncol\u00f3gicos y cr\u00f3nicos\u201d La Secretar\u00eda de Salud, Atenci\u00f3n Primaria de la Salud y el Hospital realizan en conjunto una serie de encuentros destinados a trabajar en la salud mental de pacientes oncol\u00f3gicos y cr\u00f3nicos. Entendiendo que el acompa\u00f1amiento a los vecinos con estas problem\u00e1ticas de salud y a [&hellip;]<\/p>\n","protected":false},"author":1,"featured_media":55772,"comment_status":"open","ping_status":"open","sticky":false,"template":"","format":"standard","meta":{"tdm_status":"","tdm_grid_status":"","_jetpack_memberships_contains_paid_content":false,"footnotes":"","jetpack_publicize_message":"","jetpack_publicize_feature_enabled":true,"jetpack_social_post_already_shared":true,"jetpack_social_options":{"image_generator_settings":{"template":"highway","default_image_id":0,"font":"","enabled":false},"version":2}},"categories":[28],"tags":[],"class_list":{"0":"post-55771","1":"post","2":"type-post","3":"status-publish","4":"format-standard","5":"has-post-thumbnail","7":"category-interes-general"},"yoast_head":"<!-- This site is optimized with the Yoast SEO plugin v22.7 - https:\/\/yoast.com\/wordpress\/plugins\/seo\/ -->\n<title>Comienzan encuentros para trabajar la salud mental de pacientes oncol\u00f3gicos y cr\u00f3nicos - 103.9 fm<\/title>\n<meta name=\"robots\" content=\"index, follow, max-snippet:-1, max-image-preview:large, max-video-preview:-1\" \/>\n<link rel=\"canonical\" href=\"https:\/\/ondauno.com.ar\/index.php\/2025\/05\/05\/comienzan-encuentros-para-trabajar-la-salud-mental-de-pacientes-oncologicos-y-cronicos\/\" \/>\n<meta property=\"og:locale\" content=\"es_ES\" \/>\n<meta property=\"og:type\" content=\"article\" \/>\n<meta property=\"og:title\" content=\"Comienzan encuentros para trabajar la salud mental de pacientes oncol\u00f3gicos y cr\u00f3nicos - 103.9 fm\" \/>\n<meta property=\"og:description\" content=\"\u201cReflexi\u00f3n, comunicaci\u00f3n, estrategias y actividades para pacientes oncol\u00f3gicos y cr\u00f3nicos\u201d La Secretar\u00eda de Salud, Atenci\u00f3n Primaria de la Salud y el Hospital realizan en conjunto una serie de encuentros destinados a trabajar en la salud mental de pacientes oncol\u00f3gicos y cr\u00f3nicos. Entendiendo que el acompa\u00f1amiento a los vecinos con estas problem\u00e1ticas de salud y a [&hellip;]\" \/>\n<meta property=\"og:url\" content=\"https:\/\/ondauno.com.ar\/index.php\/2025\/05\/05\/comienzan-encuentros-para-trabajar-la-salud-mental-de-pacientes-oncologicos-y-cronicos\/\" \/>\n<meta property=\"og:site_name\" content=\"103.9 fm\" \/>\n<meta property=\"article:publisher\" content=\"https:\/\/www.facebook.com\/ondauno103.9\" \/>\n<meta property=\"article:published_time\" content=\"2025-05-05T19:59:36+00:00\" \/>\n<meta property=\"article:modified_time\" content=\"2025-05-05T19:59:42+00:00\" \/>\n<meta property=\"og:image\" content=\"http:\/\/ondauno.com.ar\/wp-content\/uploads\/2025\/05\/WhatsApp-Image-2025-05-05-at-12.52.53.jpeg\" \/>\n\t<meta property=\"og:image:width\" content=\"1066\" \/>\n\t<meta property=\"og:image:height\" content=\"1600\" \/>\n\t<meta property=\"og:image:type\" content=\"image\/jpeg\" \/>\n<meta name=\"author\" content=\"OndaUno\" \/>\n<meta name=\"twitter:card\" content=\"summary_large_image\" \/>\n<meta name=\"twitter:label1\" content=\"Escrito por\" \/>\n\t<meta name=\"twitter:data1\" content=\"OndaUno\" \/>\n\t<meta name=\"twitter:label2\" content=\"Tiempo de lectura\" \/>\n\t<meta name=\"twitter:data2\" content=\"2 minutos\" \/>\n<script type=\"application\/ld+json\" class=\"yoast-schema-graph\">{\"@context\":\"https:\/\/schema.org\",\"@graph\":[{\"@type\":\"WebPage\",\"@id\":\"https:\/\/ondauno.com.ar\/index.php\/2025\/05\/05\/comienzan-encuentros-para-trabajar-la-salud-mental-de-pacientes-oncologicos-y-cronicos\/\",\"url\":\"https:\/\/ondauno.com.ar\/index.php\/2025\/05\/05\/comienzan-encuentros-para-trabajar-la-salud-mental-de-pacientes-oncologicos-y-cronicos\/\",\"name\":\"Comienzan encuentros para trabajar la salud mental de pacientes oncol\u00f3gicos y cr\u00f3nicos - 103.9 fm\",\"isPartOf\":{\"@id\":\"https:\/\/ondauno.com.ar\/#website\"},\"primaryImageOfPage\":{\"@id\":\"https:\/\/ondauno.com.ar\/index.php\/2025\/05\/05\/comienzan-encuentros-para-trabajar-la-salud-mental-de-pacientes-oncologicos-y-cronicos\/#primaryimage\"},\"image\":{\"@id\":\"https:\/\/ondauno.com.ar\/index.php\/2025\/05\/05\/comienzan-encuentros-para-trabajar-la-salud-mental-de-pacientes-oncologicos-y-cronicos\/#primaryimage\"},\"thumbnailUrl\":\"https:\/\/ondauno.com.ar\/wp-content\/uploads\/2025\/05\/WhatsApp-Image-2025-05-05-at-12.52.53.jpeg\",\"datePublished\":\"2025-05-05T19:59:36+00:00\",\"dateModified\":\"2025-05-05T19:59:42+00:00\",\"author\":{\"@id\":\"https:\/\/ondauno.com.ar\/#\/schema\/person\/7ec851ddeceb4133d7d7132dc645714e\"},\"breadcrumb\":{\"@id\":\"https:\/\/ondauno.com.ar\/index.php\/2025\/05\/05\/comienzan-encuentros-para-trabajar-la-salud-mental-de-pacientes-oncologicos-y-cronicos\/#breadcrumb\"},\"inLanguage\":\"es-AR\",\"potentialAction\":[{\"@type\":\"ReadAction\",\"target\":[\"https:\/\/ondauno.com.ar\/index.php\/2025\/05\/05\/comienzan-encuentros-para-trabajar-la-salud-mental-de-pacientes-oncologicos-y-cronicos\/\"]}]},{\"@type\":\"ImageObject\",\"inLanguage\":\"es-AR\",\"@id\":\"https:\/\/ondauno.com.ar\/index.php\/2025\/05\/05\/comienzan-encuentros-para-trabajar-la-salud-mental-de-pacientes-oncologicos-y-cronicos\/#primaryimage\",\"url\":\"https:\/\/ondauno.com.ar\/wp-content\/uploads\/2025\/05\/WhatsApp-Image-2025-05-05-at-12.52.53.jpeg\",\"contentUrl\":\"https:\/\/ondauno.com.ar\/wp-content\/uploads\/2025\/05\/WhatsApp-Image-2025-05-05-at-12.52.53.jpeg\",\"width\":1066,\"height\":1600},{\"@type\":\"BreadcrumbList\",\"@id\":\"https:\/\/ondauno.com.ar\/index.php\/2025\/05\/05\/comienzan-encuentros-para-trabajar-la-salud-mental-de-pacientes-oncologicos-y-cronicos\/#breadcrumb\",\"itemListElement\":[{\"@type\":\"ListItem\",\"position\":1,\"name\":\"Inicio\",\"item\":\"https:\/\/ondauno.com.ar\/\"},{\"@type\":\"ListItem\",\"position\":2,\"name\":\"Comienzan encuentros para trabajar la salud mental de pacientes oncol\u00f3gicos y cr\u00f3nicos\"}]},{\"@type\":\"WebSite\",\"@id\":\"https:\/\/ondauno.com.ar\/#website\",\"url\":\"https:\/\/ondauno.com.ar\/\",\"name\":\"103.9 fm\",\"description\":\"LA PRIMERA RADIO MULTIMEDIA DE TRES ARROYOS\",\"potentialAction\":[{\"@type\":\"SearchAction\",\"target\":{\"@type\":\"EntryPoint\",\"urlTemplate\":\"https:\/\/ondauno.com.ar\/?s={search_term_string}\"},\"query-input\":\"required name=search_term_string\"}],\"inLanguage\":\"es-AR\"},{\"@type\":\"Person\",\"@id\":\"https:\/\/ondauno.com.ar\/#\/schema\/person\/7ec851ddeceb4133d7d7132dc645714e\",\"name\":\"OndaUno\",\"image\":{\"@type\":\"ImageObject\",\"inLanguage\":\"es-AR\",\"@id\":\"https:\/\/ondauno.com.ar\/#\/schema\/person\/image\/\",\"url\":\"https:\/\/secure.gravatar.com\/avatar\/93b8009f0de7021f1feb2bd5b32fb9e8?s=96&d=mm&r=g\",\"contentUrl\":\"https:\/\/secure.gravatar.com\/avatar\/93b8009f0de7021f1feb2bd5b32fb9e8?s=96&d=mm&r=g\",\"caption\":\"OndaUno\"},\"url\":\"https:\/\/ondauno.com.ar\/index.php\/author\/ondauno\/\"}]}<\/script>\n<!-- \/ Yoast SEO plugin. -->","yoast_head_json":{"title":"Comienzan encuentros para trabajar la salud mental de pacientes oncol\u00f3gicos y cr\u00f3nicos - 103.9 fm","robots":{"index":"index","follow":"follow","max-snippet":"max-snippet:-1","max-image-preview":"max-image-preview:large","max-video-preview":"max-video-preview:-1"},"canonical":"https:\/\/ondauno.com.ar\/index.php\/2025\/05\/05\/comienzan-encuentros-para-trabajar-la-salud-mental-de-pacientes-oncologicos-y-cronicos\/","og_locale":"es_ES","og_type":"article","og_title":"Comienzan encuentros para trabajar la salud mental de pacientes oncol\u00f3gicos y cr\u00f3nicos - 103.9 fm","og_description":"\u201cReflexi\u00f3n, comunicaci\u00f3n, estrategias y actividades para pacientes oncol\u00f3gicos y cr\u00f3nicos\u201d La Secretar\u00eda de Salud, Atenci\u00f3n Primaria de la Salud y el Hospital realizan en conjunto una serie de encuentros destinados a trabajar en la salud mental de pacientes oncol\u00f3gicos y cr\u00f3nicos. Entendiendo que el acompa\u00f1amiento a los vecinos con estas problem\u00e1ticas de salud y a [&hellip;]","og_url":"https:\/\/ondauno.com.ar\/index.php\/2025\/05\/05\/comienzan-encuentros-para-trabajar-la-salud-mental-de-pacientes-oncologicos-y-cronicos\/","og_site_name":"103.9 fm","article_publisher":"https:\/\/www.facebook.com\/ondauno103.9","article_published_time":"2025-05-05T19:59:36+00:00","article_modified_time":"2025-05-05T19:59:42+00:00","og_image":[{"width":1066,"height":1600,"url":"http:\/\/ondauno.com.ar\/wp-content\/uploads\/2025\/05\/WhatsApp-Image-2025-05-05-at-12.52.53.jpeg","type":"image\/jpeg"}],"author":"OndaUno","twitter_card":"summary_large_image","twitter_misc":{"Escrito por":"OndaUno","Tiempo de lectura":"2 minutos"},"schema":{"@context":"https:\/\/schema.org","@graph":[{"@type":"WebPage","@id":"https:\/\/ondauno.com.ar\/index.php\/2025\/05\/05\/comienzan-encuentros-para-trabajar-la-salud-mental-de-pacientes-oncologicos-y-cronicos\/","url":"https:\/\/ondauno.com.ar\/index.php\/2025\/05\/05\/comienzan-encuentros-para-trabajar-la-salud-mental-de-pacientes-oncologicos-y-cronicos\/","name":"Comienzan encuentros para trabajar la salud mental de pacientes oncol\u00f3gicos y cr\u00f3nicos - 103.9 fm","isPartOf":{"@id":"https:\/\/ondauno.com.ar\/#website"},"primaryImageOfPage":{"@id":"https:\/\/ondauno.com.ar\/index.php\/2025\/05\/05\/comienzan-encuentros-para-trabajar-la-salud-mental-de-pacientes-oncologicos-y-cronicos\/#primaryimage"},"image":{"@id":"https:\/\/ondauno.com.ar\/index.php\/2025\/05\/05\/comienzan-encuentros-para-trabajar-la-salud-mental-de-pacientes-oncologicos-y-cronicos\/#primaryimage"},"thumbnailUrl":"https:\/\/ondauno.com.ar\/wp-content\/uploads\/2025\/05\/WhatsApp-Image-2025-05-05-at-12.52.53.jpeg","datePublished":"2025-05-05T19:59:36+00:00","dateModified":"2025-05-05T19:59:42+00:00","author":{"@id":"https:\/\/ondauno.com.ar\/#\/schema\/person\/7ec851ddeceb4133d7d7132dc645714e"},"breadcrumb":{"@id":"https:\/\/ondauno.com.ar\/index.php\/2025\/05\/05\/comienzan-encuentros-para-trabajar-la-salud-mental-de-pacientes-oncologicos-y-cronicos\/#breadcrumb"},"inLanguage":"es-AR","potentialAction":[{"@type":"ReadAction","target":["https:\/\/ondauno.com.ar\/index.php\/2025\/05\/05\/comienzan-encuentros-para-trabajar-la-salud-mental-de-pacientes-oncologicos-y-cronicos\/"]}]},{"@type":"ImageObject","inLanguage":"es-AR","@id":"https:\/\/ondauno.com.ar\/index.php\/2025\/05\/05\/comienzan-encuentros-para-trabajar-la-salud-mental-de-pacientes-oncologicos-y-cronicos\/#primaryimage","url":"https:\/\/ondauno.com.ar\/wp-content\/uploads\/2025\/05\/WhatsApp-Image-2025-05-05-at-12.52.53.jpeg","contentUrl":"https:\/\/ondauno.com.ar\/wp-content\/uploads\/2025\/05\/WhatsApp-Image-2025-05-05-at-12.52.53.jpeg","width":1066,"height":1600},{"@type":"BreadcrumbList","@id":"https:\/\/ondauno.com.ar\/index.php\/2025\/05\/05\/comienzan-encuentros-para-trabajar-la-salud-mental-de-pacientes-oncologicos-y-cronicos\/#breadcrumb","itemListElement":[{"@type":"ListItem","position":1,"name":"Inicio","item":"https:\/\/ondauno.com.ar\/"},{"@type":"ListItem","position":2,"name":"Comienzan encuentros para trabajar la salud mental de pacientes oncol\u00f3gicos y cr\u00f3nicos"}]},{"@type":"WebSite","@id":"https:\/\/ondauno.com.ar\/#website","url":"https:\/\/ondauno.com.ar\/","name":"103.9 fm","description":"LA PRIMERA RADIO MULTIMEDIA DE TRES ARROYOS","potentialAction":[{"@type":"SearchAction","target":{"@type":"EntryPoint","urlTemplate":"https:\/\/ondauno.com.ar\/?s={search_term_string}"},"query-input":"required name=search_term_string"}],"inLanguage":"es-AR"},{"@type":"Person","@id":"https:\/\/ondauno.com.ar\/#\/schema\/person\/7ec851ddeceb4133d7d7132dc645714e","name":"OndaUno","image":{"@type":"ImageObject","inLanguage":"es-AR","@id":"https:\/\/ondauno.com.ar\/#\/schema\/person\/image\/","url":"https:\/\/secure.gravatar.com\/avatar\/93b8009f0de7021f1feb2bd5b32fb9e8?s=96&d=mm&r=g","contentUrl":"https:\/\/secure.gravatar.com\/avatar\/93b8009f0de7021f1feb2bd5b32fb9e8?s=96&d=mm&r=g","caption":"OndaUno"},"url":"https:\/\/ondauno.com.ar\/index.php\/author\/ondauno\/"}]}},"jetpack_publicize_connections":[],"jetpack_featured_media_url":"https:\/\/ondauno.com.ar\/wp-content\/uploads\/2025\/05\/WhatsApp-Image-2025-05-05-at-12.52.53.jpeg","jetpack_sharing_enabled":true,"_links":{"self":[{"href":"https:\/\/ondauno.com.ar\/index.php\/wp-json\/wp\/v2\/posts\/55771","targetHints":{"allow":["GET"]}}],"collection":[{"href":"https:\/\/ondauno.com.ar\/index.php\/wp-json\/wp\/v2\/posts"}],"about":[{"href":"https:\/\/ondauno.com.ar\/index.php\/wp-json\/wp\/v2\/types\/post"}],"author":[{"embeddable":true,"href":"https:\/\/ondauno.com.ar\/index.php\/wp-json\/wp\/v2\/users\/1"}],"replies":[{"embeddable":true,"href":"https:\/\/ondauno.com.ar\/index.php\/wp-json\/wp\/v2\/comments?post=55771"}],"version-history":[{"count":1,"href":"https:\/\/ondauno.com.ar\/index.php\/wp-json\/wp\/v2\/posts\/55771\/revisions"}],"predecessor-version":[{"id":55773,"href":"https:\/\/ondauno.com.ar\/index.php\/wp-json\/wp\/v2\/posts\/55771\/revisions\/55773"}],"wp:featuredmedia":[{"embeddable":true,"href":"https:\/\/ondauno.com.ar\/index.php\/wp-json\/wp\/v2\/media\/55772"}],"wp:attachment":[{"href":"https:\/\/ondauno.com.ar\/index.php\/wp-json\/wp\/v2\/media?parent=55771"}],"wp:term":[{"taxonomy":"category","embeddable":true,"href":"https:\/\/ondauno.com.ar\/index.php\/wp-json\/wp\/v2\/categories?post=55771"},{"taxonomy":"post_tag","embeddable":true,"href":"https:\/\/ondauno.com.ar\/index.php\/wp-json\/wp\/v2\/tags?post=55771"}],"curies":[{"name":"wp","href":"https:\/\/api.w.org\/{rel}","templated":true}]}}