{"id":55388,"date":"2025-04-21T18:36:43","date_gmt":"2025-04-21T21:36:43","guid":{"rendered":"https:\/\/ondauno.com.ar\/?p=55388"},"modified":"2025-04-21T18:36:47","modified_gmt":"2025-04-21T21:36:47","slug":"transporte-publico-urbano-e-interurbano-trabajamos-a-paso-firme-para-implementar-un-sistema-de-transporte-publico-definitivo-para-tres-arroyos","status":"publish","type":"post","link":"https:\/\/ondauno.com.ar\/index.php\/2025\/04\/21\/transporte-publico-urbano-e-interurbano-trabajamos-a-paso-firme-para-implementar-un-sistema-de-transporte-publico-definitivo-para-tres-arroyos\/","title":{"rendered":"Transporte p\u00fablico urbano e interurbano \u201cTrabajamos a paso firme para implementar un sistema de transporte p\u00fablico definitivo para Tres Arroyos\u201d"},"content":{"rendered":"<div class=\"ondau-before-content_3\" style=\"margin-top: -30px;\" id=\"ondau-2534180019\"><a href=\"https:\/\/www.lps.com.ar\/\" aria-label=\"la-perse2\"><img loading=\"lazy\" decoding=\"async\" src=\"https:\/\/ondauno.com.ar\/wp-content\/uploads\/2021\/10\/la-perse2.jpg\" alt=\"\"  srcset=\"https:\/\/ondauno.com.ar\/wp-content\/uploads\/2021\/10\/la-perse2.jpg 1353w, https:\/\/ondauno.com.ar\/wp-content\/uploads\/2021\/10\/la-perse2-300x43.jpg 300w, https:\/\/ondauno.com.ar\/wp-content\/uploads\/2021\/10\/la-perse2-1024x148.jpg 1024w, https:\/\/ondauno.com.ar\/wp-content\/uploads\/2021\/10\/la-perse2-768x111.jpg 768w, https:\/\/ondauno.com.ar\/wp-content\/uploads\/2021\/10\/la-perse2-696x100.jpg 696w, https:\/\/ondauno.com.ar\/wp-content\/uploads\/2021\/10\/la-perse2-1068x154.jpg 1068w\" sizes=\"(max-width: 1353px) 100vw, 1353px\" class=\"no-lazyload\" width=\"1353\" height=\"195\"  style=\"display: inline-block;\" \/><\/a><\/div>\n<p>Durante la campa\u00f1a del a\u00f1o 2023, el intendente Pablo Garate propuso a la ciudadan\u00eda del distrito de Tres Arroyos volver a contar con la posibilidad de movilizarse a trav\u00e9s de transporte p\u00fablico, en el \u00e1mbito urbano e interurbano.<\/p>\n\n\n\n<p>Hoy es un compromiso de la gesti\u00f3n con los vecinos del distrito, de la ciudad cabecera y de las localidades que comenz\u00f3 con la implementaci\u00f3n de las combis. Esta ma\u00f1ana, en una conferencia de prensa donde estuvo presente el intendente Pablo Garate junto al subsecretario de Gobierno y Transporte Santiago Garate y Ramiro Frapiccini, licenciado en Econom\u00eda especializado en Movilidad, Transporte y Log\u00edstica, subdirector de movilidad en Bah\u00eda Blanca, contaron c\u00f3mo se viene trabajando sobre el tema.<\/p>\n\n\n\n<p>\u201cEstamos haciendo un trabajo serio, profundo, para que la implementaci\u00f3n del transporte p\u00fablico no sea ef\u00edmera como en 2009, para que cuando definitivamente lo tengamos sea de manera ininterrumpida, Tres Arroyos ciudad, Tres Arroyos distrito es lo suficientemente grande para tener transporte p\u00fablico y es una demanda de nuestros vecinos\u201d. Afirm\u00f3 el intendente Pablo Garate.<\/p>\n\n\n\n<p>\u201cVenimos trabajando desde hace casi un a\u00f1o con las combis, un sistema de transporte que decidimos implementar desde el gobierno para instituciones como clubes, escuelas, cultura y que, aunque tiene sus limitaciones es un \u00e9xito, ya llevamos muchos kil\u00f3metros recorridos, con agenda completa de actividades. Ahora tenemos este desaf\u00edo de cumplir con una demanda m\u00e1s grande, que es la movilidad de todos los tresarroyenses, de la ciudad y el distrito, maximizar esa conectividad que nos va a dar grandes oportunidades de desarrollo y crecimiento como comunidad &#8220;.Expres\u00f3 el subsecretario Santiago Garate.<\/p>\n\n\n\n<p>El licenciado eval\u00faa el movimiento de la ciudad, interpretando que tiene un desarrollo importante. \u201cUn sistema de transporte p\u00fablico es fundamental. La primera pregunta que surgi\u00f3 fue la posibilidad de conectar todas las localidades entre s\u00ed y con la ciudad cabecera. Se eval\u00faa c\u00f3mo se mueve la gente en Tres Arroyos, en qu\u00e9 horarios, para establecer frecuencias, lugares y l\u00edneas econ\u00f3micamente viables y \u00fatiles para la poblaci\u00f3n de Tres Arroyos.\u201d Tambi\u00e9n se estudia los recorridos que tuvo anteriormente la ciudad, y el motivo del fracaso de ese servicio.<br>\u201cObservamos que el recorrido del colectivo duraba 1 hora, lo mismo que tardaba un vecino caminando. En auto 8 minutos y en bicicleta 20 minutos aproximadamente, lo que hac\u00eda que el transporte p\u00fablico no fuera competitivo. Eso fue el reflejo de la falta de un estudio previo.\u201d Explic\u00f3 el licenciado Frapiccini.<\/p>\n\n\n\n<p>Se realiz\u00f3 una presentaci\u00f3n con planos, para poder ver ubicaciones, movilidad, actividades principales que desarrolla la poblaci\u00f3n, actividades de gobierno municipales, de provincia y naci\u00f3n, lugares de cultura, salud, laborales y educaci\u00f3n nivel inicial, primario, secundario y terciario. Tambi\u00e9n se recopilaron en mapas de calor d\u00f3nde se desarrollan las actividades econ\u00f3micas, minorista y mayorista.<br>Con esta informaci\u00f3n pueden calcular cu\u00e1ntos viajes genera el sector de servicios, el sector industrial, el sector educativo, los hogares, etc. para determinar recorridos que le sirvan a los vecinos.<\/p>\n\n\n\n<p>Se investiga la demanda para luego ofrecer el servicio. El Municipio quiere una propuesta viable para dentro de 4 o 5 meses, de dos servicios en simult\u00e1neo para la ciudad y las localidades. Para avanzar, tambi\u00e9n es importante que vaya de la mano con la provincia para contar con el subsidio que viene a suplir la quita desde naci\u00f3n de estos subsidios al transporte p\u00fablico.<\/p>\n","protected":false},"excerpt":{"rendered":"<p>Durante la campa\u00f1a del a\u00f1o 2023, el intendente Pablo Garate propuso a la ciudadan\u00eda del distrito de Tres Arroyos volver a contar con la posibilidad de movilizarse a trav\u00e9s de transporte p\u00fablico, en el \u00e1mbito urbano e interurbano. Hoy es un compromiso de la gesti\u00f3n con los vecinos del distrito, de la ciudad cabecera y [&hellip;]<\/p>\n","protected":false},"author":1,"featured_media":55389,"comment_status":"open","ping_status":"open","sticky":false,"template":"","format":"standard","meta":{"tdm_status":"","tdm_grid_status":"","_jetpack_memberships_contains_paid_content":false,"footnotes":"","jetpack_publicize_message":"","jetpack_publicize_feature_enabled":true,"jetpack_social_post_already_shared":true,"jetpack_social_options":{"image_generator_settings":{"template":"highway","default_image_id":0,"font":"","enabled":false},"version":2}},"categories":[2],"tags":[],"class_list":{"0":"post-55388","1":"post","2":"type-post","3":"status-publish","4":"format-standard","5":"has-post-thumbnail","7":"category-locales"},"yoast_head":"<!-- This site is optimized with the Yoast SEO plugin v22.7 - https:\/\/yoast.com\/wordpress\/plugins\/seo\/ -->\n<title>Transporte p\u00fablico urbano e interurbano \u201cTrabajamos a paso firme para implementar un sistema de transporte p\u00fablico definitivo para Tres Arroyos\u201d - 103.9 fm<\/title>\n<meta name=\"robots\" content=\"index, follow, max-snippet:-1, max-image-preview:large, max-video-preview:-1\" \/>\n<link rel=\"canonical\" href=\"https:\/\/ondauno.com.ar\/index.php\/2025\/04\/21\/transporte-publico-urbano-e-interurbano-trabajamos-a-paso-firme-para-implementar-un-sistema-de-transporte-publico-definitivo-para-tres-arroyos\/\" \/>\n<meta property=\"og:locale\" content=\"es_ES\" \/>\n<meta property=\"og:type\" content=\"article\" \/>\n<meta property=\"og:title\" content=\"Transporte p\u00fablico urbano e interurbano \u201cTrabajamos a paso firme para implementar un sistema de transporte p\u00fablico definitivo para Tres Arroyos\u201d - 103.9 fm\" \/>\n<meta property=\"og:description\" content=\"Durante la campa\u00f1a del a\u00f1o 2023, el intendente Pablo Garate propuso a la ciudadan\u00eda del distrito de Tres Arroyos volver a contar con la posibilidad de movilizarse a trav\u00e9s de transporte p\u00fablico, en el \u00e1mbito urbano e interurbano. Hoy es un compromiso de la gesti\u00f3n con los vecinos del distrito, de la ciudad cabecera y [&hellip;]\" \/>\n<meta property=\"og:url\" content=\"https:\/\/ondauno.com.ar\/index.php\/2025\/04\/21\/transporte-publico-urbano-e-interurbano-trabajamos-a-paso-firme-para-implementar-un-sistema-de-transporte-publico-definitivo-para-tres-arroyos\/\" \/>\n<meta property=\"og:site_name\" content=\"103.9 fm\" \/>\n<meta property=\"article:publisher\" content=\"https:\/\/www.facebook.com\/ondauno103.9\" \/>\n<meta property=\"article:published_time\" content=\"2025-04-21T21:36:43+00:00\" \/>\n<meta property=\"article:modified_time\" content=\"2025-04-21T21:36:47+00:00\" \/>\n<meta property=\"og:image\" content=\"http:\/\/ondauno.com.ar\/wp-content\/uploads\/2025\/04\/WhatsApp-Image-2025-04-21-at-11.53.11-scaled.jpeg\" \/>\n\t<meta property=\"og:image:width\" content=\"2560\" \/>\n\t<meta property=\"og:image:height\" content=\"1920\" \/>\n\t<meta property=\"og:image:type\" content=\"image\/jpeg\" \/>\n<meta name=\"author\" content=\"OndaUno\" \/>\n<meta name=\"twitter:card\" content=\"summary_large_image\" \/>\n<meta name=\"twitter:label1\" content=\"Escrito por\" \/>\n\t<meta name=\"twitter:data1\" content=\"OndaUno\" \/>\n\t<meta name=\"twitter:label2\" content=\"Tiempo de lectura\" \/>\n\t<meta name=\"twitter:data2\" content=\"3 minutos\" \/>\n<script type=\"application\/ld+json\" class=\"yoast-schema-graph\">{\"@context\":\"https:\/\/schema.org\",\"@graph\":[{\"@type\":\"WebPage\",\"@id\":\"https:\/\/ondauno.com.ar\/index.php\/2025\/04\/21\/transporte-publico-urbano-e-interurbano-trabajamos-a-paso-firme-para-implementar-un-sistema-de-transporte-publico-definitivo-para-tres-arroyos\/\",\"url\":\"https:\/\/ondauno.com.ar\/index.php\/2025\/04\/21\/transporte-publico-urbano-e-interurbano-trabajamos-a-paso-firme-para-implementar-un-sistema-de-transporte-publico-definitivo-para-tres-arroyos\/\",\"name\":\"Transporte p\u00fablico urbano e interurbano \u201cTrabajamos a paso firme para implementar un sistema de transporte p\u00fablico definitivo para Tres Arroyos\u201d - 103.9 fm\",\"isPartOf\":{\"@id\":\"https:\/\/ondauno.com.ar\/#website\"},\"primaryImageOfPage\":{\"@id\":\"https:\/\/ondauno.com.ar\/index.php\/2025\/04\/21\/transporte-publico-urbano-e-interurbano-trabajamos-a-paso-firme-para-implementar-un-sistema-de-transporte-publico-definitivo-para-tres-arroyos\/#primaryimage\"},\"image\":{\"@id\":\"https:\/\/ondauno.com.ar\/index.php\/2025\/04\/21\/transporte-publico-urbano-e-interurbano-trabajamos-a-paso-firme-para-implementar-un-sistema-de-transporte-publico-definitivo-para-tres-arroyos\/#primaryimage\"},\"thumbnailUrl\":\"https:\/\/ondauno.com.ar\/wp-content\/uploads\/2025\/04\/WhatsApp-Image-2025-04-21-at-11.53.11-scaled.jpeg\",\"datePublished\":\"2025-04-21T21:36:43+00:00\",\"dateModified\":\"2025-04-21T21:36:47+00:00\",\"author\":{\"@id\":\"https:\/\/ondauno.com.ar\/#\/schema\/person\/7ec851ddeceb4133d7d7132dc645714e\"},\"breadcrumb\":{\"@id\":\"https:\/\/ondauno.com.ar\/index.php\/2025\/04\/21\/transporte-publico-urbano-e-interurbano-trabajamos-a-paso-firme-para-implementar-un-sistema-de-transporte-publico-definitivo-para-tres-arroyos\/#breadcrumb\"},\"inLanguage\":\"es-AR\",\"potentialAction\":[{\"@type\":\"ReadAction\",\"target\":[\"https:\/\/ondauno.com.ar\/index.php\/2025\/04\/21\/transporte-publico-urbano-e-interurbano-trabajamos-a-paso-firme-para-implementar-un-sistema-de-transporte-publico-definitivo-para-tres-arroyos\/\"]}]},{\"@type\":\"ImageObject\",\"inLanguage\":\"es-AR\",\"@id\":\"https:\/\/ondauno.com.ar\/index.php\/2025\/04\/21\/transporte-publico-urbano-e-interurbano-trabajamos-a-paso-firme-para-implementar-un-sistema-de-transporte-publico-definitivo-para-tres-arroyos\/#primaryimage\",\"url\":\"https:\/\/ondauno.com.ar\/wp-content\/uploads\/2025\/04\/WhatsApp-Image-2025-04-21-at-11.53.11-scaled.jpeg\",\"contentUrl\":\"https:\/\/ondauno.com.ar\/wp-content\/uploads\/2025\/04\/WhatsApp-Image-2025-04-21-at-11.53.11-scaled.jpeg\",\"width\":2560,\"height\":1920},{\"@type\":\"BreadcrumbList\",\"@id\":\"https:\/\/ondauno.com.ar\/index.php\/2025\/04\/21\/transporte-publico-urbano-e-interurbano-trabajamos-a-paso-firme-para-implementar-un-sistema-de-transporte-publico-definitivo-para-tres-arroyos\/#breadcrumb\",\"itemListElement\":[{\"@type\":\"ListItem\",\"position\":1,\"name\":\"Inicio\",\"item\":\"https:\/\/ondauno.com.ar\/\"},{\"@type\":\"ListItem\",\"position\":2,\"name\":\"Transporte p\u00fablico urbano e interurbano \u201cTrabajamos a paso firme para implementar un sistema de transporte p\u00fablico definitivo para Tres Arroyos\u201d\"}]},{\"@type\":\"WebSite\",\"@id\":\"https:\/\/ondauno.com.ar\/#website\",\"url\":\"https:\/\/ondauno.com.ar\/\",\"name\":\"103.9 fm\",\"description\":\"LA PRIMERA RADIO MULTIMEDIA DE TRES ARROYOS\",\"potentialAction\":[{\"@type\":\"SearchAction\",\"target\":{\"@type\":\"EntryPoint\",\"urlTemplate\":\"https:\/\/ondauno.com.ar\/?s={search_term_string}\"},\"query-input\":\"required name=search_term_string\"}],\"inLanguage\":\"es-AR\"},{\"@type\":\"Person\",\"@id\":\"https:\/\/ondauno.com.ar\/#\/schema\/person\/7ec851ddeceb4133d7d7132dc645714e\",\"name\":\"OndaUno\",\"image\":{\"@type\":\"ImageObject\",\"inLanguage\":\"es-AR\",\"@id\":\"https:\/\/ondauno.com.ar\/#\/schema\/person\/image\/\",\"url\":\"https:\/\/secure.gravatar.com\/avatar\/93b8009f0de7021f1feb2bd5b32fb9e8?s=96&d=mm&r=g\",\"contentUrl\":\"https:\/\/secure.gravatar.com\/avatar\/93b8009f0de7021f1feb2bd5b32fb9e8?s=96&d=mm&r=g\",\"caption\":\"OndaUno\"},\"url\":\"https:\/\/ondauno.com.ar\/index.php\/author\/ondauno\/\"}]}<\/script>\n<!-- \/ Yoast SEO plugin. -->","yoast_head_json":{"title":"Transporte p\u00fablico urbano e interurbano \u201cTrabajamos a paso firme para implementar un sistema de transporte p\u00fablico definitivo para Tres Arroyos\u201d - 103.9 fm","robots":{"index":"index","follow":"follow","max-snippet":"max-snippet:-1","max-image-preview":"max-image-preview:large","max-video-preview":"max-video-preview:-1"},"canonical":"https:\/\/ondauno.com.ar\/index.php\/2025\/04\/21\/transporte-publico-urbano-e-interurbano-trabajamos-a-paso-firme-para-implementar-un-sistema-de-transporte-publico-definitivo-para-tres-arroyos\/","og_locale":"es_ES","og_type":"article","og_title":"Transporte p\u00fablico urbano e interurbano \u201cTrabajamos a paso firme para implementar un sistema de transporte p\u00fablico definitivo para Tres Arroyos\u201d - 103.9 fm","og_description":"Durante la campa\u00f1a del a\u00f1o 2023, el intendente Pablo Garate propuso a la ciudadan\u00eda del distrito de Tres Arroyos volver a contar con la posibilidad de movilizarse a trav\u00e9s de transporte p\u00fablico, en el \u00e1mbito urbano e interurbano. Hoy es un compromiso de la gesti\u00f3n con los vecinos del distrito, de la ciudad cabecera y [&hellip;]","og_url":"https:\/\/ondauno.com.ar\/index.php\/2025\/04\/21\/transporte-publico-urbano-e-interurbano-trabajamos-a-paso-firme-para-implementar-un-sistema-de-transporte-publico-definitivo-para-tres-arroyos\/","og_site_name":"103.9 fm","article_publisher":"https:\/\/www.facebook.com\/ondauno103.9","article_published_time":"2025-04-21T21:36:43+00:00","article_modified_time":"2025-04-21T21:36:47+00:00","og_image":[{"width":2560,"height":1920,"url":"http:\/\/ondauno.com.ar\/wp-content\/uploads\/2025\/04\/WhatsApp-Image-2025-04-21-at-11.53.11-scaled.jpeg","type":"image\/jpeg"}],"author":"OndaUno","twitter_card":"summary_large_image","twitter_misc":{"Escrito por":"OndaUno","Tiempo de lectura":"3 minutos"},"schema":{"@context":"https:\/\/schema.org","@graph":[{"@type":"WebPage","@id":"https:\/\/ondauno.com.ar\/index.php\/2025\/04\/21\/transporte-publico-urbano-e-interurbano-trabajamos-a-paso-firme-para-implementar-un-sistema-de-transporte-publico-definitivo-para-tres-arroyos\/","url":"https:\/\/ondauno.com.ar\/index.php\/2025\/04\/21\/transporte-publico-urbano-e-interurbano-trabajamos-a-paso-firme-para-implementar-un-sistema-de-transporte-publico-definitivo-para-tres-arroyos\/","name":"Transporte p\u00fablico urbano e interurbano \u201cTrabajamos a paso firme para implementar un sistema de transporte p\u00fablico definitivo para Tres Arroyos\u201d - 103.9 fm","isPartOf":{"@id":"https:\/\/ondauno.com.ar\/#website"},"primaryImageOfPage":{"@id":"https:\/\/ondauno.com.ar\/index.php\/2025\/04\/21\/transporte-publico-urbano-e-interurbano-trabajamos-a-paso-firme-para-implementar-un-sistema-de-transporte-publico-definitivo-para-tres-arroyos\/#primaryimage"},"image":{"@id":"https:\/\/ondauno.com.ar\/index.php\/2025\/04\/21\/transporte-publico-urbano-e-interurbano-trabajamos-a-paso-firme-para-implementar-un-sistema-de-transporte-publico-definitivo-para-tres-arroyos\/#primaryimage"},"thumbnailUrl":"https:\/\/ondauno.com.ar\/wp-content\/uploads\/2025\/04\/WhatsApp-Image-2025-04-21-at-11.53.11-scaled.jpeg","datePublished":"2025-04-21T21:36:43+00:00","dateModified":"2025-04-21T21:36:47+00:00","author":{"@id":"https:\/\/ondauno.com.ar\/#\/schema\/person\/7ec851ddeceb4133d7d7132dc645714e"},"breadcrumb":{"@id":"https:\/\/ondauno.com.ar\/index.php\/2025\/04\/21\/transporte-publico-urbano-e-interurbano-trabajamos-a-paso-firme-para-implementar-un-sistema-de-transporte-publico-definitivo-para-tres-arroyos\/#breadcrumb"},"inLanguage":"es-AR","potentialAction":[{"@type":"ReadAction","target":["https:\/\/ondauno.com.ar\/index.php\/2025\/04\/21\/transporte-publico-urbano-e-interurbano-trabajamos-a-paso-firme-para-implementar-un-sistema-de-transporte-publico-definitivo-para-tres-arroyos\/"]}]},{"@type":"ImageObject","inLanguage":"es-AR","@id":"https:\/\/ondauno.com.ar\/index.php\/2025\/04\/21\/transporte-publico-urbano-e-interurbano-trabajamos-a-paso-firme-para-implementar-un-sistema-de-transporte-publico-definitivo-para-tres-arroyos\/#primaryimage","url":"https:\/\/ondauno.com.ar\/wp-content\/uploads\/2025\/04\/WhatsApp-Image-2025-04-21-at-11.53.11-scaled.jpeg","contentUrl":"https:\/\/ondauno.com.ar\/wp-content\/uploads\/2025\/04\/WhatsApp-Image-2025-04-21-at-11.53.11-scaled.jpeg","width":2560,"height":1920},{"@type":"BreadcrumbList","@id":"https:\/\/ondauno.com.ar\/index.php\/2025\/04\/21\/transporte-publico-urbano-e-interurbano-trabajamos-a-paso-firme-para-implementar-un-sistema-de-transporte-publico-definitivo-para-tres-arroyos\/#breadcrumb","itemListElement":[{"@type":"ListItem","position":1,"name":"Inicio","item":"https:\/\/ondauno.com.ar\/"},{"@type":"ListItem","position":2,"name":"Transporte p\u00fablico urbano e interurbano \u201cTrabajamos a paso firme para implementar un sistema de transporte p\u00fablico definitivo para Tres Arroyos\u201d"}]},{"@type":"WebSite","@id":"https:\/\/ondauno.com.ar\/#website","url":"https:\/\/ondauno.com.ar\/","name":"103.9 fm","description":"LA PRIMERA RADIO MULTIMEDIA DE TRES ARROYOS","potentialAction":[{"@type":"SearchAction","target":{"@type":"EntryPoint","urlTemplate":"https:\/\/ondauno.com.ar\/?s={search_term_string}"},"query-input":"required name=search_term_string"}],"inLanguage":"es-AR"},{"@type":"Person","@id":"https:\/\/ondauno.com.ar\/#\/schema\/person\/7ec851ddeceb4133d7d7132dc645714e","name":"OndaUno","image":{"@type":"ImageObject","inLanguage":"es-AR","@id":"https:\/\/ondauno.com.ar\/#\/schema\/person\/image\/","url":"https:\/\/secure.gravatar.com\/avatar\/93b8009f0de7021f1feb2bd5b32fb9e8?s=96&d=mm&r=g","contentUrl":"https:\/\/secure.gravatar.com\/avatar\/93b8009f0de7021f1feb2bd5b32fb9e8?s=96&d=mm&r=g","caption":"OndaUno"},"url":"https:\/\/ondauno.com.ar\/index.php\/author\/ondauno\/"}]}},"jetpack_publicize_connections":[],"jetpack_featured_media_url":"https:\/\/ondauno.com.ar\/wp-content\/uploads\/2025\/04\/WhatsApp-Image-2025-04-21-at-11.53.11-scaled.jpeg","jetpack_sharing_enabled":true,"_links":{"self":[{"href":"https:\/\/ondauno.com.ar\/index.php\/wp-json\/wp\/v2\/posts\/55388","targetHints":{"allow":["GET"]}}],"collection":[{"href":"https:\/\/ondauno.com.ar\/index.php\/wp-json\/wp\/v2\/posts"}],"about":[{"href":"https:\/\/ondauno.com.ar\/index.php\/wp-json\/wp\/v2\/types\/post"}],"author":[{"embeddable":true,"href":"https:\/\/ondauno.com.ar\/index.php\/wp-json\/wp\/v2\/users\/1"}],"replies":[{"embeddable":true,"href":"https:\/\/ondauno.com.ar\/index.php\/wp-json\/wp\/v2\/comments?post=55388"}],"version-history":[{"count":1,"href":"https:\/\/ondauno.com.ar\/index.php\/wp-json\/wp\/v2\/posts\/55388\/revisions"}],"predecessor-version":[{"id":55390,"href":"https:\/\/ondauno.com.ar\/index.php\/wp-json\/wp\/v2\/posts\/55388\/revisions\/55390"}],"wp:featuredmedia":[{"embeddable":true,"href":"https:\/\/ondauno.com.ar\/index.php\/wp-json\/wp\/v2\/media\/55389"}],"wp:attachment":[{"href":"https:\/\/ondauno.com.ar\/index.php\/wp-json\/wp\/v2\/media?parent=55388"}],"wp:term":[{"taxonomy":"category","embeddable":true,"href":"https:\/\/ondauno.com.ar\/index.php\/wp-json\/wp\/v2\/categories?post=55388"},{"taxonomy":"post_tag","embeddable":true,"href":"https:\/\/ondauno.com.ar\/index.php\/wp-json\/wp\/v2\/tags?post=55388"}],"curies":[{"name":"wp","href":"https:\/\/api.w.org\/{rel}","templated":true}]}}