{"id":55365,"date":"2025-04-19T22:35:24","date_gmt":"2025-04-20T01:35:24","guid":{"rendered":"https:\/\/ondauno.com.ar\/?p=55365"},"modified":"2025-04-19T22:35:30","modified_gmt":"2025-04-20T01:35:30","slug":"impresionante-show-de-los-tipitos-en-claromeco","status":"publish","type":"post","link":"https:\/\/ondauno.com.ar\/index.php\/2025\/04\/19\/impresionante-show-de-los-tipitos-en-claromeco\/","title":{"rendered":"Impresionante show de Los Tipitos en Claromec\u00f3"},"content":{"rendered":"<div class=\"ondau-before-content_3\" style=\"margin-top: -30px;\" id=\"ondau-2212611637\"><a href=\"https:\/\/www.lps.com.ar\/\" aria-label=\"la-perse2\"><img loading=\"lazy\" decoding=\"async\" src=\"https:\/\/ondauno.com.ar\/wp-content\/uploads\/2021\/10\/la-perse2.jpg\" alt=\"\"  srcset=\"https:\/\/ondauno.com.ar\/wp-content\/uploads\/2021\/10\/la-perse2.jpg 1353w, https:\/\/ondauno.com.ar\/wp-content\/uploads\/2021\/10\/la-perse2-300x43.jpg 300w, https:\/\/ondauno.com.ar\/wp-content\/uploads\/2021\/10\/la-perse2-1024x148.jpg 1024w, https:\/\/ondauno.com.ar\/wp-content\/uploads\/2021\/10\/la-perse2-768x111.jpg 768w, https:\/\/ondauno.com.ar\/wp-content\/uploads\/2021\/10\/la-perse2-696x100.jpg 696w, https:\/\/ondauno.com.ar\/wp-content\/uploads\/2021\/10\/la-perse2-1068x154.jpg 1068w\" sizes=\"(max-width: 1353px) 100vw, 1353px\" class=\"no-lazyload\" width=\"1353\" height=\"195\"  style=\"display: inline-block;\" \/><\/a><\/div>\n<p>Este s\u00e1bado de Semana Santa, Claromec\u00f3 vivi\u00f3 una noche inolvidable con el show gratuito de <strong>Los Tipitos<\/strong>, en el marco de las actividades organizadas frente al mar. El clima acompa\u00f1\u00f3 de manera ideal y una multitud se acerc\u00f3 al escenario central para disfrutar del recital, que repas\u00f3 grandes \u00e9xitos y present\u00f3 canciones nuevas.<\/p>\n\n\n\n<p>El espect\u00e1culo se desarroll\u00f3 en un ambiente familiar y festivo, y convoc\u00f3 a personas de todas las edades que corearon cl\u00e1sicos como <em>Brujer\u00eda<\/em> y <em>Silencio<\/em>. La banda, con m\u00e1s de 25 a\u00f1os de trayectoria, se mostr\u00f3 cercana y agradecida con el p\u00fablico claromequense.<\/p>\n\n\n\n<figure class=\"wp-block-image size-large\"><img loading=\"lazy\" decoding=\"async\" width=\"768\" height=\"1024\" data-src=\"https:\/\/ondauno.com.ar\/wp-content\/uploads\/2025\/04\/WhatsApp-Image-2025-04-19-at-22.21.43-768x1024.jpeg\" alt=\"\" class=\"wp-image-55367 lazyload\" data-srcset=\"https:\/\/ondauno.com.ar\/wp-content\/uploads\/2025\/04\/WhatsApp-Image-2025-04-19-at-22.21.43-768x1024.jpeg 768w, https:\/\/ondauno.com.ar\/wp-content\/uploads\/2025\/04\/WhatsApp-Image-2025-04-19-at-22.21.43-225x300.jpeg 225w, https:\/\/ondauno.com.ar\/wp-content\/uploads\/2025\/04\/WhatsApp-Image-2025-04-19-at-22.21.43-315x420.jpeg 315w, https:\/\/ondauno.com.ar\/wp-content\/uploads\/2025\/04\/WhatsApp-Image-2025-04-19-at-22.21.43-696x928.jpeg 696w, https:\/\/ondauno.com.ar\/wp-content\/uploads\/2025\/04\/WhatsApp-Image-2025-04-19-at-22.21.43.jpeg 960w\" data-sizes=\"auto, (max-width: 768px) 100vw, 768px\" src=\"data:image\/gif;base64,R0lGODlhAQABAAAAACH5BAEKAAEALAAAAAABAAEAAAICTAEAOw==\" style=\"--smush-placeholder-width: 768px; --smush-placeholder-aspect-ratio: 768\/1024;\" \/><noscript><img loading=\"lazy\" decoding=\"async\" width=\"768\" height=\"1024\" src=\"https:\/\/ondauno.com.ar\/wp-content\/uploads\/2025\/04\/WhatsApp-Image-2025-04-19-at-22.21.43-768x1024.jpeg\" alt=\"\" class=\"wp-image-55367\" srcset=\"https:\/\/ondauno.com.ar\/wp-content\/uploads\/2025\/04\/WhatsApp-Image-2025-04-19-at-22.21.43-768x1024.jpeg 768w, https:\/\/ondauno.com.ar\/wp-content\/uploads\/2025\/04\/WhatsApp-Image-2025-04-19-at-22.21.43-225x300.jpeg 225w, https:\/\/ondauno.com.ar\/wp-content\/uploads\/2025\/04\/WhatsApp-Image-2025-04-19-at-22.21.43-315x420.jpeg 315w, https:\/\/ondauno.com.ar\/wp-content\/uploads\/2025\/04\/WhatsApp-Image-2025-04-19-at-22.21.43-696x928.jpeg 696w, https:\/\/ondauno.com.ar\/wp-content\/uploads\/2025\/04\/WhatsApp-Image-2025-04-19-at-22.21.43.jpeg 960w\" sizes=\"auto, (max-width: 768px) 100vw, 768px\" \/><\/noscript><\/figure>\n\n\n\n<p>Antes del show, brindaron una conferencia de prensa donde recordaron su anterior visita a la localidad:<br><strong>\u201cLa otra vez hab\u00eda sido en 2007. Me acuerdo muy bien: un d\u00eda que estaba lloviendo y se tuvo que hacer adentro, a la tarde. Est\u00e1bamos en otro momento de nuestra carrera, m\u00e1s ligados al disco <em>Armando Camale\u00f3n<\/em>, y por sacar <em>Tan Real<\/em>\u201d<\/strong>, contaron.<\/p>\n\n\n\n<p>Sobre el presente del grupo, se\u00f1alaron:<br><strong>\u201cEs un presente divino. Venimos de festejar 20 a\u00f1os de <em>Armando Camale\u00f3n<\/em> y estamos en plena producci\u00f3n de un nuevo disco. Elegimos canciones, componemos, probamos. Estamos muy metidos en nosotros, en lo que queremos decir y c\u00f3mo queremos sonar\u201d<\/strong>.<\/p>\n\n\n\n<p>Tambi\u00e9n hablaron sobre el fen\u00f3meno de las reversiones de cl\u00e1sicos con otros artistas:<br><strong>\u201cHicimos <em>Silencio<\/em> con Andr\u00e9s Calamaro, <em>Brujer\u00eda<\/em> con El Pau\u2026 Nos fuimos un poco m\u00e1s lejos de la versi\u00f3n original. Tambi\u00e9n grabamos con No Te Va Gustar. Es muy lindo ver c\u00f3mo las canciones sobreviven, c\u00f3mo siguen siendo cantadas 20 a\u00f1os despu\u00e9s\u201d<\/strong>.<\/p>\n\n\n\n<p>Y agregaron:<br><strong>\u201cPor suerte se nos ocurren canciones nuevas y est\u00e1n buen\u00edsimas. Estamos muy entusiasmados, tocando mucho, vi\u00e9ndonos seguido, trabajando fuerte para mostrar c\u00f3mo estamos\u201d<\/strong>.<\/p>\n\n\n\n<p>Sobre el estilo de la banda, explicaron:<br><strong>\u201cTenemos un sonido propio. Nos gusta explorar, ser ecl\u00e9cticos. En un mismo \u00e1lbum puede haber muchos estilos. Es parte de nuestra curiosidad\u201d<\/strong>.<\/p>\n\n\n\n<p>Finalmente, destacaron la conexi\u00f3n entre los integrantes como base del proyecto:<br><strong>\u201cTres tipos se juntan a hacer m\u00fasica. Nos pas\u00f3 desde siempre. Hay una qu\u00edmica que se da, una personalidad conjunta que nos define como banda\u201d<\/strong>.<\/p>\n\n\n\n<p>La actuaci\u00f3n de Los Tipitos cerr\u00f3 con una ovaci\u00f3n del p\u00fablico, en una noche que quedar\u00e1 en la memoria de Claromec\u00f3 como una de las m\u00e1s vibrantes del a\u00f1o.<\/p>\n","protected":false},"excerpt":{"rendered":"<p>Este s\u00e1bado de Semana Santa, Claromec\u00f3 vivi\u00f3 una noche inolvidable con el show gratuito de Los Tipitos, en el marco de las actividades organizadas frente al mar. El clima acompa\u00f1\u00f3 de manera ideal y una multitud se acerc\u00f3 al escenario central para disfrutar del recital, que repas\u00f3 grandes \u00e9xitos y present\u00f3 canciones nuevas. El espect\u00e1culo [&hellip;]<\/p>\n","protected":false},"author":1,"featured_media":55366,"comment_status":"open","ping_status":"open","sticky":false,"template":"","format":"standard","meta":{"tdm_status":"","tdm_grid_status":"","_jetpack_memberships_contains_paid_content":false,"footnotes":"","jetpack_publicize_message":"","jetpack_publicize_feature_enabled":true,"jetpack_social_post_already_shared":true,"jetpack_social_options":{"image_generator_settings":{"template":"highway","default_image_id":0,"font":"","enabled":false},"version":2}},"categories":[2],"tags":[],"class_list":{"0":"post-55365","1":"post","2":"type-post","3":"status-publish","4":"format-standard","5":"has-post-thumbnail","7":"category-locales"},"yoast_head":"<!-- This site is optimized with the Yoast SEO plugin v22.7 - https:\/\/yoast.com\/wordpress\/plugins\/seo\/ -->\n<title>Impresionante show de Los Tipitos en Claromec\u00f3 - 103.9 fm<\/title>\n<meta name=\"robots\" content=\"index, follow, max-snippet:-1, max-image-preview:large, max-video-preview:-1\" \/>\n<link rel=\"canonical\" href=\"https:\/\/ondauno.com.ar\/index.php\/2025\/04\/19\/impresionante-show-de-los-tipitos-en-claromeco\/\" \/>\n<meta property=\"og:locale\" content=\"es_ES\" \/>\n<meta property=\"og:type\" content=\"article\" \/>\n<meta property=\"og:title\" content=\"Impresionante show de Los Tipitos en Claromec\u00f3 - 103.9 fm\" \/>\n<meta property=\"og:description\" content=\"Este s\u00e1bado de Semana Santa, Claromec\u00f3 vivi\u00f3 una noche inolvidable con el show gratuito de Los Tipitos, en el marco de las actividades organizadas frente al mar. El clima acompa\u00f1\u00f3 de manera ideal y una multitud se acerc\u00f3 al escenario central para disfrutar del recital, que repas\u00f3 grandes \u00e9xitos y present\u00f3 canciones nuevas. El espect\u00e1culo [&hellip;]\" \/>\n<meta property=\"og:url\" content=\"https:\/\/ondauno.com.ar\/index.php\/2025\/04\/19\/impresionante-show-de-los-tipitos-en-claromeco\/\" \/>\n<meta property=\"og:site_name\" content=\"103.9 fm\" \/>\n<meta property=\"article:publisher\" content=\"https:\/\/www.facebook.com\/ondauno103.9\" \/>\n<meta property=\"article:published_time\" content=\"2025-04-20T01:35:24+00:00\" \/>\n<meta property=\"article:modified_time\" content=\"2025-04-20T01:35:30+00:00\" \/>\n<meta property=\"og:image\" content=\"http:\/\/ondauno.com.ar\/wp-content\/uploads\/2025\/04\/WhatsApp-Image-2025-04-19-at-22.21.44.jpeg\" \/>\n\t<meta property=\"og:image:width\" content=\"1280\" \/>\n\t<meta property=\"og:image:height\" content=\"720\" \/>\n\t<meta property=\"og:image:type\" content=\"image\/jpeg\" \/>\n<meta name=\"author\" content=\"OndaUno\" \/>\n<meta name=\"twitter:card\" content=\"summary_large_image\" \/>\n<meta name=\"twitter:label1\" content=\"Escrito por\" \/>\n\t<meta name=\"twitter:data1\" content=\"OndaUno\" \/>\n\t<meta name=\"twitter:label2\" content=\"Tiempo de lectura\" \/>\n\t<meta name=\"twitter:data2\" content=\"3 minutos\" \/>\n<script type=\"application\/ld+json\" class=\"yoast-schema-graph\">{\"@context\":\"https:\/\/schema.org\",\"@graph\":[{\"@type\":\"WebPage\",\"@id\":\"https:\/\/ondauno.com.ar\/index.php\/2025\/04\/19\/impresionante-show-de-los-tipitos-en-claromeco\/\",\"url\":\"https:\/\/ondauno.com.ar\/index.php\/2025\/04\/19\/impresionante-show-de-los-tipitos-en-claromeco\/\",\"name\":\"Impresionante show de Los Tipitos en Claromec\u00f3 - 103.9 fm\",\"isPartOf\":{\"@id\":\"https:\/\/ondauno.com.ar\/#website\"},\"primaryImageOfPage\":{\"@id\":\"https:\/\/ondauno.com.ar\/index.php\/2025\/04\/19\/impresionante-show-de-los-tipitos-en-claromeco\/#primaryimage\"},\"image\":{\"@id\":\"https:\/\/ondauno.com.ar\/index.php\/2025\/04\/19\/impresionante-show-de-los-tipitos-en-claromeco\/#primaryimage\"},\"thumbnailUrl\":\"https:\/\/ondauno.com.ar\/wp-content\/uploads\/2025\/04\/WhatsApp-Image-2025-04-19-at-22.21.44.jpeg\",\"datePublished\":\"2025-04-20T01:35:24+00:00\",\"dateModified\":\"2025-04-20T01:35:30+00:00\",\"author\":{\"@id\":\"https:\/\/ondauno.com.ar\/#\/schema\/person\/7ec851ddeceb4133d7d7132dc645714e\"},\"breadcrumb\":{\"@id\":\"https:\/\/ondauno.com.ar\/index.php\/2025\/04\/19\/impresionante-show-de-los-tipitos-en-claromeco\/#breadcrumb\"},\"inLanguage\":\"es-AR\",\"potentialAction\":[{\"@type\":\"ReadAction\",\"target\":[\"https:\/\/ondauno.com.ar\/index.php\/2025\/04\/19\/impresionante-show-de-los-tipitos-en-claromeco\/\"]}]},{\"@type\":\"ImageObject\",\"inLanguage\":\"es-AR\",\"@id\":\"https:\/\/ondauno.com.ar\/index.php\/2025\/04\/19\/impresionante-show-de-los-tipitos-en-claromeco\/#primaryimage\",\"url\":\"https:\/\/ondauno.com.ar\/wp-content\/uploads\/2025\/04\/WhatsApp-Image-2025-04-19-at-22.21.44.jpeg\",\"contentUrl\":\"https:\/\/ondauno.com.ar\/wp-content\/uploads\/2025\/04\/WhatsApp-Image-2025-04-19-at-22.21.44.jpeg\",\"width\":1280,\"height\":720},{\"@type\":\"BreadcrumbList\",\"@id\":\"https:\/\/ondauno.com.ar\/index.php\/2025\/04\/19\/impresionante-show-de-los-tipitos-en-claromeco\/#breadcrumb\",\"itemListElement\":[{\"@type\":\"ListItem\",\"position\":1,\"name\":\"Inicio\",\"item\":\"https:\/\/ondauno.com.ar\/\"},{\"@type\":\"ListItem\",\"position\":2,\"name\":\"Impresionante show de Los Tipitos en Claromec\u00f3\"}]},{\"@type\":\"WebSite\",\"@id\":\"https:\/\/ondauno.com.ar\/#website\",\"url\":\"https:\/\/ondauno.com.ar\/\",\"name\":\"103.9 fm\",\"description\":\"LA PRIMERA RADIO MULTIMEDIA DE TRES ARROYOS\",\"potentialAction\":[{\"@type\":\"SearchAction\",\"target\":{\"@type\":\"EntryPoint\",\"urlTemplate\":\"https:\/\/ondauno.com.ar\/?s={search_term_string}\"},\"query-input\":\"required name=search_term_string\"}],\"inLanguage\":\"es-AR\"},{\"@type\":\"Person\",\"@id\":\"https:\/\/ondauno.com.ar\/#\/schema\/person\/7ec851ddeceb4133d7d7132dc645714e\",\"name\":\"OndaUno\",\"image\":{\"@type\":\"ImageObject\",\"inLanguage\":\"es-AR\",\"@id\":\"https:\/\/ondauno.com.ar\/#\/schema\/person\/image\/\",\"url\":\"https:\/\/secure.gravatar.com\/avatar\/93b8009f0de7021f1feb2bd5b32fb9e8?s=96&d=mm&r=g\",\"contentUrl\":\"https:\/\/secure.gravatar.com\/avatar\/93b8009f0de7021f1feb2bd5b32fb9e8?s=96&d=mm&r=g\",\"caption\":\"OndaUno\"},\"url\":\"https:\/\/ondauno.com.ar\/index.php\/author\/ondauno\/\"}]}<\/script>\n<!-- \/ Yoast SEO plugin. -->","yoast_head_json":{"title":"Impresionante show de Los Tipitos en Claromec\u00f3 - 103.9 fm","robots":{"index":"index","follow":"follow","max-snippet":"max-snippet:-1","max-image-preview":"max-image-preview:large","max-video-preview":"max-video-preview:-1"},"canonical":"https:\/\/ondauno.com.ar\/index.php\/2025\/04\/19\/impresionante-show-de-los-tipitos-en-claromeco\/","og_locale":"es_ES","og_type":"article","og_title":"Impresionante show de Los Tipitos en Claromec\u00f3 - 103.9 fm","og_description":"Este s\u00e1bado de Semana Santa, Claromec\u00f3 vivi\u00f3 una noche inolvidable con el show gratuito de Los Tipitos, en el marco de las actividades organizadas frente al mar. El clima acompa\u00f1\u00f3 de manera ideal y una multitud se acerc\u00f3 al escenario central para disfrutar del recital, que repas\u00f3 grandes \u00e9xitos y present\u00f3 canciones nuevas. El espect\u00e1culo [&hellip;]","og_url":"https:\/\/ondauno.com.ar\/index.php\/2025\/04\/19\/impresionante-show-de-los-tipitos-en-claromeco\/","og_site_name":"103.9 fm","article_publisher":"https:\/\/www.facebook.com\/ondauno103.9","article_published_time":"2025-04-20T01:35:24+00:00","article_modified_time":"2025-04-20T01:35:30+00:00","og_image":[{"width":1280,"height":720,"url":"http:\/\/ondauno.com.ar\/wp-content\/uploads\/2025\/04\/WhatsApp-Image-2025-04-19-at-22.21.44.jpeg","type":"image\/jpeg"}],"author":"OndaUno","twitter_card":"summary_large_image","twitter_misc":{"Escrito por":"OndaUno","Tiempo de lectura":"3 minutos"},"schema":{"@context":"https:\/\/schema.org","@graph":[{"@type":"WebPage","@id":"https:\/\/ondauno.com.ar\/index.php\/2025\/04\/19\/impresionante-show-de-los-tipitos-en-claromeco\/","url":"https:\/\/ondauno.com.ar\/index.php\/2025\/04\/19\/impresionante-show-de-los-tipitos-en-claromeco\/","name":"Impresionante show de Los Tipitos en Claromec\u00f3 - 103.9 fm","isPartOf":{"@id":"https:\/\/ondauno.com.ar\/#website"},"primaryImageOfPage":{"@id":"https:\/\/ondauno.com.ar\/index.php\/2025\/04\/19\/impresionante-show-de-los-tipitos-en-claromeco\/#primaryimage"},"image":{"@id":"https:\/\/ondauno.com.ar\/index.php\/2025\/04\/19\/impresionante-show-de-los-tipitos-en-claromeco\/#primaryimage"},"thumbnailUrl":"https:\/\/ondauno.com.ar\/wp-content\/uploads\/2025\/04\/WhatsApp-Image-2025-04-19-at-22.21.44.jpeg","datePublished":"2025-04-20T01:35:24+00:00","dateModified":"2025-04-20T01:35:30+00:00","author":{"@id":"https:\/\/ondauno.com.ar\/#\/schema\/person\/7ec851ddeceb4133d7d7132dc645714e"},"breadcrumb":{"@id":"https:\/\/ondauno.com.ar\/index.php\/2025\/04\/19\/impresionante-show-de-los-tipitos-en-claromeco\/#breadcrumb"},"inLanguage":"es-AR","potentialAction":[{"@type":"ReadAction","target":["https:\/\/ondauno.com.ar\/index.php\/2025\/04\/19\/impresionante-show-de-los-tipitos-en-claromeco\/"]}]},{"@type":"ImageObject","inLanguage":"es-AR","@id":"https:\/\/ondauno.com.ar\/index.php\/2025\/04\/19\/impresionante-show-de-los-tipitos-en-claromeco\/#primaryimage","url":"https:\/\/ondauno.com.ar\/wp-content\/uploads\/2025\/04\/WhatsApp-Image-2025-04-19-at-22.21.44.jpeg","contentUrl":"https:\/\/ondauno.com.ar\/wp-content\/uploads\/2025\/04\/WhatsApp-Image-2025-04-19-at-22.21.44.jpeg","width":1280,"height":720},{"@type":"BreadcrumbList","@id":"https:\/\/ondauno.com.ar\/index.php\/2025\/04\/19\/impresionante-show-de-los-tipitos-en-claromeco\/#breadcrumb","itemListElement":[{"@type":"ListItem","position":1,"name":"Inicio","item":"https:\/\/ondauno.com.ar\/"},{"@type":"ListItem","position":2,"name":"Impresionante show de Los Tipitos en Claromec\u00f3"}]},{"@type":"WebSite","@id":"https:\/\/ondauno.com.ar\/#website","url":"https:\/\/ondauno.com.ar\/","name":"103.9 fm","description":"LA PRIMERA RADIO MULTIMEDIA DE TRES ARROYOS","potentialAction":[{"@type":"SearchAction","target":{"@type":"EntryPoint","urlTemplate":"https:\/\/ondauno.com.ar\/?s={search_term_string}"},"query-input":"required name=search_term_string"}],"inLanguage":"es-AR"},{"@type":"Person","@id":"https:\/\/ondauno.com.ar\/#\/schema\/person\/7ec851ddeceb4133d7d7132dc645714e","name":"OndaUno","image":{"@type":"ImageObject","inLanguage":"es-AR","@id":"https:\/\/ondauno.com.ar\/#\/schema\/person\/image\/","url":"https:\/\/secure.gravatar.com\/avatar\/93b8009f0de7021f1feb2bd5b32fb9e8?s=96&d=mm&r=g","contentUrl":"https:\/\/secure.gravatar.com\/avatar\/93b8009f0de7021f1feb2bd5b32fb9e8?s=96&d=mm&r=g","caption":"OndaUno"},"url":"https:\/\/ondauno.com.ar\/index.php\/author\/ondauno\/"}]}},"jetpack_publicize_connections":[],"jetpack_featured_media_url":"https:\/\/ondauno.com.ar\/wp-content\/uploads\/2025\/04\/WhatsApp-Image-2025-04-19-at-22.21.44.jpeg","jetpack_sharing_enabled":true,"_links":{"self":[{"href":"https:\/\/ondauno.com.ar\/index.php\/wp-json\/wp\/v2\/posts\/55365","targetHints":{"allow":["GET"]}}],"collection":[{"href":"https:\/\/ondauno.com.ar\/index.php\/wp-json\/wp\/v2\/posts"}],"about":[{"href":"https:\/\/ondauno.com.ar\/index.php\/wp-json\/wp\/v2\/types\/post"}],"author":[{"embeddable":true,"href":"https:\/\/ondauno.com.ar\/index.php\/wp-json\/wp\/v2\/users\/1"}],"replies":[{"embeddable":true,"href":"https:\/\/ondauno.com.ar\/index.php\/wp-json\/wp\/v2\/comments?post=55365"}],"version-history":[{"count":1,"href":"https:\/\/ondauno.com.ar\/index.php\/wp-json\/wp\/v2\/posts\/55365\/revisions"}],"predecessor-version":[{"id":55368,"href":"https:\/\/ondauno.com.ar\/index.php\/wp-json\/wp\/v2\/posts\/55365\/revisions\/55368"}],"wp:featuredmedia":[{"embeddable":true,"href":"https:\/\/ondauno.com.ar\/index.php\/wp-json\/wp\/v2\/media\/55366"}],"wp:attachment":[{"href":"https:\/\/ondauno.com.ar\/index.php\/wp-json\/wp\/v2\/media?parent=55365"}],"wp:term":[{"taxonomy":"category","embeddable":true,"href":"https:\/\/ondauno.com.ar\/index.php\/wp-json\/wp\/v2\/categories?post=55365"},{"taxonomy":"post_tag","embeddable":true,"href":"https:\/\/ondauno.com.ar\/index.php\/wp-json\/wp\/v2\/tags?post=55365"}],"curies":[{"name":"wp","href":"https:\/\/api.w.org\/{rel}","templated":true}]}}