{"id":55327,"date":"2025-04-17T19:08:45","date_gmt":"2025-04-17T22:08:45","guid":{"rendered":"https:\/\/ondauno.com.ar\/?p=55327"},"modified":"2025-04-17T19:14:07","modified_gmt":"2025-04-17T22:14:07","slug":"gestion-ambiental-plantacion-de-nativos-y-de-cestos-para-residuos","status":"publish","type":"post","link":"https:\/\/ondauno.com.ar\/index.php\/2025\/04\/17\/gestion-ambiental-plantacion-de-nativos-y-de-cestos-para-residuos\/","title":{"rendered":"Gesti\u00f3n Ambiental: plantaci\u00f3n de nativos y de cestos para residuos"},"content":{"rendered":"<div class=\"ondau-before-content_3\" style=\"margin-top: -30px;\" id=\"ondau-1056191134\"><a href=\"https:\/\/www.lps.com.ar\/\" aria-label=\"la-perse2\"><img loading=\"lazy\" decoding=\"async\" src=\"https:\/\/ondauno.com.ar\/wp-content\/uploads\/2021\/10\/la-perse2.jpg\" alt=\"\"  srcset=\"https:\/\/ondauno.com.ar\/wp-content\/uploads\/2021\/10\/la-perse2.jpg 1353w, https:\/\/ondauno.com.ar\/wp-content\/uploads\/2021\/10\/la-perse2-300x43.jpg 300w, https:\/\/ondauno.com.ar\/wp-content\/uploads\/2021\/10\/la-perse2-1024x148.jpg 1024w, https:\/\/ondauno.com.ar\/wp-content\/uploads\/2021\/10\/la-perse2-768x111.jpg 768w, https:\/\/ondauno.com.ar\/wp-content\/uploads\/2021\/10\/la-perse2-696x100.jpg 696w, https:\/\/ondauno.com.ar\/wp-content\/uploads\/2021\/10\/la-perse2-1068x154.jpg 1068w\" sizes=\"(max-width: 1353px) 100vw, 1353px\" class=\"no-lazyload\" width=\"1353\" height=\"195\"  style=\"display: inline-block;\" \/><\/a><\/div>\n<p>La Subsecretar\u00eda de Gesti\u00f3n Ambiental contin\u00faa avanzando con acciones que promueven una ciudad m\u00e1s sustentable y respetuosa del entorno. En esta oportunidad, las tareas se concentraron en el predio de Dorrego 1700, donde el equipo realiz\u00f3 hoyaduras para la plantaci\u00f3n de \u00e1rboles nativos, en articulaci\u00f3n con la organizaci\u00f3n Encuentro Ind\u00edgena.<\/p>\n\n\n\n<p>La iniciativa se enmarca en una estrategia m\u00e1s amplia que ya ha incluido plantaciones en distintos puntos de la ciudad y localidades del distrito, reafirmando el compromiso de construir el Tres Arroyos que queremos: un distrito m\u00e1s verde, m\u00e1s saludable y amigable con el ambiente.<\/p>\n\n\n\n<p>En paralelo, se llev\u00f3 adelante la colocaci\u00f3n de contenedores de residuos en sectores que actualmente no cuentan con acceso directo al cami\u00f3n recolector, garantizando as\u00ed una cobertura m\u00e1s equitativa del servicio de higiene urbana.<\/p>\n\n\n\n<p>\u201cSeguimos trabajando con una mirada territorial, articulando con organizaciones y escuchando las necesidades de cada barrio. Queremos un Tres Arroyos m\u00e1s sustentable, con oportunidades para que todos y todas sean parte del cuidado del ambiente\u201d, expres\u00f3 el subsecretario Gabriel Francia.<\/p>\n","protected":false},"excerpt":{"rendered":"<p>La Subsecretar\u00eda de Gesti\u00f3n Ambiental contin\u00faa avanzando con acciones que promueven una ciudad m\u00e1s sustentable y respetuosa del entorno. En esta oportunidad, las tareas se concentraron en el predio de Dorrego 1700, donde el equipo realiz\u00f3 hoyaduras para la plantaci\u00f3n de \u00e1rboles nativos, en articulaci\u00f3n con la organizaci\u00f3n Encuentro Ind\u00edgena. La iniciativa se enmarca en [&hellip;]<\/p>\n","protected":false},"author":1,"featured_media":55328,"comment_status":"open","ping_status":"open","sticky":false,"template":"","format":"standard","meta":{"tdm_status":"","tdm_grid_status":"","_jetpack_memberships_contains_paid_content":false,"footnotes":"","jetpack_publicize_message":"","jetpack_publicize_feature_enabled":true,"jetpack_social_post_already_shared":true,"jetpack_social_options":{"image_generator_settings":{"template":"highway","default_image_id":0,"font":"","enabled":false},"version":2}},"categories":[2],"tags":[],"class_list":{"0":"post-55327","1":"post","2":"type-post","3":"status-publish","4":"format-standard","5":"has-post-thumbnail","7":"category-locales"},"yoast_head":"<!-- This site is optimized with the Yoast SEO plugin v22.7 - https:\/\/yoast.com\/wordpress\/plugins\/seo\/ -->\n<title>Gesti\u00f3n Ambiental: plantaci\u00f3n de nativos y de cestos para residuos - 103.9 fm<\/title>\n<meta name=\"robots\" content=\"index, follow, max-snippet:-1, max-image-preview:large, max-video-preview:-1\" \/>\n<link rel=\"canonical\" href=\"https:\/\/ondauno.com.ar\/index.php\/2025\/04\/17\/gestion-ambiental-plantacion-de-nativos-y-de-cestos-para-residuos\/\" \/>\n<meta property=\"og:locale\" content=\"es_ES\" \/>\n<meta property=\"og:type\" content=\"article\" \/>\n<meta property=\"og:title\" content=\"Gesti\u00f3n Ambiental: plantaci\u00f3n de nativos y de cestos para residuos - 103.9 fm\" \/>\n<meta property=\"og:description\" content=\"La Subsecretar\u00eda de Gesti\u00f3n Ambiental contin\u00faa avanzando con acciones que promueven una ciudad m\u00e1s sustentable y respetuosa del entorno. En esta oportunidad, las tareas se concentraron en el predio de Dorrego 1700, donde el equipo realiz\u00f3 hoyaduras para la plantaci\u00f3n de \u00e1rboles nativos, en articulaci\u00f3n con la organizaci\u00f3n Encuentro Ind\u00edgena. La iniciativa se enmarca en [&hellip;]\" \/>\n<meta property=\"og:url\" content=\"https:\/\/ondauno.com.ar\/index.php\/2025\/04\/17\/gestion-ambiental-plantacion-de-nativos-y-de-cestos-para-residuos\/\" \/>\n<meta property=\"og:site_name\" content=\"103.9 fm\" \/>\n<meta property=\"article:publisher\" content=\"https:\/\/www.facebook.com\/ondauno103.9\" \/>\n<meta property=\"article:published_time\" content=\"2025-04-17T22:08:45+00:00\" \/>\n<meta property=\"article:modified_time\" content=\"2025-04-17T22:14:07+00:00\" \/>\n<meta property=\"og:image\" content=\"http:\/\/ondauno.com.ar\/wp-content\/uploads\/2025\/04\/WhatsApp-Image-2025-04-17-at-18.17.42.jpeg\" \/>\n\t<meta property=\"og:image:width\" content=\"1152\" \/>\n\t<meta property=\"og:image:height\" content=\"864\" \/>\n\t<meta property=\"og:image:type\" content=\"image\/jpeg\" \/>\n<meta name=\"author\" content=\"OndaUno\" \/>\n<meta name=\"twitter:card\" content=\"summary_large_image\" \/>\n<meta name=\"twitter:label1\" content=\"Escrito por\" \/>\n\t<meta name=\"twitter:data1\" content=\"OndaUno\" \/>\n\t<meta name=\"twitter:label2\" content=\"Tiempo de lectura\" \/>\n\t<meta name=\"twitter:data2\" content=\"1 minuto\" \/>\n<script type=\"application\/ld+json\" class=\"yoast-schema-graph\">{\"@context\":\"https:\/\/schema.org\",\"@graph\":[{\"@type\":\"WebPage\",\"@id\":\"https:\/\/ondauno.com.ar\/index.php\/2025\/04\/17\/gestion-ambiental-plantacion-de-nativos-y-de-cestos-para-residuos\/\",\"url\":\"https:\/\/ondauno.com.ar\/index.php\/2025\/04\/17\/gestion-ambiental-plantacion-de-nativos-y-de-cestos-para-residuos\/\",\"name\":\"Gesti\u00f3n Ambiental: plantaci\u00f3n de nativos y de cestos para residuos - 103.9 fm\",\"isPartOf\":{\"@id\":\"https:\/\/ondauno.com.ar\/#website\"},\"primaryImageOfPage\":{\"@id\":\"https:\/\/ondauno.com.ar\/index.php\/2025\/04\/17\/gestion-ambiental-plantacion-de-nativos-y-de-cestos-para-residuos\/#primaryimage\"},\"image\":{\"@id\":\"https:\/\/ondauno.com.ar\/index.php\/2025\/04\/17\/gestion-ambiental-plantacion-de-nativos-y-de-cestos-para-residuos\/#primaryimage\"},\"thumbnailUrl\":\"https:\/\/ondauno.com.ar\/wp-content\/uploads\/2025\/04\/WhatsApp-Image-2025-04-17-at-18.17.42.jpeg\",\"datePublished\":\"2025-04-17T22:08:45+00:00\",\"dateModified\":\"2025-04-17T22:14:07+00:00\",\"author\":{\"@id\":\"https:\/\/ondauno.com.ar\/#\/schema\/person\/7ec851ddeceb4133d7d7132dc645714e\"},\"breadcrumb\":{\"@id\":\"https:\/\/ondauno.com.ar\/index.php\/2025\/04\/17\/gestion-ambiental-plantacion-de-nativos-y-de-cestos-para-residuos\/#breadcrumb\"},\"inLanguage\":\"es-AR\",\"potentialAction\":[{\"@type\":\"ReadAction\",\"target\":[\"https:\/\/ondauno.com.ar\/index.php\/2025\/04\/17\/gestion-ambiental-plantacion-de-nativos-y-de-cestos-para-residuos\/\"]}]},{\"@type\":\"ImageObject\",\"inLanguage\":\"es-AR\",\"@id\":\"https:\/\/ondauno.com.ar\/index.php\/2025\/04\/17\/gestion-ambiental-plantacion-de-nativos-y-de-cestos-para-residuos\/#primaryimage\",\"url\":\"https:\/\/ondauno.com.ar\/wp-content\/uploads\/2025\/04\/WhatsApp-Image-2025-04-17-at-18.17.42.jpeg\",\"contentUrl\":\"https:\/\/ondauno.com.ar\/wp-content\/uploads\/2025\/04\/WhatsApp-Image-2025-04-17-at-18.17.42.jpeg\",\"width\":1152,\"height\":864},{\"@type\":\"BreadcrumbList\",\"@id\":\"https:\/\/ondauno.com.ar\/index.php\/2025\/04\/17\/gestion-ambiental-plantacion-de-nativos-y-de-cestos-para-residuos\/#breadcrumb\",\"itemListElement\":[{\"@type\":\"ListItem\",\"position\":1,\"name\":\"Inicio\",\"item\":\"https:\/\/ondauno.com.ar\/\"},{\"@type\":\"ListItem\",\"position\":2,\"name\":\"Gesti\u00f3n Ambiental: plantaci\u00f3n de nativos y de cestos para residuos\"}]},{\"@type\":\"WebSite\",\"@id\":\"https:\/\/ondauno.com.ar\/#website\",\"url\":\"https:\/\/ondauno.com.ar\/\",\"name\":\"103.9 fm\",\"description\":\"LA PRIMERA RADIO MULTIMEDIA DE TRES ARROYOS\",\"potentialAction\":[{\"@type\":\"SearchAction\",\"target\":{\"@type\":\"EntryPoint\",\"urlTemplate\":\"https:\/\/ondauno.com.ar\/?s={search_term_string}\"},\"query-input\":\"required name=search_term_string\"}],\"inLanguage\":\"es-AR\"},{\"@type\":\"Person\",\"@id\":\"https:\/\/ondauno.com.ar\/#\/schema\/person\/7ec851ddeceb4133d7d7132dc645714e\",\"name\":\"OndaUno\",\"image\":{\"@type\":\"ImageObject\",\"inLanguage\":\"es-AR\",\"@id\":\"https:\/\/ondauno.com.ar\/#\/schema\/person\/image\/\",\"url\":\"https:\/\/secure.gravatar.com\/avatar\/93b8009f0de7021f1feb2bd5b32fb9e8?s=96&d=mm&r=g\",\"contentUrl\":\"https:\/\/secure.gravatar.com\/avatar\/93b8009f0de7021f1feb2bd5b32fb9e8?s=96&d=mm&r=g\",\"caption\":\"OndaUno\"},\"url\":\"https:\/\/ondauno.com.ar\/index.php\/author\/ondauno\/\"}]}<\/script>\n<!-- \/ Yoast SEO plugin. -->","yoast_head_json":{"title":"Gesti\u00f3n Ambiental: plantaci\u00f3n de nativos y de cestos para residuos - 103.9 fm","robots":{"index":"index","follow":"follow","max-snippet":"max-snippet:-1","max-image-preview":"max-image-preview:large","max-video-preview":"max-video-preview:-1"},"canonical":"https:\/\/ondauno.com.ar\/index.php\/2025\/04\/17\/gestion-ambiental-plantacion-de-nativos-y-de-cestos-para-residuos\/","og_locale":"es_ES","og_type":"article","og_title":"Gesti\u00f3n Ambiental: plantaci\u00f3n de nativos y de cestos para residuos - 103.9 fm","og_description":"La Subsecretar\u00eda de Gesti\u00f3n Ambiental contin\u00faa avanzando con acciones que promueven una ciudad m\u00e1s sustentable y respetuosa del entorno. En esta oportunidad, las tareas se concentraron en el predio de Dorrego 1700, donde el equipo realiz\u00f3 hoyaduras para la plantaci\u00f3n de \u00e1rboles nativos, en articulaci\u00f3n con la organizaci\u00f3n Encuentro Ind\u00edgena. La iniciativa se enmarca en [&hellip;]","og_url":"https:\/\/ondauno.com.ar\/index.php\/2025\/04\/17\/gestion-ambiental-plantacion-de-nativos-y-de-cestos-para-residuos\/","og_site_name":"103.9 fm","article_publisher":"https:\/\/www.facebook.com\/ondauno103.9","article_published_time":"2025-04-17T22:08:45+00:00","article_modified_time":"2025-04-17T22:14:07+00:00","og_image":[{"width":1152,"height":864,"url":"http:\/\/ondauno.com.ar\/wp-content\/uploads\/2025\/04\/WhatsApp-Image-2025-04-17-at-18.17.42.jpeg","type":"image\/jpeg"}],"author":"OndaUno","twitter_card":"summary_large_image","twitter_misc":{"Escrito por":"OndaUno","Tiempo de lectura":"1 minuto"},"schema":{"@context":"https:\/\/schema.org","@graph":[{"@type":"WebPage","@id":"https:\/\/ondauno.com.ar\/index.php\/2025\/04\/17\/gestion-ambiental-plantacion-de-nativos-y-de-cestos-para-residuos\/","url":"https:\/\/ondauno.com.ar\/index.php\/2025\/04\/17\/gestion-ambiental-plantacion-de-nativos-y-de-cestos-para-residuos\/","name":"Gesti\u00f3n Ambiental: plantaci\u00f3n de nativos y de cestos para residuos - 103.9 fm","isPartOf":{"@id":"https:\/\/ondauno.com.ar\/#website"},"primaryImageOfPage":{"@id":"https:\/\/ondauno.com.ar\/index.php\/2025\/04\/17\/gestion-ambiental-plantacion-de-nativos-y-de-cestos-para-residuos\/#primaryimage"},"image":{"@id":"https:\/\/ondauno.com.ar\/index.php\/2025\/04\/17\/gestion-ambiental-plantacion-de-nativos-y-de-cestos-para-residuos\/#primaryimage"},"thumbnailUrl":"https:\/\/ondauno.com.ar\/wp-content\/uploads\/2025\/04\/WhatsApp-Image-2025-04-17-at-18.17.42.jpeg","datePublished":"2025-04-17T22:08:45+00:00","dateModified":"2025-04-17T22:14:07+00:00","author":{"@id":"https:\/\/ondauno.com.ar\/#\/schema\/person\/7ec851ddeceb4133d7d7132dc645714e"},"breadcrumb":{"@id":"https:\/\/ondauno.com.ar\/index.php\/2025\/04\/17\/gestion-ambiental-plantacion-de-nativos-y-de-cestos-para-residuos\/#breadcrumb"},"inLanguage":"es-AR","potentialAction":[{"@type":"ReadAction","target":["https:\/\/ondauno.com.ar\/index.php\/2025\/04\/17\/gestion-ambiental-plantacion-de-nativos-y-de-cestos-para-residuos\/"]}]},{"@type":"ImageObject","inLanguage":"es-AR","@id":"https:\/\/ondauno.com.ar\/index.php\/2025\/04\/17\/gestion-ambiental-plantacion-de-nativos-y-de-cestos-para-residuos\/#primaryimage","url":"https:\/\/ondauno.com.ar\/wp-content\/uploads\/2025\/04\/WhatsApp-Image-2025-04-17-at-18.17.42.jpeg","contentUrl":"https:\/\/ondauno.com.ar\/wp-content\/uploads\/2025\/04\/WhatsApp-Image-2025-04-17-at-18.17.42.jpeg","width":1152,"height":864},{"@type":"BreadcrumbList","@id":"https:\/\/ondauno.com.ar\/index.php\/2025\/04\/17\/gestion-ambiental-plantacion-de-nativos-y-de-cestos-para-residuos\/#breadcrumb","itemListElement":[{"@type":"ListItem","position":1,"name":"Inicio","item":"https:\/\/ondauno.com.ar\/"},{"@type":"ListItem","position":2,"name":"Gesti\u00f3n Ambiental: plantaci\u00f3n de nativos y de cestos para residuos"}]},{"@type":"WebSite","@id":"https:\/\/ondauno.com.ar\/#website","url":"https:\/\/ondauno.com.ar\/","name":"103.9 fm","description":"LA PRIMERA RADIO MULTIMEDIA DE TRES ARROYOS","potentialAction":[{"@type":"SearchAction","target":{"@type":"EntryPoint","urlTemplate":"https:\/\/ondauno.com.ar\/?s={search_term_string}"},"query-input":"required name=search_term_string"}],"inLanguage":"es-AR"},{"@type":"Person","@id":"https:\/\/ondauno.com.ar\/#\/schema\/person\/7ec851ddeceb4133d7d7132dc645714e","name":"OndaUno","image":{"@type":"ImageObject","inLanguage":"es-AR","@id":"https:\/\/ondauno.com.ar\/#\/schema\/person\/image\/","url":"https:\/\/secure.gravatar.com\/avatar\/93b8009f0de7021f1feb2bd5b32fb9e8?s=96&d=mm&r=g","contentUrl":"https:\/\/secure.gravatar.com\/avatar\/93b8009f0de7021f1feb2bd5b32fb9e8?s=96&d=mm&r=g","caption":"OndaUno"},"url":"https:\/\/ondauno.com.ar\/index.php\/author\/ondauno\/"}]}},"jetpack_publicize_connections":[],"jetpack_featured_media_url":"https:\/\/ondauno.com.ar\/wp-content\/uploads\/2025\/04\/WhatsApp-Image-2025-04-17-at-18.17.42.jpeg","jetpack_sharing_enabled":true,"_links":{"self":[{"href":"https:\/\/ondauno.com.ar\/index.php\/wp-json\/wp\/v2\/posts\/55327","targetHints":{"allow":["GET"]}}],"collection":[{"href":"https:\/\/ondauno.com.ar\/index.php\/wp-json\/wp\/v2\/posts"}],"about":[{"href":"https:\/\/ondauno.com.ar\/index.php\/wp-json\/wp\/v2\/types\/post"}],"author":[{"embeddable":true,"href":"https:\/\/ondauno.com.ar\/index.php\/wp-json\/wp\/v2\/users\/1"}],"replies":[{"embeddable":true,"href":"https:\/\/ondauno.com.ar\/index.php\/wp-json\/wp\/v2\/comments?post=55327"}],"version-history":[{"count":2,"href":"https:\/\/ondauno.com.ar\/index.php\/wp-json\/wp\/v2\/posts\/55327\/revisions"}],"predecessor-version":[{"id":55331,"href":"https:\/\/ondauno.com.ar\/index.php\/wp-json\/wp\/v2\/posts\/55327\/revisions\/55331"}],"wp:featuredmedia":[{"embeddable":true,"href":"https:\/\/ondauno.com.ar\/index.php\/wp-json\/wp\/v2\/media\/55328"}],"wp:attachment":[{"href":"https:\/\/ondauno.com.ar\/index.php\/wp-json\/wp\/v2\/media?parent=55327"}],"wp:term":[{"taxonomy":"category","embeddable":true,"href":"https:\/\/ondauno.com.ar\/index.php\/wp-json\/wp\/v2\/categories?post=55327"},{"taxonomy":"post_tag","embeddable":true,"href":"https:\/\/ondauno.com.ar\/index.php\/wp-json\/wp\/v2\/tags?post=55327"}],"curies":[{"name":"wp","href":"https:\/\/api.w.org\/{rel}","templated":true}]}}