{"id":55309,"date":"2025-04-16T19:06:30","date_gmt":"2025-04-16T22:06:30","guid":{"rendered":"https:\/\/ondauno.com.ar\/?p=55309"},"modified":"2025-04-16T19:06:35","modified_gmt":"2025-04-16T22:06:35","slug":"jornada-de-ecocanje-por-el-dia-de-la-tierra-reciclables-por-plantines","status":"publish","type":"post","link":"https:\/\/ondauno.com.ar\/index.php\/2025\/04\/16\/jornada-de-ecocanje-por-el-dia-de-la-tierra-reciclables-por-plantines\/","title":{"rendered":"Jornada de EcoCanje por el D\u00eda de la Tierra: reciclables por plantines"},"content":{"rendered":"<div class=\"ondau-before-content_3\" style=\"margin-top: -30px;\" id=\"ondau-874605781\"><a href=\"https:\/\/www.lps.com.ar\/\" aria-label=\"la-perse2\"><img loading=\"lazy\" decoding=\"async\" src=\"https:\/\/ondauno.com.ar\/wp-content\/uploads\/2021\/10\/la-perse2.jpg\" alt=\"\"  srcset=\"https:\/\/ondauno.com.ar\/wp-content\/uploads\/2021\/10\/la-perse2.jpg 1353w, https:\/\/ondauno.com.ar\/wp-content\/uploads\/2021\/10\/la-perse2-300x43.jpg 300w, https:\/\/ondauno.com.ar\/wp-content\/uploads\/2021\/10\/la-perse2-1024x148.jpg 1024w, https:\/\/ondauno.com.ar\/wp-content\/uploads\/2021\/10\/la-perse2-768x111.jpg 768w, https:\/\/ondauno.com.ar\/wp-content\/uploads\/2021\/10\/la-perse2-696x100.jpg 696w, https:\/\/ondauno.com.ar\/wp-content\/uploads\/2021\/10\/la-perse2-1068x154.jpg 1068w\" sizes=\"(max-width: 1353px) 100vw, 1353px\" class=\"no-lazyload\" width=\"1353\" height=\"195\"  style=\"display: inline-block;\" \/><\/a><\/div>\n<p>En el marco del D\u00eda de la Tierra, se realizar\u00e1 una nueva jornada de EcoCanje en la oficina de la Subsecretar\u00eda de Gesti\u00f3n Ambiental de la Municipalidad de Tres Arroyos, ubicada en Avenida G\u00fcemes 630.<\/p>\n\n\n\n<p>En el horario de 13:00 a 17:00 horas, se podr\u00e1n entregar elementos reciclables como cartones, papeles, vidrio, pl\u00e1sticos, residuos electr\u00f3nicos e inform\u00e1ticos, tapitas, tetrabrik, pilas usadas, botellas de amor, colillas y aceite vegetal usado.<\/p>\n\n\n\n<p>A cambio se entregar\u00e1n plantines de plantas arom\u00e1ticas.<\/p>\n\n\n\n<p>Los materiales recibidos ser\u00e1n enviados a la Planta de Separaci\u00f3n de Residuos de Tres Arroyos, para su correcto tratamiento e incorporaci\u00f3n al circuito positivo del reciclado.<\/p>\n","protected":false},"excerpt":{"rendered":"<p>En el marco del D\u00eda de la Tierra, se realizar\u00e1 una nueva jornada de EcoCanje en la oficina de la Subsecretar\u00eda de Gesti\u00f3n Ambiental de la Municipalidad de Tres Arroyos, ubicada en Avenida G\u00fcemes 630. En el horario de 13:00 a 17:00 horas, se podr\u00e1n entregar elementos reciclables como cartones, papeles, vidrio, pl\u00e1sticos, residuos electr\u00f3nicos [&hellip;]<\/p>\n","protected":false},"author":1,"featured_media":55311,"comment_status":"open","ping_status":"open","sticky":false,"template":"","format":"standard","meta":{"tdm_status":"","tdm_grid_status":"","_jetpack_memberships_contains_paid_content":false,"footnotes":"","jetpack_publicize_message":"","jetpack_publicize_feature_enabled":true,"jetpack_social_post_already_shared":true,"jetpack_social_options":{"image_generator_settings":{"template":"highway","default_image_id":0,"font":"","enabled":false},"version":2}},"categories":[28],"tags":[],"class_list":{"0":"post-55309","1":"post","2":"type-post","3":"status-publish","4":"format-standard","5":"has-post-thumbnail","7":"category-interes-general"},"yoast_head":"<!-- This site is optimized with the Yoast SEO plugin v22.7 - https:\/\/yoast.com\/wordpress\/plugins\/seo\/ -->\n<title>Jornada de EcoCanje por el D\u00eda de la Tierra: reciclables por plantines - 103.9 fm<\/title>\n<meta name=\"robots\" content=\"index, follow, max-snippet:-1, max-image-preview:large, max-video-preview:-1\" \/>\n<link rel=\"canonical\" href=\"https:\/\/ondauno.com.ar\/index.php\/2025\/04\/16\/jornada-de-ecocanje-por-el-dia-de-la-tierra-reciclables-por-plantines\/\" \/>\n<meta property=\"og:locale\" content=\"es_ES\" \/>\n<meta property=\"og:type\" content=\"article\" \/>\n<meta property=\"og:title\" content=\"Jornada de EcoCanje por el D\u00eda de la Tierra: reciclables por plantines - 103.9 fm\" \/>\n<meta property=\"og:description\" content=\"En el marco del D\u00eda de la Tierra, se realizar\u00e1 una nueva jornada de EcoCanje en la oficina de la Subsecretar\u00eda de Gesti\u00f3n Ambiental de la Municipalidad de Tres Arroyos, ubicada en Avenida G\u00fcemes 630. En el horario de 13:00 a 17:00 horas, se podr\u00e1n entregar elementos reciclables como cartones, papeles, vidrio, pl\u00e1sticos, residuos electr\u00f3nicos [&hellip;]\" \/>\n<meta property=\"og:url\" content=\"https:\/\/ondauno.com.ar\/index.php\/2025\/04\/16\/jornada-de-ecocanje-por-el-dia-de-la-tierra-reciclables-por-plantines\/\" \/>\n<meta property=\"og:site_name\" content=\"103.9 fm\" \/>\n<meta property=\"article:publisher\" content=\"https:\/\/www.facebook.com\/ondauno103.9\" \/>\n<meta property=\"article:published_time\" content=\"2025-04-16T22:06:30+00:00\" \/>\n<meta property=\"article:modified_time\" content=\"2025-04-16T22:06:35+00:00\" \/>\n<meta property=\"og:image\" content=\"http:\/\/ondauno.com.ar\/wp-content\/uploads\/2025\/04\/WhatsApp-Image-2025-04-16-at-13.02.49-1.jpeg\" \/>\n\t<meta property=\"og:image:width\" content=\"1080\" \/>\n\t<meta property=\"og:image:height\" content=\"1080\" \/>\n\t<meta property=\"og:image:type\" content=\"image\/jpeg\" \/>\n<meta name=\"author\" content=\"OndaUno\" \/>\n<meta name=\"twitter:card\" content=\"summary_large_image\" \/>\n<meta name=\"twitter:label1\" content=\"Escrito por\" \/>\n\t<meta name=\"twitter:data1\" content=\"OndaUno\" \/>\n\t<meta name=\"twitter:label2\" content=\"Tiempo de lectura\" \/>\n\t<meta name=\"twitter:data2\" content=\"1 minuto\" \/>\n<script type=\"application\/ld+json\" class=\"yoast-schema-graph\">{\"@context\":\"https:\/\/schema.org\",\"@graph\":[{\"@type\":\"WebPage\",\"@id\":\"https:\/\/ondauno.com.ar\/index.php\/2025\/04\/16\/jornada-de-ecocanje-por-el-dia-de-la-tierra-reciclables-por-plantines\/\",\"url\":\"https:\/\/ondauno.com.ar\/index.php\/2025\/04\/16\/jornada-de-ecocanje-por-el-dia-de-la-tierra-reciclables-por-plantines\/\",\"name\":\"Jornada de EcoCanje por el D\u00eda de la Tierra: reciclables por plantines - 103.9 fm\",\"isPartOf\":{\"@id\":\"https:\/\/ondauno.com.ar\/#website\"},\"primaryImageOfPage\":{\"@id\":\"https:\/\/ondauno.com.ar\/index.php\/2025\/04\/16\/jornada-de-ecocanje-por-el-dia-de-la-tierra-reciclables-por-plantines\/#primaryimage\"},\"image\":{\"@id\":\"https:\/\/ondauno.com.ar\/index.php\/2025\/04\/16\/jornada-de-ecocanje-por-el-dia-de-la-tierra-reciclables-por-plantines\/#primaryimage\"},\"thumbnailUrl\":\"https:\/\/ondauno.com.ar\/wp-content\/uploads\/2025\/04\/WhatsApp-Image-2025-04-16-at-13.02.49-1.jpeg\",\"datePublished\":\"2025-04-16T22:06:30+00:00\",\"dateModified\":\"2025-04-16T22:06:35+00:00\",\"author\":{\"@id\":\"https:\/\/ondauno.com.ar\/#\/schema\/person\/7ec851ddeceb4133d7d7132dc645714e\"},\"breadcrumb\":{\"@id\":\"https:\/\/ondauno.com.ar\/index.php\/2025\/04\/16\/jornada-de-ecocanje-por-el-dia-de-la-tierra-reciclables-por-plantines\/#breadcrumb\"},\"inLanguage\":\"es-AR\",\"potentialAction\":[{\"@type\":\"ReadAction\",\"target\":[\"https:\/\/ondauno.com.ar\/index.php\/2025\/04\/16\/jornada-de-ecocanje-por-el-dia-de-la-tierra-reciclables-por-plantines\/\"]}]},{\"@type\":\"ImageObject\",\"inLanguage\":\"es-AR\",\"@id\":\"https:\/\/ondauno.com.ar\/index.php\/2025\/04\/16\/jornada-de-ecocanje-por-el-dia-de-la-tierra-reciclables-por-plantines\/#primaryimage\",\"url\":\"https:\/\/ondauno.com.ar\/wp-content\/uploads\/2025\/04\/WhatsApp-Image-2025-04-16-at-13.02.49-1.jpeg\",\"contentUrl\":\"https:\/\/ondauno.com.ar\/wp-content\/uploads\/2025\/04\/WhatsApp-Image-2025-04-16-at-13.02.49-1.jpeg\",\"width\":1080,\"height\":1080},{\"@type\":\"BreadcrumbList\",\"@id\":\"https:\/\/ondauno.com.ar\/index.php\/2025\/04\/16\/jornada-de-ecocanje-por-el-dia-de-la-tierra-reciclables-por-plantines\/#breadcrumb\",\"itemListElement\":[{\"@type\":\"ListItem\",\"position\":1,\"name\":\"Inicio\",\"item\":\"https:\/\/ondauno.com.ar\/\"},{\"@type\":\"ListItem\",\"position\":2,\"name\":\"Jornada de EcoCanje por el D\u00eda de la Tierra: reciclables por plantines\"}]},{\"@type\":\"WebSite\",\"@id\":\"https:\/\/ondauno.com.ar\/#website\",\"url\":\"https:\/\/ondauno.com.ar\/\",\"name\":\"103.9 fm\",\"description\":\"LA PRIMERA RADIO MULTIMEDIA DE TRES ARROYOS\",\"potentialAction\":[{\"@type\":\"SearchAction\",\"target\":{\"@type\":\"EntryPoint\",\"urlTemplate\":\"https:\/\/ondauno.com.ar\/?s={search_term_string}\"},\"query-input\":\"required name=search_term_string\"}],\"inLanguage\":\"es-AR\"},{\"@type\":\"Person\",\"@id\":\"https:\/\/ondauno.com.ar\/#\/schema\/person\/7ec851ddeceb4133d7d7132dc645714e\",\"name\":\"OndaUno\",\"image\":{\"@type\":\"ImageObject\",\"inLanguage\":\"es-AR\",\"@id\":\"https:\/\/ondauno.com.ar\/#\/schema\/person\/image\/\",\"url\":\"https:\/\/secure.gravatar.com\/avatar\/93b8009f0de7021f1feb2bd5b32fb9e8?s=96&d=mm&r=g\",\"contentUrl\":\"https:\/\/secure.gravatar.com\/avatar\/93b8009f0de7021f1feb2bd5b32fb9e8?s=96&d=mm&r=g\",\"caption\":\"OndaUno\"},\"url\":\"https:\/\/ondauno.com.ar\/index.php\/author\/ondauno\/\"}]}<\/script>\n<!-- \/ Yoast SEO plugin. -->","yoast_head_json":{"title":"Jornada de EcoCanje por el D\u00eda de la Tierra: reciclables por plantines - 103.9 fm","robots":{"index":"index","follow":"follow","max-snippet":"max-snippet:-1","max-image-preview":"max-image-preview:large","max-video-preview":"max-video-preview:-1"},"canonical":"https:\/\/ondauno.com.ar\/index.php\/2025\/04\/16\/jornada-de-ecocanje-por-el-dia-de-la-tierra-reciclables-por-plantines\/","og_locale":"es_ES","og_type":"article","og_title":"Jornada de EcoCanje por el D\u00eda de la Tierra: reciclables por plantines - 103.9 fm","og_description":"En el marco del D\u00eda de la Tierra, se realizar\u00e1 una nueva jornada de EcoCanje en la oficina de la Subsecretar\u00eda de Gesti\u00f3n Ambiental de la Municipalidad de Tres Arroyos, ubicada en Avenida G\u00fcemes 630. En el horario de 13:00 a 17:00 horas, se podr\u00e1n entregar elementos reciclables como cartones, papeles, vidrio, pl\u00e1sticos, residuos electr\u00f3nicos [&hellip;]","og_url":"https:\/\/ondauno.com.ar\/index.php\/2025\/04\/16\/jornada-de-ecocanje-por-el-dia-de-la-tierra-reciclables-por-plantines\/","og_site_name":"103.9 fm","article_publisher":"https:\/\/www.facebook.com\/ondauno103.9","article_published_time":"2025-04-16T22:06:30+00:00","article_modified_time":"2025-04-16T22:06:35+00:00","og_image":[{"width":1080,"height":1080,"url":"http:\/\/ondauno.com.ar\/wp-content\/uploads\/2025\/04\/WhatsApp-Image-2025-04-16-at-13.02.49-1.jpeg","type":"image\/jpeg"}],"author":"OndaUno","twitter_card":"summary_large_image","twitter_misc":{"Escrito por":"OndaUno","Tiempo de lectura":"1 minuto"},"schema":{"@context":"https:\/\/schema.org","@graph":[{"@type":"WebPage","@id":"https:\/\/ondauno.com.ar\/index.php\/2025\/04\/16\/jornada-de-ecocanje-por-el-dia-de-la-tierra-reciclables-por-plantines\/","url":"https:\/\/ondauno.com.ar\/index.php\/2025\/04\/16\/jornada-de-ecocanje-por-el-dia-de-la-tierra-reciclables-por-plantines\/","name":"Jornada de EcoCanje por el D\u00eda de la Tierra: reciclables por plantines - 103.9 fm","isPartOf":{"@id":"https:\/\/ondauno.com.ar\/#website"},"primaryImageOfPage":{"@id":"https:\/\/ondauno.com.ar\/index.php\/2025\/04\/16\/jornada-de-ecocanje-por-el-dia-de-la-tierra-reciclables-por-plantines\/#primaryimage"},"image":{"@id":"https:\/\/ondauno.com.ar\/index.php\/2025\/04\/16\/jornada-de-ecocanje-por-el-dia-de-la-tierra-reciclables-por-plantines\/#primaryimage"},"thumbnailUrl":"https:\/\/ondauno.com.ar\/wp-content\/uploads\/2025\/04\/WhatsApp-Image-2025-04-16-at-13.02.49-1.jpeg","datePublished":"2025-04-16T22:06:30+00:00","dateModified":"2025-04-16T22:06:35+00:00","author":{"@id":"https:\/\/ondauno.com.ar\/#\/schema\/person\/7ec851ddeceb4133d7d7132dc645714e"},"breadcrumb":{"@id":"https:\/\/ondauno.com.ar\/index.php\/2025\/04\/16\/jornada-de-ecocanje-por-el-dia-de-la-tierra-reciclables-por-plantines\/#breadcrumb"},"inLanguage":"es-AR","potentialAction":[{"@type":"ReadAction","target":["https:\/\/ondauno.com.ar\/index.php\/2025\/04\/16\/jornada-de-ecocanje-por-el-dia-de-la-tierra-reciclables-por-plantines\/"]}]},{"@type":"ImageObject","inLanguage":"es-AR","@id":"https:\/\/ondauno.com.ar\/index.php\/2025\/04\/16\/jornada-de-ecocanje-por-el-dia-de-la-tierra-reciclables-por-plantines\/#primaryimage","url":"https:\/\/ondauno.com.ar\/wp-content\/uploads\/2025\/04\/WhatsApp-Image-2025-04-16-at-13.02.49-1.jpeg","contentUrl":"https:\/\/ondauno.com.ar\/wp-content\/uploads\/2025\/04\/WhatsApp-Image-2025-04-16-at-13.02.49-1.jpeg","width":1080,"height":1080},{"@type":"BreadcrumbList","@id":"https:\/\/ondauno.com.ar\/index.php\/2025\/04\/16\/jornada-de-ecocanje-por-el-dia-de-la-tierra-reciclables-por-plantines\/#breadcrumb","itemListElement":[{"@type":"ListItem","position":1,"name":"Inicio","item":"https:\/\/ondauno.com.ar\/"},{"@type":"ListItem","position":2,"name":"Jornada de EcoCanje por el D\u00eda de la Tierra: reciclables por plantines"}]},{"@type":"WebSite","@id":"https:\/\/ondauno.com.ar\/#website","url":"https:\/\/ondauno.com.ar\/","name":"103.9 fm","description":"LA PRIMERA RADIO MULTIMEDIA DE TRES ARROYOS","potentialAction":[{"@type":"SearchAction","target":{"@type":"EntryPoint","urlTemplate":"https:\/\/ondauno.com.ar\/?s={search_term_string}"},"query-input":"required name=search_term_string"}],"inLanguage":"es-AR"},{"@type":"Person","@id":"https:\/\/ondauno.com.ar\/#\/schema\/person\/7ec851ddeceb4133d7d7132dc645714e","name":"OndaUno","image":{"@type":"ImageObject","inLanguage":"es-AR","@id":"https:\/\/ondauno.com.ar\/#\/schema\/person\/image\/","url":"https:\/\/secure.gravatar.com\/avatar\/93b8009f0de7021f1feb2bd5b32fb9e8?s=96&d=mm&r=g","contentUrl":"https:\/\/secure.gravatar.com\/avatar\/93b8009f0de7021f1feb2bd5b32fb9e8?s=96&d=mm&r=g","caption":"OndaUno"},"url":"https:\/\/ondauno.com.ar\/index.php\/author\/ondauno\/"}]}},"jetpack_publicize_connections":[],"jetpack_featured_media_url":"https:\/\/ondauno.com.ar\/wp-content\/uploads\/2025\/04\/WhatsApp-Image-2025-04-16-at-13.02.49-1.jpeg","jetpack_sharing_enabled":true,"_links":{"self":[{"href":"https:\/\/ondauno.com.ar\/index.php\/wp-json\/wp\/v2\/posts\/55309","targetHints":{"allow":["GET"]}}],"collection":[{"href":"https:\/\/ondauno.com.ar\/index.php\/wp-json\/wp\/v2\/posts"}],"about":[{"href":"https:\/\/ondauno.com.ar\/index.php\/wp-json\/wp\/v2\/types\/post"}],"author":[{"embeddable":true,"href":"https:\/\/ondauno.com.ar\/index.php\/wp-json\/wp\/v2\/users\/1"}],"replies":[{"embeddable":true,"href":"https:\/\/ondauno.com.ar\/index.php\/wp-json\/wp\/v2\/comments?post=55309"}],"version-history":[{"count":1,"href":"https:\/\/ondauno.com.ar\/index.php\/wp-json\/wp\/v2\/posts\/55309\/revisions"}],"predecessor-version":[{"id":55312,"href":"https:\/\/ondauno.com.ar\/index.php\/wp-json\/wp\/v2\/posts\/55309\/revisions\/55312"}],"wp:featuredmedia":[{"embeddable":true,"href":"https:\/\/ondauno.com.ar\/index.php\/wp-json\/wp\/v2\/media\/55311"}],"wp:attachment":[{"href":"https:\/\/ondauno.com.ar\/index.php\/wp-json\/wp\/v2\/media?parent=55309"}],"wp:term":[{"taxonomy":"category","embeddable":true,"href":"https:\/\/ondauno.com.ar\/index.php\/wp-json\/wp\/v2\/categories?post=55309"},{"taxonomy":"post_tag","embeddable":true,"href":"https:\/\/ondauno.com.ar\/index.php\/wp-json\/wp\/v2\/tags?post=55309"}],"curies":[{"name":"wp","href":"https:\/\/api.w.org\/{rel}","templated":true}]}}