{"id":55306,"date":"2025-04-16T19:01:09","date_gmt":"2025-04-16T22:01:09","guid":{"rendered":"https:\/\/ondauno.com.ar\/?p=55306"},"modified":"2025-04-16T19:01:13","modified_gmt":"2025-04-16T22:01:13","slug":"capacitacion-para-personal-de-salud-en-deteccion-de-posibles-casos-de-tuberculosis","status":"publish","type":"post","link":"https:\/\/ondauno.com.ar\/index.php\/2025\/04\/16\/capacitacion-para-personal-de-salud-en-deteccion-de-posibles-casos-de-tuberculosis\/","title":{"rendered":"Capacitaci\u00f3n para personal de salud en detecci\u00f3n de posibles casos de tuberculosis"},"content":{"rendered":"<div class=\"ondau-before-content_3\" style=\"margin-top: -30px;\" id=\"ondau-2276111821\"><a href=\"https:\/\/www.lps.com.ar\/\" aria-label=\"la-perse2\"><img loading=\"lazy\" decoding=\"async\" src=\"https:\/\/ondauno.com.ar\/wp-content\/uploads\/2021\/10\/la-perse2.jpg\" alt=\"\"  srcset=\"https:\/\/ondauno.com.ar\/wp-content\/uploads\/2021\/10\/la-perse2.jpg 1353w, https:\/\/ondauno.com.ar\/wp-content\/uploads\/2021\/10\/la-perse2-300x43.jpg 300w, https:\/\/ondauno.com.ar\/wp-content\/uploads\/2021\/10\/la-perse2-1024x148.jpg 1024w, https:\/\/ondauno.com.ar\/wp-content\/uploads\/2021\/10\/la-perse2-768x111.jpg 768w, https:\/\/ondauno.com.ar\/wp-content\/uploads\/2021\/10\/la-perse2-696x100.jpg 696w, https:\/\/ondauno.com.ar\/wp-content\/uploads\/2021\/10\/la-perse2-1068x154.jpg 1068w\" sizes=\"(max-width: 1353px) 100vw, 1353px\" class=\"no-lazyload\" width=\"1353\" height=\"195\"  style=\"display: inline-block;\" \/><\/a><\/div>\n<p>Desde el Centro Municipal de Salud se inici\u00f3 una nueva instancia de capacitaci\u00f3n destinada al personal de salud del distrito, con el objetivo de fortalecer las herramientas para la detecci\u00f3n temprana de posibles casos de tuberculosis y saber c\u00f3mo actuar ante eventuales situaciones.<\/p>\n\n\n\n<p>La jornada se desarroll\u00f3 en el Aula del Comit\u00e9 de Docencia del Centro Municipal de Salud y fue impulsada desde el consultorio de Neumonolog\u00eda y el Servicio Social, con el acompa\u00f1amiento y aval de la Regi\u00f3n Sanitaria. Esta es la tercera edici\u00f3n de esta propuesta, que forma parte de una estrategia de salud p\u00fablica para profundizar la prevenci\u00f3n y mejorar la atenci\u00f3n ante enfermedades infectocontagiosas.<\/p>\n\n\n\n<p>La charla estuvo dirigida a profesionales de distintas \u00e1reas del sistema de salud, quienes participaron activamente para actualizar y reforzar los protocolos de actuaci\u00f3n, contribuyendo a una red sanitaria m\u00e1s preparada y consciente.<\/p>\n\n\n\n<p>Mabel Chirino, neumon\u00f3loga a cargo de la capacitaci\u00f3n, remarc\u00f3: \u201cEs importante conocer los s\u00edntomas en las primeras instancias, no hay que estigmatizar la enfermedad. Cualquier persona puede tener tuberculosis y lo fundamental es saber que tiene cura.\u201d<\/p>\n\n\n\n<p>Desde el centro de salud se contin\u00faa trabajando en la capacitaci\u00f3n permanente del personal, como una pol\u00edtica central para garantizar una atenci\u00f3n de calidad a todos los vecinos.<\/p>\n","protected":false},"excerpt":{"rendered":"<p>Desde el Centro Municipal de Salud se inici\u00f3 una nueva instancia de capacitaci\u00f3n destinada al personal de salud del distrito, con el objetivo de fortalecer las herramientas para la detecci\u00f3n temprana de posibles casos de tuberculosis y saber c\u00f3mo actuar ante eventuales situaciones. La jornada se desarroll\u00f3 en el Aula del Comit\u00e9 de Docencia del [&hellip;]<\/p>\n","protected":false},"author":1,"featured_media":55307,"comment_status":"open","ping_status":"open","sticky":false,"template":"","format":"standard","meta":{"tdm_status":"","tdm_grid_status":"","_jetpack_memberships_contains_paid_content":false,"footnotes":"","jetpack_publicize_message":"","jetpack_publicize_feature_enabled":true,"jetpack_social_post_already_shared":true,"jetpack_social_options":{"image_generator_settings":{"template":"highway","default_image_id":0,"font":"","enabled":false},"version":2}},"categories":[2],"tags":[],"class_list":{"0":"post-55306","1":"post","2":"type-post","3":"status-publish","4":"format-standard","5":"has-post-thumbnail","7":"category-locales"},"yoast_head":"<!-- This site is optimized with the Yoast SEO plugin v22.7 - https:\/\/yoast.com\/wordpress\/plugins\/seo\/ -->\n<title>Capacitaci\u00f3n para personal de salud en detecci\u00f3n de posibles casos de tuberculosis - 103.9 fm<\/title>\n<meta name=\"robots\" content=\"index, follow, max-snippet:-1, max-image-preview:large, max-video-preview:-1\" \/>\n<link rel=\"canonical\" href=\"https:\/\/ondauno.com.ar\/index.php\/2025\/04\/16\/capacitacion-para-personal-de-salud-en-deteccion-de-posibles-casos-de-tuberculosis\/\" \/>\n<meta property=\"og:locale\" content=\"es_ES\" \/>\n<meta property=\"og:type\" content=\"article\" \/>\n<meta property=\"og:title\" content=\"Capacitaci\u00f3n para personal de salud en detecci\u00f3n de posibles casos de tuberculosis - 103.9 fm\" \/>\n<meta property=\"og:description\" content=\"Desde el Centro Municipal de Salud se inici\u00f3 una nueva instancia de capacitaci\u00f3n destinada al personal de salud del distrito, con el objetivo de fortalecer las herramientas para la detecci\u00f3n temprana de posibles casos de tuberculosis y saber c\u00f3mo actuar ante eventuales situaciones. La jornada se desarroll\u00f3 en el Aula del Comit\u00e9 de Docencia del [&hellip;]\" \/>\n<meta property=\"og:url\" content=\"https:\/\/ondauno.com.ar\/index.php\/2025\/04\/16\/capacitacion-para-personal-de-salud-en-deteccion-de-posibles-casos-de-tuberculosis\/\" \/>\n<meta property=\"og:site_name\" content=\"103.9 fm\" \/>\n<meta property=\"article:publisher\" content=\"https:\/\/www.facebook.com\/ondauno103.9\" \/>\n<meta property=\"article:published_time\" content=\"2025-04-16T22:01:09+00:00\" \/>\n<meta property=\"article:modified_time\" content=\"2025-04-16T22:01:13+00:00\" \/>\n<meta property=\"og:image\" content=\"http:\/\/ondauno.com.ar\/wp-content\/uploads\/2025\/04\/DSC_0332editada.jpg\" \/>\n\t<meta property=\"og:image:width\" content=\"890\" \/>\n\t<meta property=\"og:image:height\" content=\"593\" \/>\n\t<meta property=\"og:image:type\" content=\"image\/jpeg\" \/>\n<meta name=\"author\" content=\"OndaUno\" \/>\n<meta name=\"twitter:card\" content=\"summary_large_image\" \/>\n<meta name=\"twitter:label1\" content=\"Escrito por\" \/>\n\t<meta name=\"twitter:data1\" content=\"OndaUno\" \/>\n\t<meta name=\"twitter:label2\" content=\"Tiempo de lectura\" \/>\n\t<meta name=\"twitter:data2\" content=\"2 minutos\" \/>\n<script type=\"application\/ld+json\" class=\"yoast-schema-graph\">{\"@context\":\"https:\/\/schema.org\",\"@graph\":[{\"@type\":\"WebPage\",\"@id\":\"https:\/\/ondauno.com.ar\/index.php\/2025\/04\/16\/capacitacion-para-personal-de-salud-en-deteccion-de-posibles-casos-de-tuberculosis\/\",\"url\":\"https:\/\/ondauno.com.ar\/index.php\/2025\/04\/16\/capacitacion-para-personal-de-salud-en-deteccion-de-posibles-casos-de-tuberculosis\/\",\"name\":\"Capacitaci\u00f3n para personal de salud en detecci\u00f3n de posibles casos de tuberculosis - 103.9 fm\",\"isPartOf\":{\"@id\":\"https:\/\/ondauno.com.ar\/#website\"},\"primaryImageOfPage\":{\"@id\":\"https:\/\/ondauno.com.ar\/index.php\/2025\/04\/16\/capacitacion-para-personal-de-salud-en-deteccion-de-posibles-casos-de-tuberculosis\/#primaryimage\"},\"image\":{\"@id\":\"https:\/\/ondauno.com.ar\/index.php\/2025\/04\/16\/capacitacion-para-personal-de-salud-en-deteccion-de-posibles-casos-de-tuberculosis\/#primaryimage\"},\"thumbnailUrl\":\"https:\/\/ondauno.com.ar\/wp-content\/uploads\/2025\/04\/DSC_0332editada.jpg\",\"datePublished\":\"2025-04-16T22:01:09+00:00\",\"dateModified\":\"2025-04-16T22:01:13+00:00\",\"author\":{\"@id\":\"https:\/\/ondauno.com.ar\/#\/schema\/person\/7ec851ddeceb4133d7d7132dc645714e\"},\"breadcrumb\":{\"@id\":\"https:\/\/ondauno.com.ar\/index.php\/2025\/04\/16\/capacitacion-para-personal-de-salud-en-deteccion-de-posibles-casos-de-tuberculosis\/#breadcrumb\"},\"inLanguage\":\"es-AR\",\"potentialAction\":[{\"@type\":\"ReadAction\",\"target\":[\"https:\/\/ondauno.com.ar\/index.php\/2025\/04\/16\/capacitacion-para-personal-de-salud-en-deteccion-de-posibles-casos-de-tuberculosis\/\"]}]},{\"@type\":\"ImageObject\",\"inLanguage\":\"es-AR\",\"@id\":\"https:\/\/ondauno.com.ar\/index.php\/2025\/04\/16\/capacitacion-para-personal-de-salud-en-deteccion-de-posibles-casos-de-tuberculosis\/#primaryimage\",\"url\":\"https:\/\/ondauno.com.ar\/wp-content\/uploads\/2025\/04\/DSC_0332editada.jpg\",\"contentUrl\":\"https:\/\/ondauno.com.ar\/wp-content\/uploads\/2025\/04\/DSC_0332editada.jpg\",\"width\":890,\"height\":593},{\"@type\":\"BreadcrumbList\",\"@id\":\"https:\/\/ondauno.com.ar\/index.php\/2025\/04\/16\/capacitacion-para-personal-de-salud-en-deteccion-de-posibles-casos-de-tuberculosis\/#breadcrumb\",\"itemListElement\":[{\"@type\":\"ListItem\",\"position\":1,\"name\":\"Inicio\",\"item\":\"https:\/\/ondauno.com.ar\/\"},{\"@type\":\"ListItem\",\"position\":2,\"name\":\"Capacitaci\u00f3n para personal de salud en detecci\u00f3n de posibles casos de tuberculosis\"}]},{\"@type\":\"WebSite\",\"@id\":\"https:\/\/ondauno.com.ar\/#website\",\"url\":\"https:\/\/ondauno.com.ar\/\",\"name\":\"103.9 fm\",\"description\":\"LA PRIMERA RADIO MULTIMEDIA DE TRES ARROYOS\",\"potentialAction\":[{\"@type\":\"SearchAction\",\"target\":{\"@type\":\"EntryPoint\",\"urlTemplate\":\"https:\/\/ondauno.com.ar\/?s={search_term_string}\"},\"query-input\":\"required name=search_term_string\"}],\"inLanguage\":\"es-AR\"},{\"@type\":\"Person\",\"@id\":\"https:\/\/ondauno.com.ar\/#\/schema\/person\/7ec851ddeceb4133d7d7132dc645714e\",\"name\":\"OndaUno\",\"image\":{\"@type\":\"ImageObject\",\"inLanguage\":\"es-AR\",\"@id\":\"https:\/\/ondauno.com.ar\/#\/schema\/person\/image\/\",\"url\":\"https:\/\/secure.gravatar.com\/avatar\/93b8009f0de7021f1feb2bd5b32fb9e8?s=96&d=mm&r=g\",\"contentUrl\":\"https:\/\/secure.gravatar.com\/avatar\/93b8009f0de7021f1feb2bd5b32fb9e8?s=96&d=mm&r=g\",\"caption\":\"OndaUno\"},\"url\":\"https:\/\/ondauno.com.ar\/index.php\/author\/ondauno\/\"}]}<\/script>\n<!-- \/ Yoast SEO plugin. -->","yoast_head_json":{"title":"Capacitaci\u00f3n para personal de salud en detecci\u00f3n de posibles casos de tuberculosis - 103.9 fm","robots":{"index":"index","follow":"follow","max-snippet":"max-snippet:-1","max-image-preview":"max-image-preview:large","max-video-preview":"max-video-preview:-1"},"canonical":"https:\/\/ondauno.com.ar\/index.php\/2025\/04\/16\/capacitacion-para-personal-de-salud-en-deteccion-de-posibles-casos-de-tuberculosis\/","og_locale":"es_ES","og_type":"article","og_title":"Capacitaci\u00f3n para personal de salud en detecci\u00f3n de posibles casos de tuberculosis - 103.9 fm","og_description":"Desde el Centro Municipal de Salud se inici\u00f3 una nueva instancia de capacitaci\u00f3n destinada al personal de salud del distrito, con el objetivo de fortalecer las herramientas para la detecci\u00f3n temprana de posibles casos de tuberculosis y saber c\u00f3mo actuar ante eventuales situaciones. La jornada se desarroll\u00f3 en el Aula del Comit\u00e9 de Docencia del [&hellip;]","og_url":"https:\/\/ondauno.com.ar\/index.php\/2025\/04\/16\/capacitacion-para-personal-de-salud-en-deteccion-de-posibles-casos-de-tuberculosis\/","og_site_name":"103.9 fm","article_publisher":"https:\/\/www.facebook.com\/ondauno103.9","article_published_time":"2025-04-16T22:01:09+00:00","article_modified_time":"2025-04-16T22:01:13+00:00","og_image":[{"width":890,"height":593,"url":"http:\/\/ondauno.com.ar\/wp-content\/uploads\/2025\/04\/DSC_0332editada.jpg","type":"image\/jpeg"}],"author":"OndaUno","twitter_card":"summary_large_image","twitter_misc":{"Escrito por":"OndaUno","Tiempo de lectura":"2 minutos"},"schema":{"@context":"https:\/\/schema.org","@graph":[{"@type":"WebPage","@id":"https:\/\/ondauno.com.ar\/index.php\/2025\/04\/16\/capacitacion-para-personal-de-salud-en-deteccion-de-posibles-casos-de-tuberculosis\/","url":"https:\/\/ondauno.com.ar\/index.php\/2025\/04\/16\/capacitacion-para-personal-de-salud-en-deteccion-de-posibles-casos-de-tuberculosis\/","name":"Capacitaci\u00f3n para personal de salud en detecci\u00f3n de posibles casos de tuberculosis - 103.9 fm","isPartOf":{"@id":"https:\/\/ondauno.com.ar\/#website"},"primaryImageOfPage":{"@id":"https:\/\/ondauno.com.ar\/index.php\/2025\/04\/16\/capacitacion-para-personal-de-salud-en-deteccion-de-posibles-casos-de-tuberculosis\/#primaryimage"},"image":{"@id":"https:\/\/ondauno.com.ar\/index.php\/2025\/04\/16\/capacitacion-para-personal-de-salud-en-deteccion-de-posibles-casos-de-tuberculosis\/#primaryimage"},"thumbnailUrl":"https:\/\/ondauno.com.ar\/wp-content\/uploads\/2025\/04\/DSC_0332editada.jpg","datePublished":"2025-04-16T22:01:09+00:00","dateModified":"2025-04-16T22:01:13+00:00","author":{"@id":"https:\/\/ondauno.com.ar\/#\/schema\/person\/7ec851ddeceb4133d7d7132dc645714e"},"breadcrumb":{"@id":"https:\/\/ondauno.com.ar\/index.php\/2025\/04\/16\/capacitacion-para-personal-de-salud-en-deteccion-de-posibles-casos-de-tuberculosis\/#breadcrumb"},"inLanguage":"es-AR","potentialAction":[{"@type":"ReadAction","target":["https:\/\/ondauno.com.ar\/index.php\/2025\/04\/16\/capacitacion-para-personal-de-salud-en-deteccion-de-posibles-casos-de-tuberculosis\/"]}]},{"@type":"ImageObject","inLanguage":"es-AR","@id":"https:\/\/ondauno.com.ar\/index.php\/2025\/04\/16\/capacitacion-para-personal-de-salud-en-deteccion-de-posibles-casos-de-tuberculosis\/#primaryimage","url":"https:\/\/ondauno.com.ar\/wp-content\/uploads\/2025\/04\/DSC_0332editada.jpg","contentUrl":"https:\/\/ondauno.com.ar\/wp-content\/uploads\/2025\/04\/DSC_0332editada.jpg","width":890,"height":593},{"@type":"BreadcrumbList","@id":"https:\/\/ondauno.com.ar\/index.php\/2025\/04\/16\/capacitacion-para-personal-de-salud-en-deteccion-de-posibles-casos-de-tuberculosis\/#breadcrumb","itemListElement":[{"@type":"ListItem","position":1,"name":"Inicio","item":"https:\/\/ondauno.com.ar\/"},{"@type":"ListItem","position":2,"name":"Capacitaci\u00f3n para personal de salud en detecci\u00f3n de posibles casos de tuberculosis"}]},{"@type":"WebSite","@id":"https:\/\/ondauno.com.ar\/#website","url":"https:\/\/ondauno.com.ar\/","name":"103.9 fm","description":"LA PRIMERA RADIO MULTIMEDIA DE TRES ARROYOS","potentialAction":[{"@type":"SearchAction","target":{"@type":"EntryPoint","urlTemplate":"https:\/\/ondauno.com.ar\/?s={search_term_string}"},"query-input":"required name=search_term_string"}],"inLanguage":"es-AR"},{"@type":"Person","@id":"https:\/\/ondauno.com.ar\/#\/schema\/person\/7ec851ddeceb4133d7d7132dc645714e","name":"OndaUno","image":{"@type":"ImageObject","inLanguage":"es-AR","@id":"https:\/\/ondauno.com.ar\/#\/schema\/person\/image\/","url":"https:\/\/secure.gravatar.com\/avatar\/93b8009f0de7021f1feb2bd5b32fb9e8?s=96&d=mm&r=g","contentUrl":"https:\/\/secure.gravatar.com\/avatar\/93b8009f0de7021f1feb2bd5b32fb9e8?s=96&d=mm&r=g","caption":"OndaUno"},"url":"https:\/\/ondauno.com.ar\/index.php\/author\/ondauno\/"}]}},"jetpack_publicize_connections":[],"jetpack_featured_media_url":"https:\/\/ondauno.com.ar\/wp-content\/uploads\/2025\/04\/DSC_0332editada.jpg","jetpack_sharing_enabled":true,"_links":{"self":[{"href":"https:\/\/ondauno.com.ar\/index.php\/wp-json\/wp\/v2\/posts\/55306","targetHints":{"allow":["GET"]}}],"collection":[{"href":"https:\/\/ondauno.com.ar\/index.php\/wp-json\/wp\/v2\/posts"}],"about":[{"href":"https:\/\/ondauno.com.ar\/index.php\/wp-json\/wp\/v2\/types\/post"}],"author":[{"embeddable":true,"href":"https:\/\/ondauno.com.ar\/index.php\/wp-json\/wp\/v2\/users\/1"}],"replies":[{"embeddable":true,"href":"https:\/\/ondauno.com.ar\/index.php\/wp-json\/wp\/v2\/comments?post=55306"}],"version-history":[{"count":1,"href":"https:\/\/ondauno.com.ar\/index.php\/wp-json\/wp\/v2\/posts\/55306\/revisions"}],"predecessor-version":[{"id":55308,"href":"https:\/\/ondauno.com.ar\/index.php\/wp-json\/wp\/v2\/posts\/55306\/revisions\/55308"}],"wp:featuredmedia":[{"embeddable":true,"href":"https:\/\/ondauno.com.ar\/index.php\/wp-json\/wp\/v2\/media\/55307"}],"wp:attachment":[{"href":"https:\/\/ondauno.com.ar\/index.php\/wp-json\/wp\/v2\/media?parent=55306"}],"wp:term":[{"taxonomy":"category","embeddable":true,"href":"https:\/\/ondauno.com.ar\/index.php\/wp-json\/wp\/v2\/categories?post=55306"},{"taxonomy":"post_tag","embeddable":true,"href":"https:\/\/ondauno.com.ar\/index.php\/wp-json\/wp\/v2\/tags?post=55306"}],"curies":[{"name":"wp","href":"https:\/\/api.w.org\/{rel}","templated":true}]}}