{"id":55292,"date":"2025-04-15T20:35:07","date_gmt":"2025-04-15T23:35:07","guid":{"rendered":"https:\/\/ondauno.com.ar\/?p=55292"},"modified":"2025-04-15T20:35:12","modified_gmt":"2025-04-15T23:35:12","slug":"tiene-un-futuro-enorme-daniel-muisse-busca-sumar-sponsors-para-su-hija-oliva-en-la-formula-3","status":"publish","type":"post","link":"https:\/\/ondauno.com.ar\/index.php\/2025\/04\/15\/tiene-un-futuro-enorme-daniel-muisse-busca-sumar-sponsors-para-su-hija-oliva-en-la-formula-3\/","title":{"rendered":"\u201cTiene un futuro enorme&#8221;: Daniel Muisse busca sumar sponsors para su hija Oliva en la F\u00f3rmula 3"},"content":{"rendered":"<div class=\"ondau-before-content_3\" style=\"margin-top: -30px;\" id=\"ondau-1328955016\"><a href=\"https:\/\/www.lps.com.ar\/\" aria-label=\"la-perse2\"><img loading=\"lazy\" decoding=\"async\" src=\"https:\/\/ondauno.com.ar\/wp-content\/uploads\/2021\/10\/la-perse2.jpg\" alt=\"\"  srcset=\"https:\/\/ondauno.com.ar\/wp-content\/uploads\/2021\/10\/la-perse2.jpg 1353w, https:\/\/ondauno.com.ar\/wp-content\/uploads\/2021\/10\/la-perse2-300x43.jpg 300w, https:\/\/ondauno.com.ar\/wp-content\/uploads\/2021\/10\/la-perse2-1024x148.jpg 1024w, https:\/\/ondauno.com.ar\/wp-content\/uploads\/2021\/10\/la-perse2-768x111.jpg 768w, https:\/\/ondauno.com.ar\/wp-content\/uploads\/2021\/10\/la-perse2-696x100.jpg 696w, https:\/\/ondauno.com.ar\/wp-content\/uploads\/2021\/10\/la-perse2-1068x154.jpg 1068w\" sizes=\"(max-width: 1353px) 100vw, 1353px\" class=\"no-lazyload\" width=\"1353\" height=\"195\"  style=\"display: inline-block;\" \/><\/a><\/div>\n<p class=\"has-small-font-size\"><em><strong>Daniel Muisse en Cosas que pasan<\/strong><\/em><\/p>\n\n\n\n<p>Con apenas 19 a\u00f1os, Oliva Muisse es la \u00fanica automovilista de Tres Arroyos compitiendo en una categor\u00eda nacional en la actualidad.<\/p>\n\n\n\n<figure class=\"wp-block-image size-large\"><img loading=\"lazy\" decoding=\"async\" width=\"576\" height=\"1024\" data-src=\"https:\/\/ondauno.com.ar\/wp-content\/uploads\/2025\/04\/WhatsApp-Image-2025-04-15-at-18.45.05-576x1024.jpeg\" alt=\"\" class=\"wp-image-55294 lazyload\" data-srcset=\"https:\/\/ondauno.com.ar\/wp-content\/uploads\/2025\/04\/WhatsApp-Image-2025-04-15-at-18.45.05-576x1024.jpeg 576w, https:\/\/ondauno.com.ar\/wp-content\/uploads\/2025\/04\/WhatsApp-Image-2025-04-15-at-18.45.05-169x300.jpeg 169w, https:\/\/ondauno.com.ar\/wp-content\/uploads\/2025\/04\/WhatsApp-Image-2025-04-15-at-18.45.05-236x420.jpeg 236w, https:\/\/ondauno.com.ar\/wp-content\/uploads\/2025\/04\/WhatsApp-Image-2025-04-15-at-18.45.05-696x1237.jpeg 696w, https:\/\/ondauno.com.ar\/wp-content\/uploads\/2025\/04\/WhatsApp-Image-2025-04-15-at-18.45.05.jpeg 720w\" data-sizes=\"auto, (max-width: 576px) 100vw, 576px\" src=\"data:image\/gif;base64,R0lGODlhAQABAAAAACH5BAEKAAEALAAAAAABAAEAAAICTAEAOw==\" style=\"--smush-placeholder-width: 576px; --smush-placeholder-aspect-ratio: 576\/1024;\" \/><noscript><img loading=\"lazy\" decoding=\"async\" width=\"576\" height=\"1024\" src=\"https:\/\/ondauno.com.ar\/wp-content\/uploads\/2025\/04\/WhatsApp-Image-2025-04-15-at-18.45.05-576x1024.jpeg\" alt=\"\" class=\"wp-image-55294\" srcset=\"https:\/\/ondauno.com.ar\/wp-content\/uploads\/2025\/04\/WhatsApp-Image-2025-04-15-at-18.45.05-576x1024.jpeg 576w, https:\/\/ondauno.com.ar\/wp-content\/uploads\/2025\/04\/WhatsApp-Image-2025-04-15-at-18.45.05-169x300.jpeg 169w, https:\/\/ondauno.com.ar\/wp-content\/uploads\/2025\/04\/WhatsApp-Image-2025-04-15-at-18.45.05-236x420.jpeg 236w, https:\/\/ondauno.com.ar\/wp-content\/uploads\/2025\/04\/WhatsApp-Image-2025-04-15-at-18.45.05-696x1237.jpeg 696w, https:\/\/ondauno.com.ar\/wp-content\/uploads\/2025\/04\/WhatsApp-Image-2025-04-15-at-18.45.05.jpeg 720w\" sizes=\"auto, (max-width: 576px) 100vw, 576px\" \/><\/noscript><\/figure>\n\n\n\n<p>Corre en la F\u00f3rmula 3 Metropolitana, una categor\u00eda clave en el camino hacia categor\u00edas mayores como el Turismo Carretera, y lo hace con el empuje de toda una familia que la acompa\u00f1a en cada paso.<br>Su padre, Daniel Muisse, mec\u00e1nico y expiloto, habl\u00f3 en el programa Cosas que pasan sobre la proyecci\u00f3n de su hija y la necesidad urgente de sumar apoyo para que pueda seguir creciendo en el deporte.<\/p>\n\n\n\n<p>\u201cOliva tiene un potencial enorme. Est\u00e1 corriendo contra los mejores chicos del pa\u00eds, pilotos de experiencia, y no se achica. Tiene cabeza, tiene manos y tiene muchas ganas. Pero este es un deporte muy caro, y necesitamos que m\u00e1s gente se sume a apoyarla para que no se le cierre el camino\u201d, expres\u00f3 Daniel.<\/p>\n\n\n\n<p>Desde muy chica Oliva demostr\u00f3 que lo suyo no era un hobby. \u201cCuando la sub\u00ed por primera vez a un karting, me di cuenta de que no ten\u00eda miedo. No quer\u00eda jugar, quer\u00eda correr. Siempre quiso competir de igual a igual, contra hombres, en las categor\u00edas m\u00e1s exigentes\u201d, record\u00f3 su padre.<\/p>\n\n\n\n<figure class=\"wp-block-image size-large\"><img loading=\"lazy\" decoding=\"async\" width=\"1024\" height=\"682\" data-src=\"https:\/\/ondauno.com.ar\/wp-content\/uploads\/2025\/04\/WhatsApp-Image-2025-04-15-at-18.45.20-1024x682.jpeg\" alt=\"\" class=\"wp-image-55295 lazyload\" data-srcset=\"https:\/\/ondauno.com.ar\/wp-content\/uploads\/2025\/04\/WhatsApp-Image-2025-04-15-at-18.45.20-1024x682.jpeg 1024w, https:\/\/ondauno.com.ar\/wp-content\/uploads\/2025\/04\/WhatsApp-Image-2025-04-15-at-18.45.20-300x200.jpeg 300w, https:\/\/ondauno.com.ar\/wp-content\/uploads\/2025\/04\/WhatsApp-Image-2025-04-15-at-18.45.20-768x511.jpeg 768w, https:\/\/ondauno.com.ar\/wp-content\/uploads\/2025\/04\/WhatsApp-Image-2025-04-15-at-18.45.20-631x420.jpeg 631w, https:\/\/ondauno.com.ar\/wp-content\/uploads\/2025\/04\/WhatsApp-Image-2025-04-15-at-18.45.20-696x463.jpeg 696w, https:\/\/ondauno.com.ar\/wp-content\/uploads\/2025\/04\/WhatsApp-Image-2025-04-15-at-18.45.20-1068x711.jpeg 1068w, https:\/\/ondauno.com.ar\/wp-content\/uploads\/2025\/04\/WhatsApp-Image-2025-04-15-at-18.45.20.jpeg 1280w\" data-sizes=\"auto, (max-width: 1024px) 100vw, 1024px\" src=\"data:image\/gif;base64,R0lGODlhAQABAAAAACH5BAEKAAEALAAAAAABAAEAAAICTAEAOw==\" style=\"--smush-placeholder-width: 1024px; --smush-placeholder-aspect-ratio: 1024\/682;\" \/><noscript><img loading=\"lazy\" decoding=\"async\" width=\"1024\" height=\"682\" src=\"https:\/\/ondauno.com.ar\/wp-content\/uploads\/2025\/04\/WhatsApp-Image-2025-04-15-at-18.45.20-1024x682.jpeg\" alt=\"\" class=\"wp-image-55295\" srcset=\"https:\/\/ondauno.com.ar\/wp-content\/uploads\/2025\/04\/WhatsApp-Image-2025-04-15-at-18.45.20-1024x682.jpeg 1024w, https:\/\/ondauno.com.ar\/wp-content\/uploads\/2025\/04\/WhatsApp-Image-2025-04-15-at-18.45.20-300x200.jpeg 300w, https:\/\/ondauno.com.ar\/wp-content\/uploads\/2025\/04\/WhatsApp-Image-2025-04-15-at-18.45.20-768x511.jpeg 768w, https:\/\/ondauno.com.ar\/wp-content\/uploads\/2025\/04\/WhatsApp-Image-2025-04-15-at-18.45.20-631x420.jpeg 631w, https:\/\/ondauno.com.ar\/wp-content\/uploads\/2025\/04\/WhatsApp-Image-2025-04-15-at-18.45.20-696x463.jpeg 696w, https:\/\/ondauno.com.ar\/wp-content\/uploads\/2025\/04\/WhatsApp-Image-2025-04-15-at-18.45.20-1068x711.jpeg 1068w, https:\/\/ondauno.com.ar\/wp-content\/uploads\/2025\/04\/WhatsApp-Image-2025-04-15-at-18.45.20.jpeg 1280w\" sizes=\"auto, (max-width: 1024px) 100vw, 1024px\" \/><\/noscript><\/figure>\n\n\n\n<p>El salto a la F\u00f3rmula 3 Metropolitana no fue casualidad. Tras destacarse en karting y en el Top Race Junior, donde sorprendi\u00f3 con su rendimiento a los 15 a\u00f1os, Oliva dio el paso a una de las divisiones m\u00e1s competitivas del pa\u00eds.<br>\u201cEs una categor\u00eda de fierros de verdad. Ten\u00e9s que estar muy preparado y ella est\u00e1 a la altura. Pero para seguir compitiendo necesitamos sumar sponsors que nos ayuden a sostener este proyecto\u201d, explic\u00f3 Daniel.<\/p>\n\n\n\n<p>Seg\u00fan cont\u00f3 los resultados ya empezaron a llegar. \u201cEn la \u00faltima carrera gan\u00f3 en la tabla femenina y pele\u00f3 bien arriba en la general. Est\u00e1 cada vez m\u00e1s firme, m\u00e1s madura. El objetivo es que pueda tener una temporada completa y seguir escalando. Pero sin ayuda, es muy dif\u00edcil\u201d.<\/p>\n\n\n\n<p>Las carreras de Oliva se pueden ver por Deportv y la TV P\u00fablica. Quienes quieran apoyar su carrera pueden comunicarse con Daniel Muisse al 994 935.<\/p>\n\n\n\n<figure class=\"wp-block-embed is-type-video is-provider-youtube wp-block-embed-youtube wp-embed-aspect-16-9 wp-has-aspect-ratio\"><div class=\"wp-block-embed__wrapper\">\n<div class=\"youtube-embed\" data-video_id=\"zebwyttexXE\"><iframe loading=\"lazy\" title=\"Onda Uno 103.9 en vivo\" width=\"696\" height=\"392\" data-src=\"https:\/\/www.youtube.com\/embed\/zebwyttexXE?start=29&#038;feature=oembed\" frameborder=\"0\" allow=\"accelerometer; autoplay; clipboard-write; encrypted-media; gyroscope; picture-in-picture; web-share\" referrerpolicy=\"strict-origin-when-cross-origin\" allowfullscreen src=\"data:image\/gif;base64,R0lGODlhAQABAAAAACH5BAEKAAEALAAAAAABAAEAAAICTAEAOw==\" class=\"lazyload\" data-load-mode=\"1\"><\/iframe><\/div>\n<\/div><\/figure>\n\n\n\n<figure class=\"wp-block-image size-large\"><img loading=\"lazy\" decoding=\"async\" width=\"1024\" height=\"677\" data-src=\"https:\/\/ondauno.com.ar\/wp-content\/uploads\/2025\/04\/WhatsApp-Image-2025-04-15-at-18.45.21-1-1024x677.jpeg\" alt=\"\" class=\"wp-image-55296 lazyload\" data-srcset=\"https:\/\/ondauno.com.ar\/wp-content\/uploads\/2025\/04\/WhatsApp-Image-2025-04-15-at-18.45.21-1-1024x677.jpeg 1024w, https:\/\/ondauno.com.ar\/wp-content\/uploads\/2025\/04\/WhatsApp-Image-2025-04-15-at-18.45.21-1-300x198.jpeg 300w, https:\/\/ondauno.com.ar\/wp-content\/uploads\/2025\/04\/WhatsApp-Image-2025-04-15-at-18.45.21-1-768x508.jpeg 768w, https:\/\/ondauno.com.ar\/wp-content\/uploads\/2025\/04\/WhatsApp-Image-2025-04-15-at-18.45.21-1-635x420.jpeg 635w, https:\/\/ondauno.com.ar\/wp-content\/uploads\/2025\/04\/WhatsApp-Image-2025-04-15-at-18.45.21-1-696x460.jpeg 696w, https:\/\/ondauno.com.ar\/wp-content\/uploads\/2025\/04\/WhatsApp-Image-2025-04-15-at-18.45.21-1-1068x706.jpeg 1068w, https:\/\/ondauno.com.ar\/wp-content\/uploads\/2025\/04\/WhatsApp-Image-2025-04-15-at-18.45.21-1.jpeg 1280w\" data-sizes=\"auto, (max-width: 1024px) 100vw, 1024px\" src=\"data:image\/gif;base64,R0lGODlhAQABAAAAACH5BAEKAAEALAAAAAABAAEAAAICTAEAOw==\" style=\"--smush-placeholder-width: 1024px; --smush-placeholder-aspect-ratio: 1024\/677;\" \/><noscript><img loading=\"lazy\" decoding=\"async\" width=\"1024\" height=\"677\" src=\"https:\/\/ondauno.com.ar\/wp-content\/uploads\/2025\/04\/WhatsApp-Image-2025-04-15-at-18.45.21-1-1024x677.jpeg\" alt=\"\" class=\"wp-image-55296\" srcset=\"https:\/\/ondauno.com.ar\/wp-content\/uploads\/2025\/04\/WhatsApp-Image-2025-04-15-at-18.45.21-1-1024x677.jpeg 1024w, https:\/\/ondauno.com.ar\/wp-content\/uploads\/2025\/04\/WhatsApp-Image-2025-04-15-at-18.45.21-1-300x198.jpeg 300w, https:\/\/ondauno.com.ar\/wp-content\/uploads\/2025\/04\/WhatsApp-Image-2025-04-15-at-18.45.21-1-768x508.jpeg 768w, https:\/\/ondauno.com.ar\/wp-content\/uploads\/2025\/04\/WhatsApp-Image-2025-04-15-at-18.45.21-1-635x420.jpeg 635w, https:\/\/ondauno.com.ar\/wp-content\/uploads\/2025\/04\/WhatsApp-Image-2025-04-15-at-18.45.21-1-696x460.jpeg 696w, https:\/\/ondauno.com.ar\/wp-content\/uploads\/2025\/04\/WhatsApp-Image-2025-04-15-at-18.45.21-1-1068x706.jpeg 1068w, https:\/\/ondauno.com.ar\/wp-content\/uploads\/2025\/04\/WhatsApp-Image-2025-04-15-at-18.45.21-1.jpeg 1280w\" sizes=\"auto, (max-width: 1024px) 100vw, 1024px\" \/><\/noscript><\/figure>\n","protected":false},"excerpt":{"rendered":"<p>Daniel Muisse en Cosas que pasan Con apenas 19 a\u00f1os, Oliva Muisse es la \u00fanica automovilista de Tres Arroyos compitiendo en una categor\u00eda nacional en la actualidad. Corre en la F\u00f3rmula 3 Metropolitana, una categor\u00eda clave en el camino hacia categor\u00edas mayores como el Turismo Carretera, y lo hace con el empuje de toda una [&hellip;]<\/p>\n","protected":false},"author":1,"featured_media":55293,"comment_status":"open","ping_status":"open","sticky":false,"template":"","format":"standard","meta":{"tdm_status":"","tdm_grid_status":"","_jetpack_memberships_contains_paid_content":false,"footnotes":"","jetpack_publicize_message":"","jetpack_publicize_feature_enabled":true,"jetpack_social_post_already_shared":true,"jetpack_social_options":{"image_generator_settings":{"template":"highway","default_image_id":0,"font":"","enabled":false},"version":2}},"categories":[36],"tags":[],"class_list":{"0":"post-55292","1":"post","2":"type-post","3":"status-publish","4":"format-standard","5":"has-post-thumbnail","7":"category-notas"},"yoast_head":"<!-- This site is optimized with the Yoast SEO plugin v22.7 - https:\/\/yoast.com\/wordpress\/plugins\/seo\/ -->\n<title>\u201cTiene un futuro enorme&quot;: Daniel Muisse busca sumar sponsors para su hija Oliva en la F\u00f3rmula 3 - 103.9 fm<\/title>\n<meta name=\"robots\" content=\"index, follow, max-snippet:-1, max-image-preview:large, max-video-preview:-1\" \/>\n<link rel=\"canonical\" href=\"https:\/\/ondauno.com.ar\/index.php\/2025\/04\/15\/tiene-un-futuro-enorme-daniel-muisse-busca-sumar-sponsors-para-su-hija-oliva-en-la-formula-3\/\" \/>\n<meta property=\"og:locale\" content=\"es_ES\" \/>\n<meta property=\"og:type\" content=\"article\" \/>\n<meta property=\"og:title\" content=\"\u201cTiene un futuro enorme&quot;: Daniel Muisse busca sumar sponsors para su hija Oliva en la F\u00f3rmula 3 - 103.9 fm\" \/>\n<meta property=\"og:description\" content=\"Daniel Muisse en Cosas que pasan Con apenas 19 a\u00f1os, Oliva Muisse es la \u00fanica automovilista de Tres Arroyos compitiendo en una categor\u00eda nacional en la actualidad. Corre en la F\u00f3rmula 3 Metropolitana, una categor\u00eda clave en el camino hacia categor\u00edas mayores como el Turismo Carretera, y lo hace con el empuje de toda una [&hellip;]\" \/>\n<meta property=\"og:url\" content=\"https:\/\/ondauno.com.ar\/index.php\/2025\/04\/15\/tiene-un-futuro-enorme-daniel-muisse-busca-sumar-sponsors-para-su-hija-oliva-en-la-formula-3\/\" \/>\n<meta property=\"og:site_name\" content=\"103.9 fm\" \/>\n<meta property=\"article:publisher\" content=\"https:\/\/www.facebook.com\/ondauno103.9\" \/>\n<meta property=\"article:published_time\" content=\"2025-04-15T23:35:07+00:00\" \/>\n<meta property=\"article:modified_time\" content=\"2025-04-15T23:35:12+00:00\" \/>\n<meta property=\"og:image\" content=\"http:\/\/ondauno.com.ar\/wp-content\/uploads\/2025\/04\/WhatsApp-Image-2025-04-15-at-18.46.06-1.jpeg\" \/>\n\t<meta property=\"og:image:width\" content=\"1600\" \/>\n\t<meta property=\"og:image:height\" content=\"1204\" \/>\n\t<meta property=\"og:image:type\" content=\"image\/jpeg\" \/>\n<meta name=\"author\" content=\"OndaUno\" \/>\n<meta name=\"twitter:card\" content=\"summary_large_image\" \/>\n<meta name=\"twitter:label1\" content=\"Escrito por\" \/>\n\t<meta name=\"twitter:data1\" content=\"OndaUno\" \/>\n\t<meta name=\"twitter:label2\" content=\"Tiempo de lectura\" \/>\n\t<meta name=\"twitter:data2\" content=\"3 minutos\" \/>\n<script type=\"application\/ld+json\" class=\"yoast-schema-graph\">{\"@context\":\"https:\/\/schema.org\",\"@graph\":[{\"@type\":\"WebPage\",\"@id\":\"https:\/\/ondauno.com.ar\/index.php\/2025\/04\/15\/tiene-un-futuro-enorme-daniel-muisse-busca-sumar-sponsors-para-su-hija-oliva-en-la-formula-3\/\",\"url\":\"https:\/\/ondauno.com.ar\/index.php\/2025\/04\/15\/tiene-un-futuro-enorme-daniel-muisse-busca-sumar-sponsors-para-su-hija-oliva-en-la-formula-3\/\",\"name\":\"\u201cTiene un futuro enorme\\\": Daniel Muisse busca sumar sponsors para su hija Oliva en la F\u00f3rmula 3 - 103.9 fm\",\"isPartOf\":{\"@id\":\"https:\/\/ondauno.com.ar\/#website\"},\"primaryImageOfPage\":{\"@id\":\"https:\/\/ondauno.com.ar\/index.php\/2025\/04\/15\/tiene-un-futuro-enorme-daniel-muisse-busca-sumar-sponsors-para-su-hija-oliva-en-la-formula-3\/#primaryimage\"},\"image\":{\"@id\":\"https:\/\/ondauno.com.ar\/index.php\/2025\/04\/15\/tiene-un-futuro-enorme-daniel-muisse-busca-sumar-sponsors-para-su-hija-oliva-en-la-formula-3\/#primaryimage\"},\"thumbnailUrl\":\"https:\/\/ondauno.com.ar\/wp-content\/uploads\/2025\/04\/WhatsApp-Image-2025-04-15-at-18.46.06-1.jpeg\",\"datePublished\":\"2025-04-15T23:35:07+00:00\",\"dateModified\":\"2025-04-15T23:35:12+00:00\",\"author\":{\"@id\":\"https:\/\/ondauno.com.ar\/#\/schema\/person\/7ec851ddeceb4133d7d7132dc645714e\"},\"breadcrumb\":{\"@id\":\"https:\/\/ondauno.com.ar\/index.php\/2025\/04\/15\/tiene-un-futuro-enorme-daniel-muisse-busca-sumar-sponsors-para-su-hija-oliva-en-la-formula-3\/#breadcrumb\"},\"inLanguage\":\"es-AR\",\"potentialAction\":[{\"@type\":\"ReadAction\",\"target\":[\"https:\/\/ondauno.com.ar\/index.php\/2025\/04\/15\/tiene-un-futuro-enorme-daniel-muisse-busca-sumar-sponsors-para-su-hija-oliva-en-la-formula-3\/\"]}]},{\"@type\":\"ImageObject\",\"inLanguage\":\"es-AR\",\"@id\":\"https:\/\/ondauno.com.ar\/index.php\/2025\/04\/15\/tiene-un-futuro-enorme-daniel-muisse-busca-sumar-sponsors-para-su-hija-oliva-en-la-formula-3\/#primaryimage\",\"url\":\"https:\/\/ondauno.com.ar\/wp-content\/uploads\/2025\/04\/WhatsApp-Image-2025-04-15-at-18.46.06-1.jpeg\",\"contentUrl\":\"https:\/\/ondauno.com.ar\/wp-content\/uploads\/2025\/04\/WhatsApp-Image-2025-04-15-at-18.46.06-1.jpeg\",\"width\":1600,\"height\":1204},{\"@type\":\"BreadcrumbList\",\"@id\":\"https:\/\/ondauno.com.ar\/index.php\/2025\/04\/15\/tiene-un-futuro-enorme-daniel-muisse-busca-sumar-sponsors-para-su-hija-oliva-en-la-formula-3\/#breadcrumb\",\"itemListElement\":[{\"@type\":\"ListItem\",\"position\":1,\"name\":\"Inicio\",\"item\":\"https:\/\/ondauno.com.ar\/\"},{\"@type\":\"ListItem\",\"position\":2,\"name\":\"\u201cTiene un futuro enorme&#8221;: Daniel Muisse busca sumar sponsors para su hija Oliva en la F\u00f3rmula 3\"}]},{\"@type\":\"WebSite\",\"@id\":\"https:\/\/ondauno.com.ar\/#website\",\"url\":\"https:\/\/ondauno.com.ar\/\",\"name\":\"103.9 fm\",\"description\":\"LA PRIMERA RADIO MULTIMEDIA DE TRES ARROYOS\",\"potentialAction\":[{\"@type\":\"SearchAction\",\"target\":{\"@type\":\"EntryPoint\",\"urlTemplate\":\"https:\/\/ondauno.com.ar\/?s={search_term_string}\"},\"query-input\":\"required name=search_term_string\"}],\"inLanguage\":\"es-AR\"},{\"@type\":\"Person\",\"@id\":\"https:\/\/ondauno.com.ar\/#\/schema\/person\/7ec851ddeceb4133d7d7132dc645714e\",\"name\":\"OndaUno\",\"image\":{\"@type\":\"ImageObject\",\"inLanguage\":\"es-AR\",\"@id\":\"https:\/\/ondauno.com.ar\/#\/schema\/person\/image\/\",\"url\":\"https:\/\/secure.gravatar.com\/avatar\/93b8009f0de7021f1feb2bd5b32fb9e8?s=96&d=mm&r=g\",\"contentUrl\":\"https:\/\/secure.gravatar.com\/avatar\/93b8009f0de7021f1feb2bd5b32fb9e8?s=96&d=mm&r=g\",\"caption\":\"OndaUno\"},\"url\":\"https:\/\/ondauno.com.ar\/index.php\/author\/ondauno\/\"}]}<\/script>\n<!-- \/ Yoast SEO plugin. -->","yoast_head_json":{"title":"\u201cTiene un futuro enorme\": Daniel Muisse busca sumar sponsors para su hija Oliva en la F\u00f3rmula 3 - 103.9 fm","robots":{"index":"index","follow":"follow","max-snippet":"max-snippet:-1","max-image-preview":"max-image-preview:large","max-video-preview":"max-video-preview:-1"},"canonical":"https:\/\/ondauno.com.ar\/index.php\/2025\/04\/15\/tiene-un-futuro-enorme-daniel-muisse-busca-sumar-sponsors-para-su-hija-oliva-en-la-formula-3\/","og_locale":"es_ES","og_type":"article","og_title":"\u201cTiene un futuro enorme\": Daniel Muisse busca sumar sponsors para su hija Oliva en la F\u00f3rmula 3 - 103.9 fm","og_description":"Daniel Muisse en Cosas que pasan Con apenas 19 a\u00f1os, Oliva Muisse es la \u00fanica automovilista de Tres Arroyos compitiendo en una categor\u00eda nacional en la actualidad. Corre en la F\u00f3rmula 3 Metropolitana, una categor\u00eda clave en el camino hacia categor\u00edas mayores como el Turismo Carretera, y lo hace con el empuje de toda una [&hellip;]","og_url":"https:\/\/ondauno.com.ar\/index.php\/2025\/04\/15\/tiene-un-futuro-enorme-daniel-muisse-busca-sumar-sponsors-para-su-hija-oliva-en-la-formula-3\/","og_site_name":"103.9 fm","article_publisher":"https:\/\/www.facebook.com\/ondauno103.9","article_published_time":"2025-04-15T23:35:07+00:00","article_modified_time":"2025-04-15T23:35:12+00:00","og_image":[{"width":1600,"height":1204,"url":"http:\/\/ondauno.com.ar\/wp-content\/uploads\/2025\/04\/WhatsApp-Image-2025-04-15-at-18.46.06-1.jpeg","type":"image\/jpeg"}],"author":"OndaUno","twitter_card":"summary_large_image","twitter_misc":{"Escrito por":"OndaUno","Tiempo de lectura":"3 minutos"},"schema":{"@context":"https:\/\/schema.org","@graph":[{"@type":"WebPage","@id":"https:\/\/ondauno.com.ar\/index.php\/2025\/04\/15\/tiene-un-futuro-enorme-daniel-muisse-busca-sumar-sponsors-para-su-hija-oliva-en-la-formula-3\/","url":"https:\/\/ondauno.com.ar\/index.php\/2025\/04\/15\/tiene-un-futuro-enorme-daniel-muisse-busca-sumar-sponsors-para-su-hija-oliva-en-la-formula-3\/","name":"\u201cTiene un futuro enorme\": Daniel Muisse busca sumar sponsors para su hija Oliva en la F\u00f3rmula 3 - 103.9 fm","isPartOf":{"@id":"https:\/\/ondauno.com.ar\/#website"},"primaryImageOfPage":{"@id":"https:\/\/ondauno.com.ar\/index.php\/2025\/04\/15\/tiene-un-futuro-enorme-daniel-muisse-busca-sumar-sponsors-para-su-hija-oliva-en-la-formula-3\/#primaryimage"},"image":{"@id":"https:\/\/ondauno.com.ar\/index.php\/2025\/04\/15\/tiene-un-futuro-enorme-daniel-muisse-busca-sumar-sponsors-para-su-hija-oliva-en-la-formula-3\/#primaryimage"},"thumbnailUrl":"https:\/\/ondauno.com.ar\/wp-content\/uploads\/2025\/04\/WhatsApp-Image-2025-04-15-at-18.46.06-1.jpeg","datePublished":"2025-04-15T23:35:07+00:00","dateModified":"2025-04-15T23:35:12+00:00","author":{"@id":"https:\/\/ondauno.com.ar\/#\/schema\/person\/7ec851ddeceb4133d7d7132dc645714e"},"breadcrumb":{"@id":"https:\/\/ondauno.com.ar\/index.php\/2025\/04\/15\/tiene-un-futuro-enorme-daniel-muisse-busca-sumar-sponsors-para-su-hija-oliva-en-la-formula-3\/#breadcrumb"},"inLanguage":"es-AR","potentialAction":[{"@type":"ReadAction","target":["https:\/\/ondauno.com.ar\/index.php\/2025\/04\/15\/tiene-un-futuro-enorme-daniel-muisse-busca-sumar-sponsors-para-su-hija-oliva-en-la-formula-3\/"]}]},{"@type":"ImageObject","inLanguage":"es-AR","@id":"https:\/\/ondauno.com.ar\/index.php\/2025\/04\/15\/tiene-un-futuro-enorme-daniel-muisse-busca-sumar-sponsors-para-su-hija-oliva-en-la-formula-3\/#primaryimage","url":"https:\/\/ondauno.com.ar\/wp-content\/uploads\/2025\/04\/WhatsApp-Image-2025-04-15-at-18.46.06-1.jpeg","contentUrl":"https:\/\/ondauno.com.ar\/wp-content\/uploads\/2025\/04\/WhatsApp-Image-2025-04-15-at-18.46.06-1.jpeg","width":1600,"height":1204},{"@type":"BreadcrumbList","@id":"https:\/\/ondauno.com.ar\/index.php\/2025\/04\/15\/tiene-un-futuro-enorme-daniel-muisse-busca-sumar-sponsors-para-su-hija-oliva-en-la-formula-3\/#breadcrumb","itemListElement":[{"@type":"ListItem","position":1,"name":"Inicio","item":"https:\/\/ondauno.com.ar\/"},{"@type":"ListItem","position":2,"name":"\u201cTiene un futuro enorme&#8221;: Daniel Muisse busca sumar sponsors para su hija Oliva en la F\u00f3rmula 3"}]},{"@type":"WebSite","@id":"https:\/\/ondauno.com.ar\/#website","url":"https:\/\/ondauno.com.ar\/","name":"103.9 fm","description":"LA PRIMERA RADIO MULTIMEDIA DE TRES ARROYOS","potentialAction":[{"@type":"SearchAction","target":{"@type":"EntryPoint","urlTemplate":"https:\/\/ondauno.com.ar\/?s={search_term_string}"},"query-input":"required name=search_term_string"}],"inLanguage":"es-AR"},{"@type":"Person","@id":"https:\/\/ondauno.com.ar\/#\/schema\/person\/7ec851ddeceb4133d7d7132dc645714e","name":"OndaUno","image":{"@type":"ImageObject","inLanguage":"es-AR","@id":"https:\/\/ondauno.com.ar\/#\/schema\/person\/image\/","url":"https:\/\/secure.gravatar.com\/avatar\/93b8009f0de7021f1feb2bd5b32fb9e8?s=96&d=mm&r=g","contentUrl":"https:\/\/secure.gravatar.com\/avatar\/93b8009f0de7021f1feb2bd5b32fb9e8?s=96&d=mm&r=g","caption":"OndaUno"},"url":"https:\/\/ondauno.com.ar\/index.php\/author\/ondauno\/"}]}},"jetpack_publicize_connections":[],"jetpack_featured_media_url":"https:\/\/ondauno.com.ar\/wp-content\/uploads\/2025\/04\/WhatsApp-Image-2025-04-15-at-18.46.06-1.jpeg","jetpack_sharing_enabled":true,"_links":{"self":[{"href":"https:\/\/ondauno.com.ar\/index.php\/wp-json\/wp\/v2\/posts\/55292","targetHints":{"allow":["GET"]}}],"collection":[{"href":"https:\/\/ondauno.com.ar\/index.php\/wp-json\/wp\/v2\/posts"}],"about":[{"href":"https:\/\/ondauno.com.ar\/index.php\/wp-json\/wp\/v2\/types\/post"}],"author":[{"embeddable":true,"href":"https:\/\/ondauno.com.ar\/index.php\/wp-json\/wp\/v2\/users\/1"}],"replies":[{"embeddable":true,"href":"https:\/\/ondauno.com.ar\/index.php\/wp-json\/wp\/v2\/comments?post=55292"}],"version-history":[{"count":1,"href":"https:\/\/ondauno.com.ar\/index.php\/wp-json\/wp\/v2\/posts\/55292\/revisions"}],"predecessor-version":[{"id":55297,"href":"https:\/\/ondauno.com.ar\/index.php\/wp-json\/wp\/v2\/posts\/55292\/revisions\/55297"}],"wp:featuredmedia":[{"embeddable":true,"href":"https:\/\/ondauno.com.ar\/index.php\/wp-json\/wp\/v2\/media\/55293"}],"wp:attachment":[{"href":"https:\/\/ondauno.com.ar\/index.php\/wp-json\/wp\/v2\/media?parent=55292"}],"wp:term":[{"taxonomy":"category","embeddable":true,"href":"https:\/\/ondauno.com.ar\/index.php\/wp-json\/wp\/v2\/categories?post=55292"},{"taxonomy":"post_tag","embeddable":true,"href":"https:\/\/ondauno.com.ar\/index.php\/wp-json\/wp\/v2\/tags?post=55292"}],"curies":[{"name":"wp","href":"https:\/\/api.w.org\/{rel}","templated":true}]}}