{"id":55259,"date":"2025-04-15T11:41:09","date_gmt":"2025-04-15T14:41:09","guid":{"rendered":"https:\/\/ondauno.com.ar\/?p=55259"},"modified":"2025-04-15T11:41:14","modified_gmt":"2025-04-15T14:41:14","slug":"doce-nuevos-egresados-en-la-escuela-de-guardavidas-tras-rendir-el-examen-integrador-final","status":"publish","type":"post","link":"https:\/\/ondauno.com.ar\/index.php\/2025\/04\/15\/doce-nuevos-egresados-en-la-escuela-de-guardavidas-tras-rendir-el-examen-integrador-final\/","title":{"rendered":"Doce nuevos egresados en la Escuela de Guardavidas tras rendir el examen integrador final"},"content":{"rendered":"<div class=\"ondau-before-content_3\" style=\"margin-top: -30px;\" id=\"ondau-3913474920\"><a href=\"https:\/\/www.lps.com.ar\/\" aria-label=\"la-perse2\"><img loading=\"lazy\" decoding=\"async\" src=\"https:\/\/ondauno.com.ar\/wp-content\/uploads\/2021\/10\/la-perse2.jpg\" alt=\"\"  srcset=\"https:\/\/ondauno.com.ar\/wp-content\/uploads\/2021\/10\/la-perse2.jpg 1353w, https:\/\/ondauno.com.ar\/wp-content\/uploads\/2021\/10\/la-perse2-300x43.jpg 300w, https:\/\/ondauno.com.ar\/wp-content\/uploads\/2021\/10\/la-perse2-1024x148.jpg 1024w, https:\/\/ondauno.com.ar\/wp-content\/uploads\/2021\/10\/la-perse2-768x111.jpg 768w, https:\/\/ondauno.com.ar\/wp-content\/uploads\/2021\/10\/la-perse2-696x100.jpg 696w, https:\/\/ondauno.com.ar\/wp-content\/uploads\/2021\/10\/la-perse2-1068x154.jpg 1068w\" sizes=\"(max-width: 1353px) 100vw, 1353px\" class=\"no-lazyload\" width=\"1353\" height=\"195\"  style=\"display: inline-block;\" \/><\/a><\/div>\n<p>Este lunes se llev\u00f3 a cabo la evaluaci\u00f3n final integradora de la Escuela de Guardavidas, instancia que marc\u00f3 el cierre del ciclo formativo para un nuevo grupo de aspirantes.<\/p>\n\n\n\n<p>Durante la jornada, se desarroll\u00f3 una exigente prueba en la que se plantearon diferentes escenarios a resolver tanto de manera individual como grupal. De los 19 estudiantes que se presentaron, 12 lograron superar la evaluaci\u00f3n y egresar formalmente como guardavidas.<\/p>\n\n\n\n<figure class=\"wp-block-image size-large\"><img loading=\"lazy\" decoding=\"async\" width=\"1024\" height=\"768\" data-src=\"https:\/\/ondauno.com.ar\/wp-content\/uploads\/2025\/04\/WhatsApp-Image-2025-04-15-at-10.54.17-1024x768.jpeg\" alt=\"\" class=\"wp-image-55262 lazyload\" data-srcset=\"https:\/\/ondauno.com.ar\/wp-content\/uploads\/2025\/04\/WhatsApp-Image-2025-04-15-at-10.54.17-1024x768.jpeg 1024w, https:\/\/ondauno.com.ar\/wp-content\/uploads\/2025\/04\/WhatsApp-Image-2025-04-15-at-10.54.17-300x225.jpeg 300w, https:\/\/ondauno.com.ar\/wp-content\/uploads\/2025\/04\/WhatsApp-Image-2025-04-15-at-10.54.17-768x576.jpeg 768w, https:\/\/ondauno.com.ar\/wp-content\/uploads\/2025\/04\/WhatsApp-Image-2025-04-15-at-10.54.17-560x420.jpeg 560w, https:\/\/ondauno.com.ar\/wp-content\/uploads\/2025\/04\/WhatsApp-Image-2025-04-15-at-10.54.17-80x60.jpeg 80w, https:\/\/ondauno.com.ar\/wp-content\/uploads\/2025\/04\/WhatsApp-Image-2025-04-15-at-10.54.17-696x522.jpeg 696w, https:\/\/ondauno.com.ar\/wp-content\/uploads\/2025\/04\/WhatsApp-Image-2025-04-15-at-10.54.17-1068x801.jpeg 1068w, https:\/\/ondauno.com.ar\/wp-content\/uploads\/2025\/04\/WhatsApp-Image-2025-04-15-at-10.54.17-265x198.jpeg 265w, https:\/\/ondauno.com.ar\/wp-content\/uploads\/2025\/04\/WhatsApp-Image-2025-04-15-at-10.54.17.jpeg 1280w\" data-sizes=\"auto, (max-width: 1024px) 100vw, 1024px\" src=\"data:image\/gif;base64,R0lGODlhAQABAAAAACH5BAEKAAEALAAAAAABAAEAAAICTAEAOw==\" style=\"--smush-placeholder-width: 1024px; --smush-placeholder-aspect-ratio: 1024\/768;\" \/><noscript><img loading=\"lazy\" decoding=\"async\" width=\"1024\" height=\"768\" src=\"https:\/\/ondauno.com.ar\/wp-content\/uploads\/2025\/04\/WhatsApp-Image-2025-04-15-at-10.54.17-1024x768.jpeg\" alt=\"\" class=\"wp-image-55262\" srcset=\"https:\/\/ondauno.com.ar\/wp-content\/uploads\/2025\/04\/WhatsApp-Image-2025-04-15-at-10.54.17-1024x768.jpeg 1024w, https:\/\/ondauno.com.ar\/wp-content\/uploads\/2025\/04\/WhatsApp-Image-2025-04-15-at-10.54.17-300x225.jpeg 300w, https:\/\/ondauno.com.ar\/wp-content\/uploads\/2025\/04\/WhatsApp-Image-2025-04-15-at-10.54.17-768x576.jpeg 768w, https:\/\/ondauno.com.ar\/wp-content\/uploads\/2025\/04\/WhatsApp-Image-2025-04-15-at-10.54.17-560x420.jpeg 560w, https:\/\/ondauno.com.ar\/wp-content\/uploads\/2025\/04\/WhatsApp-Image-2025-04-15-at-10.54.17-80x60.jpeg 80w, https:\/\/ondauno.com.ar\/wp-content\/uploads\/2025\/04\/WhatsApp-Image-2025-04-15-at-10.54.17-696x522.jpeg 696w, https:\/\/ondauno.com.ar\/wp-content\/uploads\/2025\/04\/WhatsApp-Image-2025-04-15-at-10.54.17-1068x801.jpeg 1068w, https:\/\/ondauno.com.ar\/wp-content\/uploads\/2025\/04\/WhatsApp-Image-2025-04-15-at-10.54.17-265x198.jpeg 265w, https:\/\/ondauno.com.ar\/wp-content\/uploads\/2025\/04\/WhatsApp-Image-2025-04-15-at-10.54.17.jpeg 1280w\" sizes=\"auto, (max-width: 1024px) 100vw, 1024px\" \/><\/noscript><\/figure>\n\n\n\n<p>Los nuevos egresados son:<\/p>\n\n\n\n<ul class=\"wp-block-list\">\n<li>Miguel Ruso<\/li>\n\n\n\n<li>Alex Mir<\/li>\n\n\n\n<li>Camila Bustos<\/li>\n\n\n\n<li>Tom\u00e1s Castro<\/li>\n\n\n\n<li>Aar\u00f3n Guillerat<\/li>\n\n\n\n<li>Franco Elian Ali<\/li>\n\n\n\n<li>Sasha Mart\u00ednez<\/li>\n\n\n\n<li>Geraldine Heaublein<\/li>\n\n\n\n<li>Cristian Vester<\/li>\n\n\n\n<li>Alexia Di Rocco<\/li>\n\n\n\n<li>Rom\u00e1n Otaegui<\/li>\n\n\n\n<li>Tob\u00edas Cabello<\/li>\n<\/ul>\n\n\n\n<p>La formaci\u00f3n de guardavidas representa un paso clave para la seguridad en playas, piletas y espejos de agua, y este nuevo grupo se suma al compromiso con la prevenci\u00f3n y el cuidado de la vida en entornos acu\u00e1ticos.<\/p>\n\n\n\n<figure class=\"wp-block-image size-large\"><img loading=\"lazy\" decoding=\"async\" width=\"1024\" height=\"768\" data-src=\"https:\/\/ondauno.com.ar\/wp-content\/uploads\/2025\/04\/WhatsApp-Image-2025-04-15-at-10.54.18-1024x768.jpeg\" alt=\"\" class=\"wp-image-55263 lazyload\" data-srcset=\"https:\/\/ondauno.com.ar\/wp-content\/uploads\/2025\/04\/WhatsApp-Image-2025-04-15-at-10.54.18-1024x768.jpeg 1024w, https:\/\/ondauno.com.ar\/wp-content\/uploads\/2025\/04\/WhatsApp-Image-2025-04-15-at-10.54.18-300x225.jpeg 300w, https:\/\/ondauno.com.ar\/wp-content\/uploads\/2025\/04\/WhatsApp-Image-2025-04-15-at-10.54.18-768x576.jpeg 768w, https:\/\/ondauno.com.ar\/wp-content\/uploads\/2025\/04\/WhatsApp-Image-2025-04-15-at-10.54.18-560x420.jpeg 560w, https:\/\/ondauno.com.ar\/wp-content\/uploads\/2025\/04\/WhatsApp-Image-2025-04-15-at-10.54.18-80x60.jpeg 80w, https:\/\/ondauno.com.ar\/wp-content\/uploads\/2025\/04\/WhatsApp-Image-2025-04-15-at-10.54.18-696x522.jpeg 696w, https:\/\/ondauno.com.ar\/wp-content\/uploads\/2025\/04\/WhatsApp-Image-2025-04-15-at-10.54.18-1068x801.jpeg 1068w, https:\/\/ondauno.com.ar\/wp-content\/uploads\/2025\/04\/WhatsApp-Image-2025-04-15-at-10.54.18-265x198.jpeg 265w, https:\/\/ondauno.com.ar\/wp-content\/uploads\/2025\/04\/WhatsApp-Image-2025-04-15-at-10.54.18.jpeg 1280w\" data-sizes=\"auto, (max-width: 1024px) 100vw, 1024px\" src=\"data:image\/gif;base64,R0lGODlhAQABAAAAACH5BAEKAAEALAAAAAABAAEAAAICTAEAOw==\" style=\"--smush-placeholder-width: 1024px; --smush-placeholder-aspect-ratio: 1024\/768;\" \/><noscript><img loading=\"lazy\" decoding=\"async\" width=\"1024\" height=\"768\" src=\"https:\/\/ondauno.com.ar\/wp-content\/uploads\/2025\/04\/WhatsApp-Image-2025-04-15-at-10.54.18-1024x768.jpeg\" alt=\"\" class=\"wp-image-55263\" srcset=\"https:\/\/ondauno.com.ar\/wp-content\/uploads\/2025\/04\/WhatsApp-Image-2025-04-15-at-10.54.18-1024x768.jpeg 1024w, https:\/\/ondauno.com.ar\/wp-content\/uploads\/2025\/04\/WhatsApp-Image-2025-04-15-at-10.54.18-300x225.jpeg 300w, https:\/\/ondauno.com.ar\/wp-content\/uploads\/2025\/04\/WhatsApp-Image-2025-04-15-at-10.54.18-768x576.jpeg 768w, https:\/\/ondauno.com.ar\/wp-content\/uploads\/2025\/04\/WhatsApp-Image-2025-04-15-at-10.54.18-560x420.jpeg 560w, https:\/\/ondauno.com.ar\/wp-content\/uploads\/2025\/04\/WhatsApp-Image-2025-04-15-at-10.54.18-80x60.jpeg 80w, https:\/\/ondauno.com.ar\/wp-content\/uploads\/2025\/04\/WhatsApp-Image-2025-04-15-at-10.54.18-696x522.jpeg 696w, https:\/\/ondauno.com.ar\/wp-content\/uploads\/2025\/04\/WhatsApp-Image-2025-04-15-at-10.54.18-1068x801.jpeg 1068w, https:\/\/ondauno.com.ar\/wp-content\/uploads\/2025\/04\/WhatsApp-Image-2025-04-15-at-10.54.18-265x198.jpeg 265w, https:\/\/ondauno.com.ar\/wp-content\/uploads\/2025\/04\/WhatsApp-Image-2025-04-15-at-10.54.18.jpeg 1280w\" sizes=\"auto, (max-width: 1024px) 100vw, 1024px\" \/><\/noscript><\/figure>\n","protected":false},"excerpt":{"rendered":"<p>Este lunes se llev\u00f3 a cabo la evaluaci\u00f3n final integradora de la Escuela de Guardavidas, instancia que marc\u00f3 el cierre del ciclo formativo para un nuevo grupo de aspirantes. Durante la jornada, se desarroll\u00f3 una exigente prueba en la que se plantearon diferentes escenarios a resolver tanto de manera individual como grupal. De los 19 [&hellip;]<\/p>\n","protected":false},"author":1,"featured_media":55261,"comment_status":"open","ping_status":"open","sticky":false,"template":"","format":"standard","meta":{"tdm_status":"","tdm_grid_status":"","_jetpack_memberships_contains_paid_content":false,"footnotes":"","jetpack_publicize_message":"","jetpack_publicize_feature_enabled":true,"jetpack_social_post_already_shared":true,"jetpack_social_options":{"image_generator_settings":{"template":"highway","default_image_id":0,"font":"","enabled":false},"version":2}},"categories":[2],"tags":[],"class_list":{"0":"post-55259","1":"post","2":"type-post","3":"status-publish","4":"format-standard","5":"has-post-thumbnail","7":"category-locales"},"yoast_head":"<!-- This site is optimized with the Yoast SEO plugin v22.7 - https:\/\/yoast.com\/wordpress\/plugins\/seo\/ -->\n<title>Doce nuevos egresados en la Escuela de Guardavidas tras rendir el examen integrador final - 103.9 fm<\/title>\n<meta name=\"robots\" content=\"index, follow, max-snippet:-1, max-image-preview:large, max-video-preview:-1\" \/>\n<link rel=\"canonical\" href=\"https:\/\/ondauno.com.ar\/index.php\/2025\/04\/15\/doce-nuevos-egresados-en-la-escuela-de-guardavidas-tras-rendir-el-examen-integrador-final\/\" \/>\n<meta property=\"og:locale\" content=\"es_ES\" \/>\n<meta property=\"og:type\" content=\"article\" \/>\n<meta property=\"og:title\" content=\"Doce nuevos egresados en la Escuela de Guardavidas tras rendir el examen integrador final - 103.9 fm\" \/>\n<meta property=\"og:description\" content=\"Este lunes se llev\u00f3 a cabo la evaluaci\u00f3n final integradora de la Escuela de Guardavidas, instancia que marc\u00f3 el cierre del ciclo formativo para un nuevo grupo de aspirantes. Durante la jornada, se desarroll\u00f3 una exigente prueba en la que se plantearon diferentes escenarios a resolver tanto de manera individual como grupal. De los 19 [&hellip;]\" \/>\n<meta property=\"og:url\" content=\"https:\/\/ondauno.com.ar\/index.php\/2025\/04\/15\/doce-nuevos-egresados-en-la-escuela-de-guardavidas-tras-rendir-el-examen-integrador-final\/\" \/>\n<meta property=\"og:site_name\" content=\"103.9 fm\" \/>\n<meta property=\"article:publisher\" content=\"https:\/\/www.facebook.com\/ondauno103.9\" \/>\n<meta property=\"article:published_time\" content=\"2025-04-15T14:41:09+00:00\" \/>\n<meta property=\"article:modified_time\" content=\"2025-04-15T14:41:14+00:00\" \/>\n<meta property=\"og:image\" content=\"http:\/\/ondauno.com.ar\/wp-content\/uploads\/2025\/04\/WhatsApp-Image-2025-04-15-at-10.54.45.jpeg\" \/>\n\t<meta property=\"og:image:width\" content=\"1280\" \/>\n\t<meta property=\"og:image:height\" content=\"960\" \/>\n\t<meta property=\"og:image:type\" content=\"image\/jpeg\" \/>\n<meta name=\"author\" content=\"OndaUno\" \/>\n<meta name=\"twitter:card\" content=\"summary_large_image\" \/>\n<meta name=\"twitter:label1\" content=\"Escrito por\" \/>\n\t<meta name=\"twitter:data1\" content=\"OndaUno\" \/>\n\t<meta name=\"twitter:label2\" content=\"Tiempo de lectura\" \/>\n\t<meta name=\"twitter:data2\" content=\"2 minutos\" \/>\n<script type=\"application\/ld+json\" class=\"yoast-schema-graph\">{\"@context\":\"https:\/\/schema.org\",\"@graph\":[{\"@type\":\"WebPage\",\"@id\":\"https:\/\/ondauno.com.ar\/index.php\/2025\/04\/15\/doce-nuevos-egresados-en-la-escuela-de-guardavidas-tras-rendir-el-examen-integrador-final\/\",\"url\":\"https:\/\/ondauno.com.ar\/index.php\/2025\/04\/15\/doce-nuevos-egresados-en-la-escuela-de-guardavidas-tras-rendir-el-examen-integrador-final\/\",\"name\":\"Doce nuevos egresados en la Escuela de Guardavidas tras rendir el examen integrador final - 103.9 fm\",\"isPartOf\":{\"@id\":\"https:\/\/ondauno.com.ar\/#website\"},\"primaryImageOfPage\":{\"@id\":\"https:\/\/ondauno.com.ar\/index.php\/2025\/04\/15\/doce-nuevos-egresados-en-la-escuela-de-guardavidas-tras-rendir-el-examen-integrador-final\/#primaryimage\"},\"image\":{\"@id\":\"https:\/\/ondauno.com.ar\/index.php\/2025\/04\/15\/doce-nuevos-egresados-en-la-escuela-de-guardavidas-tras-rendir-el-examen-integrador-final\/#primaryimage\"},\"thumbnailUrl\":\"https:\/\/ondauno.com.ar\/wp-content\/uploads\/2025\/04\/WhatsApp-Image-2025-04-15-at-10.54.45.jpeg\",\"datePublished\":\"2025-04-15T14:41:09+00:00\",\"dateModified\":\"2025-04-15T14:41:14+00:00\",\"author\":{\"@id\":\"https:\/\/ondauno.com.ar\/#\/schema\/person\/7ec851ddeceb4133d7d7132dc645714e\"},\"breadcrumb\":{\"@id\":\"https:\/\/ondauno.com.ar\/index.php\/2025\/04\/15\/doce-nuevos-egresados-en-la-escuela-de-guardavidas-tras-rendir-el-examen-integrador-final\/#breadcrumb\"},\"inLanguage\":\"es-AR\",\"potentialAction\":[{\"@type\":\"ReadAction\",\"target\":[\"https:\/\/ondauno.com.ar\/index.php\/2025\/04\/15\/doce-nuevos-egresados-en-la-escuela-de-guardavidas-tras-rendir-el-examen-integrador-final\/\"]}]},{\"@type\":\"ImageObject\",\"inLanguage\":\"es-AR\",\"@id\":\"https:\/\/ondauno.com.ar\/index.php\/2025\/04\/15\/doce-nuevos-egresados-en-la-escuela-de-guardavidas-tras-rendir-el-examen-integrador-final\/#primaryimage\",\"url\":\"https:\/\/ondauno.com.ar\/wp-content\/uploads\/2025\/04\/WhatsApp-Image-2025-04-15-at-10.54.45.jpeg\",\"contentUrl\":\"https:\/\/ondauno.com.ar\/wp-content\/uploads\/2025\/04\/WhatsApp-Image-2025-04-15-at-10.54.45.jpeg\",\"width\":1280,\"height\":960},{\"@type\":\"BreadcrumbList\",\"@id\":\"https:\/\/ondauno.com.ar\/index.php\/2025\/04\/15\/doce-nuevos-egresados-en-la-escuela-de-guardavidas-tras-rendir-el-examen-integrador-final\/#breadcrumb\",\"itemListElement\":[{\"@type\":\"ListItem\",\"position\":1,\"name\":\"Inicio\",\"item\":\"https:\/\/ondauno.com.ar\/\"},{\"@type\":\"ListItem\",\"position\":2,\"name\":\"Doce nuevos egresados en la Escuela de Guardavidas tras rendir el examen integrador final\"}]},{\"@type\":\"WebSite\",\"@id\":\"https:\/\/ondauno.com.ar\/#website\",\"url\":\"https:\/\/ondauno.com.ar\/\",\"name\":\"103.9 fm\",\"description\":\"LA PRIMERA RADIO MULTIMEDIA DE TRES ARROYOS\",\"potentialAction\":[{\"@type\":\"SearchAction\",\"target\":{\"@type\":\"EntryPoint\",\"urlTemplate\":\"https:\/\/ondauno.com.ar\/?s={search_term_string}\"},\"query-input\":\"required name=search_term_string\"}],\"inLanguage\":\"es-AR\"},{\"@type\":\"Person\",\"@id\":\"https:\/\/ondauno.com.ar\/#\/schema\/person\/7ec851ddeceb4133d7d7132dc645714e\",\"name\":\"OndaUno\",\"image\":{\"@type\":\"ImageObject\",\"inLanguage\":\"es-AR\",\"@id\":\"https:\/\/ondauno.com.ar\/#\/schema\/person\/image\/\",\"url\":\"https:\/\/secure.gravatar.com\/avatar\/93b8009f0de7021f1feb2bd5b32fb9e8?s=96&d=mm&r=g\",\"contentUrl\":\"https:\/\/secure.gravatar.com\/avatar\/93b8009f0de7021f1feb2bd5b32fb9e8?s=96&d=mm&r=g\",\"caption\":\"OndaUno\"},\"url\":\"https:\/\/ondauno.com.ar\/index.php\/author\/ondauno\/\"}]}<\/script>\n<!-- \/ Yoast SEO plugin. -->","yoast_head_json":{"title":"Doce nuevos egresados en la Escuela de Guardavidas tras rendir el examen integrador final - 103.9 fm","robots":{"index":"index","follow":"follow","max-snippet":"max-snippet:-1","max-image-preview":"max-image-preview:large","max-video-preview":"max-video-preview:-1"},"canonical":"https:\/\/ondauno.com.ar\/index.php\/2025\/04\/15\/doce-nuevos-egresados-en-la-escuela-de-guardavidas-tras-rendir-el-examen-integrador-final\/","og_locale":"es_ES","og_type":"article","og_title":"Doce nuevos egresados en la Escuela de Guardavidas tras rendir el examen integrador final - 103.9 fm","og_description":"Este lunes se llev\u00f3 a cabo la evaluaci\u00f3n final integradora de la Escuela de Guardavidas, instancia que marc\u00f3 el cierre del ciclo formativo para un nuevo grupo de aspirantes. Durante la jornada, se desarroll\u00f3 una exigente prueba en la que se plantearon diferentes escenarios a resolver tanto de manera individual como grupal. De los 19 [&hellip;]","og_url":"https:\/\/ondauno.com.ar\/index.php\/2025\/04\/15\/doce-nuevos-egresados-en-la-escuela-de-guardavidas-tras-rendir-el-examen-integrador-final\/","og_site_name":"103.9 fm","article_publisher":"https:\/\/www.facebook.com\/ondauno103.9","article_published_time":"2025-04-15T14:41:09+00:00","article_modified_time":"2025-04-15T14:41:14+00:00","og_image":[{"width":1280,"height":960,"url":"http:\/\/ondauno.com.ar\/wp-content\/uploads\/2025\/04\/WhatsApp-Image-2025-04-15-at-10.54.45.jpeg","type":"image\/jpeg"}],"author":"OndaUno","twitter_card":"summary_large_image","twitter_misc":{"Escrito por":"OndaUno","Tiempo de lectura":"2 minutos"},"schema":{"@context":"https:\/\/schema.org","@graph":[{"@type":"WebPage","@id":"https:\/\/ondauno.com.ar\/index.php\/2025\/04\/15\/doce-nuevos-egresados-en-la-escuela-de-guardavidas-tras-rendir-el-examen-integrador-final\/","url":"https:\/\/ondauno.com.ar\/index.php\/2025\/04\/15\/doce-nuevos-egresados-en-la-escuela-de-guardavidas-tras-rendir-el-examen-integrador-final\/","name":"Doce nuevos egresados en la Escuela de Guardavidas tras rendir el examen integrador final - 103.9 fm","isPartOf":{"@id":"https:\/\/ondauno.com.ar\/#website"},"primaryImageOfPage":{"@id":"https:\/\/ondauno.com.ar\/index.php\/2025\/04\/15\/doce-nuevos-egresados-en-la-escuela-de-guardavidas-tras-rendir-el-examen-integrador-final\/#primaryimage"},"image":{"@id":"https:\/\/ondauno.com.ar\/index.php\/2025\/04\/15\/doce-nuevos-egresados-en-la-escuela-de-guardavidas-tras-rendir-el-examen-integrador-final\/#primaryimage"},"thumbnailUrl":"https:\/\/ondauno.com.ar\/wp-content\/uploads\/2025\/04\/WhatsApp-Image-2025-04-15-at-10.54.45.jpeg","datePublished":"2025-04-15T14:41:09+00:00","dateModified":"2025-04-15T14:41:14+00:00","author":{"@id":"https:\/\/ondauno.com.ar\/#\/schema\/person\/7ec851ddeceb4133d7d7132dc645714e"},"breadcrumb":{"@id":"https:\/\/ondauno.com.ar\/index.php\/2025\/04\/15\/doce-nuevos-egresados-en-la-escuela-de-guardavidas-tras-rendir-el-examen-integrador-final\/#breadcrumb"},"inLanguage":"es-AR","potentialAction":[{"@type":"ReadAction","target":["https:\/\/ondauno.com.ar\/index.php\/2025\/04\/15\/doce-nuevos-egresados-en-la-escuela-de-guardavidas-tras-rendir-el-examen-integrador-final\/"]}]},{"@type":"ImageObject","inLanguage":"es-AR","@id":"https:\/\/ondauno.com.ar\/index.php\/2025\/04\/15\/doce-nuevos-egresados-en-la-escuela-de-guardavidas-tras-rendir-el-examen-integrador-final\/#primaryimage","url":"https:\/\/ondauno.com.ar\/wp-content\/uploads\/2025\/04\/WhatsApp-Image-2025-04-15-at-10.54.45.jpeg","contentUrl":"https:\/\/ondauno.com.ar\/wp-content\/uploads\/2025\/04\/WhatsApp-Image-2025-04-15-at-10.54.45.jpeg","width":1280,"height":960},{"@type":"BreadcrumbList","@id":"https:\/\/ondauno.com.ar\/index.php\/2025\/04\/15\/doce-nuevos-egresados-en-la-escuela-de-guardavidas-tras-rendir-el-examen-integrador-final\/#breadcrumb","itemListElement":[{"@type":"ListItem","position":1,"name":"Inicio","item":"https:\/\/ondauno.com.ar\/"},{"@type":"ListItem","position":2,"name":"Doce nuevos egresados en la Escuela de Guardavidas tras rendir el examen integrador final"}]},{"@type":"WebSite","@id":"https:\/\/ondauno.com.ar\/#website","url":"https:\/\/ondauno.com.ar\/","name":"103.9 fm","description":"LA PRIMERA RADIO MULTIMEDIA DE TRES ARROYOS","potentialAction":[{"@type":"SearchAction","target":{"@type":"EntryPoint","urlTemplate":"https:\/\/ondauno.com.ar\/?s={search_term_string}"},"query-input":"required name=search_term_string"}],"inLanguage":"es-AR"},{"@type":"Person","@id":"https:\/\/ondauno.com.ar\/#\/schema\/person\/7ec851ddeceb4133d7d7132dc645714e","name":"OndaUno","image":{"@type":"ImageObject","inLanguage":"es-AR","@id":"https:\/\/ondauno.com.ar\/#\/schema\/person\/image\/","url":"https:\/\/secure.gravatar.com\/avatar\/93b8009f0de7021f1feb2bd5b32fb9e8?s=96&d=mm&r=g","contentUrl":"https:\/\/secure.gravatar.com\/avatar\/93b8009f0de7021f1feb2bd5b32fb9e8?s=96&d=mm&r=g","caption":"OndaUno"},"url":"https:\/\/ondauno.com.ar\/index.php\/author\/ondauno\/"}]}},"jetpack_publicize_connections":[],"jetpack_featured_media_url":"https:\/\/ondauno.com.ar\/wp-content\/uploads\/2025\/04\/WhatsApp-Image-2025-04-15-at-10.54.45.jpeg","jetpack_sharing_enabled":true,"_links":{"self":[{"href":"https:\/\/ondauno.com.ar\/index.php\/wp-json\/wp\/v2\/posts\/55259","targetHints":{"allow":["GET"]}}],"collection":[{"href":"https:\/\/ondauno.com.ar\/index.php\/wp-json\/wp\/v2\/posts"}],"about":[{"href":"https:\/\/ondauno.com.ar\/index.php\/wp-json\/wp\/v2\/types\/post"}],"author":[{"embeddable":true,"href":"https:\/\/ondauno.com.ar\/index.php\/wp-json\/wp\/v2\/users\/1"}],"replies":[{"embeddable":true,"href":"https:\/\/ondauno.com.ar\/index.php\/wp-json\/wp\/v2\/comments?post=55259"}],"version-history":[{"count":1,"href":"https:\/\/ondauno.com.ar\/index.php\/wp-json\/wp\/v2\/posts\/55259\/revisions"}],"predecessor-version":[{"id":55264,"href":"https:\/\/ondauno.com.ar\/index.php\/wp-json\/wp\/v2\/posts\/55259\/revisions\/55264"}],"wp:featuredmedia":[{"embeddable":true,"href":"https:\/\/ondauno.com.ar\/index.php\/wp-json\/wp\/v2\/media\/55261"}],"wp:attachment":[{"href":"https:\/\/ondauno.com.ar\/index.php\/wp-json\/wp\/v2\/media?parent=55259"}],"wp:term":[{"taxonomy":"category","embeddable":true,"href":"https:\/\/ondauno.com.ar\/index.php\/wp-json\/wp\/v2\/categories?post=55259"},{"taxonomy":"post_tag","embeddable":true,"href":"https:\/\/ondauno.com.ar\/index.php\/wp-json\/wp\/v2\/tags?post=55259"}],"curies":[{"name":"wp","href":"https:\/\/api.w.org\/{rel}","templated":true}]}}