{"id":55100,"date":"2025-04-09T12:28:20","date_gmt":"2025-04-09T15:28:20","guid":{"rendered":"https:\/\/ondauno.com.ar\/?p=55100"},"modified":"2025-04-09T12:28:24","modified_gmt":"2025-04-09T15:28:24","slug":"la-provincia-abonara-a-partir-de-este-viernes-11-de-abril-el-subsidio-no-reembolsable-para-hogares-afectados-por-la-emergencia","status":"publish","type":"post","link":"https:\/\/ondauno.com.ar\/index.php\/2025\/04\/09\/la-provincia-abonara-a-partir-de-este-viernes-11-de-abril-el-subsidio-no-reembolsable-para-hogares-afectados-por-la-emergencia\/","title":{"rendered":"La Provincia abonar\u00e1 a partir de este viernes 11 de abril el subsidio no reembolsable para hogares afectados por la emergencia"},"content":{"rendered":"<div class=\"ondau-before-content_3\" style=\"margin-top: -30px;\" id=\"ondau-3868860382\"><a href=\"https:\/\/www.lps.com.ar\/\" aria-label=\"la-perse2\"><img loading=\"lazy\" decoding=\"async\" src=\"https:\/\/ondauno.com.ar\/wp-content\/uploads\/2021\/10\/la-perse2.jpg\" alt=\"\"  srcset=\"https:\/\/ondauno.com.ar\/wp-content\/uploads\/2021\/10\/la-perse2.jpg 1353w, https:\/\/ondauno.com.ar\/wp-content\/uploads\/2021\/10\/la-perse2-300x43.jpg 300w, https:\/\/ondauno.com.ar\/wp-content\/uploads\/2021\/10\/la-perse2-1024x148.jpg 1024w, https:\/\/ondauno.com.ar\/wp-content\/uploads\/2021\/10\/la-perse2-768x111.jpg 768w, https:\/\/ondauno.com.ar\/wp-content\/uploads\/2021\/10\/la-perse2-696x100.jpg 696w, https:\/\/ondauno.com.ar\/wp-content\/uploads\/2021\/10\/la-perse2-1068x154.jpg 1068w\" sizes=\"(max-width: 1353px) 100vw, 1353px\" class=\"no-lazyload\" width=\"1353\" height=\"195\"  style=\"display: inline-block;\" \/><\/a><\/div>\n<p><em>BAH\u00cdA BLANCA<\/em><\/p>\n\n\n\n<p>El Gobierno de la provincia de Buenos Aires informa que a partir de este viernes 11 de abril comenzar\u00e1 a abonar el subsidio destinado a hogares afectados por la inundaci\u00f3n en el partido de Bah\u00eda Blanca a las y los primeros beneficiarios. Quienes se hayan inscripto pueden comprobar tanto el estado del tr\u00e1mite como el proceso del pago, que iniciar\u00e1 el viernes y continuar\u00e1 la semana que viene, ingresando a https:\/\/subsidioprovincia.bahia.gob.ar\/.<\/p>\n\n\n\n<p>El subsidio es de $800 mil pesos por vivienda, que podr\u00e1n ser usados en arreglos del hogar, compra de muebles o electrodom\u00e9sticos, y tambi\u00e9n para atender otras necesidades, sin que sea necesario hacer ninguna rendici\u00f3n ni devoluci\u00f3n. Los hogares beneficiados se encuentran en zonas con alto impacto por la inundaci\u00f3n, con viviendas ubicadas en la planta baja que sufrieron da\u00f1os o p\u00e9rdidas materiales.<\/p>\n\n\n\n<p>Esta ayuda est\u00e1 destinada espec\u00edficamente a los sectores m\u00e1s vulnerables del partido de Bah\u00eda Blanca, cuyos ingresos por hogar no superan los $1.780.992 (6 salarios m\u00ednimos de marzo), a excepci\u00f3n de que alg\u00fan integrante cuente con Certificado \u00danico de Discapacidad (CUD).<\/p>\n\n\n\n<p>El subsidio se depositar\u00e1 directamente en la cuenta del Banco Provincia del beneficiario. Es importante recordar que el Gobierno de la Provincia no se contacta para solicitar datos de n\u00famero de cuenta ni ning\u00fan otro dato bancario.<\/p>\n\n\n\n<p>Ante dudas o consultas, pueden contactarse de forma gratuita a trav\u00e9s de la l\u00ednea 148 (opci\u00f3n 1), de asistencia ciudadana.<\/p>\n","protected":false},"excerpt":{"rendered":"<p>BAH\u00cdA BLANCA El Gobierno de la provincia de Buenos Aires informa que a partir de este viernes 11 de abril comenzar\u00e1 a abonar el subsidio destinado a hogares afectados por la inundaci\u00f3n en el partido de Bah\u00eda Blanca a las y los primeros beneficiarios. Quienes se hayan inscripto pueden comprobar tanto el estado del tr\u00e1mite [&hellip;]<\/p>\n","protected":false},"author":1,"featured_media":55101,"comment_status":"open","ping_status":"open","sticky":false,"template":"","format":"standard","meta":{"tdm_status":"","tdm_grid_status":"","_jetpack_memberships_contains_paid_content":false,"footnotes":"","jetpack_publicize_message":"","jetpack_publicize_feature_enabled":true,"jetpack_social_post_already_shared":true,"jetpack_social_options":{"image_generator_settings":{"template":"highway","default_image_id":0,"font":"","enabled":false},"version":2}},"categories":[30],"tags":[],"class_list":{"0":"post-55100","1":"post","2":"type-post","3":"status-publish","4":"format-standard","5":"has-post-thumbnail","7":"category-provinciales"},"yoast_head":"<!-- This site is optimized with the Yoast SEO plugin v22.7 - https:\/\/yoast.com\/wordpress\/plugins\/seo\/ -->\n<title>La Provincia abonar\u00e1 a partir de este viernes 11 de abril el subsidio no reembolsable para hogares afectados por la emergencia - 103.9 fm<\/title>\n<meta name=\"robots\" content=\"index, follow, max-snippet:-1, max-image-preview:large, max-video-preview:-1\" \/>\n<link rel=\"canonical\" href=\"https:\/\/ondauno.com.ar\/index.php\/2025\/04\/09\/la-provincia-abonara-a-partir-de-este-viernes-11-de-abril-el-subsidio-no-reembolsable-para-hogares-afectados-por-la-emergencia\/\" \/>\n<meta property=\"og:locale\" content=\"es_ES\" \/>\n<meta property=\"og:type\" content=\"article\" \/>\n<meta property=\"og:title\" content=\"La Provincia abonar\u00e1 a partir de este viernes 11 de abril el subsidio no reembolsable para hogares afectados por la emergencia - 103.9 fm\" \/>\n<meta property=\"og:description\" content=\"BAH\u00cdA BLANCA El Gobierno de la provincia de Buenos Aires informa que a partir de este viernes 11 de abril comenzar\u00e1 a abonar el subsidio destinado a hogares afectados por la inundaci\u00f3n en el partido de Bah\u00eda Blanca a las y los primeros beneficiarios. Quienes se hayan inscripto pueden comprobar tanto el estado del tr\u00e1mite [&hellip;]\" \/>\n<meta property=\"og:url\" content=\"https:\/\/ondauno.com.ar\/index.php\/2025\/04\/09\/la-provincia-abonara-a-partir-de-este-viernes-11-de-abril-el-subsidio-no-reembolsable-para-hogares-afectados-por-la-emergencia\/\" \/>\n<meta property=\"og:site_name\" content=\"103.9 fm\" \/>\n<meta property=\"article:publisher\" content=\"https:\/\/www.facebook.com\/ondauno103.9\" \/>\n<meta property=\"article:published_time\" content=\"2025-04-09T15:28:20+00:00\" \/>\n<meta property=\"article:modified_time\" content=\"2025-04-09T15:28:24+00:00\" \/>\n<meta property=\"og:image\" content=\"http:\/\/ondauno.com.ar\/wp-content\/uploads\/2025\/04\/bahia_blanca_argentina.jpg\" \/>\n\t<meta property=\"og:image:width\" content=\"960\" \/>\n\t<meta property=\"og:image:height\" content=\"540\" \/>\n\t<meta property=\"og:image:type\" content=\"image\/jpeg\" \/>\n<meta name=\"author\" content=\"OndaUno\" \/>\n<meta name=\"twitter:card\" content=\"summary_large_image\" \/>\n<meta name=\"twitter:label1\" content=\"Escrito por\" \/>\n\t<meta name=\"twitter:data1\" content=\"OndaUno\" \/>\n\t<meta name=\"twitter:label2\" content=\"Tiempo de lectura\" \/>\n\t<meta name=\"twitter:data2\" content=\"2 minutos\" \/>\n<script type=\"application\/ld+json\" class=\"yoast-schema-graph\">{\"@context\":\"https:\/\/schema.org\",\"@graph\":[{\"@type\":\"WebPage\",\"@id\":\"https:\/\/ondauno.com.ar\/index.php\/2025\/04\/09\/la-provincia-abonara-a-partir-de-este-viernes-11-de-abril-el-subsidio-no-reembolsable-para-hogares-afectados-por-la-emergencia\/\",\"url\":\"https:\/\/ondauno.com.ar\/index.php\/2025\/04\/09\/la-provincia-abonara-a-partir-de-este-viernes-11-de-abril-el-subsidio-no-reembolsable-para-hogares-afectados-por-la-emergencia\/\",\"name\":\"La Provincia abonar\u00e1 a partir de este viernes 11 de abril el subsidio no reembolsable para hogares afectados por la emergencia - 103.9 fm\",\"isPartOf\":{\"@id\":\"https:\/\/ondauno.com.ar\/#website\"},\"primaryImageOfPage\":{\"@id\":\"https:\/\/ondauno.com.ar\/index.php\/2025\/04\/09\/la-provincia-abonara-a-partir-de-este-viernes-11-de-abril-el-subsidio-no-reembolsable-para-hogares-afectados-por-la-emergencia\/#primaryimage\"},\"image\":{\"@id\":\"https:\/\/ondauno.com.ar\/index.php\/2025\/04\/09\/la-provincia-abonara-a-partir-de-este-viernes-11-de-abril-el-subsidio-no-reembolsable-para-hogares-afectados-por-la-emergencia\/#primaryimage\"},\"thumbnailUrl\":\"https:\/\/ondauno.com.ar\/wp-content\/uploads\/2025\/04\/bahia_blanca_argentina.jpg\",\"datePublished\":\"2025-04-09T15:28:20+00:00\",\"dateModified\":\"2025-04-09T15:28:24+00:00\",\"author\":{\"@id\":\"https:\/\/ondauno.com.ar\/#\/schema\/person\/7ec851ddeceb4133d7d7132dc645714e\"},\"breadcrumb\":{\"@id\":\"https:\/\/ondauno.com.ar\/index.php\/2025\/04\/09\/la-provincia-abonara-a-partir-de-este-viernes-11-de-abril-el-subsidio-no-reembolsable-para-hogares-afectados-por-la-emergencia\/#breadcrumb\"},\"inLanguage\":\"es-AR\",\"potentialAction\":[{\"@type\":\"ReadAction\",\"target\":[\"https:\/\/ondauno.com.ar\/index.php\/2025\/04\/09\/la-provincia-abonara-a-partir-de-este-viernes-11-de-abril-el-subsidio-no-reembolsable-para-hogares-afectados-por-la-emergencia\/\"]}]},{\"@type\":\"ImageObject\",\"inLanguage\":\"es-AR\",\"@id\":\"https:\/\/ondauno.com.ar\/index.php\/2025\/04\/09\/la-provincia-abonara-a-partir-de-este-viernes-11-de-abril-el-subsidio-no-reembolsable-para-hogares-afectados-por-la-emergencia\/#primaryimage\",\"url\":\"https:\/\/ondauno.com.ar\/wp-content\/uploads\/2025\/04\/bahia_blanca_argentina.jpg\",\"contentUrl\":\"https:\/\/ondauno.com.ar\/wp-content\/uploads\/2025\/04\/bahia_blanca_argentina.jpg\",\"width\":960,\"height\":540},{\"@type\":\"BreadcrumbList\",\"@id\":\"https:\/\/ondauno.com.ar\/index.php\/2025\/04\/09\/la-provincia-abonara-a-partir-de-este-viernes-11-de-abril-el-subsidio-no-reembolsable-para-hogares-afectados-por-la-emergencia\/#breadcrumb\",\"itemListElement\":[{\"@type\":\"ListItem\",\"position\":1,\"name\":\"Inicio\",\"item\":\"https:\/\/ondauno.com.ar\/\"},{\"@type\":\"ListItem\",\"position\":2,\"name\":\"La Provincia abonar\u00e1 a partir de este viernes 11 de abril el subsidio no reembolsable para hogares afectados por la emergencia\"}]},{\"@type\":\"WebSite\",\"@id\":\"https:\/\/ondauno.com.ar\/#website\",\"url\":\"https:\/\/ondauno.com.ar\/\",\"name\":\"103.9 fm\",\"description\":\"LA PRIMERA RADIO MULTIMEDIA DE TRES ARROYOS\",\"potentialAction\":[{\"@type\":\"SearchAction\",\"target\":{\"@type\":\"EntryPoint\",\"urlTemplate\":\"https:\/\/ondauno.com.ar\/?s={search_term_string}\"},\"query-input\":\"required name=search_term_string\"}],\"inLanguage\":\"es-AR\"},{\"@type\":\"Person\",\"@id\":\"https:\/\/ondauno.com.ar\/#\/schema\/person\/7ec851ddeceb4133d7d7132dc645714e\",\"name\":\"OndaUno\",\"image\":{\"@type\":\"ImageObject\",\"inLanguage\":\"es-AR\",\"@id\":\"https:\/\/ondauno.com.ar\/#\/schema\/person\/image\/\",\"url\":\"https:\/\/secure.gravatar.com\/avatar\/93b8009f0de7021f1feb2bd5b32fb9e8?s=96&d=mm&r=g\",\"contentUrl\":\"https:\/\/secure.gravatar.com\/avatar\/93b8009f0de7021f1feb2bd5b32fb9e8?s=96&d=mm&r=g\",\"caption\":\"OndaUno\"},\"url\":\"https:\/\/ondauno.com.ar\/index.php\/author\/ondauno\/\"}]}<\/script>\n<!-- \/ Yoast SEO plugin. -->","yoast_head_json":{"title":"La Provincia abonar\u00e1 a partir de este viernes 11 de abril el subsidio no reembolsable para hogares afectados por la emergencia - 103.9 fm","robots":{"index":"index","follow":"follow","max-snippet":"max-snippet:-1","max-image-preview":"max-image-preview:large","max-video-preview":"max-video-preview:-1"},"canonical":"https:\/\/ondauno.com.ar\/index.php\/2025\/04\/09\/la-provincia-abonara-a-partir-de-este-viernes-11-de-abril-el-subsidio-no-reembolsable-para-hogares-afectados-por-la-emergencia\/","og_locale":"es_ES","og_type":"article","og_title":"La Provincia abonar\u00e1 a partir de este viernes 11 de abril el subsidio no reembolsable para hogares afectados por la emergencia - 103.9 fm","og_description":"BAH\u00cdA BLANCA El Gobierno de la provincia de Buenos Aires informa que a partir de este viernes 11 de abril comenzar\u00e1 a abonar el subsidio destinado a hogares afectados por la inundaci\u00f3n en el partido de Bah\u00eda Blanca a las y los primeros beneficiarios. Quienes se hayan inscripto pueden comprobar tanto el estado del tr\u00e1mite [&hellip;]","og_url":"https:\/\/ondauno.com.ar\/index.php\/2025\/04\/09\/la-provincia-abonara-a-partir-de-este-viernes-11-de-abril-el-subsidio-no-reembolsable-para-hogares-afectados-por-la-emergencia\/","og_site_name":"103.9 fm","article_publisher":"https:\/\/www.facebook.com\/ondauno103.9","article_published_time":"2025-04-09T15:28:20+00:00","article_modified_time":"2025-04-09T15:28:24+00:00","og_image":[{"width":960,"height":540,"url":"http:\/\/ondauno.com.ar\/wp-content\/uploads\/2025\/04\/bahia_blanca_argentina.jpg","type":"image\/jpeg"}],"author":"OndaUno","twitter_card":"summary_large_image","twitter_misc":{"Escrito por":"OndaUno","Tiempo de lectura":"2 minutos"},"schema":{"@context":"https:\/\/schema.org","@graph":[{"@type":"WebPage","@id":"https:\/\/ondauno.com.ar\/index.php\/2025\/04\/09\/la-provincia-abonara-a-partir-de-este-viernes-11-de-abril-el-subsidio-no-reembolsable-para-hogares-afectados-por-la-emergencia\/","url":"https:\/\/ondauno.com.ar\/index.php\/2025\/04\/09\/la-provincia-abonara-a-partir-de-este-viernes-11-de-abril-el-subsidio-no-reembolsable-para-hogares-afectados-por-la-emergencia\/","name":"La Provincia abonar\u00e1 a partir de este viernes 11 de abril el subsidio no reembolsable para hogares afectados por la emergencia - 103.9 fm","isPartOf":{"@id":"https:\/\/ondauno.com.ar\/#website"},"primaryImageOfPage":{"@id":"https:\/\/ondauno.com.ar\/index.php\/2025\/04\/09\/la-provincia-abonara-a-partir-de-este-viernes-11-de-abril-el-subsidio-no-reembolsable-para-hogares-afectados-por-la-emergencia\/#primaryimage"},"image":{"@id":"https:\/\/ondauno.com.ar\/index.php\/2025\/04\/09\/la-provincia-abonara-a-partir-de-este-viernes-11-de-abril-el-subsidio-no-reembolsable-para-hogares-afectados-por-la-emergencia\/#primaryimage"},"thumbnailUrl":"https:\/\/ondauno.com.ar\/wp-content\/uploads\/2025\/04\/bahia_blanca_argentina.jpg","datePublished":"2025-04-09T15:28:20+00:00","dateModified":"2025-04-09T15:28:24+00:00","author":{"@id":"https:\/\/ondauno.com.ar\/#\/schema\/person\/7ec851ddeceb4133d7d7132dc645714e"},"breadcrumb":{"@id":"https:\/\/ondauno.com.ar\/index.php\/2025\/04\/09\/la-provincia-abonara-a-partir-de-este-viernes-11-de-abril-el-subsidio-no-reembolsable-para-hogares-afectados-por-la-emergencia\/#breadcrumb"},"inLanguage":"es-AR","potentialAction":[{"@type":"ReadAction","target":["https:\/\/ondauno.com.ar\/index.php\/2025\/04\/09\/la-provincia-abonara-a-partir-de-este-viernes-11-de-abril-el-subsidio-no-reembolsable-para-hogares-afectados-por-la-emergencia\/"]}]},{"@type":"ImageObject","inLanguage":"es-AR","@id":"https:\/\/ondauno.com.ar\/index.php\/2025\/04\/09\/la-provincia-abonara-a-partir-de-este-viernes-11-de-abril-el-subsidio-no-reembolsable-para-hogares-afectados-por-la-emergencia\/#primaryimage","url":"https:\/\/ondauno.com.ar\/wp-content\/uploads\/2025\/04\/bahia_blanca_argentina.jpg","contentUrl":"https:\/\/ondauno.com.ar\/wp-content\/uploads\/2025\/04\/bahia_blanca_argentina.jpg","width":960,"height":540},{"@type":"BreadcrumbList","@id":"https:\/\/ondauno.com.ar\/index.php\/2025\/04\/09\/la-provincia-abonara-a-partir-de-este-viernes-11-de-abril-el-subsidio-no-reembolsable-para-hogares-afectados-por-la-emergencia\/#breadcrumb","itemListElement":[{"@type":"ListItem","position":1,"name":"Inicio","item":"https:\/\/ondauno.com.ar\/"},{"@type":"ListItem","position":2,"name":"La Provincia abonar\u00e1 a partir de este viernes 11 de abril el subsidio no reembolsable para hogares afectados por la emergencia"}]},{"@type":"WebSite","@id":"https:\/\/ondauno.com.ar\/#website","url":"https:\/\/ondauno.com.ar\/","name":"103.9 fm","description":"LA PRIMERA RADIO MULTIMEDIA DE TRES ARROYOS","potentialAction":[{"@type":"SearchAction","target":{"@type":"EntryPoint","urlTemplate":"https:\/\/ondauno.com.ar\/?s={search_term_string}"},"query-input":"required name=search_term_string"}],"inLanguage":"es-AR"},{"@type":"Person","@id":"https:\/\/ondauno.com.ar\/#\/schema\/person\/7ec851ddeceb4133d7d7132dc645714e","name":"OndaUno","image":{"@type":"ImageObject","inLanguage":"es-AR","@id":"https:\/\/ondauno.com.ar\/#\/schema\/person\/image\/","url":"https:\/\/secure.gravatar.com\/avatar\/93b8009f0de7021f1feb2bd5b32fb9e8?s=96&d=mm&r=g","contentUrl":"https:\/\/secure.gravatar.com\/avatar\/93b8009f0de7021f1feb2bd5b32fb9e8?s=96&d=mm&r=g","caption":"OndaUno"},"url":"https:\/\/ondauno.com.ar\/index.php\/author\/ondauno\/"}]}},"jetpack_publicize_connections":[],"jetpack_featured_media_url":"https:\/\/ondauno.com.ar\/wp-content\/uploads\/2025\/04\/bahia_blanca_argentina.jpg","jetpack_sharing_enabled":true,"_links":{"self":[{"href":"https:\/\/ondauno.com.ar\/index.php\/wp-json\/wp\/v2\/posts\/55100","targetHints":{"allow":["GET"]}}],"collection":[{"href":"https:\/\/ondauno.com.ar\/index.php\/wp-json\/wp\/v2\/posts"}],"about":[{"href":"https:\/\/ondauno.com.ar\/index.php\/wp-json\/wp\/v2\/types\/post"}],"author":[{"embeddable":true,"href":"https:\/\/ondauno.com.ar\/index.php\/wp-json\/wp\/v2\/users\/1"}],"replies":[{"embeddable":true,"href":"https:\/\/ondauno.com.ar\/index.php\/wp-json\/wp\/v2\/comments?post=55100"}],"version-history":[{"count":1,"href":"https:\/\/ondauno.com.ar\/index.php\/wp-json\/wp\/v2\/posts\/55100\/revisions"}],"predecessor-version":[{"id":55102,"href":"https:\/\/ondauno.com.ar\/index.php\/wp-json\/wp\/v2\/posts\/55100\/revisions\/55102"}],"wp:featuredmedia":[{"embeddable":true,"href":"https:\/\/ondauno.com.ar\/index.php\/wp-json\/wp\/v2\/media\/55101"}],"wp:attachment":[{"href":"https:\/\/ondauno.com.ar\/index.php\/wp-json\/wp\/v2\/media?parent=55100"}],"wp:term":[{"taxonomy":"category","embeddable":true,"href":"https:\/\/ondauno.com.ar\/index.php\/wp-json\/wp\/v2\/categories?post=55100"},{"taxonomy":"post_tag","embeddable":true,"href":"https:\/\/ondauno.com.ar\/index.php\/wp-json\/wp\/v2\/tags?post=55100"}],"curies":[{"name":"wp","href":"https:\/\/api.w.org\/{rel}","templated":true}]}}