{"id":55088,"date":"2025-04-09T10:12:00","date_gmt":"2025-04-09T13:12:00","guid":{"rendered":"https:\/\/ondauno.com.ar\/?p=55088"},"modified":"2025-04-09T10:12:04","modified_gmt":"2025-04-09T13:12:04","slug":"la-cgt-tres-arroyos-convoca-a-marchar-en-apoyo-a-los-jubilados","status":"publish","type":"post","link":"https:\/\/ondauno.com.ar\/index.php\/2025\/04\/09\/la-cgt-tres-arroyos-convoca-a-marchar-en-apoyo-a-los-jubilados\/","title":{"rendered":"La CGT Tres Arroyos convoca a marchar en apoyo a los jubilados"},"content":{"rendered":"<div class=\"ondau-before-content_3\" style=\"margin-top: -30px;\" id=\"ondau-2251137174\"><a href=\"https:\/\/www.lps.com.ar\/\" aria-label=\"la-perse2\"><img loading=\"lazy\" decoding=\"async\" src=\"https:\/\/ondauno.com.ar\/wp-content\/uploads\/2021\/10\/la-perse2.jpg\" alt=\"\"  srcset=\"https:\/\/ondauno.com.ar\/wp-content\/uploads\/2021\/10\/la-perse2.jpg 1353w, https:\/\/ondauno.com.ar\/wp-content\/uploads\/2021\/10\/la-perse2-300x43.jpg 300w, https:\/\/ondauno.com.ar\/wp-content\/uploads\/2021\/10\/la-perse2-1024x148.jpg 1024w, https:\/\/ondauno.com.ar\/wp-content\/uploads\/2021\/10\/la-perse2-768x111.jpg 768w, https:\/\/ondauno.com.ar\/wp-content\/uploads\/2021\/10\/la-perse2-696x100.jpg 696w, https:\/\/ondauno.com.ar\/wp-content\/uploads\/2021\/10\/la-perse2-1068x154.jpg 1068w\" sizes=\"(max-width: 1353px) 100vw, 1353px\" class=\"no-lazyload\" width=\"1353\" height=\"195\"  style=\"display: inline-block;\" \/><\/a><\/div>\n<p>En el marco de la jornada de paro y movilizaci\u00f3n establecida a nivel nacional por la Central Obrera, la delegaci\u00f3n Regional Tres Arroyos de CGT convoca para hoy miercoles a las 18 hs. a marchar en apoyo a los jubilados en la Plaza San Mart\u00edn<\/p>\n\n\n\n<p>El paro ser\u00e1 en reclamo por paritarias libres y homologadas, aumento de emergencia a los jubilados y un proyecto de actualizaci\u00f3n del bono, que se termine con la represi\u00f3n de la protesta social, en defensa de la industria nacional, por la reanudaci\u00f3n de la obra p\u00fablica generadora de mano de obra, que se ejecute un plan nacional de empleo, por mas presupuesto para educaci\u00f3n y salud, por que se respeten las libertades y derechos logrados por los diversos colectivos sociales, por mas equilibrio y justicia social.&nbsp;<\/p>\n\n\n\n<p>Adolfo Olivera<\/p>\n\n\n\n<p>Secretario de Prensa<\/p>\n\n\n\n<p>Rub\u00e9n Carabajal&nbsp;<\/p>\n\n\n\n<p>Secretario General<\/p>\n","protected":false},"excerpt":{"rendered":"<p>En el marco de la jornada de paro y movilizaci\u00f3n establecida a nivel nacional por la Central Obrera, la delegaci\u00f3n Regional Tres Arroyos de CGT convoca para hoy miercoles a las 18 hs. a marchar en apoyo a los jubilados en la Plaza San Mart\u00edn El paro ser\u00e1 en reclamo por paritarias libres y homologadas, [&hellip;]<\/p>\n","protected":false},"author":1,"featured_media":50730,"comment_status":"open","ping_status":"open","sticky":false,"template":"","format":"standard","meta":{"tdm_status":"","tdm_grid_status":"","_jetpack_memberships_contains_paid_content":false,"footnotes":"","jetpack_publicize_message":"","jetpack_publicize_feature_enabled":true,"jetpack_social_post_already_shared":true,"jetpack_social_options":{"image_generator_settings":{"template":"highway","default_image_id":0,"font":"","enabled":false},"version":2}},"categories":[2],"tags":[],"class_list":{"0":"post-55088","1":"post","2":"type-post","3":"status-publish","4":"format-standard","5":"has-post-thumbnail","7":"category-locales"},"yoast_head":"<!-- This site is optimized with the Yoast SEO plugin v22.7 - https:\/\/yoast.com\/wordpress\/plugins\/seo\/ -->\n<title>La CGT Tres Arroyos convoca a marchar en apoyo a los jubilados - 103.9 fm<\/title>\n<meta name=\"robots\" content=\"index, follow, max-snippet:-1, max-image-preview:large, max-video-preview:-1\" \/>\n<link rel=\"canonical\" href=\"https:\/\/ondauno.com.ar\/index.php\/2025\/04\/09\/la-cgt-tres-arroyos-convoca-a-marchar-en-apoyo-a-los-jubilados\/\" \/>\n<meta property=\"og:locale\" content=\"es_ES\" \/>\n<meta property=\"og:type\" content=\"article\" \/>\n<meta property=\"og:title\" content=\"La CGT Tres Arroyos convoca a marchar en apoyo a los jubilados - 103.9 fm\" \/>\n<meta property=\"og:description\" content=\"En el marco de la jornada de paro y movilizaci\u00f3n establecida a nivel nacional por la Central Obrera, la delegaci\u00f3n Regional Tres Arroyos de CGT convoca para hoy miercoles a las 18 hs. a marchar en apoyo a los jubilados en la Plaza San Mart\u00edn El paro ser\u00e1 en reclamo por paritarias libres y homologadas, [&hellip;]\" \/>\n<meta property=\"og:url\" content=\"https:\/\/ondauno.com.ar\/index.php\/2025\/04\/09\/la-cgt-tres-arroyos-convoca-a-marchar-en-apoyo-a-los-jubilados\/\" \/>\n<meta property=\"og:site_name\" content=\"103.9 fm\" \/>\n<meta property=\"article:publisher\" content=\"https:\/\/www.facebook.com\/ondauno103.9\" \/>\n<meta property=\"article:published_time\" content=\"2025-04-09T13:12:00+00:00\" \/>\n<meta property=\"article:modified_time\" content=\"2025-04-09T13:12:04+00:00\" \/>\n<meta property=\"og:image\" content=\"http:\/\/ondauno.com.ar\/wp-content\/uploads\/2024\/10\/CGT1.jpg\" \/>\n\t<meta property=\"og:image:width\" content=\"327\" \/>\n\t<meta property=\"og:image:height\" content=\"292\" \/>\n\t<meta property=\"og:image:type\" content=\"image\/jpeg\" \/>\n<meta name=\"author\" content=\"OndaUno\" \/>\n<meta name=\"twitter:card\" content=\"summary_large_image\" \/>\n<meta name=\"twitter:label1\" content=\"Escrito por\" \/>\n\t<meta name=\"twitter:data1\" content=\"OndaUno\" \/>\n\t<meta name=\"twitter:label2\" content=\"Tiempo de lectura\" \/>\n\t<meta name=\"twitter:data2\" content=\"1 minuto\" \/>\n<script type=\"application\/ld+json\" class=\"yoast-schema-graph\">{\"@context\":\"https:\/\/schema.org\",\"@graph\":[{\"@type\":\"WebPage\",\"@id\":\"https:\/\/ondauno.com.ar\/index.php\/2025\/04\/09\/la-cgt-tres-arroyos-convoca-a-marchar-en-apoyo-a-los-jubilados\/\",\"url\":\"https:\/\/ondauno.com.ar\/index.php\/2025\/04\/09\/la-cgt-tres-arroyos-convoca-a-marchar-en-apoyo-a-los-jubilados\/\",\"name\":\"La CGT Tres Arroyos convoca a marchar en apoyo a los jubilados - 103.9 fm\",\"isPartOf\":{\"@id\":\"https:\/\/ondauno.com.ar\/#website\"},\"primaryImageOfPage\":{\"@id\":\"https:\/\/ondauno.com.ar\/index.php\/2025\/04\/09\/la-cgt-tres-arroyos-convoca-a-marchar-en-apoyo-a-los-jubilados\/#primaryimage\"},\"image\":{\"@id\":\"https:\/\/ondauno.com.ar\/index.php\/2025\/04\/09\/la-cgt-tres-arroyos-convoca-a-marchar-en-apoyo-a-los-jubilados\/#primaryimage\"},\"thumbnailUrl\":\"https:\/\/ondauno.com.ar\/wp-content\/uploads\/2024\/10\/CGT1.jpg\",\"datePublished\":\"2025-04-09T13:12:00+00:00\",\"dateModified\":\"2025-04-09T13:12:04+00:00\",\"author\":{\"@id\":\"https:\/\/ondauno.com.ar\/#\/schema\/person\/7ec851ddeceb4133d7d7132dc645714e\"},\"breadcrumb\":{\"@id\":\"https:\/\/ondauno.com.ar\/index.php\/2025\/04\/09\/la-cgt-tres-arroyos-convoca-a-marchar-en-apoyo-a-los-jubilados\/#breadcrumb\"},\"inLanguage\":\"es-AR\",\"potentialAction\":[{\"@type\":\"ReadAction\",\"target\":[\"https:\/\/ondauno.com.ar\/index.php\/2025\/04\/09\/la-cgt-tres-arroyos-convoca-a-marchar-en-apoyo-a-los-jubilados\/\"]}]},{\"@type\":\"ImageObject\",\"inLanguage\":\"es-AR\",\"@id\":\"https:\/\/ondauno.com.ar\/index.php\/2025\/04\/09\/la-cgt-tres-arroyos-convoca-a-marchar-en-apoyo-a-los-jubilados\/#primaryimage\",\"url\":\"https:\/\/ondauno.com.ar\/wp-content\/uploads\/2024\/10\/CGT1.jpg\",\"contentUrl\":\"https:\/\/ondauno.com.ar\/wp-content\/uploads\/2024\/10\/CGT1.jpg\",\"width\":327,\"height\":292},{\"@type\":\"BreadcrumbList\",\"@id\":\"https:\/\/ondauno.com.ar\/index.php\/2025\/04\/09\/la-cgt-tres-arroyos-convoca-a-marchar-en-apoyo-a-los-jubilados\/#breadcrumb\",\"itemListElement\":[{\"@type\":\"ListItem\",\"position\":1,\"name\":\"Inicio\",\"item\":\"https:\/\/ondauno.com.ar\/\"},{\"@type\":\"ListItem\",\"position\":2,\"name\":\"La CGT Tres Arroyos convoca a marchar en apoyo a los jubilados\"}]},{\"@type\":\"WebSite\",\"@id\":\"https:\/\/ondauno.com.ar\/#website\",\"url\":\"https:\/\/ondauno.com.ar\/\",\"name\":\"103.9 fm\",\"description\":\"LA PRIMERA RADIO MULTIMEDIA DE TRES ARROYOS\",\"potentialAction\":[{\"@type\":\"SearchAction\",\"target\":{\"@type\":\"EntryPoint\",\"urlTemplate\":\"https:\/\/ondauno.com.ar\/?s={search_term_string}\"},\"query-input\":\"required name=search_term_string\"}],\"inLanguage\":\"es-AR\"},{\"@type\":\"Person\",\"@id\":\"https:\/\/ondauno.com.ar\/#\/schema\/person\/7ec851ddeceb4133d7d7132dc645714e\",\"name\":\"OndaUno\",\"image\":{\"@type\":\"ImageObject\",\"inLanguage\":\"es-AR\",\"@id\":\"https:\/\/ondauno.com.ar\/#\/schema\/person\/image\/\",\"url\":\"https:\/\/secure.gravatar.com\/avatar\/93b8009f0de7021f1feb2bd5b32fb9e8?s=96&d=mm&r=g\",\"contentUrl\":\"https:\/\/secure.gravatar.com\/avatar\/93b8009f0de7021f1feb2bd5b32fb9e8?s=96&d=mm&r=g\",\"caption\":\"OndaUno\"},\"url\":\"https:\/\/ondauno.com.ar\/index.php\/author\/ondauno\/\"}]}<\/script>\n<!-- \/ Yoast SEO plugin. -->","yoast_head_json":{"title":"La CGT Tres Arroyos convoca a marchar en apoyo a los jubilados - 103.9 fm","robots":{"index":"index","follow":"follow","max-snippet":"max-snippet:-1","max-image-preview":"max-image-preview:large","max-video-preview":"max-video-preview:-1"},"canonical":"https:\/\/ondauno.com.ar\/index.php\/2025\/04\/09\/la-cgt-tres-arroyos-convoca-a-marchar-en-apoyo-a-los-jubilados\/","og_locale":"es_ES","og_type":"article","og_title":"La CGT Tres Arroyos convoca a marchar en apoyo a los jubilados - 103.9 fm","og_description":"En el marco de la jornada de paro y movilizaci\u00f3n establecida a nivel nacional por la Central Obrera, la delegaci\u00f3n Regional Tres Arroyos de CGT convoca para hoy miercoles a las 18 hs. a marchar en apoyo a los jubilados en la Plaza San Mart\u00edn El paro ser\u00e1 en reclamo por paritarias libres y homologadas, [&hellip;]","og_url":"https:\/\/ondauno.com.ar\/index.php\/2025\/04\/09\/la-cgt-tres-arroyos-convoca-a-marchar-en-apoyo-a-los-jubilados\/","og_site_name":"103.9 fm","article_publisher":"https:\/\/www.facebook.com\/ondauno103.9","article_published_time":"2025-04-09T13:12:00+00:00","article_modified_time":"2025-04-09T13:12:04+00:00","og_image":[{"width":327,"height":292,"url":"http:\/\/ondauno.com.ar\/wp-content\/uploads\/2024\/10\/CGT1.jpg","type":"image\/jpeg"}],"author":"OndaUno","twitter_card":"summary_large_image","twitter_misc":{"Escrito por":"OndaUno","Tiempo de lectura":"1 minuto"},"schema":{"@context":"https:\/\/schema.org","@graph":[{"@type":"WebPage","@id":"https:\/\/ondauno.com.ar\/index.php\/2025\/04\/09\/la-cgt-tres-arroyos-convoca-a-marchar-en-apoyo-a-los-jubilados\/","url":"https:\/\/ondauno.com.ar\/index.php\/2025\/04\/09\/la-cgt-tres-arroyos-convoca-a-marchar-en-apoyo-a-los-jubilados\/","name":"La CGT Tres Arroyos convoca a marchar en apoyo a los jubilados - 103.9 fm","isPartOf":{"@id":"https:\/\/ondauno.com.ar\/#website"},"primaryImageOfPage":{"@id":"https:\/\/ondauno.com.ar\/index.php\/2025\/04\/09\/la-cgt-tres-arroyos-convoca-a-marchar-en-apoyo-a-los-jubilados\/#primaryimage"},"image":{"@id":"https:\/\/ondauno.com.ar\/index.php\/2025\/04\/09\/la-cgt-tres-arroyos-convoca-a-marchar-en-apoyo-a-los-jubilados\/#primaryimage"},"thumbnailUrl":"https:\/\/ondauno.com.ar\/wp-content\/uploads\/2024\/10\/CGT1.jpg","datePublished":"2025-04-09T13:12:00+00:00","dateModified":"2025-04-09T13:12:04+00:00","author":{"@id":"https:\/\/ondauno.com.ar\/#\/schema\/person\/7ec851ddeceb4133d7d7132dc645714e"},"breadcrumb":{"@id":"https:\/\/ondauno.com.ar\/index.php\/2025\/04\/09\/la-cgt-tres-arroyos-convoca-a-marchar-en-apoyo-a-los-jubilados\/#breadcrumb"},"inLanguage":"es-AR","potentialAction":[{"@type":"ReadAction","target":["https:\/\/ondauno.com.ar\/index.php\/2025\/04\/09\/la-cgt-tres-arroyos-convoca-a-marchar-en-apoyo-a-los-jubilados\/"]}]},{"@type":"ImageObject","inLanguage":"es-AR","@id":"https:\/\/ondauno.com.ar\/index.php\/2025\/04\/09\/la-cgt-tres-arroyos-convoca-a-marchar-en-apoyo-a-los-jubilados\/#primaryimage","url":"https:\/\/ondauno.com.ar\/wp-content\/uploads\/2024\/10\/CGT1.jpg","contentUrl":"https:\/\/ondauno.com.ar\/wp-content\/uploads\/2024\/10\/CGT1.jpg","width":327,"height":292},{"@type":"BreadcrumbList","@id":"https:\/\/ondauno.com.ar\/index.php\/2025\/04\/09\/la-cgt-tres-arroyos-convoca-a-marchar-en-apoyo-a-los-jubilados\/#breadcrumb","itemListElement":[{"@type":"ListItem","position":1,"name":"Inicio","item":"https:\/\/ondauno.com.ar\/"},{"@type":"ListItem","position":2,"name":"La CGT Tres Arroyos convoca a marchar en apoyo a los jubilados"}]},{"@type":"WebSite","@id":"https:\/\/ondauno.com.ar\/#website","url":"https:\/\/ondauno.com.ar\/","name":"103.9 fm","description":"LA PRIMERA RADIO MULTIMEDIA DE TRES ARROYOS","potentialAction":[{"@type":"SearchAction","target":{"@type":"EntryPoint","urlTemplate":"https:\/\/ondauno.com.ar\/?s={search_term_string}"},"query-input":"required name=search_term_string"}],"inLanguage":"es-AR"},{"@type":"Person","@id":"https:\/\/ondauno.com.ar\/#\/schema\/person\/7ec851ddeceb4133d7d7132dc645714e","name":"OndaUno","image":{"@type":"ImageObject","inLanguage":"es-AR","@id":"https:\/\/ondauno.com.ar\/#\/schema\/person\/image\/","url":"https:\/\/secure.gravatar.com\/avatar\/93b8009f0de7021f1feb2bd5b32fb9e8?s=96&d=mm&r=g","contentUrl":"https:\/\/secure.gravatar.com\/avatar\/93b8009f0de7021f1feb2bd5b32fb9e8?s=96&d=mm&r=g","caption":"OndaUno"},"url":"https:\/\/ondauno.com.ar\/index.php\/author\/ondauno\/"}]}},"jetpack_publicize_connections":[],"jetpack_featured_media_url":"https:\/\/ondauno.com.ar\/wp-content\/uploads\/2024\/10\/CGT1.jpg","jetpack_sharing_enabled":true,"_links":{"self":[{"href":"https:\/\/ondauno.com.ar\/index.php\/wp-json\/wp\/v2\/posts\/55088","targetHints":{"allow":["GET"]}}],"collection":[{"href":"https:\/\/ondauno.com.ar\/index.php\/wp-json\/wp\/v2\/posts"}],"about":[{"href":"https:\/\/ondauno.com.ar\/index.php\/wp-json\/wp\/v2\/types\/post"}],"author":[{"embeddable":true,"href":"https:\/\/ondauno.com.ar\/index.php\/wp-json\/wp\/v2\/users\/1"}],"replies":[{"embeddable":true,"href":"https:\/\/ondauno.com.ar\/index.php\/wp-json\/wp\/v2\/comments?post=55088"}],"version-history":[{"count":1,"href":"https:\/\/ondauno.com.ar\/index.php\/wp-json\/wp\/v2\/posts\/55088\/revisions"}],"predecessor-version":[{"id":55089,"href":"https:\/\/ondauno.com.ar\/index.php\/wp-json\/wp\/v2\/posts\/55088\/revisions\/55089"}],"wp:featuredmedia":[{"embeddable":true,"href":"https:\/\/ondauno.com.ar\/index.php\/wp-json\/wp\/v2\/media\/50730"}],"wp:attachment":[{"href":"https:\/\/ondauno.com.ar\/index.php\/wp-json\/wp\/v2\/media?parent=55088"}],"wp:term":[{"taxonomy":"category","embeddable":true,"href":"https:\/\/ondauno.com.ar\/index.php\/wp-json\/wp\/v2\/categories?post=55088"},{"taxonomy":"post_tag","embeddable":true,"href":"https:\/\/ondauno.com.ar\/index.php\/wp-json\/wp\/v2\/tags?post=55088"}],"curies":[{"name":"wp","href":"https:\/\/api.w.org\/{rel}","templated":true}]}}