{"id":55065,"date":"2025-04-08T22:50:26","date_gmt":"2025-04-09T01:50:26","guid":{"rendered":"https:\/\/ondauno.com.ar\/?p=55065"},"modified":"2025-04-08T23:08:25","modified_gmt":"2025-04-09T02:08:25","slug":"garate-sobre-el-anuncio-de-kicillof-el-gobernador-tomo-una-decision-que-fortalece-la-autonomia-de-la-provincia","status":"publish","type":"post","link":"https:\/\/ondauno.com.ar\/index.php\/2025\/04\/08\/garate-sobre-el-anuncio-de-kicillof-el-gobernador-tomo-una-decision-que-fortalece-la-autonomia-de-la-provincia\/","title":{"rendered":"Garate sobre el anuncio de Kicillof: \u201cEl gobernador tom\u00f3 una decisi\u00f3n que fortalece la autonom\u00eda de la provincia\u201d"},"content":{"rendered":"<div class=\"ondau-before-content_3\" style=\"margin-top: -30px;\" id=\"ondau-4207745398\"><a href=\"https:\/\/www.lps.com.ar\/\" aria-label=\"la-perse2\"><img loading=\"lazy\" decoding=\"async\" src=\"https:\/\/ondauno.com.ar\/wp-content\/uploads\/2021\/10\/la-perse2.jpg\" alt=\"\"  srcset=\"https:\/\/ondauno.com.ar\/wp-content\/uploads\/2021\/10\/la-perse2.jpg 1353w, https:\/\/ondauno.com.ar\/wp-content\/uploads\/2021\/10\/la-perse2-300x43.jpg 300w, https:\/\/ondauno.com.ar\/wp-content\/uploads\/2021\/10\/la-perse2-1024x148.jpg 1024w, https:\/\/ondauno.com.ar\/wp-content\/uploads\/2021\/10\/la-perse2-768x111.jpg 768w, https:\/\/ondauno.com.ar\/wp-content\/uploads\/2021\/10\/la-perse2-696x100.jpg 696w, https:\/\/ondauno.com.ar\/wp-content\/uploads\/2021\/10\/la-perse2-1068x154.jpg 1068w\" sizes=\"(max-width: 1353px) 100vw, 1353px\" class=\"no-lazyload\" width=\"1353\" height=\"195\"  style=\"display: inline-block;\" \/><\/a><\/div>\n<p>El intendente de Tres Arroyos, Pablo Garate, se refiri\u00f3 en Cosas que pasan al anuncio del gobernador Axel Kicillof sobre el desdoblamiento de las elecciones provinciales, y destac\u00f3 la medida como un avance institucional para Buenos Aires.<\/p>\n\n\n\n<p>\u201cMe parece que el gobernador tom\u00f3 una decisi\u00f3n que fortalece la autonom\u00eda de la provincia, que es importante desde lo pol\u00edtico y desde lo institucional\u201d, expres\u00f3 Garate.<\/p>\n\n\n\n<p>Tambi\u00e9n valor\u00f3 el impacto que esto puede tener en la discusi\u00f3n de los temas locales: \u201cNos va a permitir discutir el proyecto bonaerense, discutir qu\u00e9 modelo de provincia queremos, sin que eso quede absorbido por la agenda nacional\u201d.<\/p>\n\n\n\n<p>Garate remarc\u00f3 que, si bien a\u00fan no se conocen los detalles del calendario electoral, la decisi\u00f3n de separar la elecci\u00f3n bonaerense de la nacional \u201ces un paso que va en l\u00ednea con lo que muchas provincias ya han hecho y que apunta a fortalecer el federalismo y la participaci\u00f3n\u201d.<\/p>\n\n\n\n<figure class=\"wp-block-embed is-type-video is-provider-youtube wp-block-embed-youtube wp-embed-aspect-16-9 wp-has-aspect-ratio\"><div class=\"wp-block-embed__wrapper\">\n<iframe loading=\"lazy\" title=\"Onda Uno 103.9 en vivo\" width=\"696\" height=\"392\" data-src=\"https:\/\/www.youtube.com\/embed\/9J3xBFUpcyY?start=1273&#038;feature=oembed\" frameborder=\"0\" allow=\"accelerometer; autoplay; clipboard-write; encrypted-media; gyroscope; picture-in-picture; web-share\" referrerpolicy=\"strict-origin-when-cross-origin\" allowfullscreen src=\"data:image\/gif;base64,R0lGODlhAQABAAAAACH5BAEKAAEALAAAAAABAAEAAAICTAEAOw==\" class=\"lazyload\" data-load-mode=\"1\"><\/iframe>\n<\/div><\/figure>\n","protected":false},"excerpt":{"rendered":"<p>El intendente de Tres Arroyos, Pablo Garate, se refiri\u00f3 en Cosas que pasan al anuncio del gobernador Axel Kicillof sobre el desdoblamiento de las elecciones provinciales, y destac\u00f3 la medida como un avance institucional para Buenos Aires. \u201cMe parece que el gobernador tom\u00f3 una decisi\u00f3n que fortalece la autonom\u00eda de la provincia, que es importante [&hellip;]<\/p>\n","protected":false},"author":1,"featured_media":55066,"comment_status":"open","ping_status":"open","sticky":false,"template":"","format":"standard","meta":{"tdm_status":"","tdm_grid_status":"","_jetpack_memberships_contains_paid_content":false,"footnotes":"","jetpack_publicize_message":"","jetpack_publicize_feature_enabled":true,"jetpack_social_post_already_shared":true,"jetpack_social_options":{"image_generator_settings":{"template":"highway","default_image_id":0,"font":"","enabled":false},"version":2}},"categories":[2],"tags":[],"class_list":{"0":"post-55065","1":"post","2":"type-post","3":"status-publish","4":"format-standard","5":"has-post-thumbnail","7":"category-locales"},"yoast_head":"<!-- This site is optimized with the Yoast SEO plugin v22.7 - https:\/\/yoast.com\/wordpress\/plugins\/seo\/ -->\n<title>Garate sobre el anuncio de Kicillof: \u201cEl gobernador tom\u00f3 una decisi\u00f3n que fortalece la autonom\u00eda de la provincia\u201d - 103.9 fm<\/title>\n<meta name=\"robots\" content=\"index, follow, max-snippet:-1, max-image-preview:large, max-video-preview:-1\" \/>\n<link rel=\"canonical\" href=\"https:\/\/ondauno.com.ar\/index.php\/2025\/04\/08\/garate-sobre-el-anuncio-de-kicillof-el-gobernador-tomo-una-decision-que-fortalece-la-autonomia-de-la-provincia\/\" \/>\n<meta property=\"og:locale\" content=\"es_ES\" \/>\n<meta property=\"og:type\" content=\"article\" \/>\n<meta property=\"og:title\" content=\"Garate sobre el anuncio de Kicillof: \u201cEl gobernador tom\u00f3 una decisi\u00f3n que fortalece la autonom\u00eda de la provincia\u201d - 103.9 fm\" \/>\n<meta property=\"og:description\" content=\"El intendente de Tres Arroyos, Pablo Garate, se refiri\u00f3 en Cosas que pasan al anuncio del gobernador Axel Kicillof sobre el desdoblamiento de las elecciones provinciales, y destac\u00f3 la medida como un avance institucional para Buenos Aires. \u201cMe parece que el gobernador tom\u00f3 una decisi\u00f3n que fortalece la autonom\u00eda de la provincia, que es importante [&hellip;]\" \/>\n<meta property=\"og:url\" content=\"https:\/\/ondauno.com.ar\/index.php\/2025\/04\/08\/garate-sobre-el-anuncio-de-kicillof-el-gobernador-tomo-una-decision-que-fortalece-la-autonomia-de-la-provincia\/\" \/>\n<meta property=\"og:site_name\" content=\"103.9 fm\" \/>\n<meta property=\"article:publisher\" content=\"https:\/\/www.facebook.com\/ondauno103.9\" \/>\n<meta property=\"article:published_time\" content=\"2025-04-09T01:50:26+00:00\" \/>\n<meta property=\"article:modified_time\" content=\"2025-04-09T02:08:25+00:00\" \/>\n<meta property=\"og:image\" content=\"http:\/\/ondauno.com.ar\/wp-content\/uploads\/2025\/04\/67a1fb5a68c72.jpg\" \/>\n\t<meta property=\"og:image:width\" content=\"513\" \/>\n\t<meta property=\"og:image:height\" content=\"513\" \/>\n\t<meta property=\"og:image:type\" content=\"image\/jpeg\" \/>\n<meta name=\"author\" content=\"OndaUno\" \/>\n<meta name=\"twitter:card\" content=\"summary_large_image\" \/>\n<meta name=\"twitter:label1\" content=\"Escrito por\" \/>\n\t<meta name=\"twitter:data1\" content=\"OndaUno\" \/>\n\t<meta name=\"twitter:label2\" content=\"Tiempo de lectura\" \/>\n\t<meta name=\"twitter:data2\" content=\"1 minuto\" \/>\n<script type=\"application\/ld+json\" class=\"yoast-schema-graph\">{\"@context\":\"https:\/\/schema.org\",\"@graph\":[{\"@type\":\"WebPage\",\"@id\":\"https:\/\/ondauno.com.ar\/index.php\/2025\/04\/08\/garate-sobre-el-anuncio-de-kicillof-el-gobernador-tomo-una-decision-que-fortalece-la-autonomia-de-la-provincia\/\",\"url\":\"https:\/\/ondauno.com.ar\/index.php\/2025\/04\/08\/garate-sobre-el-anuncio-de-kicillof-el-gobernador-tomo-una-decision-que-fortalece-la-autonomia-de-la-provincia\/\",\"name\":\"Garate sobre el anuncio de Kicillof: \u201cEl gobernador tom\u00f3 una decisi\u00f3n que fortalece la autonom\u00eda de la provincia\u201d - 103.9 fm\",\"isPartOf\":{\"@id\":\"https:\/\/ondauno.com.ar\/#website\"},\"primaryImageOfPage\":{\"@id\":\"https:\/\/ondauno.com.ar\/index.php\/2025\/04\/08\/garate-sobre-el-anuncio-de-kicillof-el-gobernador-tomo-una-decision-que-fortalece-la-autonomia-de-la-provincia\/#primaryimage\"},\"image\":{\"@id\":\"https:\/\/ondauno.com.ar\/index.php\/2025\/04\/08\/garate-sobre-el-anuncio-de-kicillof-el-gobernador-tomo-una-decision-que-fortalece-la-autonomia-de-la-provincia\/#primaryimage\"},\"thumbnailUrl\":\"https:\/\/ondauno.com.ar\/wp-content\/uploads\/2025\/04\/67a1fb5a68c72.jpg\",\"datePublished\":\"2025-04-09T01:50:26+00:00\",\"dateModified\":\"2025-04-09T02:08:25+00:00\",\"author\":{\"@id\":\"https:\/\/ondauno.com.ar\/#\/schema\/person\/7ec851ddeceb4133d7d7132dc645714e\"},\"breadcrumb\":{\"@id\":\"https:\/\/ondauno.com.ar\/index.php\/2025\/04\/08\/garate-sobre-el-anuncio-de-kicillof-el-gobernador-tomo-una-decision-que-fortalece-la-autonomia-de-la-provincia\/#breadcrumb\"},\"inLanguage\":\"es-AR\",\"potentialAction\":[{\"@type\":\"ReadAction\",\"target\":[\"https:\/\/ondauno.com.ar\/index.php\/2025\/04\/08\/garate-sobre-el-anuncio-de-kicillof-el-gobernador-tomo-una-decision-que-fortalece-la-autonomia-de-la-provincia\/\"]}]},{\"@type\":\"ImageObject\",\"inLanguage\":\"es-AR\",\"@id\":\"https:\/\/ondauno.com.ar\/index.php\/2025\/04\/08\/garate-sobre-el-anuncio-de-kicillof-el-gobernador-tomo-una-decision-que-fortalece-la-autonomia-de-la-provincia\/#primaryimage\",\"url\":\"https:\/\/ondauno.com.ar\/wp-content\/uploads\/2025\/04\/67a1fb5a68c72.jpg\",\"contentUrl\":\"https:\/\/ondauno.com.ar\/wp-content\/uploads\/2025\/04\/67a1fb5a68c72.jpg\",\"width\":513,\"height\":513},{\"@type\":\"BreadcrumbList\",\"@id\":\"https:\/\/ondauno.com.ar\/index.php\/2025\/04\/08\/garate-sobre-el-anuncio-de-kicillof-el-gobernador-tomo-una-decision-que-fortalece-la-autonomia-de-la-provincia\/#breadcrumb\",\"itemListElement\":[{\"@type\":\"ListItem\",\"position\":1,\"name\":\"Inicio\",\"item\":\"https:\/\/ondauno.com.ar\/\"},{\"@type\":\"ListItem\",\"position\":2,\"name\":\"Garate sobre el anuncio de Kicillof: \u201cEl gobernador tom\u00f3 una decisi\u00f3n que fortalece la autonom\u00eda de la provincia\u201d\"}]},{\"@type\":\"WebSite\",\"@id\":\"https:\/\/ondauno.com.ar\/#website\",\"url\":\"https:\/\/ondauno.com.ar\/\",\"name\":\"103.9 fm\",\"description\":\"LA PRIMERA RADIO MULTIMEDIA DE TRES ARROYOS\",\"potentialAction\":[{\"@type\":\"SearchAction\",\"target\":{\"@type\":\"EntryPoint\",\"urlTemplate\":\"https:\/\/ondauno.com.ar\/?s={search_term_string}\"},\"query-input\":\"required name=search_term_string\"}],\"inLanguage\":\"es-AR\"},{\"@type\":\"Person\",\"@id\":\"https:\/\/ondauno.com.ar\/#\/schema\/person\/7ec851ddeceb4133d7d7132dc645714e\",\"name\":\"OndaUno\",\"image\":{\"@type\":\"ImageObject\",\"inLanguage\":\"es-AR\",\"@id\":\"https:\/\/ondauno.com.ar\/#\/schema\/person\/image\/\",\"url\":\"https:\/\/secure.gravatar.com\/avatar\/93b8009f0de7021f1feb2bd5b32fb9e8?s=96&d=mm&r=g\",\"contentUrl\":\"https:\/\/secure.gravatar.com\/avatar\/93b8009f0de7021f1feb2bd5b32fb9e8?s=96&d=mm&r=g\",\"caption\":\"OndaUno\"},\"url\":\"https:\/\/ondauno.com.ar\/index.php\/author\/ondauno\/\"}]}<\/script>\n<!-- \/ Yoast SEO plugin. -->","yoast_head_json":{"title":"Garate sobre el anuncio de Kicillof: \u201cEl gobernador tom\u00f3 una decisi\u00f3n que fortalece la autonom\u00eda de la provincia\u201d - 103.9 fm","robots":{"index":"index","follow":"follow","max-snippet":"max-snippet:-1","max-image-preview":"max-image-preview:large","max-video-preview":"max-video-preview:-1"},"canonical":"https:\/\/ondauno.com.ar\/index.php\/2025\/04\/08\/garate-sobre-el-anuncio-de-kicillof-el-gobernador-tomo-una-decision-que-fortalece-la-autonomia-de-la-provincia\/","og_locale":"es_ES","og_type":"article","og_title":"Garate sobre el anuncio de Kicillof: \u201cEl gobernador tom\u00f3 una decisi\u00f3n que fortalece la autonom\u00eda de la provincia\u201d - 103.9 fm","og_description":"El intendente de Tres Arroyos, Pablo Garate, se refiri\u00f3 en Cosas que pasan al anuncio del gobernador Axel Kicillof sobre el desdoblamiento de las elecciones provinciales, y destac\u00f3 la medida como un avance institucional para Buenos Aires. \u201cMe parece que el gobernador tom\u00f3 una decisi\u00f3n que fortalece la autonom\u00eda de la provincia, que es importante [&hellip;]","og_url":"https:\/\/ondauno.com.ar\/index.php\/2025\/04\/08\/garate-sobre-el-anuncio-de-kicillof-el-gobernador-tomo-una-decision-que-fortalece-la-autonomia-de-la-provincia\/","og_site_name":"103.9 fm","article_publisher":"https:\/\/www.facebook.com\/ondauno103.9","article_published_time":"2025-04-09T01:50:26+00:00","article_modified_time":"2025-04-09T02:08:25+00:00","og_image":[{"width":513,"height":513,"url":"http:\/\/ondauno.com.ar\/wp-content\/uploads\/2025\/04\/67a1fb5a68c72.jpg","type":"image\/jpeg"}],"author":"OndaUno","twitter_card":"summary_large_image","twitter_misc":{"Escrito por":"OndaUno","Tiempo de lectura":"1 minuto"},"schema":{"@context":"https:\/\/schema.org","@graph":[{"@type":"WebPage","@id":"https:\/\/ondauno.com.ar\/index.php\/2025\/04\/08\/garate-sobre-el-anuncio-de-kicillof-el-gobernador-tomo-una-decision-que-fortalece-la-autonomia-de-la-provincia\/","url":"https:\/\/ondauno.com.ar\/index.php\/2025\/04\/08\/garate-sobre-el-anuncio-de-kicillof-el-gobernador-tomo-una-decision-que-fortalece-la-autonomia-de-la-provincia\/","name":"Garate sobre el anuncio de Kicillof: \u201cEl gobernador tom\u00f3 una decisi\u00f3n que fortalece la autonom\u00eda de la provincia\u201d - 103.9 fm","isPartOf":{"@id":"https:\/\/ondauno.com.ar\/#website"},"primaryImageOfPage":{"@id":"https:\/\/ondauno.com.ar\/index.php\/2025\/04\/08\/garate-sobre-el-anuncio-de-kicillof-el-gobernador-tomo-una-decision-que-fortalece-la-autonomia-de-la-provincia\/#primaryimage"},"image":{"@id":"https:\/\/ondauno.com.ar\/index.php\/2025\/04\/08\/garate-sobre-el-anuncio-de-kicillof-el-gobernador-tomo-una-decision-que-fortalece-la-autonomia-de-la-provincia\/#primaryimage"},"thumbnailUrl":"https:\/\/ondauno.com.ar\/wp-content\/uploads\/2025\/04\/67a1fb5a68c72.jpg","datePublished":"2025-04-09T01:50:26+00:00","dateModified":"2025-04-09T02:08:25+00:00","author":{"@id":"https:\/\/ondauno.com.ar\/#\/schema\/person\/7ec851ddeceb4133d7d7132dc645714e"},"breadcrumb":{"@id":"https:\/\/ondauno.com.ar\/index.php\/2025\/04\/08\/garate-sobre-el-anuncio-de-kicillof-el-gobernador-tomo-una-decision-que-fortalece-la-autonomia-de-la-provincia\/#breadcrumb"},"inLanguage":"es-AR","potentialAction":[{"@type":"ReadAction","target":["https:\/\/ondauno.com.ar\/index.php\/2025\/04\/08\/garate-sobre-el-anuncio-de-kicillof-el-gobernador-tomo-una-decision-que-fortalece-la-autonomia-de-la-provincia\/"]}]},{"@type":"ImageObject","inLanguage":"es-AR","@id":"https:\/\/ondauno.com.ar\/index.php\/2025\/04\/08\/garate-sobre-el-anuncio-de-kicillof-el-gobernador-tomo-una-decision-que-fortalece-la-autonomia-de-la-provincia\/#primaryimage","url":"https:\/\/ondauno.com.ar\/wp-content\/uploads\/2025\/04\/67a1fb5a68c72.jpg","contentUrl":"https:\/\/ondauno.com.ar\/wp-content\/uploads\/2025\/04\/67a1fb5a68c72.jpg","width":513,"height":513},{"@type":"BreadcrumbList","@id":"https:\/\/ondauno.com.ar\/index.php\/2025\/04\/08\/garate-sobre-el-anuncio-de-kicillof-el-gobernador-tomo-una-decision-que-fortalece-la-autonomia-de-la-provincia\/#breadcrumb","itemListElement":[{"@type":"ListItem","position":1,"name":"Inicio","item":"https:\/\/ondauno.com.ar\/"},{"@type":"ListItem","position":2,"name":"Garate sobre el anuncio de Kicillof: \u201cEl gobernador tom\u00f3 una decisi\u00f3n que fortalece la autonom\u00eda de la provincia\u201d"}]},{"@type":"WebSite","@id":"https:\/\/ondauno.com.ar\/#website","url":"https:\/\/ondauno.com.ar\/","name":"103.9 fm","description":"LA PRIMERA RADIO MULTIMEDIA DE TRES ARROYOS","potentialAction":[{"@type":"SearchAction","target":{"@type":"EntryPoint","urlTemplate":"https:\/\/ondauno.com.ar\/?s={search_term_string}"},"query-input":"required name=search_term_string"}],"inLanguage":"es-AR"},{"@type":"Person","@id":"https:\/\/ondauno.com.ar\/#\/schema\/person\/7ec851ddeceb4133d7d7132dc645714e","name":"OndaUno","image":{"@type":"ImageObject","inLanguage":"es-AR","@id":"https:\/\/ondauno.com.ar\/#\/schema\/person\/image\/","url":"https:\/\/secure.gravatar.com\/avatar\/93b8009f0de7021f1feb2bd5b32fb9e8?s=96&d=mm&r=g","contentUrl":"https:\/\/secure.gravatar.com\/avatar\/93b8009f0de7021f1feb2bd5b32fb9e8?s=96&d=mm&r=g","caption":"OndaUno"},"url":"https:\/\/ondauno.com.ar\/index.php\/author\/ondauno\/"}]}},"jetpack_publicize_connections":[],"jetpack_featured_media_url":"https:\/\/ondauno.com.ar\/wp-content\/uploads\/2025\/04\/67a1fb5a68c72.jpg","jetpack_sharing_enabled":true,"_links":{"self":[{"href":"https:\/\/ondauno.com.ar\/index.php\/wp-json\/wp\/v2\/posts\/55065","targetHints":{"allow":["GET"]}}],"collection":[{"href":"https:\/\/ondauno.com.ar\/index.php\/wp-json\/wp\/v2\/posts"}],"about":[{"href":"https:\/\/ondauno.com.ar\/index.php\/wp-json\/wp\/v2\/types\/post"}],"author":[{"embeddable":true,"href":"https:\/\/ondauno.com.ar\/index.php\/wp-json\/wp\/v2\/users\/1"}],"replies":[{"embeddable":true,"href":"https:\/\/ondauno.com.ar\/index.php\/wp-json\/wp\/v2\/comments?post=55065"}],"version-history":[{"count":1,"href":"https:\/\/ondauno.com.ar\/index.php\/wp-json\/wp\/v2\/posts\/55065\/revisions"}],"predecessor-version":[{"id":55067,"href":"https:\/\/ondauno.com.ar\/index.php\/wp-json\/wp\/v2\/posts\/55065\/revisions\/55067"}],"wp:featuredmedia":[{"embeddable":true,"href":"https:\/\/ondauno.com.ar\/index.php\/wp-json\/wp\/v2\/media\/55066"}],"wp:attachment":[{"href":"https:\/\/ondauno.com.ar\/index.php\/wp-json\/wp\/v2\/media?parent=55065"}],"wp:term":[{"taxonomy":"category","embeddable":true,"href":"https:\/\/ondauno.com.ar\/index.php\/wp-json\/wp\/v2\/categories?post=55065"},{"taxonomy":"post_tag","embeddable":true,"href":"https:\/\/ondauno.com.ar\/index.php\/wp-json\/wp\/v2\/tags?post=55065"}],"curies":[{"name":"wp","href":"https:\/\/api.w.org\/{rel}","templated":true}]}}