{"id":54856,"date":"2025-04-01T18:50:56","date_gmt":"2025-04-01T21:50:56","guid":{"rendered":"https:\/\/ondauno.com.ar\/?p=54856"},"modified":"2025-04-01T18:51:55","modified_gmt":"2025-04-01T21:51:55","slug":"tamariscos-en-la-costa-francia-planteo-preocupacion-desde-gestion-ambiental","status":"publish","type":"post","link":"https:\/\/ondauno.com.ar\/index.php\/2025\/04\/01\/tamariscos-en-la-costa-francia-planteo-preocupacion-desde-gestion-ambiental\/","title":{"rendered":"Tamariscos en la costa: Francia plante\u00f3 preocupaci\u00f3n desde Gesti\u00f3n Ambiental"},"content":{"rendered":"<div class=\"ondau-before-content_3\" style=\"margin-top: -30px;\" id=\"ondau-3359208385\"><a href=\"https:\/\/www.lps.com.ar\/\" aria-label=\"la-perse2\"><img loading=\"lazy\" decoding=\"async\" src=\"https:\/\/ondauno.com.ar\/wp-content\/uploads\/2021\/10\/la-perse2.jpg\" alt=\"\"  srcset=\"https:\/\/ondauno.com.ar\/wp-content\/uploads\/2021\/10\/la-perse2.jpg 1353w, https:\/\/ondauno.com.ar\/wp-content\/uploads\/2021\/10\/la-perse2-300x43.jpg 300w, https:\/\/ondauno.com.ar\/wp-content\/uploads\/2021\/10\/la-perse2-1024x148.jpg 1024w, https:\/\/ondauno.com.ar\/wp-content\/uploads\/2021\/10\/la-perse2-768x111.jpg 768w, https:\/\/ondauno.com.ar\/wp-content\/uploads\/2021\/10\/la-perse2-696x100.jpg 696w, https:\/\/ondauno.com.ar\/wp-content\/uploads\/2021\/10\/la-perse2-1068x154.jpg 1068w\" sizes=\"(max-width: 1353px) 100vw, 1353px\" class=\"no-lazyload\" width=\"1353\" height=\"195\"  style=\"display: inline-block;\" \/><\/a><\/div>\n<p>En Cosas que pasan, el subsecretario de Gesti\u00f3n Ambiental de la Municipalidad de Tres Arroyos, Gabriel Francia, se refiri\u00f3 a la presencia de tamariscos en la costa entre el Caracolero y Reta, situaci\u00f3n que podr\u00eda afectar el equilibrio natural de la playa.<\/p>\n\n\n\n<p>Francia indic\u00f3 que no estaba al tanto de la situaci\u00f3n y explic\u00f3 que \u201cel tamarisco, al retener arena, genera m\u00e9danos fijos que interrumpen la circulaci\u00f3n natural de la arena en la playa\u201d. Agreg\u00f3 que \u201ceste proceso puede alterar el equilibrio costero y afectar el recurso natural y tur\u00edstico\u201d.<\/p>\n\n\n\n<p>El funcionario se\u00f1al\u00f3 que la Autoridad del Agua, organismo provincial, es la encargada de regular estas intervenciones en el espacio p\u00fablico. Tambi\u00e9n destac\u00f3 que en la zona ha habido antecedentes de forestaci\u00f3n con especies invasoras, como la acacia australiana, que \u201ces altamente combustible e implica un riesgo de incendio\u201d.<\/p>\n\n\n\n<p>El funcionario municipal mencion\u00f3 la importancia del mantenimiento de los enquinchados, estructuras instaladas en la playa para retener arena y evitar la erosi\u00f3n. \u201cEst\u00e1 a la vista que cumplen su funci\u00f3n, pero es fundamental su mantenimiento y limpieza\u201d, apunt\u00f3.<\/p>\n\n\n\n<p>Tambi\u00e9n expres\u00f3 su voluntad porque contin\u00faen los relevamientos de erosi\u00f3n costera que realizada -desee el CONICET- el Ge\u00f3logo de Costas, Federico Islas.<\/p>\n\n\n\n<p>Se\u00f1al\u00f3 que probablemente a trav\u00e9s de un organismo bonaerense podr\u00eda recuperar ese trabajo.<\/p>\n\n\n\n<figure class=\"wp-block-embed is-type-video is-provider-youtube wp-block-embed-youtube wp-embed-aspect-16-9 wp-has-aspect-ratio\"><div class=\"wp-block-embed__wrapper\">\n<div class=\"youtube-embed\" data-video_id=\"c70WAmYZNyk\"><iframe loading=\"lazy\" title=\"Onda Uno 103.9 en vivo\" width=\"696\" height=\"392\" data-src=\"https:\/\/www.youtube.com\/embed\/c70WAmYZNyk?start=332&#038;feature=oembed\" frameborder=\"0\" allow=\"accelerometer; autoplay; clipboard-write; encrypted-media; gyroscope; picture-in-picture; web-share\" referrerpolicy=\"strict-origin-when-cross-origin\" allowfullscreen src=\"data:image\/gif;base64,R0lGODlhAQABAAAAACH5BAEKAAEALAAAAAABAAEAAAICTAEAOw==\" class=\"lazyload\" data-load-mode=\"1\"><\/iframe><\/div>\n<\/div><\/figure>\n","protected":false},"excerpt":{"rendered":"<p>En Cosas que pasan, el subsecretario de Gesti\u00f3n Ambiental de la Municipalidad de Tres Arroyos, Gabriel Francia, se refiri\u00f3 a la presencia de tamariscos en la costa entre el Caracolero y Reta, situaci\u00f3n que podr\u00eda afectar el equilibrio natural de la playa. Francia indic\u00f3 que no estaba al tanto de la situaci\u00f3n y explic\u00f3 que [&hellip;]<\/p>\n","protected":false},"author":1,"featured_media":54857,"comment_status":"open","ping_status":"open","sticky":false,"template":"","format":"standard","meta":{"tdm_status":"","tdm_grid_status":"","_jetpack_memberships_contains_paid_content":false,"footnotes":"","jetpack_publicize_message":"","jetpack_publicize_feature_enabled":true,"jetpack_social_post_already_shared":true,"jetpack_social_options":{"image_generator_settings":{"template":"highway","default_image_id":0,"font":"","enabled":false},"version":2}},"categories":[2],"tags":[],"class_list":{"0":"post-54856","1":"post","2":"type-post","3":"status-publish","4":"format-standard","5":"has-post-thumbnail","7":"category-locales"},"yoast_head":"<!-- This site is optimized with the Yoast SEO plugin v22.7 - https:\/\/yoast.com\/wordpress\/plugins\/seo\/ -->\n<title>Tamariscos en la costa: Francia plante\u00f3 preocupaci\u00f3n desde Gesti\u00f3n Ambiental - 103.9 fm<\/title>\n<meta name=\"robots\" content=\"index, follow, max-snippet:-1, max-image-preview:large, max-video-preview:-1\" \/>\n<link rel=\"canonical\" href=\"https:\/\/ondauno.com.ar\/index.php\/2025\/04\/01\/tamariscos-en-la-costa-francia-planteo-preocupacion-desde-gestion-ambiental\/\" \/>\n<meta property=\"og:locale\" content=\"es_ES\" \/>\n<meta property=\"og:type\" content=\"article\" \/>\n<meta property=\"og:title\" content=\"Tamariscos en la costa: Francia plante\u00f3 preocupaci\u00f3n desde Gesti\u00f3n Ambiental - 103.9 fm\" \/>\n<meta property=\"og:description\" content=\"En Cosas que pasan, el subsecretario de Gesti\u00f3n Ambiental de la Municipalidad de Tres Arroyos, Gabriel Francia, se refiri\u00f3 a la presencia de tamariscos en la costa entre el Caracolero y Reta, situaci\u00f3n que podr\u00eda afectar el equilibrio natural de la playa. Francia indic\u00f3 que no estaba al tanto de la situaci\u00f3n y explic\u00f3 que [&hellip;]\" \/>\n<meta property=\"og:url\" content=\"https:\/\/ondauno.com.ar\/index.php\/2025\/04\/01\/tamariscos-en-la-costa-francia-planteo-preocupacion-desde-gestion-ambiental\/\" \/>\n<meta property=\"og:site_name\" content=\"103.9 fm\" \/>\n<meta property=\"article:publisher\" content=\"https:\/\/www.facebook.com\/ondauno103.9\" \/>\n<meta property=\"article:published_time\" content=\"2025-04-01T21:50:56+00:00\" \/>\n<meta property=\"article:modified_time\" content=\"2025-04-01T21:51:55+00:00\" \/>\n<meta property=\"og:image\" content=\"http:\/\/ondauno.com.ar\/wp-content\/uploads\/2025\/04\/Blank-2-Grids-Collage-3-1024x1024.png\" \/>\n\t<meta property=\"og:image:width\" content=\"1024\" \/>\n\t<meta property=\"og:image:height\" content=\"1024\" \/>\n\t<meta property=\"og:image:type\" content=\"image\/png\" \/>\n<meta name=\"author\" content=\"OndaUno\" \/>\n<meta name=\"twitter:card\" content=\"summary_large_image\" \/>\n<meta name=\"twitter:label1\" content=\"Escrito por\" \/>\n\t<meta name=\"twitter:data1\" content=\"OndaUno\" \/>\n\t<meta name=\"twitter:label2\" content=\"Tiempo de lectura\" \/>\n\t<meta name=\"twitter:data2\" content=\"2 minutos\" \/>\n<script type=\"application\/ld+json\" class=\"yoast-schema-graph\">{\"@context\":\"https:\/\/schema.org\",\"@graph\":[{\"@type\":\"WebPage\",\"@id\":\"https:\/\/ondauno.com.ar\/index.php\/2025\/04\/01\/tamariscos-en-la-costa-francia-planteo-preocupacion-desde-gestion-ambiental\/\",\"url\":\"https:\/\/ondauno.com.ar\/index.php\/2025\/04\/01\/tamariscos-en-la-costa-francia-planteo-preocupacion-desde-gestion-ambiental\/\",\"name\":\"Tamariscos en la costa: Francia plante\u00f3 preocupaci\u00f3n desde Gesti\u00f3n Ambiental - 103.9 fm\",\"isPartOf\":{\"@id\":\"https:\/\/ondauno.com.ar\/#website\"},\"primaryImageOfPage\":{\"@id\":\"https:\/\/ondauno.com.ar\/index.php\/2025\/04\/01\/tamariscos-en-la-costa-francia-planteo-preocupacion-desde-gestion-ambiental\/#primaryimage\"},\"image\":{\"@id\":\"https:\/\/ondauno.com.ar\/index.php\/2025\/04\/01\/tamariscos-en-la-costa-francia-planteo-preocupacion-desde-gestion-ambiental\/#primaryimage\"},\"thumbnailUrl\":\"https:\/\/ondauno.com.ar\/wp-content\/uploads\/2025\/04\/Blank-2-Grids-Collage-3.png\",\"datePublished\":\"2025-04-01T21:50:56+00:00\",\"dateModified\":\"2025-04-01T21:51:55+00:00\",\"author\":{\"@id\":\"https:\/\/ondauno.com.ar\/#\/schema\/person\/7ec851ddeceb4133d7d7132dc645714e\"},\"breadcrumb\":{\"@id\":\"https:\/\/ondauno.com.ar\/index.php\/2025\/04\/01\/tamariscos-en-la-costa-francia-planteo-preocupacion-desde-gestion-ambiental\/#breadcrumb\"},\"inLanguage\":\"es-AR\",\"potentialAction\":[{\"@type\":\"ReadAction\",\"target\":[\"https:\/\/ondauno.com.ar\/index.php\/2025\/04\/01\/tamariscos-en-la-costa-francia-planteo-preocupacion-desde-gestion-ambiental\/\"]}]},{\"@type\":\"ImageObject\",\"inLanguage\":\"es-AR\",\"@id\":\"https:\/\/ondauno.com.ar\/index.php\/2025\/04\/01\/tamariscos-en-la-costa-francia-planteo-preocupacion-desde-gestion-ambiental\/#primaryimage\",\"url\":\"https:\/\/ondauno.com.ar\/wp-content\/uploads\/2025\/04\/Blank-2-Grids-Collage-3.png\",\"contentUrl\":\"https:\/\/ondauno.com.ar\/wp-content\/uploads\/2025\/04\/Blank-2-Grids-Collage-3.png\",\"width\":2000,\"height\":2000},{\"@type\":\"BreadcrumbList\",\"@id\":\"https:\/\/ondauno.com.ar\/index.php\/2025\/04\/01\/tamariscos-en-la-costa-francia-planteo-preocupacion-desde-gestion-ambiental\/#breadcrumb\",\"itemListElement\":[{\"@type\":\"ListItem\",\"position\":1,\"name\":\"Inicio\",\"item\":\"https:\/\/ondauno.com.ar\/\"},{\"@type\":\"ListItem\",\"position\":2,\"name\":\"Tamariscos en la costa: Francia plante\u00f3 preocupaci\u00f3n desde Gesti\u00f3n Ambiental\"}]},{\"@type\":\"WebSite\",\"@id\":\"https:\/\/ondauno.com.ar\/#website\",\"url\":\"https:\/\/ondauno.com.ar\/\",\"name\":\"103.9 fm\",\"description\":\"LA PRIMERA RADIO MULTIMEDIA DE TRES ARROYOS\",\"potentialAction\":[{\"@type\":\"SearchAction\",\"target\":{\"@type\":\"EntryPoint\",\"urlTemplate\":\"https:\/\/ondauno.com.ar\/?s={search_term_string}\"},\"query-input\":\"required name=search_term_string\"}],\"inLanguage\":\"es-AR\"},{\"@type\":\"Person\",\"@id\":\"https:\/\/ondauno.com.ar\/#\/schema\/person\/7ec851ddeceb4133d7d7132dc645714e\",\"name\":\"OndaUno\",\"image\":{\"@type\":\"ImageObject\",\"inLanguage\":\"es-AR\",\"@id\":\"https:\/\/ondauno.com.ar\/#\/schema\/person\/image\/\",\"url\":\"https:\/\/secure.gravatar.com\/avatar\/93b8009f0de7021f1feb2bd5b32fb9e8?s=96&d=mm&r=g\",\"contentUrl\":\"https:\/\/secure.gravatar.com\/avatar\/93b8009f0de7021f1feb2bd5b32fb9e8?s=96&d=mm&r=g\",\"caption\":\"OndaUno\"},\"url\":\"https:\/\/ondauno.com.ar\/index.php\/author\/ondauno\/\"}]}<\/script>\n<!-- \/ Yoast SEO plugin. -->","yoast_head_json":{"title":"Tamariscos en la costa: Francia plante\u00f3 preocupaci\u00f3n desde Gesti\u00f3n Ambiental - 103.9 fm","robots":{"index":"index","follow":"follow","max-snippet":"max-snippet:-1","max-image-preview":"max-image-preview:large","max-video-preview":"max-video-preview:-1"},"canonical":"https:\/\/ondauno.com.ar\/index.php\/2025\/04\/01\/tamariscos-en-la-costa-francia-planteo-preocupacion-desde-gestion-ambiental\/","og_locale":"es_ES","og_type":"article","og_title":"Tamariscos en la costa: Francia plante\u00f3 preocupaci\u00f3n desde Gesti\u00f3n Ambiental - 103.9 fm","og_description":"En Cosas que pasan, el subsecretario de Gesti\u00f3n Ambiental de la Municipalidad de Tres Arroyos, Gabriel Francia, se refiri\u00f3 a la presencia de tamariscos en la costa entre el Caracolero y Reta, situaci\u00f3n que podr\u00eda afectar el equilibrio natural de la playa. Francia indic\u00f3 que no estaba al tanto de la situaci\u00f3n y explic\u00f3 que [&hellip;]","og_url":"https:\/\/ondauno.com.ar\/index.php\/2025\/04\/01\/tamariscos-en-la-costa-francia-planteo-preocupacion-desde-gestion-ambiental\/","og_site_name":"103.9 fm","article_publisher":"https:\/\/www.facebook.com\/ondauno103.9","article_published_time":"2025-04-01T21:50:56+00:00","article_modified_time":"2025-04-01T21:51:55+00:00","og_image":[{"width":1024,"height":1024,"url":"http:\/\/ondauno.com.ar\/wp-content\/uploads\/2025\/04\/Blank-2-Grids-Collage-3-1024x1024.png","type":"image\/png"}],"author":"OndaUno","twitter_card":"summary_large_image","twitter_misc":{"Escrito por":"OndaUno","Tiempo de lectura":"2 minutos"},"schema":{"@context":"https:\/\/schema.org","@graph":[{"@type":"WebPage","@id":"https:\/\/ondauno.com.ar\/index.php\/2025\/04\/01\/tamariscos-en-la-costa-francia-planteo-preocupacion-desde-gestion-ambiental\/","url":"https:\/\/ondauno.com.ar\/index.php\/2025\/04\/01\/tamariscos-en-la-costa-francia-planteo-preocupacion-desde-gestion-ambiental\/","name":"Tamariscos en la costa: Francia plante\u00f3 preocupaci\u00f3n desde Gesti\u00f3n Ambiental - 103.9 fm","isPartOf":{"@id":"https:\/\/ondauno.com.ar\/#website"},"primaryImageOfPage":{"@id":"https:\/\/ondauno.com.ar\/index.php\/2025\/04\/01\/tamariscos-en-la-costa-francia-planteo-preocupacion-desde-gestion-ambiental\/#primaryimage"},"image":{"@id":"https:\/\/ondauno.com.ar\/index.php\/2025\/04\/01\/tamariscos-en-la-costa-francia-planteo-preocupacion-desde-gestion-ambiental\/#primaryimage"},"thumbnailUrl":"https:\/\/ondauno.com.ar\/wp-content\/uploads\/2025\/04\/Blank-2-Grids-Collage-3.png","datePublished":"2025-04-01T21:50:56+00:00","dateModified":"2025-04-01T21:51:55+00:00","author":{"@id":"https:\/\/ondauno.com.ar\/#\/schema\/person\/7ec851ddeceb4133d7d7132dc645714e"},"breadcrumb":{"@id":"https:\/\/ondauno.com.ar\/index.php\/2025\/04\/01\/tamariscos-en-la-costa-francia-planteo-preocupacion-desde-gestion-ambiental\/#breadcrumb"},"inLanguage":"es-AR","potentialAction":[{"@type":"ReadAction","target":["https:\/\/ondauno.com.ar\/index.php\/2025\/04\/01\/tamariscos-en-la-costa-francia-planteo-preocupacion-desde-gestion-ambiental\/"]}]},{"@type":"ImageObject","inLanguage":"es-AR","@id":"https:\/\/ondauno.com.ar\/index.php\/2025\/04\/01\/tamariscos-en-la-costa-francia-planteo-preocupacion-desde-gestion-ambiental\/#primaryimage","url":"https:\/\/ondauno.com.ar\/wp-content\/uploads\/2025\/04\/Blank-2-Grids-Collage-3.png","contentUrl":"https:\/\/ondauno.com.ar\/wp-content\/uploads\/2025\/04\/Blank-2-Grids-Collage-3.png","width":2000,"height":2000},{"@type":"BreadcrumbList","@id":"https:\/\/ondauno.com.ar\/index.php\/2025\/04\/01\/tamariscos-en-la-costa-francia-planteo-preocupacion-desde-gestion-ambiental\/#breadcrumb","itemListElement":[{"@type":"ListItem","position":1,"name":"Inicio","item":"https:\/\/ondauno.com.ar\/"},{"@type":"ListItem","position":2,"name":"Tamariscos en la costa: Francia plante\u00f3 preocupaci\u00f3n desde Gesti\u00f3n Ambiental"}]},{"@type":"WebSite","@id":"https:\/\/ondauno.com.ar\/#website","url":"https:\/\/ondauno.com.ar\/","name":"103.9 fm","description":"LA PRIMERA RADIO MULTIMEDIA DE TRES ARROYOS","potentialAction":[{"@type":"SearchAction","target":{"@type":"EntryPoint","urlTemplate":"https:\/\/ondauno.com.ar\/?s={search_term_string}"},"query-input":"required name=search_term_string"}],"inLanguage":"es-AR"},{"@type":"Person","@id":"https:\/\/ondauno.com.ar\/#\/schema\/person\/7ec851ddeceb4133d7d7132dc645714e","name":"OndaUno","image":{"@type":"ImageObject","inLanguage":"es-AR","@id":"https:\/\/ondauno.com.ar\/#\/schema\/person\/image\/","url":"https:\/\/secure.gravatar.com\/avatar\/93b8009f0de7021f1feb2bd5b32fb9e8?s=96&d=mm&r=g","contentUrl":"https:\/\/secure.gravatar.com\/avatar\/93b8009f0de7021f1feb2bd5b32fb9e8?s=96&d=mm&r=g","caption":"OndaUno"},"url":"https:\/\/ondauno.com.ar\/index.php\/author\/ondauno\/"}]}},"jetpack_publicize_connections":[],"jetpack_featured_media_url":"https:\/\/ondauno.com.ar\/wp-content\/uploads\/2025\/04\/Blank-2-Grids-Collage-3.png","jetpack_sharing_enabled":true,"_links":{"self":[{"href":"https:\/\/ondauno.com.ar\/index.php\/wp-json\/wp\/v2\/posts\/54856","targetHints":{"allow":["GET"]}}],"collection":[{"href":"https:\/\/ondauno.com.ar\/index.php\/wp-json\/wp\/v2\/posts"}],"about":[{"href":"https:\/\/ondauno.com.ar\/index.php\/wp-json\/wp\/v2\/types\/post"}],"author":[{"embeddable":true,"href":"https:\/\/ondauno.com.ar\/index.php\/wp-json\/wp\/v2\/users\/1"}],"replies":[{"embeddable":true,"href":"https:\/\/ondauno.com.ar\/index.php\/wp-json\/wp\/v2\/comments?post=54856"}],"version-history":[{"count":2,"href":"https:\/\/ondauno.com.ar\/index.php\/wp-json\/wp\/v2\/posts\/54856\/revisions"}],"predecessor-version":[{"id":54859,"href":"https:\/\/ondauno.com.ar\/index.php\/wp-json\/wp\/v2\/posts\/54856\/revisions\/54859"}],"wp:featuredmedia":[{"embeddable":true,"href":"https:\/\/ondauno.com.ar\/index.php\/wp-json\/wp\/v2\/media\/54857"}],"wp:attachment":[{"href":"https:\/\/ondauno.com.ar\/index.php\/wp-json\/wp\/v2\/media?parent=54856"}],"wp:term":[{"taxonomy":"category","embeddable":true,"href":"https:\/\/ondauno.com.ar\/index.php\/wp-json\/wp\/v2\/categories?post=54856"},{"taxonomy":"post_tag","embeddable":true,"href":"https:\/\/ondauno.com.ar\/index.php\/wp-json\/wp\/v2\/tags?post=54856"}],"curies":[{"name":"wp","href":"https:\/\/api.w.org\/{rel}","templated":true}]}}