{"id":54854,"date":"2025-04-01T18:38:01","date_gmt":"2025-04-01T21:38:01","guid":{"rendered":"https:\/\/ondauno.com.ar\/?p=54854"},"modified":"2025-04-01T18:38:05","modified_gmt":"2025-04-01T21:38:05","slug":"balbuena-recordo-a-aprile-siempre-tuvo-claridad-de-objetivos-y-tranquilidad-de-conciencia","status":"publish","type":"post","link":"https:\/\/ondauno.com.ar\/index.php\/2025\/04\/01\/balbuena-recordo-a-aprile-siempre-tuvo-claridad-de-objetivos-y-tranquilidad-de-conciencia\/","title":{"rendered":"Balbuena record\u00f3 a Aprile: &#8220;Siempre tuvo claridad de objetivos y tranquilidad de conciencia&#8221;"},"content":{"rendered":"<div class=\"ondau-before-content_3\" style=\"margin-top: -30px;\" id=\"ondau-1883457005\"><a href=\"https:\/\/www.lps.com.ar\/\" aria-label=\"la-perse2\"><img loading=\"lazy\" decoding=\"async\" src=\"https:\/\/ondauno.com.ar\/wp-content\/uploads\/2021\/10\/la-perse2.jpg\" alt=\"\"  srcset=\"https:\/\/ondauno.com.ar\/wp-content\/uploads\/2021\/10\/la-perse2.jpg 1353w, https:\/\/ondauno.com.ar\/wp-content\/uploads\/2021\/10\/la-perse2-300x43.jpg 300w, https:\/\/ondauno.com.ar\/wp-content\/uploads\/2021\/10\/la-perse2-1024x148.jpg 1024w, https:\/\/ondauno.com.ar\/wp-content\/uploads\/2021\/10\/la-perse2-768x111.jpg 768w, https:\/\/ondauno.com.ar\/wp-content\/uploads\/2021\/10\/la-perse2-696x100.jpg 696w, https:\/\/ondauno.com.ar\/wp-content\/uploads\/2021\/10\/la-perse2-1068x154.jpg 1068w\" sizes=\"(max-width: 1353px) 100vw, 1353px\" class=\"no-lazyload\" width=\"1353\" height=\"195\"  style=\"display: inline-block;\" \/><\/a><\/div>\n<p>El presidente del Movimiento Vecinal de Tres Arroyos, Federico Balbuena, se refiri\u00f3 al fallecimiento de Carlos Aprile, primer intendente que llev\u00f3 el partido a la Municipalidad y el primero en ser reelecto.<br>&#8220;Es un momento triste para el partido y para la comunidad toda&#8221;, expres\u00f3 en Cosas que pasan.<\/p>\n\n\n\n<p>Balbuena record\u00f3 su v\u00ednculo con Aprile, con quien comenz\u00f3 a trabajar en abril de 2001 como secretario de Hacienda y luego como subsecretario de Gobierno.<br>&#8220;Nos invit\u00f3 a formar parte de un enorme grupo de gobierno. Siempre tuvo un trato especial con los j\u00f3venes que ingresamos sin experiencia&#8221;, destac\u00f3.<\/p>\n\n\n\n<p>Sobre su gesti\u00f3n, resalt\u00f3 su capacidad de administraci\u00f3n en tiempos dif\u00edciles. &#8220;Durante sus ocho a\u00f1os de gobierno no aument\u00f3 las tasas municipales y administr\u00f3 solo con recursos locales. No llegaban grandes sumas de provincia ni naci\u00f3n, y las obras se hicieron con administraci\u00f3n propia&#8221;.<br>Tambi\u00e9n valor\u00f3 la descentralizaci\u00f3n del hospital y la creaci\u00f3n de organismos como el Consorcio Pavimentador y el Consorcio del Parque Industrial, donde &#8220;siempre se prioriz\u00f3 la participaci\u00f3n de los vecinos&#8221;.<\/p>\n\n\n\n<p>En cuanto a su legado subray\u00f3 su templanza ante los conflictos. &#8220;Nunca lo escuch\u00e9 levantar la voz, incluso cuando se lo provocaba. Siempre sosten\u00eda su postura con calma y buscaba mediar para solucionar los problemas&#8221;, record\u00f3. Finalmente, rescat\u00f3 una frase que Aprile sol\u00eda repetir: &#8220;Lo importante es tener claridad de objetivos y tranquilidad de conciencia&#8221;.<\/p>\n\n\n\n<p>Balbuena anticip\u00f3 que en los pr\u00f3ximos d\u00edas habr\u00e1 una charla sobre la actualidad del Movimiento Vecinal en Cosas que pasan.<\/p>\n\n\n\n<figure class=\"wp-block-embed is-type-video is-provider-youtube wp-block-embed-youtube wp-embed-aspect-16-9 wp-has-aspect-ratio\"><div class=\"wp-block-embed__wrapper\">\n<div class=\"youtube-embed\" data-video_id=\"Iryjc-W-5AE\"><iframe loading=\"lazy\" title=\"Onda Uno 103.9 en vivo\" width=\"696\" height=\"392\" data-src=\"https:\/\/www.youtube.com\/embed\/Iryjc-W-5AE?start=168&#038;feature=oembed\" frameborder=\"0\" allow=\"accelerometer; autoplay; clipboard-write; encrypted-media; gyroscope; picture-in-picture; web-share\" referrerpolicy=\"strict-origin-when-cross-origin\" allowfullscreen src=\"data:image\/gif;base64,R0lGODlhAQABAAAAACH5BAEKAAEALAAAAAABAAEAAAICTAEAOw==\" class=\"lazyload\" data-load-mode=\"1\"><\/iframe><\/div>\n<\/div><\/figure>\n","protected":false},"excerpt":{"rendered":"<p>El presidente del Movimiento Vecinal de Tres Arroyos, Federico Balbuena, se refiri\u00f3 al fallecimiento de Carlos Aprile, primer intendente que llev\u00f3 el partido a la Municipalidad y el primero en ser reelecto.&#8220;Es un momento triste para el partido y para la comunidad toda&#8221;, expres\u00f3 en Cosas que pasan. Balbuena record\u00f3 su v\u00ednculo con Aprile, con [&hellip;]<\/p>\n","protected":false},"author":1,"featured_media":42527,"comment_status":"open","ping_status":"open","sticky":false,"template":"","format":"standard","meta":{"tdm_status":"","tdm_grid_status":"","_jetpack_memberships_contains_paid_content":false,"footnotes":"","jetpack_publicize_message":"","jetpack_publicize_feature_enabled":true,"jetpack_social_post_already_shared":true,"jetpack_social_options":{"image_generator_settings":{"template":"highway","default_image_id":0,"font":"","enabled":false},"version":2}},"categories":[26],"tags":[],"class_list":{"0":"post-54854","1":"post","2":"type-post","3":"status-publish","4":"format-standard","5":"has-post-thumbnail","7":"category-destacada"},"yoast_head":"<!-- This site is optimized with the Yoast SEO plugin v22.7 - https:\/\/yoast.com\/wordpress\/plugins\/seo\/ -->\n<title>Balbuena record\u00f3 a Aprile: &quot;Siempre tuvo claridad de objetivos y tranquilidad de conciencia&quot; - 103.9 fm<\/title>\n<meta name=\"robots\" content=\"index, follow, max-snippet:-1, max-image-preview:large, max-video-preview:-1\" \/>\n<link rel=\"canonical\" href=\"https:\/\/ondauno.com.ar\/index.php\/2025\/04\/01\/balbuena-recordo-a-aprile-siempre-tuvo-claridad-de-objetivos-y-tranquilidad-de-conciencia\/\" \/>\n<meta property=\"og:locale\" content=\"es_ES\" \/>\n<meta property=\"og:type\" content=\"article\" \/>\n<meta property=\"og:title\" content=\"Balbuena record\u00f3 a Aprile: &quot;Siempre tuvo claridad de objetivos y tranquilidad de conciencia&quot; - 103.9 fm\" \/>\n<meta property=\"og:description\" content=\"El presidente del Movimiento Vecinal de Tres Arroyos, Federico Balbuena, se refiri\u00f3 al fallecimiento de Carlos Aprile, primer intendente que llev\u00f3 el partido a la Municipalidad y el primero en ser reelecto.&#8220;Es un momento triste para el partido y para la comunidad toda&#8221;, expres\u00f3 en Cosas que pasan. Balbuena record\u00f3 su v\u00ednculo con Aprile, con [&hellip;]\" \/>\n<meta property=\"og:url\" content=\"https:\/\/ondauno.com.ar\/index.php\/2025\/04\/01\/balbuena-recordo-a-aprile-siempre-tuvo-claridad-de-objetivos-y-tranquilidad-de-conciencia\/\" \/>\n<meta property=\"og:site_name\" content=\"103.9 fm\" \/>\n<meta property=\"article:publisher\" content=\"https:\/\/www.facebook.com\/ondauno103.9\" \/>\n<meta property=\"article:published_time\" content=\"2025-04-01T21:38:01+00:00\" \/>\n<meta property=\"article:modified_time\" content=\"2025-04-01T21:38:05+00:00\" \/>\n<meta property=\"og:image\" content=\"http:\/\/ondauno.com.ar\/wp-content\/uploads\/2023\/07\/WhatsApp-Image-2023-07-19-at-15.44.40.jpeg\" \/>\n\t<meta property=\"og:image:width\" content=\"1280\" \/>\n\t<meta property=\"og:image:height\" content=\"963\" \/>\n\t<meta property=\"og:image:type\" content=\"image\/jpeg\" \/>\n<meta name=\"author\" content=\"OndaUno\" \/>\n<meta name=\"twitter:card\" content=\"summary_large_image\" \/>\n<meta name=\"twitter:label1\" content=\"Escrito por\" \/>\n\t<meta name=\"twitter:data1\" content=\"OndaUno\" \/>\n\t<meta name=\"twitter:label2\" content=\"Tiempo de lectura\" \/>\n\t<meta name=\"twitter:data2\" content=\"2 minutos\" \/>\n<script type=\"application\/ld+json\" class=\"yoast-schema-graph\">{\"@context\":\"https:\/\/schema.org\",\"@graph\":[{\"@type\":\"WebPage\",\"@id\":\"https:\/\/ondauno.com.ar\/index.php\/2025\/04\/01\/balbuena-recordo-a-aprile-siempre-tuvo-claridad-de-objetivos-y-tranquilidad-de-conciencia\/\",\"url\":\"https:\/\/ondauno.com.ar\/index.php\/2025\/04\/01\/balbuena-recordo-a-aprile-siempre-tuvo-claridad-de-objetivos-y-tranquilidad-de-conciencia\/\",\"name\":\"Balbuena record\u00f3 a Aprile: \\\"Siempre tuvo claridad de objetivos y tranquilidad de conciencia\\\" - 103.9 fm\",\"isPartOf\":{\"@id\":\"https:\/\/ondauno.com.ar\/#website\"},\"primaryImageOfPage\":{\"@id\":\"https:\/\/ondauno.com.ar\/index.php\/2025\/04\/01\/balbuena-recordo-a-aprile-siempre-tuvo-claridad-de-objetivos-y-tranquilidad-de-conciencia\/#primaryimage\"},\"image\":{\"@id\":\"https:\/\/ondauno.com.ar\/index.php\/2025\/04\/01\/balbuena-recordo-a-aprile-siempre-tuvo-claridad-de-objetivos-y-tranquilidad-de-conciencia\/#primaryimage\"},\"thumbnailUrl\":\"https:\/\/ondauno.com.ar\/wp-content\/uploads\/2023\/07\/WhatsApp-Image-2023-07-19-at-15.44.40.jpeg\",\"datePublished\":\"2025-04-01T21:38:01+00:00\",\"dateModified\":\"2025-04-01T21:38:05+00:00\",\"author\":{\"@id\":\"https:\/\/ondauno.com.ar\/#\/schema\/person\/7ec851ddeceb4133d7d7132dc645714e\"},\"breadcrumb\":{\"@id\":\"https:\/\/ondauno.com.ar\/index.php\/2025\/04\/01\/balbuena-recordo-a-aprile-siempre-tuvo-claridad-de-objetivos-y-tranquilidad-de-conciencia\/#breadcrumb\"},\"inLanguage\":\"es-AR\",\"potentialAction\":[{\"@type\":\"ReadAction\",\"target\":[\"https:\/\/ondauno.com.ar\/index.php\/2025\/04\/01\/balbuena-recordo-a-aprile-siempre-tuvo-claridad-de-objetivos-y-tranquilidad-de-conciencia\/\"]}]},{\"@type\":\"ImageObject\",\"inLanguage\":\"es-AR\",\"@id\":\"https:\/\/ondauno.com.ar\/index.php\/2025\/04\/01\/balbuena-recordo-a-aprile-siempre-tuvo-claridad-de-objetivos-y-tranquilidad-de-conciencia\/#primaryimage\",\"url\":\"https:\/\/ondauno.com.ar\/wp-content\/uploads\/2023\/07\/WhatsApp-Image-2023-07-19-at-15.44.40.jpeg\",\"contentUrl\":\"https:\/\/ondauno.com.ar\/wp-content\/uploads\/2023\/07\/WhatsApp-Image-2023-07-19-at-15.44.40.jpeg\",\"width\":1280,\"height\":963},{\"@type\":\"BreadcrumbList\",\"@id\":\"https:\/\/ondauno.com.ar\/index.php\/2025\/04\/01\/balbuena-recordo-a-aprile-siempre-tuvo-claridad-de-objetivos-y-tranquilidad-de-conciencia\/#breadcrumb\",\"itemListElement\":[{\"@type\":\"ListItem\",\"position\":1,\"name\":\"Inicio\",\"item\":\"https:\/\/ondauno.com.ar\/\"},{\"@type\":\"ListItem\",\"position\":2,\"name\":\"Balbuena record\u00f3 a Aprile: &#8220;Siempre tuvo claridad de objetivos y tranquilidad de conciencia&#8221;\"}]},{\"@type\":\"WebSite\",\"@id\":\"https:\/\/ondauno.com.ar\/#website\",\"url\":\"https:\/\/ondauno.com.ar\/\",\"name\":\"103.9 fm\",\"description\":\"LA PRIMERA RADIO MULTIMEDIA DE TRES ARROYOS\",\"potentialAction\":[{\"@type\":\"SearchAction\",\"target\":{\"@type\":\"EntryPoint\",\"urlTemplate\":\"https:\/\/ondauno.com.ar\/?s={search_term_string}\"},\"query-input\":\"required name=search_term_string\"}],\"inLanguage\":\"es-AR\"},{\"@type\":\"Person\",\"@id\":\"https:\/\/ondauno.com.ar\/#\/schema\/person\/7ec851ddeceb4133d7d7132dc645714e\",\"name\":\"OndaUno\",\"image\":{\"@type\":\"ImageObject\",\"inLanguage\":\"es-AR\",\"@id\":\"https:\/\/ondauno.com.ar\/#\/schema\/person\/image\/\",\"url\":\"https:\/\/secure.gravatar.com\/avatar\/93b8009f0de7021f1feb2bd5b32fb9e8?s=96&d=mm&r=g\",\"contentUrl\":\"https:\/\/secure.gravatar.com\/avatar\/93b8009f0de7021f1feb2bd5b32fb9e8?s=96&d=mm&r=g\",\"caption\":\"OndaUno\"},\"url\":\"https:\/\/ondauno.com.ar\/index.php\/author\/ondauno\/\"}]}<\/script>\n<!-- \/ Yoast SEO plugin. -->","yoast_head_json":{"title":"Balbuena record\u00f3 a Aprile: \"Siempre tuvo claridad de objetivos y tranquilidad de conciencia\" - 103.9 fm","robots":{"index":"index","follow":"follow","max-snippet":"max-snippet:-1","max-image-preview":"max-image-preview:large","max-video-preview":"max-video-preview:-1"},"canonical":"https:\/\/ondauno.com.ar\/index.php\/2025\/04\/01\/balbuena-recordo-a-aprile-siempre-tuvo-claridad-de-objetivos-y-tranquilidad-de-conciencia\/","og_locale":"es_ES","og_type":"article","og_title":"Balbuena record\u00f3 a Aprile: \"Siempre tuvo claridad de objetivos y tranquilidad de conciencia\" - 103.9 fm","og_description":"El presidente del Movimiento Vecinal de Tres Arroyos, Federico Balbuena, se refiri\u00f3 al fallecimiento de Carlos Aprile, primer intendente que llev\u00f3 el partido a la Municipalidad y el primero en ser reelecto.&#8220;Es un momento triste para el partido y para la comunidad toda&#8221;, expres\u00f3 en Cosas que pasan. Balbuena record\u00f3 su v\u00ednculo con Aprile, con [&hellip;]","og_url":"https:\/\/ondauno.com.ar\/index.php\/2025\/04\/01\/balbuena-recordo-a-aprile-siempre-tuvo-claridad-de-objetivos-y-tranquilidad-de-conciencia\/","og_site_name":"103.9 fm","article_publisher":"https:\/\/www.facebook.com\/ondauno103.9","article_published_time":"2025-04-01T21:38:01+00:00","article_modified_time":"2025-04-01T21:38:05+00:00","og_image":[{"width":1280,"height":963,"url":"http:\/\/ondauno.com.ar\/wp-content\/uploads\/2023\/07\/WhatsApp-Image-2023-07-19-at-15.44.40.jpeg","type":"image\/jpeg"}],"author":"OndaUno","twitter_card":"summary_large_image","twitter_misc":{"Escrito por":"OndaUno","Tiempo de lectura":"2 minutos"},"schema":{"@context":"https:\/\/schema.org","@graph":[{"@type":"WebPage","@id":"https:\/\/ondauno.com.ar\/index.php\/2025\/04\/01\/balbuena-recordo-a-aprile-siempre-tuvo-claridad-de-objetivos-y-tranquilidad-de-conciencia\/","url":"https:\/\/ondauno.com.ar\/index.php\/2025\/04\/01\/balbuena-recordo-a-aprile-siempre-tuvo-claridad-de-objetivos-y-tranquilidad-de-conciencia\/","name":"Balbuena record\u00f3 a Aprile: \"Siempre tuvo claridad de objetivos y tranquilidad de conciencia\" - 103.9 fm","isPartOf":{"@id":"https:\/\/ondauno.com.ar\/#website"},"primaryImageOfPage":{"@id":"https:\/\/ondauno.com.ar\/index.php\/2025\/04\/01\/balbuena-recordo-a-aprile-siempre-tuvo-claridad-de-objetivos-y-tranquilidad-de-conciencia\/#primaryimage"},"image":{"@id":"https:\/\/ondauno.com.ar\/index.php\/2025\/04\/01\/balbuena-recordo-a-aprile-siempre-tuvo-claridad-de-objetivos-y-tranquilidad-de-conciencia\/#primaryimage"},"thumbnailUrl":"https:\/\/ondauno.com.ar\/wp-content\/uploads\/2023\/07\/WhatsApp-Image-2023-07-19-at-15.44.40.jpeg","datePublished":"2025-04-01T21:38:01+00:00","dateModified":"2025-04-01T21:38:05+00:00","author":{"@id":"https:\/\/ondauno.com.ar\/#\/schema\/person\/7ec851ddeceb4133d7d7132dc645714e"},"breadcrumb":{"@id":"https:\/\/ondauno.com.ar\/index.php\/2025\/04\/01\/balbuena-recordo-a-aprile-siempre-tuvo-claridad-de-objetivos-y-tranquilidad-de-conciencia\/#breadcrumb"},"inLanguage":"es-AR","potentialAction":[{"@type":"ReadAction","target":["https:\/\/ondauno.com.ar\/index.php\/2025\/04\/01\/balbuena-recordo-a-aprile-siempre-tuvo-claridad-de-objetivos-y-tranquilidad-de-conciencia\/"]}]},{"@type":"ImageObject","inLanguage":"es-AR","@id":"https:\/\/ondauno.com.ar\/index.php\/2025\/04\/01\/balbuena-recordo-a-aprile-siempre-tuvo-claridad-de-objetivos-y-tranquilidad-de-conciencia\/#primaryimage","url":"https:\/\/ondauno.com.ar\/wp-content\/uploads\/2023\/07\/WhatsApp-Image-2023-07-19-at-15.44.40.jpeg","contentUrl":"https:\/\/ondauno.com.ar\/wp-content\/uploads\/2023\/07\/WhatsApp-Image-2023-07-19-at-15.44.40.jpeg","width":1280,"height":963},{"@type":"BreadcrumbList","@id":"https:\/\/ondauno.com.ar\/index.php\/2025\/04\/01\/balbuena-recordo-a-aprile-siempre-tuvo-claridad-de-objetivos-y-tranquilidad-de-conciencia\/#breadcrumb","itemListElement":[{"@type":"ListItem","position":1,"name":"Inicio","item":"https:\/\/ondauno.com.ar\/"},{"@type":"ListItem","position":2,"name":"Balbuena record\u00f3 a Aprile: &#8220;Siempre tuvo claridad de objetivos y tranquilidad de conciencia&#8221;"}]},{"@type":"WebSite","@id":"https:\/\/ondauno.com.ar\/#website","url":"https:\/\/ondauno.com.ar\/","name":"103.9 fm","description":"LA PRIMERA RADIO MULTIMEDIA DE TRES ARROYOS","potentialAction":[{"@type":"SearchAction","target":{"@type":"EntryPoint","urlTemplate":"https:\/\/ondauno.com.ar\/?s={search_term_string}"},"query-input":"required name=search_term_string"}],"inLanguage":"es-AR"},{"@type":"Person","@id":"https:\/\/ondauno.com.ar\/#\/schema\/person\/7ec851ddeceb4133d7d7132dc645714e","name":"OndaUno","image":{"@type":"ImageObject","inLanguage":"es-AR","@id":"https:\/\/ondauno.com.ar\/#\/schema\/person\/image\/","url":"https:\/\/secure.gravatar.com\/avatar\/93b8009f0de7021f1feb2bd5b32fb9e8?s=96&d=mm&r=g","contentUrl":"https:\/\/secure.gravatar.com\/avatar\/93b8009f0de7021f1feb2bd5b32fb9e8?s=96&d=mm&r=g","caption":"OndaUno"},"url":"https:\/\/ondauno.com.ar\/index.php\/author\/ondauno\/"}]}},"jetpack_publicize_connections":[],"jetpack_featured_media_url":"https:\/\/ondauno.com.ar\/wp-content\/uploads\/2023\/07\/WhatsApp-Image-2023-07-19-at-15.44.40.jpeg","jetpack_sharing_enabled":true,"_links":{"self":[{"href":"https:\/\/ondauno.com.ar\/index.php\/wp-json\/wp\/v2\/posts\/54854","targetHints":{"allow":["GET"]}}],"collection":[{"href":"https:\/\/ondauno.com.ar\/index.php\/wp-json\/wp\/v2\/posts"}],"about":[{"href":"https:\/\/ondauno.com.ar\/index.php\/wp-json\/wp\/v2\/types\/post"}],"author":[{"embeddable":true,"href":"https:\/\/ondauno.com.ar\/index.php\/wp-json\/wp\/v2\/users\/1"}],"replies":[{"embeddable":true,"href":"https:\/\/ondauno.com.ar\/index.php\/wp-json\/wp\/v2\/comments?post=54854"}],"version-history":[{"count":1,"href":"https:\/\/ondauno.com.ar\/index.php\/wp-json\/wp\/v2\/posts\/54854\/revisions"}],"predecessor-version":[{"id":54855,"href":"https:\/\/ondauno.com.ar\/index.php\/wp-json\/wp\/v2\/posts\/54854\/revisions\/54855"}],"wp:featuredmedia":[{"embeddable":true,"href":"https:\/\/ondauno.com.ar\/index.php\/wp-json\/wp\/v2\/media\/42527"}],"wp:attachment":[{"href":"https:\/\/ondauno.com.ar\/index.php\/wp-json\/wp\/v2\/media?parent=54854"}],"wp:term":[{"taxonomy":"category","embeddable":true,"href":"https:\/\/ondauno.com.ar\/index.php\/wp-json\/wp\/v2\/categories?post=54854"},{"taxonomy":"post_tag","embeddable":true,"href":"https:\/\/ondauno.com.ar\/index.php\/wp-json\/wp\/v2\/tags?post=54854"}],"curies":[{"name":"wp","href":"https:\/\/api.w.org\/{rel}","templated":true}]}}