{"id":54642,"date":"2025-03-26T20:29:34","date_gmt":"2025-03-26T23:29:34","guid":{"rendered":"https:\/\/ondauno.com.ar\/?p=54642"},"modified":"2025-03-26T20:29:37","modified_gmt":"2025-03-26T23:29:37","slug":"trabajos-viales-tras-las-crecidas-el-ente-vial-avanza-en-la-reparacion-de-caminos","status":"publish","type":"post","link":"https:\/\/ondauno.com.ar\/index.php\/2025\/03\/26\/trabajos-viales-tras-las-crecidas-el-ente-vial-avanza-en-la-reparacion-de-caminos\/","title":{"rendered":"Trabajos viales tras las crecidas: el Ente Vial avanza en la reparaci\u00f3n de caminos"},"content":{"rendered":"<div class=\"ondau-before-content_3\" style=\"margin-top: -30px;\" id=\"ondau-4061253826\"><a href=\"https:\/\/www.lps.com.ar\/\" aria-label=\"la-perse2\"><img loading=\"lazy\" decoding=\"async\" src=\"https:\/\/ondauno.com.ar\/wp-content\/uploads\/2021\/10\/la-perse2.jpg\" alt=\"\"  srcset=\"https:\/\/ondauno.com.ar\/wp-content\/uploads\/2021\/10\/la-perse2.jpg 1353w, https:\/\/ondauno.com.ar\/wp-content\/uploads\/2021\/10\/la-perse2-300x43.jpg 300w, https:\/\/ondauno.com.ar\/wp-content\/uploads\/2021\/10\/la-perse2-1024x148.jpg 1024w, https:\/\/ondauno.com.ar\/wp-content\/uploads\/2021\/10\/la-perse2-768x111.jpg 768w, https:\/\/ondauno.com.ar\/wp-content\/uploads\/2021\/10\/la-perse2-696x100.jpg 696w, https:\/\/ondauno.com.ar\/wp-content\/uploads\/2021\/10\/la-perse2-1068x154.jpg 1068w\" sizes=\"(max-width: 1353px) 100vw, 1353px\" class=\"no-lazyload\" width=\"1353\" height=\"195\"  style=\"display: inline-block;\" \/><\/a><\/div>\n<p>El director del Ente Vial del municipio, H\u00e9ctor Poggi, habl\u00f3 en Cosas que pasan sobre las tareas que se llevan a cabo en distintos sectores del distrito tras las recientes crecidas.<\/p>\n\n\n\n<p>&#8220;Despu\u00e9s de las crecidas recientes tuvimos muchos problemas, sobre todo en la zona de La Sortija, cerca de Garma, donde varios caminos quedaron cortados. Tambi\u00e9n hubo complicaciones en un camino que costea el arroyo Claromec\u00f3 y algunos inconvenientes en la zona de Mayol&#8221;, explic\u00f3.<\/p>\n\n\n\n<p>Poggi detall\u00f3 que los trabajos incluyen limpieza y reacondicionamiento de caminos. &#8220;Estamos usando una retroexcavadora para remover plantas y hacer una limpieza superficial sin meternos en el arroyo, para evitar da\u00f1ar las m\u00e1quinas&#8221;, coment\u00f3.<\/p>\n\n\n\n<p>Sobre el barrio Ciclista una de las zonas m\u00e1s afectadas, mencion\u00f3 que &#8220;el agua lleg\u00f3 a cubrir el camino asfaltado y cort\u00f3 el puente de Lavalle. Para evitar futuros problemas, se coloc\u00f3 un tubo de dos metros de di\u00e1metro a modo de bypass, lo que permitir\u00e1 aliviar futuras crecidas&#8221;.<\/p>\n\n\n\n<p>Finalmente asegur\u00f3 que los caminos ya son transitables, aunque siguen las tareas de reparaci\u00f3n. &#8220;Estamos mejorando la transitabilidad, porque en algunos sectores el agua barri\u00f3 todo y quedaron muchas cortadas y piedras&#8221;, concluy\u00f3.<\/p>\n\n\n\n<figure class=\"wp-block-embed is-type-video is-provider-youtube wp-block-embed-youtube wp-embed-aspect-16-9 wp-has-aspect-ratio\"><div class=\"wp-block-embed__wrapper\">\n<div class=\"youtube-embed\" data-video_id=\"OJnXVcnbYqI\"><iframe loading=\"lazy\" title=\"Onda Uno 103.9 en vivo\" width=\"696\" height=\"392\" data-src=\"https:\/\/www.youtube.com\/embed\/OJnXVcnbYqI?start=6&#038;feature=oembed\" frameborder=\"0\" allow=\"accelerometer; autoplay; clipboard-write; encrypted-media; gyroscope; picture-in-picture; web-share\" referrerpolicy=\"strict-origin-when-cross-origin\" allowfullscreen src=\"data:image\/gif;base64,R0lGODlhAQABAAAAACH5BAEKAAEALAAAAAABAAEAAAICTAEAOw==\" class=\"lazyload\" data-load-mode=\"1\"><\/iframe><\/div>\n<\/div><\/figure>\n","protected":false},"excerpt":{"rendered":"<p>El director del Ente Vial del municipio, H\u00e9ctor Poggi, habl\u00f3 en Cosas que pasan sobre las tareas que se llevan a cabo en distintos sectores del distrito tras las recientes crecidas. &#8220;Despu\u00e9s de las crecidas recientes tuvimos muchos problemas, sobre todo en la zona de La Sortija, cerca de Garma, donde varios caminos quedaron cortados. [&hellip;]<\/p>\n","protected":false},"author":1,"featured_media":54643,"comment_status":"open","ping_status":"open","sticky":false,"template":"","format":"standard","meta":{"tdm_status":"","tdm_grid_status":"","_jetpack_memberships_contains_paid_content":false,"footnotes":"","jetpack_publicize_message":"","jetpack_publicize_feature_enabled":true,"jetpack_social_post_already_shared":false,"jetpack_social_options":{"image_generator_settings":{"template":"highway","default_image_id":0,"font":"","enabled":false},"version":2}},"categories":[2],"tags":[],"class_list":{"0":"post-54642","1":"post","2":"type-post","3":"status-publish","4":"format-standard","5":"has-post-thumbnail","7":"category-locales"},"yoast_head":"<!-- This site is optimized with the Yoast SEO plugin v22.7 - https:\/\/yoast.com\/wordpress\/plugins\/seo\/ -->\n<title>Trabajos viales tras las crecidas: el Ente Vial avanza en la reparaci\u00f3n de caminos - 103.9 fm<\/title>\n<meta name=\"robots\" content=\"index, follow, max-snippet:-1, max-image-preview:large, max-video-preview:-1\" \/>\n<link rel=\"canonical\" href=\"https:\/\/ondauno.com.ar\/index.php\/2025\/03\/26\/trabajos-viales-tras-las-crecidas-el-ente-vial-avanza-en-la-reparacion-de-caminos\/\" \/>\n<meta property=\"og:locale\" content=\"es_ES\" \/>\n<meta property=\"og:type\" content=\"article\" \/>\n<meta property=\"og:title\" content=\"Trabajos viales tras las crecidas: el Ente Vial avanza en la reparaci\u00f3n de caminos - 103.9 fm\" \/>\n<meta property=\"og:description\" content=\"El director del Ente Vial del municipio, H\u00e9ctor Poggi, habl\u00f3 en Cosas que pasan sobre las tareas que se llevan a cabo en distintos sectores del distrito tras las recientes crecidas. &#8220;Despu\u00e9s de las crecidas recientes tuvimos muchos problemas, sobre todo en la zona de La Sortija, cerca de Garma, donde varios caminos quedaron cortados. [&hellip;]\" \/>\n<meta property=\"og:url\" content=\"https:\/\/ondauno.com.ar\/index.php\/2025\/03\/26\/trabajos-viales-tras-las-crecidas-el-ente-vial-avanza-en-la-reparacion-de-caminos\/\" \/>\n<meta property=\"og:site_name\" content=\"103.9 fm\" \/>\n<meta property=\"article:publisher\" content=\"https:\/\/www.facebook.com\/ondauno103.9\" \/>\n<meta property=\"article:published_time\" content=\"2025-03-26T23:29:34+00:00\" \/>\n<meta property=\"article:modified_time\" content=\"2025-03-26T23:29:37+00:00\" \/>\n<meta property=\"og:image\" content=\"http:\/\/ondauno.com.ar\/wp-content\/uploads\/2025\/03\/poggi.jpg\" \/>\n\t<meta property=\"og:image:width\" content=\"1440\" \/>\n\t<meta property=\"og:image:height\" content=\"1440\" \/>\n\t<meta property=\"og:image:type\" content=\"image\/jpeg\" \/>\n<meta name=\"author\" content=\"OndaUno\" \/>\n<meta name=\"twitter:card\" content=\"summary_large_image\" \/>\n<meta name=\"twitter:label1\" content=\"Escrito por\" \/>\n\t<meta name=\"twitter:data1\" content=\"OndaUno\" \/>\n\t<meta name=\"twitter:label2\" content=\"Tiempo de lectura\" \/>\n\t<meta name=\"twitter:data2\" content=\"2 minutos\" \/>\n<script type=\"application\/ld+json\" class=\"yoast-schema-graph\">{\"@context\":\"https:\/\/schema.org\",\"@graph\":[{\"@type\":\"WebPage\",\"@id\":\"https:\/\/ondauno.com.ar\/index.php\/2025\/03\/26\/trabajos-viales-tras-las-crecidas-el-ente-vial-avanza-en-la-reparacion-de-caminos\/\",\"url\":\"https:\/\/ondauno.com.ar\/index.php\/2025\/03\/26\/trabajos-viales-tras-las-crecidas-el-ente-vial-avanza-en-la-reparacion-de-caminos\/\",\"name\":\"Trabajos viales tras las crecidas: el Ente Vial avanza en la reparaci\u00f3n de caminos - 103.9 fm\",\"isPartOf\":{\"@id\":\"https:\/\/ondauno.com.ar\/#website\"},\"primaryImageOfPage\":{\"@id\":\"https:\/\/ondauno.com.ar\/index.php\/2025\/03\/26\/trabajos-viales-tras-las-crecidas-el-ente-vial-avanza-en-la-reparacion-de-caminos\/#primaryimage\"},\"image\":{\"@id\":\"https:\/\/ondauno.com.ar\/index.php\/2025\/03\/26\/trabajos-viales-tras-las-crecidas-el-ente-vial-avanza-en-la-reparacion-de-caminos\/#primaryimage\"},\"thumbnailUrl\":\"https:\/\/ondauno.com.ar\/wp-content\/uploads\/2025\/03\/poggi.jpg\",\"datePublished\":\"2025-03-26T23:29:34+00:00\",\"dateModified\":\"2025-03-26T23:29:37+00:00\",\"author\":{\"@id\":\"https:\/\/ondauno.com.ar\/#\/schema\/person\/7ec851ddeceb4133d7d7132dc645714e\"},\"breadcrumb\":{\"@id\":\"https:\/\/ondauno.com.ar\/index.php\/2025\/03\/26\/trabajos-viales-tras-las-crecidas-el-ente-vial-avanza-en-la-reparacion-de-caminos\/#breadcrumb\"},\"inLanguage\":\"es-AR\",\"potentialAction\":[{\"@type\":\"ReadAction\",\"target\":[\"https:\/\/ondauno.com.ar\/index.php\/2025\/03\/26\/trabajos-viales-tras-las-crecidas-el-ente-vial-avanza-en-la-reparacion-de-caminos\/\"]}]},{\"@type\":\"ImageObject\",\"inLanguage\":\"es-AR\",\"@id\":\"https:\/\/ondauno.com.ar\/index.php\/2025\/03\/26\/trabajos-viales-tras-las-crecidas-el-ente-vial-avanza-en-la-reparacion-de-caminos\/#primaryimage\",\"url\":\"https:\/\/ondauno.com.ar\/wp-content\/uploads\/2025\/03\/poggi.jpg\",\"contentUrl\":\"https:\/\/ondauno.com.ar\/wp-content\/uploads\/2025\/03\/poggi.jpg\",\"width\":1440,\"height\":1440},{\"@type\":\"BreadcrumbList\",\"@id\":\"https:\/\/ondauno.com.ar\/index.php\/2025\/03\/26\/trabajos-viales-tras-las-crecidas-el-ente-vial-avanza-en-la-reparacion-de-caminos\/#breadcrumb\",\"itemListElement\":[{\"@type\":\"ListItem\",\"position\":1,\"name\":\"Inicio\",\"item\":\"https:\/\/ondauno.com.ar\/\"},{\"@type\":\"ListItem\",\"position\":2,\"name\":\"Trabajos viales tras las crecidas: el Ente Vial avanza en la reparaci\u00f3n de caminos\"}]},{\"@type\":\"WebSite\",\"@id\":\"https:\/\/ondauno.com.ar\/#website\",\"url\":\"https:\/\/ondauno.com.ar\/\",\"name\":\"103.9 fm\",\"description\":\"LA PRIMERA RADIO MULTIMEDIA DE TRES ARROYOS\",\"potentialAction\":[{\"@type\":\"SearchAction\",\"target\":{\"@type\":\"EntryPoint\",\"urlTemplate\":\"https:\/\/ondauno.com.ar\/?s={search_term_string}\"},\"query-input\":\"required name=search_term_string\"}],\"inLanguage\":\"es-AR\"},{\"@type\":\"Person\",\"@id\":\"https:\/\/ondauno.com.ar\/#\/schema\/person\/7ec851ddeceb4133d7d7132dc645714e\",\"name\":\"OndaUno\",\"image\":{\"@type\":\"ImageObject\",\"inLanguage\":\"es-AR\",\"@id\":\"https:\/\/ondauno.com.ar\/#\/schema\/person\/image\/\",\"url\":\"https:\/\/secure.gravatar.com\/avatar\/93b8009f0de7021f1feb2bd5b32fb9e8?s=96&d=mm&r=g\",\"contentUrl\":\"https:\/\/secure.gravatar.com\/avatar\/93b8009f0de7021f1feb2bd5b32fb9e8?s=96&d=mm&r=g\",\"caption\":\"OndaUno\"},\"url\":\"https:\/\/ondauno.com.ar\/index.php\/author\/ondauno\/\"}]}<\/script>\n<!-- \/ Yoast SEO plugin. -->","yoast_head_json":{"title":"Trabajos viales tras las crecidas: el Ente Vial avanza en la reparaci\u00f3n de caminos - 103.9 fm","robots":{"index":"index","follow":"follow","max-snippet":"max-snippet:-1","max-image-preview":"max-image-preview:large","max-video-preview":"max-video-preview:-1"},"canonical":"https:\/\/ondauno.com.ar\/index.php\/2025\/03\/26\/trabajos-viales-tras-las-crecidas-el-ente-vial-avanza-en-la-reparacion-de-caminos\/","og_locale":"es_ES","og_type":"article","og_title":"Trabajos viales tras las crecidas: el Ente Vial avanza en la reparaci\u00f3n de caminos - 103.9 fm","og_description":"El director del Ente Vial del municipio, H\u00e9ctor Poggi, habl\u00f3 en Cosas que pasan sobre las tareas que se llevan a cabo en distintos sectores del distrito tras las recientes crecidas. &#8220;Despu\u00e9s de las crecidas recientes tuvimos muchos problemas, sobre todo en la zona de La Sortija, cerca de Garma, donde varios caminos quedaron cortados. [&hellip;]","og_url":"https:\/\/ondauno.com.ar\/index.php\/2025\/03\/26\/trabajos-viales-tras-las-crecidas-el-ente-vial-avanza-en-la-reparacion-de-caminos\/","og_site_name":"103.9 fm","article_publisher":"https:\/\/www.facebook.com\/ondauno103.9","article_published_time":"2025-03-26T23:29:34+00:00","article_modified_time":"2025-03-26T23:29:37+00:00","og_image":[{"width":1440,"height":1440,"url":"http:\/\/ondauno.com.ar\/wp-content\/uploads\/2025\/03\/poggi.jpg","type":"image\/jpeg"}],"author":"OndaUno","twitter_card":"summary_large_image","twitter_misc":{"Escrito por":"OndaUno","Tiempo de lectura":"2 minutos"},"schema":{"@context":"https:\/\/schema.org","@graph":[{"@type":"WebPage","@id":"https:\/\/ondauno.com.ar\/index.php\/2025\/03\/26\/trabajos-viales-tras-las-crecidas-el-ente-vial-avanza-en-la-reparacion-de-caminos\/","url":"https:\/\/ondauno.com.ar\/index.php\/2025\/03\/26\/trabajos-viales-tras-las-crecidas-el-ente-vial-avanza-en-la-reparacion-de-caminos\/","name":"Trabajos viales tras las crecidas: el Ente Vial avanza en la reparaci\u00f3n de caminos - 103.9 fm","isPartOf":{"@id":"https:\/\/ondauno.com.ar\/#website"},"primaryImageOfPage":{"@id":"https:\/\/ondauno.com.ar\/index.php\/2025\/03\/26\/trabajos-viales-tras-las-crecidas-el-ente-vial-avanza-en-la-reparacion-de-caminos\/#primaryimage"},"image":{"@id":"https:\/\/ondauno.com.ar\/index.php\/2025\/03\/26\/trabajos-viales-tras-las-crecidas-el-ente-vial-avanza-en-la-reparacion-de-caminos\/#primaryimage"},"thumbnailUrl":"https:\/\/ondauno.com.ar\/wp-content\/uploads\/2025\/03\/poggi.jpg","datePublished":"2025-03-26T23:29:34+00:00","dateModified":"2025-03-26T23:29:37+00:00","author":{"@id":"https:\/\/ondauno.com.ar\/#\/schema\/person\/7ec851ddeceb4133d7d7132dc645714e"},"breadcrumb":{"@id":"https:\/\/ondauno.com.ar\/index.php\/2025\/03\/26\/trabajos-viales-tras-las-crecidas-el-ente-vial-avanza-en-la-reparacion-de-caminos\/#breadcrumb"},"inLanguage":"es-AR","potentialAction":[{"@type":"ReadAction","target":["https:\/\/ondauno.com.ar\/index.php\/2025\/03\/26\/trabajos-viales-tras-las-crecidas-el-ente-vial-avanza-en-la-reparacion-de-caminos\/"]}]},{"@type":"ImageObject","inLanguage":"es-AR","@id":"https:\/\/ondauno.com.ar\/index.php\/2025\/03\/26\/trabajos-viales-tras-las-crecidas-el-ente-vial-avanza-en-la-reparacion-de-caminos\/#primaryimage","url":"https:\/\/ondauno.com.ar\/wp-content\/uploads\/2025\/03\/poggi.jpg","contentUrl":"https:\/\/ondauno.com.ar\/wp-content\/uploads\/2025\/03\/poggi.jpg","width":1440,"height":1440},{"@type":"BreadcrumbList","@id":"https:\/\/ondauno.com.ar\/index.php\/2025\/03\/26\/trabajos-viales-tras-las-crecidas-el-ente-vial-avanza-en-la-reparacion-de-caminos\/#breadcrumb","itemListElement":[{"@type":"ListItem","position":1,"name":"Inicio","item":"https:\/\/ondauno.com.ar\/"},{"@type":"ListItem","position":2,"name":"Trabajos viales tras las crecidas: el Ente Vial avanza en la reparaci\u00f3n de caminos"}]},{"@type":"WebSite","@id":"https:\/\/ondauno.com.ar\/#website","url":"https:\/\/ondauno.com.ar\/","name":"103.9 fm","description":"LA PRIMERA RADIO MULTIMEDIA DE TRES ARROYOS","potentialAction":[{"@type":"SearchAction","target":{"@type":"EntryPoint","urlTemplate":"https:\/\/ondauno.com.ar\/?s={search_term_string}"},"query-input":"required name=search_term_string"}],"inLanguage":"es-AR"},{"@type":"Person","@id":"https:\/\/ondauno.com.ar\/#\/schema\/person\/7ec851ddeceb4133d7d7132dc645714e","name":"OndaUno","image":{"@type":"ImageObject","inLanguage":"es-AR","@id":"https:\/\/ondauno.com.ar\/#\/schema\/person\/image\/","url":"https:\/\/secure.gravatar.com\/avatar\/93b8009f0de7021f1feb2bd5b32fb9e8?s=96&d=mm&r=g","contentUrl":"https:\/\/secure.gravatar.com\/avatar\/93b8009f0de7021f1feb2bd5b32fb9e8?s=96&d=mm&r=g","caption":"OndaUno"},"url":"https:\/\/ondauno.com.ar\/index.php\/author\/ondauno\/"}]}},"jetpack_publicize_connections":[],"jetpack_featured_media_url":"https:\/\/ondauno.com.ar\/wp-content\/uploads\/2025\/03\/poggi.jpg","jetpack_sharing_enabled":true,"_links":{"self":[{"href":"https:\/\/ondauno.com.ar\/index.php\/wp-json\/wp\/v2\/posts\/54642","targetHints":{"allow":["GET"]}}],"collection":[{"href":"https:\/\/ondauno.com.ar\/index.php\/wp-json\/wp\/v2\/posts"}],"about":[{"href":"https:\/\/ondauno.com.ar\/index.php\/wp-json\/wp\/v2\/types\/post"}],"author":[{"embeddable":true,"href":"https:\/\/ondauno.com.ar\/index.php\/wp-json\/wp\/v2\/users\/1"}],"replies":[{"embeddable":true,"href":"https:\/\/ondauno.com.ar\/index.php\/wp-json\/wp\/v2\/comments?post=54642"}],"version-history":[{"count":1,"href":"https:\/\/ondauno.com.ar\/index.php\/wp-json\/wp\/v2\/posts\/54642\/revisions"}],"predecessor-version":[{"id":54644,"href":"https:\/\/ondauno.com.ar\/index.php\/wp-json\/wp\/v2\/posts\/54642\/revisions\/54644"}],"wp:featuredmedia":[{"embeddable":true,"href":"https:\/\/ondauno.com.ar\/index.php\/wp-json\/wp\/v2\/media\/54643"}],"wp:attachment":[{"href":"https:\/\/ondauno.com.ar\/index.php\/wp-json\/wp\/v2\/media?parent=54642"}],"wp:term":[{"taxonomy":"category","embeddable":true,"href":"https:\/\/ondauno.com.ar\/index.php\/wp-json\/wp\/v2\/categories?post=54642"},{"taxonomy":"post_tag","embeddable":true,"href":"https:\/\/ondauno.com.ar\/index.php\/wp-json\/wp\/v2\/tags?post=54642"}],"curies":[{"name":"wp","href":"https:\/\/api.w.org\/{rel}","templated":true}]}}