{"id":54639,"date":"2025-03-26T20:23:26","date_gmt":"2025-03-26T23:23:26","guid":{"rendered":"https:\/\/ondauno.com.ar\/?p=54639"},"modified":"2025-03-26T20:23:29","modified_gmt":"2025-03-26T23:23:29","slug":"tres-arroyos-sera-parte-de-la-ruta-del-olivo","status":"publish","type":"post","link":"https:\/\/ondauno.com.ar\/index.php\/2025\/03\/26\/tres-arroyos-sera-parte-de-la-ruta-del-olivo\/","title":{"rendered":"Tres Arroyos ser\u00e1 parte de la Ruta del Olivo"},"content":{"rendered":"<div class=\"ondau-before-content_3\" style=\"margin-top: -30px;\" id=\"ondau-1076004457\"><a href=\"https:\/\/www.lps.com.ar\/\" aria-label=\"la-perse2\"><img loading=\"lazy\" decoding=\"async\" src=\"https:\/\/ondauno.com.ar\/wp-content\/uploads\/2021\/10\/la-perse2.jpg\" alt=\"\"  srcset=\"https:\/\/ondauno.com.ar\/wp-content\/uploads\/2021\/10\/la-perse2.jpg 1353w, https:\/\/ondauno.com.ar\/wp-content\/uploads\/2021\/10\/la-perse2-300x43.jpg 300w, https:\/\/ondauno.com.ar\/wp-content\/uploads\/2021\/10\/la-perse2-1024x148.jpg 1024w, https:\/\/ondauno.com.ar\/wp-content\/uploads\/2021\/10\/la-perse2-768x111.jpg 768w, https:\/\/ondauno.com.ar\/wp-content\/uploads\/2021\/10\/la-perse2-696x100.jpg 696w, https:\/\/ondauno.com.ar\/wp-content\/uploads\/2021\/10\/la-perse2-1068x154.jpg 1068w\" sizes=\"(max-width: 1353px) 100vw, 1353px\" class=\"no-lazyload\" width=\"1353\" height=\"195\"  style=\"display: inline-block;\" \/><\/a><\/div>\n<p><strong><em>Mar\u00eda Saavedra y Guillermo Rossotti.<\/em><\/strong><\/p>\n\n\n\n<p>El responsable de Finca Garbo, y ex secretario municipal de Desarrollo Econ\u00f3mico, Guillermo Rossotti, habl\u00f3 en Cosas que pasan sobre la inminente oficializaci\u00f3n de la Ruta del Olivo en la provincia de Buenos Aires, una iniciativa que busca potenciar el turismo y la producci\u00f3n en la regi\u00f3n.<\/p>\n\n\n\n<p>&#8220;En los \u00faltimos a\u00f1os, la actividad oliv\u00edcola ha crecido como no lo hab\u00eda hecho en cinco d\u00e9cadas. Este anuncio del ministro Javier Rodr\u00edguez es fundamental para seguir desarrollando tanto el aspecto productivo como el tur\u00edstico&#8221;, destac\u00f3 Rossotti.<\/p>\n\n\n\n<p>El productor resalt\u00f3 las condiciones naturales de la zona, que permiten obtener aceites de oliva de alta calidad. &#8220;El a\u00f1o pasado, el aceite producido en Garbo fue elegido en Italia como el mejor de Argentina, lo que demuestra el potencial que tenemos&#8221;, afirm\u00f3.<\/p>\n\n\n\n<p>Sobre la Ruta del Olivo, se\u00f1al\u00f3 que &#8220;ser\u00e1 una oportunidad para que quienes nos visitan puedan conocer el proceso productivo y disfrutar de un turismo rural complementario a la oferta de la costa&#8221;.<\/p>\n\n\n\n<p>Rossotti tambi\u00e9n subray\u00f3 la importancia de la inversi\u00f3n en infraestructura y el apoyo del sector p\u00fablico.<br>&#8220;Se est\u00e1n dando pasos clave, como la ldentificaci\u00f3n Geogr\u00e1fica (IG) del aceite, lo que en el futuro permitir\u00e1 obtener la denominaci\u00f3n de origen&#8221;, concluy\u00f3.<\/p>\n","protected":false},"excerpt":{"rendered":"<p>Mar\u00eda Saavedra y Guillermo Rossotti. El responsable de Finca Garbo, y ex secretario municipal de Desarrollo Econ\u00f3mico, Guillermo Rossotti, habl\u00f3 en Cosas que pasan sobre la inminente oficializaci\u00f3n de la Ruta del Olivo en la provincia de Buenos Aires, una iniciativa que busca potenciar el turismo y la producci\u00f3n en la regi\u00f3n. &#8220;En los \u00faltimos [&hellip;]<\/p>\n","protected":false},"author":1,"featured_media":54640,"comment_status":"open","ping_status":"open","sticky":false,"template":"","format":"standard","meta":{"tdm_status":"","tdm_grid_status":"","_jetpack_memberships_contains_paid_content":false,"footnotes":"","jetpack_publicize_message":"","jetpack_publicize_feature_enabled":true,"jetpack_social_post_already_shared":false,"jetpack_social_options":{"image_generator_settings":{"template":"highway","default_image_id":0,"font":"","enabled":false},"version":2}},"categories":[26],"tags":[],"class_list":{"0":"post-54639","1":"post","2":"type-post","3":"status-publish","4":"format-standard","5":"has-post-thumbnail","7":"category-destacada"},"yoast_head":"<!-- This site is optimized with the Yoast SEO plugin v22.7 - https:\/\/yoast.com\/wordpress\/plugins\/seo\/ -->\n<title>Tres Arroyos ser\u00e1 parte de la Ruta del Olivo - 103.9 fm<\/title>\n<meta name=\"robots\" content=\"index, follow, max-snippet:-1, max-image-preview:large, max-video-preview:-1\" \/>\n<link rel=\"canonical\" href=\"https:\/\/ondauno.com.ar\/index.php\/2025\/03\/26\/tres-arroyos-sera-parte-de-la-ruta-del-olivo\/\" \/>\n<meta property=\"og:locale\" content=\"es_ES\" \/>\n<meta property=\"og:type\" content=\"article\" \/>\n<meta property=\"og:title\" content=\"Tres Arroyos ser\u00e1 parte de la Ruta del Olivo - 103.9 fm\" \/>\n<meta property=\"og:description\" content=\"Mar\u00eda Saavedra y Guillermo Rossotti. El responsable de Finca Garbo, y ex secretario municipal de Desarrollo Econ\u00f3mico, Guillermo Rossotti, habl\u00f3 en Cosas que pasan sobre la inminente oficializaci\u00f3n de la Ruta del Olivo en la provincia de Buenos Aires, una iniciativa que busca potenciar el turismo y la producci\u00f3n en la regi\u00f3n. &#8220;En los \u00faltimos [&hellip;]\" \/>\n<meta property=\"og:url\" content=\"https:\/\/ondauno.com.ar\/index.php\/2025\/03\/26\/tres-arroyos-sera-parte-de-la-ruta-del-olivo\/\" \/>\n<meta property=\"og:site_name\" content=\"103.9 fm\" \/>\n<meta property=\"article:publisher\" content=\"https:\/\/www.facebook.com\/ondauno103.9\" \/>\n<meta property=\"article:published_time\" content=\"2025-03-26T23:23:26+00:00\" \/>\n<meta property=\"article:modified_time\" content=\"2025-03-26T23:23:29+00:00\" \/>\n<meta property=\"og:image\" content=\"http:\/\/ondauno.com.ar\/wp-content\/uploads\/2025\/03\/rosotti.webp\" \/>\n\t<meta property=\"og:image:width\" content=\"790\" \/>\n\t<meta property=\"og:image:height\" content=\"453\" \/>\n\t<meta property=\"og:image:type\" content=\"image\/webp\" \/>\n<meta name=\"author\" content=\"OndaUno\" \/>\n<meta name=\"twitter:card\" content=\"summary_large_image\" \/>\n<meta name=\"twitter:label1\" content=\"Escrito por\" \/>\n\t<meta name=\"twitter:data1\" content=\"OndaUno\" \/>\n\t<meta name=\"twitter:label2\" content=\"Tiempo de lectura\" \/>\n\t<meta name=\"twitter:data2\" content=\"2 minutos\" \/>\n<script type=\"application\/ld+json\" class=\"yoast-schema-graph\">{\"@context\":\"https:\/\/schema.org\",\"@graph\":[{\"@type\":\"WebPage\",\"@id\":\"https:\/\/ondauno.com.ar\/index.php\/2025\/03\/26\/tres-arroyos-sera-parte-de-la-ruta-del-olivo\/\",\"url\":\"https:\/\/ondauno.com.ar\/index.php\/2025\/03\/26\/tres-arroyos-sera-parte-de-la-ruta-del-olivo\/\",\"name\":\"Tres Arroyos ser\u00e1 parte de la Ruta del Olivo - 103.9 fm\",\"isPartOf\":{\"@id\":\"https:\/\/ondauno.com.ar\/#website\"},\"primaryImageOfPage\":{\"@id\":\"https:\/\/ondauno.com.ar\/index.php\/2025\/03\/26\/tres-arroyos-sera-parte-de-la-ruta-del-olivo\/#primaryimage\"},\"image\":{\"@id\":\"https:\/\/ondauno.com.ar\/index.php\/2025\/03\/26\/tres-arroyos-sera-parte-de-la-ruta-del-olivo\/#primaryimage\"},\"thumbnailUrl\":\"https:\/\/ondauno.com.ar\/wp-content\/uploads\/2025\/03\/rosotti.webp\",\"datePublished\":\"2025-03-26T23:23:26+00:00\",\"dateModified\":\"2025-03-26T23:23:29+00:00\",\"author\":{\"@id\":\"https:\/\/ondauno.com.ar\/#\/schema\/person\/7ec851ddeceb4133d7d7132dc645714e\"},\"breadcrumb\":{\"@id\":\"https:\/\/ondauno.com.ar\/index.php\/2025\/03\/26\/tres-arroyos-sera-parte-de-la-ruta-del-olivo\/#breadcrumb\"},\"inLanguage\":\"es-AR\",\"potentialAction\":[{\"@type\":\"ReadAction\",\"target\":[\"https:\/\/ondauno.com.ar\/index.php\/2025\/03\/26\/tres-arroyos-sera-parte-de-la-ruta-del-olivo\/\"]}]},{\"@type\":\"ImageObject\",\"inLanguage\":\"es-AR\",\"@id\":\"https:\/\/ondauno.com.ar\/index.php\/2025\/03\/26\/tres-arroyos-sera-parte-de-la-ruta-del-olivo\/#primaryimage\",\"url\":\"https:\/\/ondauno.com.ar\/wp-content\/uploads\/2025\/03\/rosotti.webp\",\"contentUrl\":\"https:\/\/ondauno.com.ar\/wp-content\/uploads\/2025\/03\/rosotti.webp\",\"width\":790,\"height\":453},{\"@type\":\"BreadcrumbList\",\"@id\":\"https:\/\/ondauno.com.ar\/index.php\/2025\/03\/26\/tres-arroyos-sera-parte-de-la-ruta-del-olivo\/#breadcrumb\",\"itemListElement\":[{\"@type\":\"ListItem\",\"position\":1,\"name\":\"Inicio\",\"item\":\"https:\/\/ondauno.com.ar\/\"},{\"@type\":\"ListItem\",\"position\":2,\"name\":\"Tres Arroyos ser\u00e1 parte de la Ruta del Olivo\"}]},{\"@type\":\"WebSite\",\"@id\":\"https:\/\/ondauno.com.ar\/#website\",\"url\":\"https:\/\/ondauno.com.ar\/\",\"name\":\"103.9 fm\",\"description\":\"LA PRIMERA RADIO MULTIMEDIA DE TRES ARROYOS\",\"potentialAction\":[{\"@type\":\"SearchAction\",\"target\":{\"@type\":\"EntryPoint\",\"urlTemplate\":\"https:\/\/ondauno.com.ar\/?s={search_term_string}\"},\"query-input\":\"required name=search_term_string\"}],\"inLanguage\":\"es-AR\"},{\"@type\":\"Person\",\"@id\":\"https:\/\/ondauno.com.ar\/#\/schema\/person\/7ec851ddeceb4133d7d7132dc645714e\",\"name\":\"OndaUno\",\"image\":{\"@type\":\"ImageObject\",\"inLanguage\":\"es-AR\",\"@id\":\"https:\/\/ondauno.com.ar\/#\/schema\/person\/image\/\",\"url\":\"https:\/\/secure.gravatar.com\/avatar\/93b8009f0de7021f1feb2bd5b32fb9e8?s=96&d=mm&r=g\",\"contentUrl\":\"https:\/\/secure.gravatar.com\/avatar\/93b8009f0de7021f1feb2bd5b32fb9e8?s=96&d=mm&r=g\",\"caption\":\"OndaUno\"},\"url\":\"https:\/\/ondauno.com.ar\/index.php\/author\/ondauno\/\"}]}<\/script>\n<!-- \/ Yoast SEO plugin. -->","yoast_head_json":{"title":"Tres Arroyos ser\u00e1 parte de la Ruta del Olivo - 103.9 fm","robots":{"index":"index","follow":"follow","max-snippet":"max-snippet:-1","max-image-preview":"max-image-preview:large","max-video-preview":"max-video-preview:-1"},"canonical":"https:\/\/ondauno.com.ar\/index.php\/2025\/03\/26\/tres-arroyos-sera-parte-de-la-ruta-del-olivo\/","og_locale":"es_ES","og_type":"article","og_title":"Tres Arroyos ser\u00e1 parte de la Ruta del Olivo - 103.9 fm","og_description":"Mar\u00eda Saavedra y Guillermo Rossotti. El responsable de Finca Garbo, y ex secretario municipal de Desarrollo Econ\u00f3mico, Guillermo Rossotti, habl\u00f3 en Cosas que pasan sobre la inminente oficializaci\u00f3n de la Ruta del Olivo en la provincia de Buenos Aires, una iniciativa que busca potenciar el turismo y la producci\u00f3n en la regi\u00f3n. &#8220;En los \u00faltimos [&hellip;]","og_url":"https:\/\/ondauno.com.ar\/index.php\/2025\/03\/26\/tres-arroyos-sera-parte-de-la-ruta-del-olivo\/","og_site_name":"103.9 fm","article_publisher":"https:\/\/www.facebook.com\/ondauno103.9","article_published_time":"2025-03-26T23:23:26+00:00","article_modified_time":"2025-03-26T23:23:29+00:00","og_image":[{"width":790,"height":453,"url":"http:\/\/ondauno.com.ar\/wp-content\/uploads\/2025\/03\/rosotti.webp","type":"image\/webp"}],"author":"OndaUno","twitter_card":"summary_large_image","twitter_misc":{"Escrito por":"OndaUno","Tiempo de lectura":"2 minutos"},"schema":{"@context":"https:\/\/schema.org","@graph":[{"@type":"WebPage","@id":"https:\/\/ondauno.com.ar\/index.php\/2025\/03\/26\/tres-arroyos-sera-parte-de-la-ruta-del-olivo\/","url":"https:\/\/ondauno.com.ar\/index.php\/2025\/03\/26\/tres-arroyos-sera-parte-de-la-ruta-del-olivo\/","name":"Tres Arroyos ser\u00e1 parte de la Ruta del Olivo - 103.9 fm","isPartOf":{"@id":"https:\/\/ondauno.com.ar\/#website"},"primaryImageOfPage":{"@id":"https:\/\/ondauno.com.ar\/index.php\/2025\/03\/26\/tres-arroyos-sera-parte-de-la-ruta-del-olivo\/#primaryimage"},"image":{"@id":"https:\/\/ondauno.com.ar\/index.php\/2025\/03\/26\/tres-arroyos-sera-parte-de-la-ruta-del-olivo\/#primaryimage"},"thumbnailUrl":"https:\/\/ondauno.com.ar\/wp-content\/uploads\/2025\/03\/rosotti.webp","datePublished":"2025-03-26T23:23:26+00:00","dateModified":"2025-03-26T23:23:29+00:00","author":{"@id":"https:\/\/ondauno.com.ar\/#\/schema\/person\/7ec851ddeceb4133d7d7132dc645714e"},"breadcrumb":{"@id":"https:\/\/ondauno.com.ar\/index.php\/2025\/03\/26\/tres-arroyos-sera-parte-de-la-ruta-del-olivo\/#breadcrumb"},"inLanguage":"es-AR","potentialAction":[{"@type":"ReadAction","target":["https:\/\/ondauno.com.ar\/index.php\/2025\/03\/26\/tres-arroyos-sera-parte-de-la-ruta-del-olivo\/"]}]},{"@type":"ImageObject","inLanguage":"es-AR","@id":"https:\/\/ondauno.com.ar\/index.php\/2025\/03\/26\/tres-arroyos-sera-parte-de-la-ruta-del-olivo\/#primaryimage","url":"https:\/\/ondauno.com.ar\/wp-content\/uploads\/2025\/03\/rosotti.webp","contentUrl":"https:\/\/ondauno.com.ar\/wp-content\/uploads\/2025\/03\/rosotti.webp","width":790,"height":453},{"@type":"BreadcrumbList","@id":"https:\/\/ondauno.com.ar\/index.php\/2025\/03\/26\/tres-arroyos-sera-parte-de-la-ruta-del-olivo\/#breadcrumb","itemListElement":[{"@type":"ListItem","position":1,"name":"Inicio","item":"https:\/\/ondauno.com.ar\/"},{"@type":"ListItem","position":2,"name":"Tres Arroyos ser\u00e1 parte de la Ruta del Olivo"}]},{"@type":"WebSite","@id":"https:\/\/ondauno.com.ar\/#website","url":"https:\/\/ondauno.com.ar\/","name":"103.9 fm","description":"LA PRIMERA RADIO MULTIMEDIA DE TRES ARROYOS","potentialAction":[{"@type":"SearchAction","target":{"@type":"EntryPoint","urlTemplate":"https:\/\/ondauno.com.ar\/?s={search_term_string}"},"query-input":"required name=search_term_string"}],"inLanguage":"es-AR"},{"@type":"Person","@id":"https:\/\/ondauno.com.ar\/#\/schema\/person\/7ec851ddeceb4133d7d7132dc645714e","name":"OndaUno","image":{"@type":"ImageObject","inLanguage":"es-AR","@id":"https:\/\/ondauno.com.ar\/#\/schema\/person\/image\/","url":"https:\/\/secure.gravatar.com\/avatar\/93b8009f0de7021f1feb2bd5b32fb9e8?s=96&d=mm&r=g","contentUrl":"https:\/\/secure.gravatar.com\/avatar\/93b8009f0de7021f1feb2bd5b32fb9e8?s=96&d=mm&r=g","caption":"OndaUno"},"url":"https:\/\/ondauno.com.ar\/index.php\/author\/ondauno\/"}]}},"jetpack_publicize_connections":[],"jetpack_featured_media_url":"https:\/\/ondauno.com.ar\/wp-content\/uploads\/2025\/03\/rosotti.webp","jetpack_sharing_enabled":true,"_links":{"self":[{"href":"https:\/\/ondauno.com.ar\/index.php\/wp-json\/wp\/v2\/posts\/54639","targetHints":{"allow":["GET"]}}],"collection":[{"href":"https:\/\/ondauno.com.ar\/index.php\/wp-json\/wp\/v2\/posts"}],"about":[{"href":"https:\/\/ondauno.com.ar\/index.php\/wp-json\/wp\/v2\/types\/post"}],"author":[{"embeddable":true,"href":"https:\/\/ondauno.com.ar\/index.php\/wp-json\/wp\/v2\/users\/1"}],"replies":[{"embeddable":true,"href":"https:\/\/ondauno.com.ar\/index.php\/wp-json\/wp\/v2\/comments?post=54639"}],"version-history":[{"count":1,"href":"https:\/\/ondauno.com.ar\/index.php\/wp-json\/wp\/v2\/posts\/54639\/revisions"}],"predecessor-version":[{"id":54641,"href":"https:\/\/ondauno.com.ar\/index.php\/wp-json\/wp\/v2\/posts\/54639\/revisions\/54641"}],"wp:featuredmedia":[{"embeddable":true,"href":"https:\/\/ondauno.com.ar\/index.php\/wp-json\/wp\/v2\/media\/54640"}],"wp:attachment":[{"href":"https:\/\/ondauno.com.ar\/index.php\/wp-json\/wp\/v2\/media?parent=54639"}],"wp:term":[{"taxonomy":"category","embeddable":true,"href":"https:\/\/ondauno.com.ar\/index.php\/wp-json\/wp\/v2\/categories?post=54639"},{"taxonomy":"post_tag","embeddable":true,"href":"https:\/\/ondauno.com.ar\/index.php\/wp-json\/wp\/v2\/tags?post=54639"}],"curies":[{"name":"wp","href":"https:\/\/api.w.org\/{rel}","templated":true}]}}