{"id":54524,"date":"2025-03-20T18:40:36","date_gmt":"2025-03-20T21:40:36","guid":{"rendered":"https:\/\/ondauno.com.ar\/?p=54524"},"modified":"2025-03-20T18:40:41","modified_gmt":"2025-03-20T21:40:41","slug":"marketing-digital-gratuito-para-emprendedores","status":"publish","type":"post","link":"https:\/\/ondauno.com.ar\/index.php\/2025\/03\/20\/marketing-digital-gratuito-para-emprendedores\/","title":{"rendered":"Marketing digital gratuito para emprendedores"},"content":{"rendered":"<div class=\"ondau-before-content_3\" style=\"margin-top: -30px;\" id=\"ondau-418885882\"><a href=\"https:\/\/www.lps.com.ar\/\" aria-label=\"la-perse2\"><img loading=\"lazy\" decoding=\"async\" src=\"https:\/\/ondauno.com.ar\/wp-content\/uploads\/2021\/10\/la-perse2.jpg\" alt=\"\"  srcset=\"https:\/\/ondauno.com.ar\/wp-content\/uploads\/2021\/10\/la-perse2.jpg 1353w, https:\/\/ondauno.com.ar\/wp-content\/uploads\/2021\/10\/la-perse2-300x43.jpg 300w, https:\/\/ondauno.com.ar\/wp-content\/uploads\/2021\/10\/la-perse2-1024x148.jpg 1024w, https:\/\/ondauno.com.ar\/wp-content\/uploads\/2021\/10\/la-perse2-768x111.jpg 768w, https:\/\/ondauno.com.ar\/wp-content\/uploads\/2021\/10\/la-perse2-696x100.jpg 696w, https:\/\/ondauno.com.ar\/wp-content\/uploads\/2021\/10\/la-perse2-1068x154.jpg 1068w\" sizes=\"(max-width: 1353px) 100vw, 1353px\" class=\"no-lazyload\" width=\"1353\" height=\"195\"  style=\"display: inline-block;\" \/><\/a><\/div>\n<p>El Punto Digital de la Direcci\u00f3n de Pol\u00edticas para la Juventud informa que se encuentra abierta la convocatoria para participar del segundo ciclo de talleres gratuitos. En este caso se trabajar\u00e1 sobre marketing digital para emprendedores, freelancers e interesados en potenciar su negocio. Las fechas y tem\u00e1ticas son:<\/p>\n\n\n\n<p>Jueves 27\/3 \u2013 15:30 hs | Taller Venta por internet &#8211; en Brandsen 181<\/p>\n\n\n\n<p>Jueves 3\/4 \u2013 15:30 hs | Taller Storytelling\u2028<\/p>\n\n\n\n<ul class=\"wp-block-list\">\n<li>en Brandsen 181<\/li>\n<\/ul>\n\n\n\n<p>Jueves 10\/4 \u2013 15:30 hs | Taller Fotograf\u00eda de producto\u2028<\/p>\n\n\n\n<ul class=\"wp-block-list\">\n<li>en Brandsen 181<\/li>\n<\/ul>\n\n\n\n<p>En esta oportunidad, el Director de Pol\u00edticas para la Juventud Juli\u00e1n Luis Tornini, afirma: \u201c\u00a1El primer ciclo est\u00e1 siendo un \u00e9xito! Seguiremos trabajando para que los vecinos tengan herramientas tecnol\u00f3gicas y por sobre todo para darle sentido a este programa: Acortar la brecha tecnol\u00f3gica en la sociedad\u201d<\/p>\n\n\n\n<p>Por su parte, Leonela Scarabotti resalta la importancia del espacio que Coordina \u201cEl trabajo del Punto Digital es diario. Asistimos a las personas en diversos tr\u00e1mites como la validaci\u00f3n de identidad o inscripci\u00f3n a becas\u201d.<\/p>\n\n\n\n<p>La inscripci\u00f3n puede ser mediante el formulario que se encuentra en historias de Instagram de la Direcci\u00f3n (@direccionjuventudtsas) o solicitarlo por WhatsApp 2983-456538.<\/p>\n","protected":false},"excerpt":{"rendered":"<p>El Punto Digital de la Direcci\u00f3n de Pol\u00edticas para la Juventud informa que se encuentra abierta la convocatoria para participar del segundo ciclo de talleres gratuitos. En este caso se trabajar\u00e1 sobre marketing digital para emprendedores, freelancers e interesados en potenciar su negocio. Las fechas y tem\u00e1ticas son: Jueves 27\/3 \u2013 15:30 hs | Taller [&hellip;]<\/p>\n","protected":false},"author":1,"featured_media":54525,"comment_status":"open","ping_status":"open","sticky":false,"template":"","format":"standard","meta":{"tdm_status":"","tdm_grid_status":"","_jetpack_memberships_contains_paid_content":false,"footnotes":"","jetpack_publicize_message":"","jetpack_publicize_feature_enabled":true,"jetpack_social_post_already_shared":false,"jetpack_social_options":{"image_generator_settings":{"template":"highway","default_image_id":0,"font":"","enabled":false},"version":2}},"categories":[2],"tags":[],"class_list":{"0":"post-54524","1":"post","2":"type-post","3":"status-publish","4":"format-standard","5":"has-post-thumbnail","7":"category-locales"},"yoast_head":"<!-- This site is optimized with the Yoast SEO plugin v22.7 - https:\/\/yoast.com\/wordpress\/plugins\/seo\/ -->\n<title>Marketing digital gratuito para emprendedores - 103.9 fm<\/title>\n<meta name=\"robots\" content=\"index, follow, max-snippet:-1, max-image-preview:large, max-video-preview:-1\" \/>\n<link rel=\"canonical\" href=\"https:\/\/ondauno.com.ar\/index.php\/2025\/03\/20\/marketing-digital-gratuito-para-emprendedores\/\" \/>\n<meta property=\"og:locale\" content=\"es_ES\" \/>\n<meta property=\"og:type\" content=\"article\" \/>\n<meta property=\"og:title\" content=\"Marketing digital gratuito para emprendedores - 103.9 fm\" \/>\n<meta property=\"og:description\" content=\"El Punto Digital de la Direcci\u00f3n de Pol\u00edticas para la Juventud informa que se encuentra abierta la convocatoria para participar del segundo ciclo de talleres gratuitos. En este caso se trabajar\u00e1 sobre marketing digital para emprendedores, freelancers e interesados en potenciar su negocio. Las fechas y tem\u00e1ticas son: Jueves 27\/3 \u2013 15:30 hs | Taller [&hellip;]\" \/>\n<meta property=\"og:url\" content=\"https:\/\/ondauno.com.ar\/index.php\/2025\/03\/20\/marketing-digital-gratuito-para-emprendedores\/\" \/>\n<meta property=\"og:site_name\" content=\"103.9 fm\" \/>\n<meta property=\"article:publisher\" content=\"https:\/\/www.facebook.com\/ondauno103.9\" \/>\n<meta property=\"article:published_time\" content=\"2025-03-20T21:40:36+00:00\" \/>\n<meta property=\"article:modified_time\" content=\"2025-03-20T21:40:41+00:00\" \/>\n<meta property=\"og:image\" content=\"http:\/\/ondauno.com.ar\/wp-content\/uploads\/2025\/03\/WhatsApp-Image-2025-03-20-at-15.25.15.jpeg\" \/>\n\t<meta property=\"og:image:width\" content=\"1080\" \/>\n\t<meta property=\"og:image:height\" content=\"1080\" \/>\n\t<meta property=\"og:image:type\" content=\"image\/jpeg\" \/>\n<meta name=\"author\" content=\"OndaUno\" \/>\n<meta name=\"twitter:card\" content=\"summary_large_image\" \/>\n<meta name=\"twitter:label1\" content=\"Escrito por\" \/>\n\t<meta name=\"twitter:data1\" content=\"OndaUno\" \/>\n\t<meta name=\"twitter:label2\" content=\"Tiempo de lectura\" \/>\n\t<meta name=\"twitter:data2\" content=\"2 minutos\" \/>\n<script type=\"application\/ld+json\" class=\"yoast-schema-graph\">{\"@context\":\"https:\/\/schema.org\",\"@graph\":[{\"@type\":\"WebPage\",\"@id\":\"https:\/\/ondauno.com.ar\/index.php\/2025\/03\/20\/marketing-digital-gratuito-para-emprendedores\/\",\"url\":\"https:\/\/ondauno.com.ar\/index.php\/2025\/03\/20\/marketing-digital-gratuito-para-emprendedores\/\",\"name\":\"Marketing digital gratuito para emprendedores - 103.9 fm\",\"isPartOf\":{\"@id\":\"https:\/\/ondauno.com.ar\/#website\"},\"primaryImageOfPage\":{\"@id\":\"https:\/\/ondauno.com.ar\/index.php\/2025\/03\/20\/marketing-digital-gratuito-para-emprendedores\/#primaryimage\"},\"image\":{\"@id\":\"https:\/\/ondauno.com.ar\/index.php\/2025\/03\/20\/marketing-digital-gratuito-para-emprendedores\/#primaryimage\"},\"thumbnailUrl\":\"https:\/\/ondauno.com.ar\/wp-content\/uploads\/2025\/03\/WhatsApp-Image-2025-03-20-at-15.25.15.jpeg\",\"datePublished\":\"2025-03-20T21:40:36+00:00\",\"dateModified\":\"2025-03-20T21:40:41+00:00\",\"author\":{\"@id\":\"https:\/\/ondauno.com.ar\/#\/schema\/person\/7ec851ddeceb4133d7d7132dc645714e\"},\"breadcrumb\":{\"@id\":\"https:\/\/ondauno.com.ar\/index.php\/2025\/03\/20\/marketing-digital-gratuito-para-emprendedores\/#breadcrumb\"},\"inLanguage\":\"es-AR\",\"potentialAction\":[{\"@type\":\"ReadAction\",\"target\":[\"https:\/\/ondauno.com.ar\/index.php\/2025\/03\/20\/marketing-digital-gratuito-para-emprendedores\/\"]}]},{\"@type\":\"ImageObject\",\"inLanguage\":\"es-AR\",\"@id\":\"https:\/\/ondauno.com.ar\/index.php\/2025\/03\/20\/marketing-digital-gratuito-para-emprendedores\/#primaryimage\",\"url\":\"https:\/\/ondauno.com.ar\/wp-content\/uploads\/2025\/03\/WhatsApp-Image-2025-03-20-at-15.25.15.jpeg\",\"contentUrl\":\"https:\/\/ondauno.com.ar\/wp-content\/uploads\/2025\/03\/WhatsApp-Image-2025-03-20-at-15.25.15.jpeg\",\"width\":1080,\"height\":1080},{\"@type\":\"BreadcrumbList\",\"@id\":\"https:\/\/ondauno.com.ar\/index.php\/2025\/03\/20\/marketing-digital-gratuito-para-emprendedores\/#breadcrumb\",\"itemListElement\":[{\"@type\":\"ListItem\",\"position\":1,\"name\":\"Inicio\",\"item\":\"https:\/\/ondauno.com.ar\/\"},{\"@type\":\"ListItem\",\"position\":2,\"name\":\"Marketing digital gratuito para emprendedores\"}]},{\"@type\":\"WebSite\",\"@id\":\"https:\/\/ondauno.com.ar\/#website\",\"url\":\"https:\/\/ondauno.com.ar\/\",\"name\":\"103.9 fm\",\"description\":\"LA PRIMERA RADIO MULTIMEDIA DE TRES ARROYOS\",\"potentialAction\":[{\"@type\":\"SearchAction\",\"target\":{\"@type\":\"EntryPoint\",\"urlTemplate\":\"https:\/\/ondauno.com.ar\/?s={search_term_string}\"},\"query-input\":\"required name=search_term_string\"}],\"inLanguage\":\"es-AR\"},{\"@type\":\"Person\",\"@id\":\"https:\/\/ondauno.com.ar\/#\/schema\/person\/7ec851ddeceb4133d7d7132dc645714e\",\"name\":\"OndaUno\",\"image\":{\"@type\":\"ImageObject\",\"inLanguage\":\"es-AR\",\"@id\":\"https:\/\/ondauno.com.ar\/#\/schema\/person\/image\/\",\"url\":\"https:\/\/secure.gravatar.com\/avatar\/93b8009f0de7021f1feb2bd5b32fb9e8?s=96&d=mm&r=g\",\"contentUrl\":\"https:\/\/secure.gravatar.com\/avatar\/93b8009f0de7021f1feb2bd5b32fb9e8?s=96&d=mm&r=g\",\"caption\":\"OndaUno\"},\"url\":\"https:\/\/ondauno.com.ar\/index.php\/author\/ondauno\/\"}]}<\/script>\n<!-- \/ Yoast SEO plugin. -->","yoast_head_json":{"title":"Marketing digital gratuito para emprendedores - 103.9 fm","robots":{"index":"index","follow":"follow","max-snippet":"max-snippet:-1","max-image-preview":"max-image-preview:large","max-video-preview":"max-video-preview:-1"},"canonical":"https:\/\/ondauno.com.ar\/index.php\/2025\/03\/20\/marketing-digital-gratuito-para-emprendedores\/","og_locale":"es_ES","og_type":"article","og_title":"Marketing digital gratuito para emprendedores - 103.9 fm","og_description":"El Punto Digital de la Direcci\u00f3n de Pol\u00edticas para la Juventud informa que se encuentra abierta la convocatoria para participar del segundo ciclo de talleres gratuitos. En este caso se trabajar\u00e1 sobre marketing digital para emprendedores, freelancers e interesados en potenciar su negocio. Las fechas y tem\u00e1ticas son: Jueves 27\/3 \u2013 15:30 hs | Taller [&hellip;]","og_url":"https:\/\/ondauno.com.ar\/index.php\/2025\/03\/20\/marketing-digital-gratuito-para-emprendedores\/","og_site_name":"103.9 fm","article_publisher":"https:\/\/www.facebook.com\/ondauno103.9","article_published_time":"2025-03-20T21:40:36+00:00","article_modified_time":"2025-03-20T21:40:41+00:00","og_image":[{"width":1080,"height":1080,"url":"http:\/\/ondauno.com.ar\/wp-content\/uploads\/2025\/03\/WhatsApp-Image-2025-03-20-at-15.25.15.jpeg","type":"image\/jpeg"}],"author":"OndaUno","twitter_card":"summary_large_image","twitter_misc":{"Escrito por":"OndaUno","Tiempo de lectura":"2 minutos"},"schema":{"@context":"https:\/\/schema.org","@graph":[{"@type":"WebPage","@id":"https:\/\/ondauno.com.ar\/index.php\/2025\/03\/20\/marketing-digital-gratuito-para-emprendedores\/","url":"https:\/\/ondauno.com.ar\/index.php\/2025\/03\/20\/marketing-digital-gratuito-para-emprendedores\/","name":"Marketing digital gratuito para emprendedores - 103.9 fm","isPartOf":{"@id":"https:\/\/ondauno.com.ar\/#website"},"primaryImageOfPage":{"@id":"https:\/\/ondauno.com.ar\/index.php\/2025\/03\/20\/marketing-digital-gratuito-para-emprendedores\/#primaryimage"},"image":{"@id":"https:\/\/ondauno.com.ar\/index.php\/2025\/03\/20\/marketing-digital-gratuito-para-emprendedores\/#primaryimage"},"thumbnailUrl":"https:\/\/ondauno.com.ar\/wp-content\/uploads\/2025\/03\/WhatsApp-Image-2025-03-20-at-15.25.15.jpeg","datePublished":"2025-03-20T21:40:36+00:00","dateModified":"2025-03-20T21:40:41+00:00","author":{"@id":"https:\/\/ondauno.com.ar\/#\/schema\/person\/7ec851ddeceb4133d7d7132dc645714e"},"breadcrumb":{"@id":"https:\/\/ondauno.com.ar\/index.php\/2025\/03\/20\/marketing-digital-gratuito-para-emprendedores\/#breadcrumb"},"inLanguage":"es-AR","potentialAction":[{"@type":"ReadAction","target":["https:\/\/ondauno.com.ar\/index.php\/2025\/03\/20\/marketing-digital-gratuito-para-emprendedores\/"]}]},{"@type":"ImageObject","inLanguage":"es-AR","@id":"https:\/\/ondauno.com.ar\/index.php\/2025\/03\/20\/marketing-digital-gratuito-para-emprendedores\/#primaryimage","url":"https:\/\/ondauno.com.ar\/wp-content\/uploads\/2025\/03\/WhatsApp-Image-2025-03-20-at-15.25.15.jpeg","contentUrl":"https:\/\/ondauno.com.ar\/wp-content\/uploads\/2025\/03\/WhatsApp-Image-2025-03-20-at-15.25.15.jpeg","width":1080,"height":1080},{"@type":"BreadcrumbList","@id":"https:\/\/ondauno.com.ar\/index.php\/2025\/03\/20\/marketing-digital-gratuito-para-emprendedores\/#breadcrumb","itemListElement":[{"@type":"ListItem","position":1,"name":"Inicio","item":"https:\/\/ondauno.com.ar\/"},{"@type":"ListItem","position":2,"name":"Marketing digital gratuito para emprendedores"}]},{"@type":"WebSite","@id":"https:\/\/ondauno.com.ar\/#website","url":"https:\/\/ondauno.com.ar\/","name":"103.9 fm","description":"LA PRIMERA RADIO MULTIMEDIA DE TRES ARROYOS","potentialAction":[{"@type":"SearchAction","target":{"@type":"EntryPoint","urlTemplate":"https:\/\/ondauno.com.ar\/?s={search_term_string}"},"query-input":"required name=search_term_string"}],"inLanguage":"es-AR"},{"@type":"Person","@id":"https:\/\/ondauno.com.ar\/#\/schema\/person\/7ec851ddeceb4133d7d7132dc645714e","name":"OndaUno","image":{"@type":"ImageObject","inLanguage":"es-AR","@id":"https:\/\/ondauno.com.ar\/#\/schema\/person\/image\/","url":"https:\/\/secure.gravatar.com\/avatar\/93b8009f0de7021f1feb2bd5b32fb9e8?s=96&d=mm&r=g","contentUrl":"https:\/\/secure.gravatar.com\/avatar\/93b8009f0de7021f1feb2bd5b32fb9e8?s=96&d=mm&r=g","caption":"OndaUno"},"url":"https:\/\/ondauno.com.ar\/index.php\/author\/ondauno\/"}]}},"jetpack_publicize_connections":[],"jetpack_featured_media_url":"https:\/\/ondauno.com.ar\/wp-content\/uploads\/2025\/03\/WhatsApp-Image-2025-03-20-at-15.25.15.jpeg","jetpack_sharing_enabled":true,"_links":{"self":[{"href":"https:\/\/ondauno.com.ar\/index.php\/wp-json\/wp\/v2\/posts\/54524","targetHints":{"allow":["GET"]}}],"collection":[{"href":"https:\/\/ondauno.com.ar\/index.php\/wp-json\/wp\/v2\/posts"}],"about":[{"href":"https:\/\/ondauno.com.ar\/index.php\/wp-json\/wp\/v2\/types\/post"}],"author":[{"embeddable":true,"href":"https:\/\/ondauno.com.ar\/index.php\/wp-json\/wp\/v2\/users\/1"}],"replies":[{"embeddable":true,"href":"https:\/\/ondauno.com.ar\/index.php\/wp-json\/wp\/v2\/comments?post=54524"}],"version-history":[{"count":1,"href":"https:\/\/ondauno.com.ar\/index.php\/wp-json\/wp\/v2\/posts\/54524\/revisions"}],"predecessor-version":[{"id":54526,"href":"https:\/\/ondauno.com.ar\/index.php\/wp-json\/wp\/v2\/posts\/54524\/revisions\/54526"}],"wp:featuredmedia":[{"embeddable":true,"href":"https:\/\/ondauno.com.ar\/index.php\/wp-json\/wp\/v2\/media\/54525"}],"wp:attachment":[{"href":"https:\/\/ondauno.com.ar\/index.php\/wp-json\/wp\/v2\/media?parent=54524"}],"wp:term":[{"taxonomy":"category","embeddable":true,"href":"https:\/\/ondauno.com.ar\/index.php\/wp-json\/wp\/v2\/categories?post=54524"},{"taxonomy":"post_tag","embeddable":true,"href":"https:\/\/ondauno.com.ar\/index.php\/wp-json\/wp\/v2\/tags?post=54524"}],"curies":[{"name":"wp","href":"https:\/\/api.w.org\/{rel}","templated":true}]}}