{"id":5452,"date":"2020-02-05T15:55:57","date_gmt":"2020-02-05T18:55:57","guid":{"rendered":"http:\/\/ondauno.com.ar\/?p=5452"},"modified":"2020-02-05T15:56:04","modified_gmt":"2020-02-05T18:56:04","slug":"es-todo-fuego-de-artificio-dijo-ricardo-alfonsin-ante-su-posible-expulsion-de-la-ucr","status":"publish","type":"post","link":"https:\/\/ondauno.com.ar\/index.php\/2020\/02\/05\/es-todo-fuego-de-artificio-dijo-ricardo-alfonsin-ante-su-posible-expulsion-de-la-ucr\/","title":{"rendered":"&#8220;Es todo fuego de artificio&#8221;, dijo Ricardo Alfons\u00edn ante su posible expulsi\u00f3n de la UCR"},"content":{"rendered":"<div class=\"ondau-before-content_3\" style=\"margin-top: -30px;\" id=\"ondau-3134425083\"><a href=\"https:\/\/www.lps.com.ar\/\" aria-label=\"la-perse2\"><img loading=\"lazy\" decoding=\"async\" src=\"https:\/\/ondauno.com.ar\/wp-content\/uploads\/2021\/10\/la-perse2.jpg\" alt=\"\"  srcset=\"https:\/\/ondauno.com.ar\/wp-content\/uploads\/2021\/10\/la-perse2.jpg 1353w, https:\/\/ondauno.com.ar\/wp-content\/uploads\/2021\/10\/la-perse2-300x43.jpg 300w, https:\/\/ondauno.com.ar\/wp-content\/uploads\/2021\/10\/la-perse2-1024x148.jpg 1024w, https:\/\/ondauno.com.ar\/wp-content\/uploads\/2021\/10\/la-perse2-768x111.jpg 768w, https:\/\/ondauno.com.ar\/wp-content\/uploads\/2021\/10\/la-perse2-696x100.jpg 696w, https:\/\/ondauno.com.ar\/wp-content\/uploads\/2021\/10\/la-perse2-1068x154.jpg 1068w\" sizes=\"(max-width: 1353px) 100vw, 1353px\" class=\"no-lazyload\" width=\"1353\" height=\"195\"  style=\"display: inline-block;\" \/><\/a><\/div>\n<p>El dirigente radical Ricardo Alfons\u00edn sali\u00f3 hoy al cruce de las cr\u00edticas que recibi\u00f3 de parte de dirigentes de su propio partido por haber aceptado el cargo de embajador argentino en Espa\u00f1a y asegur\u00f3 &#8220;no estar preocupado&#8221; por el pedido de expulsi\u00f3n que realizar\u00e1 un sector de la UCR bonaerense.<\/p>\n\n\n\n<p>&#8220;Si me quieren echar del partido, que se hagan cargo, no me preocupa, es todo fuego de artificio&#8221;, dijo Alfons\u00edn, consultado sobre la amenaza del presidente de la Juventud Radical bonaerense, Mart\u00edn Borrazas, de intentar apartar al hijo del ex presidente Ra\u00fal Alons\u00edn de las filas partidarias.<\/p>\n\n\n\n<p>Ayer, tras conocerse la decisi\u00f3n del presidente Alberto Fern\u00e1ndez de designarlo como embajador en Espa\u00f1a, diputados y referentes nacionales del radicalismo cercanos al PRO salieron a cuestionar a Alfons\u00edn por aceptar el destino diplom\u00e1tico en Madrid.<\/p>\n\n\n\n<p>Entre ellos, el diputado nacional y presidente del Comit\u00e9 Nacional, Alfredo Cornejo, quien v\u00eda Twitter aclar\u00f3: &#8220;El cargo de Ricardo Alfons\u00edn como embajador en Espa\u00f1a es una decisi\u00f3n personal y nada tiene que ver el radicalismo en ello&#8221;.<\/p>\n\n\n\n<figure class=\"wp-block-image\"><img decoding=\"async\" data-src=\"https:\/\/d1iibezb83drel.cloudfront.net\/wp-content\/uploads\/2019\/04\/Ricardo-Alfonsin.jpg\" alt=\"Ricardo Alfonsin\" class=\"wp-image-259279 lazyload\" src=\"data:image\/gif;base64,R0lGODlhAQABAAAAACH5BAEKAAEALAAAAAABAAEAAAICTAEAOw==\" \/><noscript><img decoding=\"async\" src=\"https:\/\/d1iibezb83drel.cloudfront.net\/wp-content\/uploads\/2019\/04\/Ricardo-Alfonsin.jpg\" alt=\"Ricardo Alfonsin\" class=\"wp-image-259279\"\/><\/noscript><\/figure>\n\n\n\n<p>&nbsp;Ricardo Alfonsin.<\/p>\n\n\n\n<p>En declaraciones a FM Futurock, el ex diputado nacional defendi\u00f3 su decisi\u00f3n: &#8220;No hice nada que comprometa a la UCR, porque no voy en nombre del partido&#8221; y calific\u00f3 su designaci\u00f3n como &#8220;un gesto que cierra la grieta&#8221; por parte del presidente Alberto Fern\u00e1ndez, porque &#8220;si sigue esta relaci\u00f3n entre oficialismo y oposici\u00f3n vamos a tener problemas muy graves&#8221;.<\/p>\n\n\n\n<p>Alfons\u00edn tambi\u00e9n sali\u00f3 al cruce de los dichos del jefe del interbloque de diputados de Juntos por el Cambio, Mario Negri, quien asegur\u00f3 que el designado embajador en Espa\u00f1a &#8220;no consult\u00f3&#8221; al radicalismo para aceptar el cargo.<\/p>\n\n\n\n<p>&#8220;Antes de aceptar el cargo habl\u00e9 con Gerardo Morales (gobernador de Jujuy y hombre fuerte en la UCR) y \u00e9l me recomend\u00f3 que dijera que s\u00ed&#8221;, y agreg\u00f3: &#8220;Me dijo que no pod\u00eda decirle que no a Alberto. Me llamaron (Enrique &#8220;Coti&#8221;) Nosiglia, (el mandatario mendocino) Rodolfo Su\u00e1rez, (Mart\u00edn) Lousteau y (Federico) Storani y me dijeron lo mismo&#8221;.<\/p>\n\n\n\n<p>Consultado sobre los dichos de Cornejo, Alfons\u00edn sostuvo: &#8220;No dijo nada malo, claro que es una decisi\u00f3n personal&#8221; y agreg\u00f3 que su designaci\u00f3n en el cuerpo diplom\u00e1tico &#8220;no son para representar a un partido, sino al pa\u00eds&#8221;.<\/p>\n\n\n\n<p>&#8220;Si yo hubiese sido presidente del partido hubiera estado agradecido que designasen a un hombre la UCR en una embajada&#8221;, a\u00f1adi\u00f3 y record\u00f3 que ni bien asumi\u00f3 la Presidencia de la Naci\u00f3n, su padre &#8220;design\u00f3 cuatro embajadores peronistas, uno de ellos (Jorge) Taiana (padre) y nadie puede pensar que Taiana fue coptado por el partido&#8221;.<\/p>\n\n\n\n<p>El nuevo embajador argentino ante Espa\u00f1a cont\u00f3 adem\u00e1s que el presidente Alberto Fern\u00e1ndez le hab\u00eda hecho el ofrecimiento en la reuni\u00f3n que hab\u00edan mantenido en noviembre pasado y que el lunes \u00faltimo lo llam\u00f3 desde Alemania para convencerlo de aceptar el cargo.<\/p>\n\n\n\n<p>&#8220;Alberto me llam\u00f3 el lunes desde Alemania y me dice &#8216;Ricardo, ma\u00f1ana voy a Espa\u00f1a, te pido, pensalo. Yo necesito que est\u00e9s ah\u00ed, es importante Espa\u00f1a, es importante Europa'&#8221;, relat\u00f3. (T\u00e9lam)<\/p>\n","protected":false},"excerpt":{"rendered":"<p>El dirigente radical Ricardo Alfons\u00edn sali\u00f3 hoy al cruce de las cr\u00edticas que recibi\u00f3 de parte de dirigentes de su propio partido por haber aceptado el cargo de embajador argentino en Espa\u00f1a y asegur\u00f3 &#8220;no estar preocupado&#8221; por el pedido de expulsi\u00f3n que realizar\u00e1 un sector de la UCR bonaerense. &#8220;Si me quieren echar del [&hellip;]<\/p>\n","protected":false},"author":2,"featured_media":0,"comment_status":"open","ping_status":"open","sticky":false,"template":"","format":"standard","meta":{"tdm_status":"","tdm_grid_status":"","_jetpack_memberships_contains_paid_content":false,"footnotes":"","jetpack_publicize_message":"","jetpack_publicize_feature_enabled":true,"jetpack_social_post_already_shared":false,"jetpack_social_options":{"image_generator_settings":{"template":"highway","default_image_id":0,"font":"","enabled":false},"version":2}},"categories":[3],"tags":[],"class_list":{"0":"post-5452","1":"post","2":"type-post","3":"status-publish","4":"format-standard","6":"category-nacionales"},"yoast_head":"<!-- This site is optimized with the Yoast SEO plugin v22.7 - https:\/\/yoast.com\/wordpress\/plugins\/seo\/ -->\n<title>&quot;Es todo fuego de artificio&quot;, dijo Ricardo Alfons\u00edn ante su posible expulsi\u00f3n de la UCR - 103.9 fm<\/title>\n<meta name=\"robots\" content=\"index, follow, max-snippet:-1, max-image-preview:large, max-video-preview:-1\" \/>\n<link rel=\"canonical\" href=\"https:\/\/ondauno.com.ar\/index.php\/2020\/02\/05\/es-todo-fuego-de-artificio-dijo-ricardo-alfonsin-ante-su-posible-expulsion-de-la-ucr\/\" \/>\n<meta property=\"og:locale\" content=\"es_ES\" \/>\n<meta property=\"og:type\" content=\"article\" \/>\n<meta property=\"og:title\" content=\"&quot;Es todo fuego de artificio&quot;, dijo Ricardo Alfons\u00edn ante su posible expulsi\u00f3n de la UCR - 103.9 fm\" \/>\n<meta property=\"og:description\" content=\"El dirigente radical Ricardo Alfons\u00edn sali\u00f3 hoy al cruce de las cr\u00edticas que recibi\u00f3 de parte de dirigentes de su propio partido por haber aceptado el cargo de embajador argentino en Espa\u00f1a y asegur\u00f3 &#8220;no estar preocupado&#8221; por el pedido de expulsi\u00f3n que realizar\u00e1 un sector de la UCR bonaerense. &#8220;Si me quieren echar del [&hellip;]\" \/>\n<meta property=\"og:url\" content=\"https:\/\/ondauno.com.ar\/index.php\/2020\/02\/05\/es-todo-fuego-de-artificio-dijo-ricardo-alfonsin-ante-su-posible-expulsion-de-la-ucr\/\" \/>\n<meta property=\"og:site_name\" content=\"103.9 fm\" \/>\n<meta property=\"article:publisher\" content=\"https:\/\/www.facebook.com\/ondauno103.9\" \/>\n<meta property=\"article:published_time\" content=\"2020-02-05T18:55:57+00:00\" \/>\n<meta property=\"article:modified_time\" content=\"2020-02-05T18:56:04+00:00\" \/>\n<meta property=\"og:image\" content=\"https:\/\/ondauno.com.ar\/wp-content\/uploads\/2020\/02\/3189032w380.jpg\" \/>\n\t<meta property=\"og:image:width\" content=\"380\" \/>\n\t<meta property=\"og:image:height\" content=\"253\" \/>\n\t<meta property=\"og:image:type\" content=\"image\/jpeg\" \/>\n<meta name=\"author\" content=\"fernando garcia\" \/>\n<meta name=\"twitter:card\" content=\"summary_large_image\" \/>\n<meta name=\"twitter:label1\" content=\"Escrito por\" \/>\n\t<meta name=\"twitter:data1\" content=\"fernando garcia\" \/>\n\t<meta name=\"twitter:label2\" content=\"Tiempo de lectura\" \/>\n\t<meta name=\"twitter:data2\" content=\"3 minutos\" \/>\n<script type=\"application\/ld+json\" class=\"yoast-schema-graph\">{\"@context\":\"https:\/\/schema.org\",\"@graph\":[{\"@type\":\"WebPage\",\"@id\":\"https:\/\/ondauno.com.ar\/index.php\/2020\/02\/05\/es-todo-fuego-de-artificio-dijo-ricardo-alfonsin-ante-su-posible-expulsion-de-la-ucr\/\",\"url\":\"https:\/\/ondauno.com.ar\/index.php\/2020\/02\/05\/es-todo-fuego-de-artificio-dijo-ricardo-alfonsin-ante-su-posible-expulsion-de-la-ucr\/\",\"name\":\"\\\"Es todo fuego de artificio\\\", dijo Ricardo Alfons\u00edn ante su posible expulsi\u00f3n de la UCR - 103.9 fm\",\"isPartOf\":{\"@id\":\"https:\/\/ondauno.com.ar\/#website\"},\"primaryImageOfPage\":{\"@id\":\"https:\/\/ondauno.com.ar\/index.php\/2020\/02\/05\/es-todo-fuego-de-artificio-dijo-ricardo-alfonsin-ante-su-posible-expulsion-de-la-ucr\/#primaryimage\"},\"image\":{\"@id\":\"https:\/\/ondauno.com.ar\/index.php\/2020\/02\/05\/es-todo-fuego-de-artificio-dijo-ricardo-alfonsin-ante-su-posible-expulsion-de-la-ucr\/#primaryimage\"},\"thumbnailUrl\":\"https:\/\/d1iibezb83drel.cloudfront.net\/wp-content\/uploads\/2019\/04\/Ricardo-Alfonsin.jpg\",\"datePublished\":\"2020-02-05T18:55:57+00:00\",\"dateModified\":\"2020-02-05T18:56:04+00:00\",\"author\":{\"@id\":\"https:\/\/ondauno.com.ar\/#\/schema\/person\/201d1b68e6c75e0fd396fe5f8af5d139\"},\"breadcrumb\":{\"@id\":\"https:\/\/ondauno.com.ar\/index.php\/2020\/02\/05\/es-todo-fuego-de-artificio-dijo-ricardo-alfonsin-ante-su-posible-expulsion-de-la-ucr\/#breadcrumb\"},\"inLanguage\":\"es-AR\",\"potentialAction\":[{\"@type\":\"ReadAction\",\"target\":[\"https:\/\/ondauno.com.ar\/index.php\/2020\/02\/05\/es-todo-fuego-de-artificio-dijo-ricardo-alfonsin-ante-su-posible-expulsion-de-la-ucr\/\"]}]},{\"@type\":\"ImageObject\",\"inLanguage\":\"es-AR\",\"@id\":\"https:\/\/ondauno.com.ar\/index.php\/2020\/02\/05\/es-todo-fuego-de-artificio-dijo-ricardo-alfonsin-ante-su-posible-expulsion-de-la-ucr\/#primaryimage\",\"url\":\"https:\/\/d1iibezb83drel.cloudfront.net\/wp-content\/uploads\/2019\/04\/Ricardo-Alfonsin.jpg\",\"contentUrl\":\"https:\/\/d1iibezb83drel.cloudfront.net\/wp-content\/uploads\/2019\/04\/Ricardo-Alfonsin.jpg\"},{\"@type\":\"BreadcrumbList\",\"@id\":\"https:\/\/ondauno.com.ar\/index.php\/2020\/02\/05\/es-todo-fuego-de-artificio-dijo-ricardo-alfonsin-ante-su-posible-expulsion-de-la-ucr\/#breadcrumb\",\"itemListElement\":[{\"@type\":\"ListItem\",\"position\":1,\"name\":\"Inicio\",\"item\":\"https:\/\/ondauno.com.ar\/\"},{\"@type\":\"ListItem\",\"position\":2,\"name\":\"&#8220;Es todo fuego de artificio&#8221;, dijo Ricardo Alfons\u00edn ante su posible expulsi\u00f3n de la UCR\"}]},{\"@type\":\"WebSite\",\"@id\":\"https:\/\/ondauno.com.ar\/#website\",\"url\":\"https:\/\/ondauno.com.ar\/\",\"name\":\"103.9 fm\",\"description\":\"LA PRIMERA RADIO MULTIMEDIA DE TRES ARROYOS\",\"potentialAction\":[{\"@type\":\"SearchAction\",\"target\":{\"@type\":\"EntryPoint\",\"urlTemplate\":\"https:\/\/ondauno.com.ar\/?s={search_term_string}\"},\"query-input\":\"required name=search_term_string\"}],\"inLanguage\":\"es-AR\"},{\"@type\":\"Person\",\"@id\":\"https:\/\/ondauno.com.ar\/#\/schema\/person\/201d1b68e6c75e0fd396fe5f8af5d139\",\"name\":\"fernando garcia\",\"image\":{\"@type\":\"ImageObject\",\"inLanguage\":\"es-AR\",\"@id\":\"https:\/\/ondauno.com.ar\/#\/schema\/person\/image\/\",\"url\":\"https:\/\/secure.gravatar.com\/avatar\/5f7254642ad81272e79a2e69653cfdfc?s=96&d=mm&r=g\",\"contentUrl\":\"https:\/\/secure.gravatar.com\/avatar\/5f7254642ad81272e79a2e69653cfdfc?s=96&d=mm&r=g\",\"caption\":\"fernando garcia\"},\"url\":\"https:\/\/ondauno.com.ar\/index.php\/author\/ondaunoeditor\/\"}]}<\/script>\n<!-- \/ Yoast SEO plugin. -->","yoast_head_json":{"title":"\"Es todo fuego de artificio\", dijo Ricardo Alfons\u00edn ante su posible expulsi\u00f3n de la UCR - 103.9 fm","robots":{"index":"index","follow":"follow","max-snippet":"max-snippet:-1","max-image-preview":"max-image-preview:large","max-video-preview":"max-video-preview:-1"},"canonical":"https:\/\/ondauno.com.ar\/index.php\/2020\/02\/05\/es-todo-fuego-de-artificio-dijo-ricardo-alfonsin-ante-su-posible-expulsion-de-la-ucr\/","og_locale":"es_ES","og_type":"article","og_title":"\"Es todo fuego de artificio\", dijo Ricardo Alfons\u00edn ante su posible expulsi\u00f3n de la UCR - 103.9 fm","og_description":"El dirigente radical Ricardo Alfons\u00edn sali\u00f3 hoy al cruce de las cr\u00edticas que recibi\u00f3 de parte de dirigentes de su propio partido por haber aceptado el cargo de embajador argentino en Espa\u00f1a y asegur\u00f3 &#8220;no estar preocupado&#8221; por el pedido de expulsi\u00f3n que realizar\u00e1 un sector de la UCR bonaerense. &#8220;Si me quieren echar del [&hellip;]","og_url":"https:\/\/ondauno.com.ar\/index.php\/2020\/02\/05\/es-todo-fuego-de-artificio-dijo-ricardo-alfonsin-ante-su-posible-expulsion-de-la-ucr\/","og_site_name":"103.9 fm","article_publisher":"https:\/\/www.facebook.com\/ondauno103.9","article_published_time":"2020-02-05T18:55:57+00:00","article_modified_time":"2020-02-05T18:56:04+00:00","og_image":[{"width":380,"height":253,"url":"https:\/\/ondauno.com.ar\/wp-content\/uploads\/2020\/02\/3189032w380.jpg","type":"image\/jpeg"}],"author":"fernando garcia","twitter_card":"summary_large_image","twitter_misc":{"Escrito por":"fernando garcia","Tiempo de lectura":"3 minutos"},"schema":{"@context":"https:\/\/schema.org","@graph":[{"@type":"WebPage","@id":"https:\/\/ondauno.com.ar\/index.php\/2020\/02\/05\/es-todo-fuego-de-artificio-dijo-ricardo-alfonsin-ante-su-posible-expulsion-de-la-ucr\/","url":"https:\/\/ondauno.com.ar\/index.php\/2020\/02\/05\/es-todo-fuego-de-artificio-dijo-ricardo-alfonsin-ante-su-posible-expulsion-de-la-ucr\/","name":"\"Es todo fuego de artificio\", dijo Ricardo Alfons\u00edn ante su posible expulsi\u00f3n de la UCR - 103.9 fm","isPartOf":{"@id":"https:\/\/ondauno.com.ar\/#website"},"primaryImageOfPage":{"@id":"https:\/\/ondauno.com.ar\/index.php\/2020\/02\/05\/es-todo-fuego-de-artificio-dijo-ricardo-alfonsin-ante-su-posible-expulsion-de-la-ucr\/#primaryimage"},"image":{"@id":"https:\/\/ondauno.com.ar\/index.php\/2020\/02\/05\/es-todo-fuego-de-artificio-dijo-ricardo-alfonsin-ante-su-posible-expulsion-de-la-ucr\/#primaryimage"},"thumbnailUrl":"https:\/\/d1iibezb83drel.cloudfront.net\/wp-content\/uploads\/2019\/04\/Ricardo-Alfonsin.jpg","datePublished":"2020-02-05T18:55:57+00:00","dateModified":"2020-02-05T18:56:04+00:00","author":{"@id":"https:\/\/ondauno.com.ar\/#\/schema\/person\/201d1b68e6c75e0fd396fe5f8af5d139"},"breadcrumb":{"@id":"https:\/\/ondauno.com.ar\/index.php\/2020\/02\/05\/es-todo-fuego-de-artificio-dijo-ricardo-alfonsin-ante-su-posible-expulsion-de-la-ucr\/#breadcrumb"},"inLanguage":"es-AR","potentialAction":[{"@type":"ReadAction","target":["https:\/\/ondauno.com.ar\/index.php\/2020\/02\/05\/es-todo-fuego-de-artificio-dijo-ricardo-alfonsin-ante-su-posible-expulsion-de-la-ucr\/"]}]},{"@type":"ImageObject","inLanguage":"es-AR","@id":"https:\/\/ondauno.com.ar\/index.php\/2020\/02\/05\/es-todo-fuego-de-artificio-dijo-ricardo-alfonsin-ante-su-posible-expulsion-de-la-ucr\/#primaryimage","url":"https:\/\/d1iibezb83drel.cloudfront.net\/wp-content\/uploads\/2019\/04\/Ricardo-Alfonsin.jpg","contentUrl":"https:\/\/d1iibezb83drel.cloudfront.net\/wp-content\/uploads\/2019\/04\/Ricardo-Alfonsin.jpg"},{"@type":"BreadcrumbList","@id":"https:\/\/ondauno.com.ar\/index.php\/2020\/02\/05\/es-todo-fuego-de-artificio-dijo-ricardo-alfonsin-ante-su-posible-expulsion-de-la-ucr\/#breadcrumb","itemListElement":[{"@type":"ListItem","position":1,"name":"Inicio","item":"https:\/\/ondauno.com.ar\/"},{"@type":"ListItem","position":2,"name":"&#8220;Es todo fuego de artificio&#8221;, dijo Ricardo Alfons\u00edn ante su posible expulsi\u00f3n de la UCR"}]},{"@type":"WebSite","@id":"https:\/\/ondauno.com.ar\/#website","url":"https:\/\/ondauno.com.ar\/","name":"103.9 fm","description":"LA PRIMERA RADIO MULTIMEDIA DE TRES ARROYOS","potentialAction":[{"@type":"SearchAction","target":{"@type":"EntryPoint","urlTemplate":"https:\/\/ondauno.com.ar\/?s={search_term_string}"},"query-input":"required name=search_term_string"}],"inLanguage":"es-AR"},{"@type":"Person","@id":"https:\/\/ondauno.com.ar\/#\/schema\/person\/201d1b68e6c75e0fd396fe5f8af5d139","name":"fernando garcia","image":{"@type":"ImageObject","inLanguage":"es-AR","@id":"https:\/\/ondauno.com.ar\/#\/schema\/person\/image\/","url":"https:\/\/secure.gravatar.com\/avatar\/5f7254642ad81272e79a2e69653cfdfc?s=96&d=mm&r=g","contentUrl":"https:\/\/secure.gravatar.com\/avatar\/5f7254642ad81272e79a2e69653cfdfc?s=96&d=mm&r=g","caption":"fernando garcia"},"url":"https:\/\/ondauno.com.ar\/index.php\/author\/ondaunoeditor\/"}]}},"jetpack_publicize_connections":[],"jetpack_featured_media_url":"","jetpack_sharing_enabled":true,"_links":{"self":[{"href":"https:\/\/ondauno.com.ar\/index.php\/wp-json\/wp\/v2\/posts\/5452","targetHints":{"allow":["GET"]}}],"collection":[{"href":"https:\/\/ondauno.com.ar\/index.php\/wp-json\/wp\/v2\/posts"}],"about":[{"href":"https:\/\/ondauno.com.ar\/index.php\/wp-json\/wp\/v2\/types\/post"}],"author":[{"embeddable":true,"href":"https:\/\/ondauno.com.ar\/index.php\/wp-json\/wp\/v2\/users\/2"}],"replies":[{"embeddable":true,"href":"https:\/\/ondauno.com.ar\/index.php\/wp-json\/wp\/v2\/comments?post=5452"}],"version-history":[{"count":0,"href":"https:\/\/ondauno.com.ar\/index.php\/wp-json\/wp\/v2\/posts\/5452\/revisions"}],"wp:attachment":[{"href":"https:\/\/ondauno.com.ar\/index.php\/wp-json\/wp\/v2\/media?parent=5452"}],"wp:term":[{"taxonomy":"category","embeddable":true,"href":"https:\/\/ondauno.com.ar\/index.php\/wp-json\/wp\/v2\/categories?post=5452"},{"taxonomy":"post_tag","embeddable":true,"href":"https:\/\/ondauno.com.ar\/index.php\/wp-json\/wp\/v2\/tags?post=5452"}],"curies":[{"name":"wp","href":"https:\/\/api.w.org\/{rel}","templated":true}]}}