{"id":54494,"date":"2025-03-20T11:43:46","date_gmt":"2025-03-20T14:43:46","guid":{"rendered":"https:\/\/ondauno.com.ar\/?p=54494"},"modified":"2025-03-20T11:43:49","modified_gmt":"2025-03-20T14:43:49","slug":"concurso-mi-escuela-composta-2","status":"publish","type":"post","link":"https:\/\/ondauno.com.ar\/index.php\/2025\/03\/20\/concurso-mi-escuela-composta-2\/","title":{"rendered":"Concurso \u201cMi escuela composta\u201d"},"content":{"rendered":"<div class=\"ondau-before-content_3\" style=\"margin-top: -30px;\" id=\"ondau-804334503\"><a href=\"https:\/\/www.lps.com.ar\/\" aria-label=\"la-perse2\"><img loading=\"lazy\" decoding=\"async\" src=\"https:\/\/ondauno.com.ar\/wp-content\/uploads\/2021\/10\/la-perse2.jpg\" alt=\"\"  srcset=\"https:\/\/ondauno.com.ar\/wp-content\/uploads\/2021\/10\/la-perse2.jpg 1353w, https:\/\/ondauno.com.ar\/wp-content\/uploads\/2021\/10\/la-perse2-300x43.jpg 300w, https:\/\/ondauno.com.ar\/wp-content\/uploads\/2021\/10\/la-perse2-1024x148.jpg 1024w, https:\/\/ondauno.com.ar\/wp-content\/uploads\/2021\/10\/la-perse2-768x111.jpg 768w, https:\/\/ondauno.com.ar\/wp-content\/uploads\/2021\/10\/la-perse2-696x100.jpg 696w, https:\/\/ondauno.com.ar\/wp-content\/uploads\/2021\/10\/la-perse2-1068x154.jpg 1068w\" sizes=\"(max-width: 1353px) 100vw, 1353px\" class=\"no-lazyload\" width=\"1353\" height=\"195\"  style=\"display: inline-block;\" \/><\/a><\/div>\n<p>Desde la Subsecretar\u00eda de Gesti\u00f3n Ambiental, en el marco del mes del compostaje, se lanza un nuevo concurso para instituciones de todos los niveles educativos del Partido de Tres Arroyos. Para participar, deber\u00e1n presentar un proyecto de compostaje en la escuela de manera creativa, con videos, fotos, dibujos, etc.<\/p>\n\n\n\n<p>El proyecto presentado ser\u00e1 publicado en la redes sociales de la subsecretar\u00eda (@gestionambientalta) y las 3 (tres) publicaciones con mayor cantidad de \u201cme gusta\u201d ser\u00e1n las ganadoras. El premio consiste en una compostera, un \u00e1rbol nativo y material de difusi\u00f3n para que lleven a cabo la idea. Adem\u00e1s, se brindar\u00e1n capacitaciones y acompa\u00f1amiento durante el proceso.<\/p>\n\n\n\n<p>Para inscribirse pueden hacerlo a trav\u00e9s del siguiente link: https:\/\/docs.google.com\/forms\/d\/1-h7WuEVZqcdt5sHmHiCP-Nl3btOj81cBeN9InDY7T_I\/preview<\/p>\n\n\n\n<p>Tendr\u00e1n tiempo de participar del 22 de marzo al 22 de abril y pueden pedir las bases al n\u00famero 2983648571 (SGA). Por cualquier consulta pueden comunicarse al n\u00famero de celular mencionado, al instagram @gestionambientalta, al mail <span \n                data-original-string=\"nHGBhMNcvt4fqxbbtJ0N8Gtd93rKfES4MIFE4XujFDjRXVafJPXKHoJqss+pBQY+\"\n                class=\"apbct-email-encoder\"\n                title=\"This contact has been encoded by Anti-Spam by CleanTalk. Click to decode. To finish the decoding make sure that JavaScript is enabled in your browser.\">ge**************@tr*********.ar<\/span> o personalmente en G\u00fcemes 630.<\/p>\n","protected":false},"excerpt":{"rendered":"<p>Desde la Subsecretar\u00eda de Gesti\u00f3n Ambiental, en el marco del mes del compostaje, se lanza un nuevo concurso para instituciones de todos los niveles educativos del Partido de Tres Arroyos. Para participar, deber\u00e1n presentar un proyecto de compostaje en la escuela de manera creativa, con videos, fotos, dibujos, etc. El proyecto presentado ser\u00e1 publicado en [&hellip;]<\/p>\n","protected":false},"author":1,"featured_media":54496,"comment_status":"open","ping_status":"open","sticky":false,"template":"","format":"standard","meta":{"tdm_status":"","tdm_grid_status":"","_jetpack_memberships_contains_paid_content":false,"footnotes":"","jetpack_publicize_message":"","jetpack_publicize_feature_enabled":true,"jetpack_social_post_already_shared":false,"jetpack_social_options":{"image_generator_settings":{"template":"highway","default_image_id":0,"font":"","enabled":false},"version":2}},"categories":[28],"tags":[],"class_list":{"0":"post-54494","1":"post","2":"type-post","3":"status-publish","4":"format-standard","5":"has-post-thumbnail","7":"category-interes-general"},"yoast_head":"<!-- This site is optimized with the Yoast SEO plugin v22.7 - https:\/\/yoast.com\/wordpress\/plugins\/seo\/ -->\n<title>Concurso \u201cMi escuela composta\u201d - 103.9 fm<\/title>\n<meta name=\"robots\" content=\"index, follow, max-snippet:-1, max-image-preview:large, max-video-preview:-1\" \/>\n<link rel=\"canonical\" href=\"https:\/\/ondauno.com.ar\/index.php\/2025\/03\/20\/concurso-mi-escuela-composta-2\/\" \/>\n<meta property=\"og:locale\" content=\"es_ES\" \/>\n<meta property=\"og:type\" content=\"article\" \/>\n<meta property=\"og:title\" content=\"Concurso \u201cMi escuela composta\u201d - 103.9 fm\" \/>\n<meta property=\"og:description\" content=\"Desde la Subsecretar\u00eda de Gesti\u00f3n Ambiental, en el marco del mes del compostaje, se lanza un nuevo concurso para instituciones de todos los niveles educativos del Partido de Tres Arroyos. Para participar, deber\u00e1n presentar un proyecto de compostaje en la escuela de manera creativa, con videos, fotos, dibujos, etc. El proyecto presentado ser\u00e1 publicado en [&hellip;]\" \/>\n<meta property=\"og:url\" content=\"https:\/\/ondauno.com.ar\/index.php\/2025\/03\/20\/concurso-mi-escuela-composta-2\/\" \/>\n<meta property=\"og:site_name\" content=\"103.9 fm\" \/>\n<meta property=\"article:publisher\" content=\"https:\/\/www.facebook.com\/ondauno103.9\" \/>\n<meta property=\"article:published_time\" content=\"2025-03-20T14:43:46+00:00\" \/>\n<meta property=\"article:modified_time\" content=\"2025-03-20T14:43:49+00:00\" \/>\n<meta property=\"og:image\" content=\"http:\/\/ondauno.com.ar\/wp-content\/uploads\/2025\/03\/WhatsApp-Image-2025-03-20-at-08.37.04.jpeg\" \/>\n\t<meta property=\"og:image:width\" content=\"1080\" \/>\n\t<meta property=\"og:image:height\" content=\"1080\" \/>\n\t<meta property=\"og:image:type\" content=\"image\/jpeg\" \/>\n<meta name=\"author\" content=\"OndaUno\" \/>\n<meta name=\"twitter:card\" content=\"summary_large_image\" \/>\n<meta name=\"twitter:label1\" content=\"Escrito por\" \/>\n\t<meta name=\"twitter:data1\" content=\"OndaUno\" \/>\n\t<meta name=\"twitter:label2\" content=\"Tiempo de lectura\" \/>\n\t<meta name=\"twitter:data2\" content=\"1 minuto\" \/>\n<script type=\"application\/ld+json\" class=\"yoast-schema-graph\">{\"@context\":\"https:\/\/schema.org\",\"@graph\":[{\"@type\":\"WebPage\",\"@id\":\"https:\/\/ondauno.com.ar\/index.php\/2025\/03\/20\/concurso-mi-escuela-composta-2\/\",\"url\":\"https:\/\/ondauno.com.ar\/index.php\/2025\/03\/20\/concurso-mi-escuela-composta-2\/\",\"name\":\"Concurso \u201cMi escuela composta\u201d - 103.9 fm\",\"isPartOf\":{\"@id\":\"https:\/\/ondauno.com.ar\/#website\"},\"primaryImageOfPage\":{\"@id\":\"https:\/\/ondauno.com.ar\/index.php\/2025\/03\/20\/concurso-mi-escuela-composta-2\/#primaryimage\"},\"image\":{\"@id\":\"https:\/\/ondauno.com.ar\/index.php\/2025\/03\/20\/concurso-mi-escuela-composta-2\/#primaryimage\"},\"thumbnailUrl\":\"https:\/\/ondauno.com.ar\/wp-content\/uploads\/2025\/03\/WhatsApp-Image-2025-03-20-at-08.37.04.jpeg\",\"datePublished\":\"2025-03-20T14:43:46+00:00\",\"dateModified\":\"2025-03-20T14:43:49+00:00\",\"author\":{\"@id\":\"https:\/\/ondauno.com.ar\/#\/schema\/person\/7ec851ddeceb4133d7d7132dc645714e\"},\"breadcrumb\":{\"@id\":\"https:\/\/ondauno.com.ar\/index.php\/2025\/03\/20\/concurso-mi-escuela-composta-2\/#breadcrumb\"},\"inLanguage\":\"es-AR\",\"potentialAction\":[{\"@type\":\"ReadAction\",\"target\":[\"https:\/\/ondauno.com.ar\/index.php\/2025\/03\/20\/concurso-mi-escuela-composta-2\/\"]}]},{\"@type\":\"ImageObject\",\"inLanguage\":\"es-AR\",\"@id\":\"https:\/\/ondauno.com.ar\/index.php\/2025\/03\/20\/concurso-mi-escuela-composta-2\/#primaryimage\",\"url\":\"https:\/\/ondauno.com.ar\/wp-content\/uploads\/2025\/03\/WhatsApp-Image-2025-03-20-at-08.37.04.jpeg\",\"contentUrl\":\"https:\/\/ondauno.com.ar\/wp-content\/uploads\/2025\/03\/WhatsApp-Image-2025-03-20-at-08.37.04.jpeg\",\"width\":1080,\"height\":1080},{\"@type\":\"BreadcrumbList\",\"@id\":\"https:\/\/ondauno.com.ar\/index.php\/2025\/03\/20\/concurso-mi-escuela-composta-2\/#breadcrumb\",\"itemListElement\":[{\"@type\":\"ListItem\",\"position\":1,\"name\":\"Inicio\",\"item\":\"https:\/\/ondauno.com.ar\/\"},{\"@type\":\"ListItem\",\"position\":2,\"name\":\"Concurso \u201cMi escuela composta\u201d\"}]},{\"@type\":\"WebSite\",\"@id\":\"https:\/\/ondauno.com.ar\/#website\",\"url\":\"https:\/\/ondauno.com.ar\/\",\"name\":\"103.9 fm\",\"description\":\"LA PRIMERA RADIO MULTIMEDIA DE TRES ARROYOS\",\"potentialAction\":[{\"@type\":\"SearchAction\",\"target\":{\"@type\":\"EntryPoint\",\"urlTemplate\":\"https:\/\/ondauno.com.ar\/?s={search_term_string}\"},\"query-input\":\"required name=search_term_string\"}],\"inLanguage\":\"es-AR\"},{\"@type\":\"Person\",\"@id\":\"https:\/\/ondauno.com.ar\/#\/schema\/person\/7ec851ddeceb4133d7d7132dc645714e\",\"name\":\"OndaUno\",\"image\":{\"@type\":\"ImageObject\",\"inLanguage\":\"es-AR\",\"@id\":\"https:\/\/ondauno.com.ar\/#\/schema\/person\/image\/\",\"url\":\"https:\/\/secure.gravatar.com\/avatar\/93b8009f0de7021f1feb2bd5b32fb9e8?s=96&d=mm&r=g\",\"contentUrl\":\"https:\/\/secure.gravatar.com\/avatar\/93b8009f0de7021f1feb2bd5b32fb9e8?s=96&d=mm&r=g\",\"caption\":\"OndaUno\"},\"url\":\"https:\/\/ondauno.com.ar\/index.php\/author\/ondauno\/\"}]}<\/script>\n<!-- \/ Yoast SEO plugin. -->","yoast_head_json":{"title":"Concurso \u201cMi escuela composta\u201d - 103.9 fm","robots":{"index":"index","follow":"follow","max-snippet":"max-snippet:-1","max-image-preview":"max-image-preview:large","max-video-preview":"max-video-preview:-1"},"canonical":"https:\/\/ondauno.com.ar\/index.php\/2025\/03\/20\/concurso-mi-escuela-composta-2\/","og_locale":"es_ES","og_type":"article","og_title":"Concurso \u201cMi escuela composta\u201d - 103.9 fm","og_description":"Desde la Subsecretar\u00eda de Gesti\u00f3n Ambiental, en el marco del mes del compostaje, se lanza un nuevo concurso para instituciones de todos los niveles educativos del Partido de Tres Arroyos. Para participar, deber\u00e1n presentar un proyecto de compostaje en la escuela de manera creativa, con videos, fotos, dibujos, etc. El proyecto presentado ser\u00e1 publicado en [&hellip;]","og_url":"https:\/\/ondauno.com.ar\/index.php\/2025\/03\/20\/concurso-mi-escuela-composta-2\/","og_site_name":"103.9 fm","article_publisher":"https:\/\/www.facebook.com\/ondauno103.9","article_published_time":"2025-03-20T14:43:46+00:00","article_modified_time":"2025-03-20T14:43:49+00:00","og_image":[{"width":1080,"height":1080,"url":"http:\/\/ondauno.com.ar\/wp-content\/uploads\/2025\/03\/WhatsApp-Image-2025-03-20-at-08.37.04.jpeg","type":"image\/jpeg"}],"author":"OndaUno","twitter_card":"summary_large_image","twitter_misc":{"Escrito por":"OndaUno","Tiempo de lectura":"1 minuto"},"schema":{"@context":"https:\/\/schema.org","@graph":[{"@type":"WebPage","@id":"https:\/\/ondauno.com.ar\/index.php\/2025\/03\/20\/concurso-mi-escuela-composta-2\/","url":"https:\/\/ondauno.com.ar\/index.php\/2025\/03\/20\/concurso-mi-escuela-composta-2\/","name":"Concurso \u201cMi escuela composta\u201d - 103.9 fm","isPartOf":{"@id":"https:\/\/ondauno.com.ar\/#website"},"primaryImageOfPage":{"@id":"https:\/\/ondauno.com.ar\/index.php\/2025\/03\/20\/concurso-mi-escuela-composta-2\/#primaryimage"},"image":{"@id":"https:\/\/ondauno.com.ar\/index.php\/2025\/03\/20\/concurso-mi-escuela-composta-2\/#primaryimage"},"thumbnailUrl":"https:\/\/ondauno.com.ar\/wp-content\/uploads\/2025\/03\/WhatsApp-Image-2025-03-20-at-08.37.04.jpeg","datePublished":"2025-03-20T14:43:46+00:00","dateModified":"2025-03-20T14:43:49+00:00","author":{"@id":"https:\/\/ondauno.com.ar\/#\/schema\/person\/7ec851ddeceb4133d7d7132dc645714e"},"breadcrumb":{"@id":"https:\/\/ondauno.com.ar\/index.php\/2025\/03\/20\/concurso-mi-escuela-composta-2\/#breadcrumb"},"inLanguage":"es-AR","potentialAction":[{"@type":"ReadAction","target":["https:\/\/ondauno.com.ar\/index.php\/2025\/03\/20\/concurso-mi-escuela-composta-2\/"]}]},{"@type":"ImageObject","inLanguage":"es-AR","@id":"https:\/\/ondauno.com.ar\/index.php\/2025\/03\/20\/concurso-mi-escuela-composta-2\/#primaryimage","url":"https:\/\/ondauno.com.ar\/wp-content\/uploads\/2025\/03\/WhatsApp-Image-2025-03-20-at-08.37.04.jpeg","contentUrl":"https:\/\/ondauno.com.ar\/wp-content\/uploads\/2025\/03\/WhatsApp-Image-2025-03-20-at-08.37.04.jpeg","width":1080,"height":1080},{"@type":"BreadcrumbList","@id":"https:\/\/ondauno.com.ar\/index.php\/2025\/03\/20\/concurso-mi-escuela-composta-2\/#breadcrumb","itemListElement":[{"@type":"ListItem","position":1,"name":"Inicio","item":"https:\/\/ondauno.com.ar\/"},{"@type":"ListItem","position":2,"name":"Concurso \u201cMi escuela composta\u201d"}]},{"@type":"WebSite","@id":"https:\/\/ondauno.com.ar\/#website","url":"https:\/\/ondauno.com.ar\/","name":"103.9 fm","description":"LA PRIMERA RADIO MULTIMEDIA DE TRES ARROYOS","potentialAction":[{"@type":"SearchAction","target":{"@type":"EntryPoint","urlTemplate":"https:\/\/ondauno.com.ar\/?s={search_term_string}"},"query-input":"required name=search_term_string"}],"inLanguage":"es-AR"},{"@type":"Person","@id":"https:\/\/ondauno.com.ar\/#\/schema\/person\/7ec851ddeceb4133d7d7132dc645714e","name":"OndaUno","image":{"@type":"ImageObject","inLanguage":"es-AR","@id":"https:\/\/ondauno.com.ar\/#\/schema\/person\/image\/","url":"https:\/\/secure.gravatar.com\/avatar\/93b8009f0de7021f1feb2bd5b32fb9e8?s=96&d=mm&r=g","contentUrl":"https:\/\/secure.gravatar.com\/avatar\/93b8009f0de7021f1feb2bd5b32fb9e8?s=96&d=mm&r=g","caption":"OndaUno"},"url":"https:\/\/ondauno.com.ar\/index.php\/author\/ondauno\/"}]}},"jetpack_publicize_connections":[],"jetpack_featured_media_url":"https:\/\/ondauno.com.ar\/wp-content\/uploads\/2025\/03\/WhatsApp-Image-2025-03-20-at-08.37.04.jpeg","jetpack_sharing_enabled":true,"_links":{"self":[{"href":"https:\/\/ondauno.com.ar\/index.php\/wp-json\/wp\/v2\/posts\/54494","targetHints":{"allow":["GET"]}}],"collection":[{"href":"https:\/\/ondauno.com.ar\/index.php\/wp-json\/wp\/v2\/posts"}],"about":[{"href":"https:\/\/ondauno.com.ar\/index.php\/wp-json\/wp\/v2\/types\/post"}],"author":[{"embeddable":true,"href":"https:\/\/ondauno.com.ar\/index.php\/wp-json\/wp\/v2\/users\/1"}],"replies":[{"embeddable":true,"href":"https:\/\/ondauno.com.ar\/index.php\/wp-json\/wp\/v2\/comments?post=54494"}],"version-history":[{"count":1,"href":"https:\/\/ondauno.com.ar\/index.php\/wp-json\/wp\/v2\/posts\/54494\/revisions"}],"predecessor-version":[{"id":54497,"href":"https:\/\/ondauno.com.ar\/index.php\/wp-json\/wp\/v2\/posts\/54494\/revisions\/54497"}],"wp:featuredmedia":[{"embeddable":true,"href":"https:\/\/ondauno.com.ar\/index.php\/wp-json\/wp\/v2\/media\/54496"}],"wp:attachment":[{"href":"https:\/\/ondauno.com.ar\/index.php\/wp-json\/wp\/v2\/media?parent=54494"}],"wp:term":[{"taxonomy":"category","embeddable":true,"href":"https:\/\/ondauno.com.ar\/index.php\/wp-json\/wp\/v2\/categories?post=54494"},{"taxonomy":"post_tag","embeddable":true,"href":"https:\/\/ondauno.com.ar\/index.php\/wp-json\/wp\/v2\/tags?post=54494"}],"curies":[{"name":"wp","href":"https:\/\/api.w.org\/{rel}","templated":true}]}}