{"id":5449,"date":"2020-02-05T15:51:33","date_gmt":"2020-02-05T18:51:33","guid":{"rendered":"http:\/\/ondauno.com.ar\/?p=5449"},"modified":"2020-02-05T15:51:43","modified_gmt":"2020-02-05T18:51:43","slug":"la-afip-acuso-a-lazaro-baez-de-ser-impulsor-de-un-enorme-derrotero-criminal-para-blanquear-sumas-millonarias-de-dinero-de-origen-delictivo","status":"publish","type":"post","link":"https:\/\/ondauno.com.ar\/index.php\/2020\/02\/05\/la-afip-acuso-a-lazaro-baez-de-ser-impulsor-de-un-enorme-derrotero-criminal-para-blanquear-sumas-millonarias-de-dinero-de-origen-delictivo\/","title":{"rendered":"La AFIP acus\u00f3 a L\u00e1zaro B\u00e1ez de ser impulsor de un &#8220;enorme derrotero criminal&#8221; para &#8220;blanquear sumas millonarias de dinero&#8221; de &#8220;origen delictivo&#8221;"},"content":{"rendered":"<div class=\"ondau-before-content_3\" style=\"margin-top: -30px;\" id=\"ondau-757738526\"><a href=\"https:\/\/www.lps.com.ar\/\" aria-label=\"la-perse2\"><img loading=\"lazy\" decoding=\"async\" src=\"https:\/\/ondauno.com.ar\/wp-content\/uploads\/2021\/10\/la-perse2.jpg\" alt=\"\"  srcset=\"https:\/\/ondauno.com.ar\/wp-content\/uploads\/2021\/10\/la-perse2.jpg 1353w, https:\/\/ondauno.com.ar\/wp-content\/uploads\/2021\/10\/la-perse2-300x43.jpg 300w, https:\/\/ondauno.com.ar\/wp-content\/uploads\/2021\/10\/la-perse2-1024x148.jpg 1024w, https:\/\/ondauno.com.ar\/wp-content\/uploads\/2021\/10\/la-perse2-768x111.jpg 768w, https:\/\/ondauno.com.ar\/wp-content\/uploads\/2021\/10\/la-perse2-696x100.jpg 696w, https:\/\/ondauno.com.ar\/wp-content\/uploads\/2021\/10\/la-perse2-1068x154.jpg 1068w\" sizes=\"(max-width: 1353px) 100vw, 1353px\" class=\"no-lazyload\" width=\"1353\" height=\"195\"  style=\"display: inline-block;\" \/><\/a><\/div>\n<p>La querella de la AFIP acus\u00f3 hoy al detenido empresario L\u00e1zaro B\u00e1ez de haber sido el presunto impulsor de un &#8220;enorme derrotero criminal&#8221; para &#8220;blanquear sumas millonarias de dinero&#8221; de &#8220;origen delictivo&#8221; y aludi\u00f3 a la &#8220;relaci\u00f3n de amistad&#8221; que ten\u00eda con el fallecido ex presidente N\u00e9stor Kirchner.<\/p>\n\n\n\n<p>&#8220;Est\u00e1 comprobado&#8221; que entre 2010 y 2013 hubo un &#8220;enorme derrotero criminal&#8221; para &#8220;blanquear sumas millonarias de dinero&#8221; del cual &#8220;no existen dudas que tienen un origen delictivo&#8221;, sostuvo la querella del organismo recaudador ante el Tribunal Oral Federal 4, en su alegato final en el juicio a B\u00e1ez por supuesto lavado de activos.<\/p>\n\n\n\n<p>B\u00e1ez &#8220;era un empleado bancario con categor\u00eda monotributista y de golpe se convirti\u00f3 en el m\u00e1s importante empresario de la construcci\u00f3n. La designaci\u00f3n del se\u00f1or B\u00e1ez no fue azarosa, no fue fruto del esp\u00edritu santo ni fruto del esfuerzo&#8221;.<\/p>\n\n\n\n<p>&#8220;Todos sabemos que la designaci\u00f3n del se\u00f1or B\u00e1ez cumpliendo ese rol tuvo que ver con aquella relaci\u00f3n de amistad que ten\u00eda con quien fuera por entonces el presidente, el se\u00f1or N\u00e9stor Kirchner&#8221;, agreg\u00f3 el abogado de AFIP, Luis Gonz\u00e1lez Avalos.<\/p>\n\n\n\n<p>Sobre el v\u00ednculo entre B\u00e1ez y el exmandatario sostuvo que &#8220;por supuesto no exist\u00eda en lo formal una relaci\u00f3n laboral pero claramente exist\u00edan intereses econ\u00f3micos&#8221;.<\/p>\n\n\n\n<figure class=\"wp-block-image\"><img decoding=\"async\" data-src=\"https:\/\/d1iibezb83drel.cloudfront.net\/wp-content\/uploads\/2019\/11\/L%C3%A1zaro-B%C3%A1ez.jpg\" alt=\"L\u00e1zaro B\u00e1ez\" class=\"wp-image-404346 lazyload\" src=\"data:image\/gif;base64,R0lGODlhAQABAAAAACH5BAEKAAEALAAAAAABAAEAAAICTAEAOw==\" \/><noscript><img decoding=\"async\" src=\"https:\/\/d1iibezb83drel.cloudfront.net\/wp-content\/uploads\/2019\/11\/L%C3%A1zaro-B%C3%A1ez.jpg\" alt=\"L\u00e1zaro B\u00e1ez\" class=\"wp-image-404346\"\/><\/noscript><\/figure>\n\n\n\n<p>&nbsp;L\u00e1zaro B\u00e1ez.<\/p>\n\n\n\n<p>B\u00e1ez &#8220;no hubiera dejado de ser el empleado monotributista que fue si no fuera por haberse nutrido de esa impunidad y mecanismos de corrupci\u00f3n que se ha suscitado entre 2003 y 2015&#8221;.<\/p>\n\n\n\n<p>Gonz\u00e1lez Avalos record\u00f3 testimonios que &#8220;dan cuenta del v\u00ednculo entre B\u00e1ez y los Kirchner&#8221; como el de dos de los cuatro hijos de Ba\u00e9z, juzgados junto con \u00e9l, Leandro y Melina y testigos convocados a lo largo del juicio que se desarrolla en los tribunales federales de Retiro.<\/p>\n\n\n\n<p>&#8220;Ha quedado comprobado que la fortuna del se\u00f1or L\u00e1zaro B\u00e1ez y su grupo tiene sus inicios en aquella matriz de corrupci\u00f3n institucional entre los a\u00f1os 2003 y 2015&#8221;, argument\u00f3.<\/p>\n\n\n\n<p>Ante los jueces N\u00e9stor Costabel, Adriana Pallioti y Gabriela L\u00f3pez I\u00f1iguez, el letrado de AFIP sostuvo que en esos a\u00f1os &#8220;B\u00e1ez y su grupo ha sido beneficiado a trav\u00e9s de procesos licitatorios espurios y discrecionales con m\u00e1s del 80 por ciento de la obra p\u00fablica que se adjudic\u00f3 en la provincia de Santa Cruz, haciendo as\u00ed confluir los fondos del Tesoro Nacional a trav\u00e9s de las empresas del se\u00f1or B\u00e1ez&#8221;.<\/p>\n\n\n\n<p>Al respecto record\u00f3 que actualmente se lleva adelante el juicio por ese presunto direccionamiento de la obra p\u00fablica a cargo de otro Tribunal Oral, y en el que adem\u00e1s de B\u00e1ez son juzgados la ex presidenta y actual vicepresidenta Cristina Kirchner y ex funcionarios de su gobierno.<\/p>\n\n\n\n<p>Las empresas de los B\u00e1ez &#8220;han sido beneficiadas con 51 contratos de obra p\u00fablica, se busc\u00f3 la impunidad con el af\u00e1n de beneficiar a L\u00e1zaro Antonio B\u00e1ez y su grupo&#8221; con una &#8220;obra p\u00fablica signada por m\u00faltiples irregularidades&#8221;, acot\u00f3.<\/p>\n\n\n\n<p>&#8220;Son cuestiones que se encuentran siendo juzgadas en el Tribunal espec\u00edfico&#8221; aclar\u00f3 pero sin embargo opin\u00f3 que &#8220;el \u00e9xito de las actividades delictivas son las que le han generado ganancias al grupo B\u00e1ez&#8221;.<\/p>\n\n\n\n<p>Ese dinero proveniente de supuestos delitos previos &#8220;luego fue blanqueado en distintas operaciones&#8221;.<\/p>\n\n\n\n<p>El abogado de AFIP record\u00f3 que la empresa insignia de los B\u00e1ez, &#8220;Austral Construcciones&#8221; se constituy\u00f3 cinco d\u00edas antes de la jura presidencial de N\u00e9stor Kirchner.<\/p>\n\n\n\n<p>B\u00e1ez es juzgado junto a sus cuatro hijos Mart\u00edn -tambi\u00e9n detenido-, Leandro, Melina y Luciana, el arrepentido Leonardo Fari\u00f1a, el contador Daniel P\u00e9rez Gadin, el abogado Jorge Chueco y el financista Federico Elaskar, entre otros, por maniobras de lavado de dinero.<\/p>\n\n\n\n<p>El juicio se inici\u00f3 hace un a\u00f1o y entr\u00f3 hoy en la etapa de alegatos finales previa al veredicto.<\/p>\n\n\n\n<p>Luego de la AFIP expondr\u00e1 la tambi\u00e9n querellante Oficina Anticorrupci\u00f3n, el fiscal Abel C\u00f3rdoba y posteriormente las defensas de todos los acusados.<\/p>\n\n\n\n<p>El juicio se reanud\u00f3 finalizada la feria judicial de enero y en el inicio de la audiencia las defensas pidieron sin \u00e9xito al Tribunal que se requiera al Ministerio de Justicia de la Naci\u00f3n el legajo de imputado colaborador del acusado ex financista Leonardo Fari\u00f1a, ante acusaciones sobre un supuesto cobro de dinero a cambio de su declaraci\u00f3n como arrepentido.<\/p>\n\n\n\n<p>La jornada comenz\u00f3 con sobresaltos ante una falla el\u00e9ctrica que dej\u00f3 sin funcionar los aire acondicionados de la sala de audiencias en el subsuelo de Comodoro Py 2002 y la ausencia de algunos de los imputados, pese a que la comparecencia es obligatoria en esta etapa.<\/p>\n\n\n\n<p>Tras un corte de luz en todo el edificio se repar\u00f3 el desperfecto y el juicio sigui\u00f3 luego de un cuarto intermedio. (T\u00e9lam)<\/p>\n","protected":false},"excerpt":{"rendered":"<p>La querella de la AFIP acus\u00f3 hoy al detenido empresario L\u00e1zaro B\u00e1ez de haber sido el presunto impulsor de un &#8220;enorme derrotero criminal&#8221; para &#8220;blanquear sumas millonarias de dinero&#8221; de &#8220;origen delictivo&#8221; y aludi\u00f3 a la &#8220;relaci\u00f3n de amistad&#8221; que ten\u00eda con el fallecido ex presidente N\u00e9stor Kirchner. &#8220;Est\u00e1 comprobado&#8221; que entre 2010 y 2013 [&hellip;]<\/p>\n","protected":false},"author":2,"featured_media":0,"comment_status":"open","ping_status":"open","sticky":false,"template":"","format":"standard","meta":{"tdm_status":"","tdm_grid_status":"","_jetpack_memberships_contains_paid_content":false,"footnotes":"","jetpack_publicize_message":"","jetpack_publicize_feature_enabled":true,"jetpack_social_post_already_shared":false,"jetpack_social_options":{"image_generator_settings":{"template":"highway","default_image_id":0,"font":"","enabled":false},"version":2}},"categories":[3],"tags":[],"class_list":{"0":"post-5449","1":"post","2":"type-post","3":"status-publish","4":"format-standard","6":"category-nacionales"},"yoast_head":"<!-- This site is optimized with the Yoast SEO plugin v22.7 - https:\/\/yoast.com\/wordpress\/plugins\/seo\/ -->\n<title>La AFIP acus\u00f3 a L\u00e1zaro B\u00e1ez de ser impulsor de un &quot;enorme derrotero criminal&quot; para &quot;blanquear sumas millonarias de dinero&quot; de &quot;origen delictivo&quot; - 103.9 fm<\/title>\n<meta name=\"robots\" content=\"index, follow, max-snippet:-1, max-image-preview:large, max-video-preview:-1\" \/>\n<link rel=\"canonical\" href=\"https:\/\/ondauno.com.ar\/index.php\/2020\/02\/05\/la-afip-acuso-a-lazaro-baez-de-ser-impulsor-de-un-enorme-derrotero-criminal-para-blanquear-sumas-millonarias-de-dinero-de-origen-delictivo\/\" \/>\n<meta property=\"og:locale\" content=\"es_ES\" \/>\n<meta property=\"og:type\" content=\"article\" \/>\n<meta property=\"og:title\" content=\"La AFIP acus\u00f3 a L\u00e1zaro B\u00e1ez de ser impulsor de un &quot;enorme derrotero criminal&quot; para &quot;blanquear sumas millonarias de dinero&quot; de &quot;origen delictivo&quot; - 103.9 fm\" \/>\n<meta property=\"og:description\" content=\"La querella de la AFIP acus\u00f3 hoy al detenido empresario L\u00e1zaro B\u00e1ez de haber sido el presunto impulsor de un &#8220;enorme derrotero criminal&#8221; para &#8220;blanquear sumas millonarias de dinero&#8221; de &#8220;origen delictivo&#8221; y aludi\u00f3 a la &#8220;relaci\u00f3n de amistad&#8221; que ten\u00eda con el fallecido ex presidente N\u00e9stor Kirchner. &#8220;Est\u00e1 comprobado&#8221; que entre 2010 y 2013 [&hellip;]\" \/>\n<meta property=\"og:url\" content=\"https:\/\/ondauno.com.ar\/index.php\/2020\/02\/05\/la-afip-acuso-a-lazaro-baez-de-ser-impulsor-de-un-enorme-derrotero-criminal-para-blanquear-sumas-millonarias-de-dinero-de-origen-delictivo\/\" \/>\n<meta property=\"og:site_name\" content=\"103.9 fm\" \/>\n<meta property=\"article:publisher\" content=\"https:\/\/www.facebook.com\/ondauno103.9\" \/>\n<meta property=\"article:published_time\" content=\"2020-02-05T18:51:33+00:00\" \/>\n<meta property=\"article:modified_time\" content=\"2020-02-05T18:51:43+00:00\" \/>\n<meta property=\"og:image\" content=\"https:\/\/ondauno.com.ar\/wp-content\/uploads\/2020\/02\/descarga-4.jpg\" \/>\n\t<meta property=\"og:image:width\" content=\"275\" \/>\n\t<meta property=\"og:image:height\" content=\"183\" \/>\n\t<meta property=\"og:image:type\" content=\"image\/jpeg\" \/>\n<meta name=\"author\" content=\"fernando garcia\" \/>\n<meta name=\"twitter:card\" content=\"summary_large_image\" \/>\n<meta name=\"twitter:label1\" content=\"Escrito por\" \/>\n\t<meta name=\"twitter:data1\" content=\"fernando garcia\" \/>\n\t<meta name=\"twitter:label2\" content=\"Tiempo de lectura\" \/>\n\t<meta name=\"twitter:data2\" content=\"4 minutos\" \/>\n<script type=\"application\/ld+json\" class=\"yoast-schema-graph\">{\"@context\":\"https:\/\/schema.org\",\"@graph\":[{\"@type\":\"WebPage\",\"@id\":\"https:\/\/ondauno.com.ar\/index.php\/2020\/02\/05\/la-afip-acuso-a-lazaro-baez-de-ser-impulsor-de-un-enorme-derrotero-criminal-para-blanquear-sumas-millonarias-de-dinero-de-origen-delictivo\/\",\"url\":\"https:\/\/ondauno.com.ar\/index.php\/2020\/02\/05\/la-afip-acuso-a-lazaro-baez-de-ser-impulsor-de-un-enorme-derrotero-criminal-para-blanquear-sumas-millonarias-de-dinero-de-origen-delictivo\/\",\"name\":\"La AFIP acus\u00f3 a L\u00e1zaro B\u00e1ez de ser impulsor de un \\\"enorme derrotero criminal\\\" para \\\"blanquear sumas millonarias de dinero\\\" de \\\"origen delictivo\\\" - 103.9 fm\",\"isPartOf\":{\"@id\":\"https:\/\/ondauno.com.ar\/#website\"},\"primaryImageOfPage\":{\"@id\":\"https:\/\/ondauno.com.ar\/index.php\/2020\/02\/05\/la-afip-acuso-a-lazaro-baez-de-ser-impulsor-de-un-enorme-derrotero-criminal-para-blanquear-sumas-millonarias-de-dinero-de-origen-delictivo\/#primaryimage\"},\"image\":{\"@id\":\"https:\/\/ondauno.com.ar\/index.php\/2020\/02\/05\/la-afip-acuso-a-lazaro-baez-de-ser-impulsor-de-un-enorme-derrotero-criminal-para-blanquear-sumas-millonarias-de-dinero-de-origen-delictivo\/#primaryimage\"},\"thumbnailUrl\":\"https:\/\/d1iibezb83drel.cloudfront.net\/wp-content\/uploads\/2019\/11\/L%C3%A1zaro-B%C3%A1ez.jpg\",\"datePublished\":\"2020-02-05T18:51:33+00:00\",\"dateModified\":\"2020-02-05T18:51:43+00:00\",\"author\":{\"@id\":\"https:\/\/ondauno.com.ar\/#\/schema\/person\/201d1b68e6c75e0fd396fe5f8af5d139\"},\"breadcrumb\":{\"@id\":\"https:\/\/ondauno.com.ar\/index.php\/2020\/02\/05\/la-afip-acuso-a-lazaro-baez-de-ser-impulsor-de-un-enorme-derrotero-criminal-para-blanquear-sumas-millonarias-de-dinero-de-origen-delictivo\/#breadcrumb\"},\"inLanguage\":\"es-AR\",\"potentialAction\":[{\"@type\":\"ReadAction\",\"target\":[\"https:\/\/ondauno.com.ar\/index.php\/2020\/02\/05\/la-afip-acuso-a-lazaro-baez-de-ser-impulsor-de-un-enorme-derrotero-criminal-para-blanquear-sumas-millonarias-de-dinero-de-origen-delictivo\/\"]}]},{\"@type\":\"ImageObject\",\"inLanguage\":\"es-AR\",\"@id\":\"https:\/\/ondauno.com.ar\/index.php\/2020\/02\/05\/la-afip-acuso-a-lazaro-baez-de-ser-impulsor-de-un-enorme-derrotero-criminal-para-blanquear-sumas-millonarias-de-dinero-de-origen-delictivo\/#primaryimage\",\"url\":\"https:\/\/d1iibezb83drel.cloudfront.net\/wp-content\/uploads\/2019\/11\/L%C3%A1zaro-B%C3%A1ez.jpg\",\"contentUrl\":\"https:\/\/d1iibezb83drel.cloudfront.net\/wp-content\/uploads\/2019\/11\/L%C3%A1zaro-B%C3%A1ez.jpg\"},{\"@type\":\"BreadcrumbList\",\"@id\":\"https:\/\/ondauno.com.ar\/index.php\/2020\/02\/05\/la-afip-acuso-a-lazaro-baez-de-ser-impulsor-de-un-enorme-derrotero-criminal-para-blanquear-sumas-millonarias-de-dinero-de-origen-delictivo\/#breadcrumb\",\"itemListElement\":[{\"@type\":\"ListItem\",\"position\":1,\"name\":\"Inicio\",\"item\":\"https:\/\/ondauno.com.ar\/\"},{\"@type\":\"ListItem\",\"position\":2,\"name\":\"La AFIP acus\u00f3 a L\u00e1zaro B\u00e1ez de ser impulsor de un &#8220;enorme derrotero criminal&#8221; para &#8220;blanquear sumas millonarias de dinero&#8221; de &#8220;origen delictivo&#8221;\"}]},{\"@type\":\"WebSite\",\"@id\":\"https:\/\/ondauno.com.ar\/#website\",\"url\":\"https:\/\/ondauno.com.ar\/\",\"name\":\"103.9 fm\",\"description\":\"LA PRIMERA RADIO MULTIMEDIA DE TRES ARROYOS\",\"potentialAction\":[{\"@type\":\"SearchAction\",\"target\":{\"@type\":\"EntryPoint\",\"urlTemplate\":\"https:\/\/ondauno.com.ar\/?s={search_term_string}\"},\"query-input\":\"required name=search_term_string\"}],\"inLanguage\":\"es-AR\"},{\"@type\":\"Person\",\"@id\":\"https:\/\/ondauno.com.ar\/#\/schema\/person\/201d1b68e6c75e0fd396fe5f8af5d139\",\"name\":\"fernando garcia\",\"image\":{\"@type\":\"ImageObject\",\"inLanguage\":\"es-AR\",\"@id\":\"https:\/\/ondauno.com.ar\/#\/schema\/person\/image\/\",\"url\":\"https:\/\/secure.gravatar.com\/avatar\/5f7254642ad81272e79a2e69653cfdfc?s=96&d=mm&r=g\",\"contentUrl\":\"https:\/\/secure.gravatar.com\/avatar\/5f7254642ad81272e79a2e69653cfdfc?s=96&d=mm&r=g\",\"caption\":\"fernando garcia\"},\"url\":\"https:\/\/ondauno.com.ar\/index.php\/author\/ondaunoeditor\/\"}]}<\/script>\n<!-- \/ Yoast SEO plugin. -->","yoast_head_json":{"title":"La AFIP acus\u00f3 a L\u00e1zaro B\u00e1ez de ser impulsor de un \"enorme derrotero criminal\" para \"blanquear sumas millonarias de dinero\" de \"origen delictivo\" - 103.9 fm","robots":{"index":"index","follow":"follow","max-snippet":"max-snippet:-1","max-image-preview":"max-image-preview:large","max-video-preview":"max-video-preview:-1"},"canonical":"https:\/\/ondauno.com.ar\/index.php\/2020\/02\/05\/la-afip-acuso-a-lazaro-baez-de-ser-impulsor-de-un-enorme-derrotero-criminal-para-blanquear-sumas-millonarias-de-dinero-de-origen-delictivo\/","og_locale":"es_ES","og_type":"article","og_title":"La AFIP acus\u00f3 a L\u00e1zaro B\u00e1ez de ser impulsor de un \"enorme derrotero criminal\" para \"blanquear sumas millonarias de dinero\" de \"origen delictivo\" - 103.9 fm","og_description":"La querella de la AFIP acus\u00f3 hoy al detenido empresario L\u00e1zaro B\u00e1ez de haber sido el presunto impulsor de un &#8220;enorme derrotero criminal&#8221; para &#8220;blanquear sumas millonarias de dinero&#8221; de &#8220;origen delictivo&#8221; y aludi\u00f3 a la &#8220;relaci\u00f3n de amistad&#8221; que ten\u00eda con el fallecido ex presidente N\u00e9stor Kirchner. &#8220;Est\u00e1 comprobado&#8221; que entre 2010 y 2013 [&hellip;]","og_url":"https:\/\/ondauno.com.ar\/index.php\/2020\/02\/05\/la-afip-acuso-a-lazaro-baez-de-ser-impulsor-de-un-enorme-derrotero-criminal-para-blanquear-sumas-millonarias-de-dinero-de-origen-delictivo\/","og_site_name":"103.9 fm","article_publisher":"https:\/\/www.facebook.com\/ondauno103.9","article_published_time":"2020-02-05T18:51:33+00:00","article_modified_time":"2020-02-05T18:51:43+00:00","og_image":[{"width":275,"height":183,"url":"https:\/\/ondauno.com.ar\/wp-content\/uploads\/2020\/02\/descarga-4.jpg","type":"image\/jpeg"}],"author":"fernando garcia","twitter_card":"summary_large_image","twitter_misc":{"Escrito por":"fernando garcia","Tiempo de lectura":"4 minutos"},"schema":{"@context":"https:\/\/schema.org","@graph":[{"@type":"WebPage","@id":"https:\/\/ondauno.com.ar\/index.php\/2020\/02\/05\/la-afip-acuso-a-lazaro-baez-de-ser-impulsor-de-un-enorme-derrotero-criminal-para-blanquear-sumas-millonarias-de-dinero-de-origen-delictivo\/","url":"https:\/\/ondauno.com.ar\/index.php\/2020\/02\/05\/la-afip-acuso-a-lazaro-baez-de-ser-impulsor-de-un-enorme-derrotero-criminal-para-blanquear-sumas-millonarias-de-dinero-de-origen-delictivo\/","name":"La AFIP acus\u00f3 a L\u00e1zaro B\u00e1ez de ser impulsor de un \"enorme derrotero criminal\" para \"blanquear sumas millonarias de dinero\" de \"origen delictivo\" - 103.9 fm","isPartOf":{"@id":"https:\/\/ondauno.com.ar\/#website"},"primaryImageOfPage":{"@id":"https:\/\/ondauno.com.ar\/index.php\/2020\/02\/05\/la-afip-acuso-a-lazaro-baez-de-ser-impulsor-de-un-enorme-derrotero-criminal-para-blanquear-sumas-millonarias-de-dinero-de-origen-delictivo\/#primaryimage"},"image":{"@id":"https:\/\/ondauno.com.ar\/index.php\/2020\/02\/05\/la-afip-acuso-a-lazaro-baez-de-ser-impulsor-de-un-enorme-derrotero-criminal-para-blanquear-sumas-millonarias-de-dinero-de-origen-delictivo\/#primaryimage"},"thumbnailUrl":"https:\/\/d1iibezb83drel.cloudfront.net\/wp-content\/uploads\/2019\/11\/L%C3%A1zaro-B%C3%A1ez.jpg","datePublished":"2020-02-05T18:51:33+00:00","dateModified":"2020-02-05T18:51:43+00:00","author":{"@id":"https:\/\/ondauno.com.ar\/#\/schema\/person\/201d1b68e6c75e0fd396fe5f8af5d139"},"breadcrumb":{"@id":"https:\/\/ondauno.com.ar\/index.php\/2020\/02\/05\/la-afip-acuso-a-lazaro-baez-de-ser-impulsor-de-un-enorme-derrotero-criminal-para-blanquear-sumas-millonarias-de-dinero-de-origen-delictivo\/#breadcrumb"},"inLanguage":"es-AR","potentialAction":[{"@type":"ReadAction","target":["https:\/\/ondauno.com.ar\/index.php\/2020\/02\/05\/la-afip-acuso-a-lazaro-baez-de-ser-impulsor-de-un-enorme-derrotero-criminal-para-blanquear-sumas-millonarias-de-dinero-de-origen-delictivo\/"]}]},{"@type":"ImageObject","inLanguage":"es-AR","@id":"https:\/\/ondauno.com.ar\/index.php\/2020\/02\/05\/la-afip-acuso-a-lazaro-baez-de-ser-impulsor-de-un-enorme-derrotero-criminal-para-blanquear-sumas-millonarias-de-dinero-de-origen-delictivo\/#primaryimage","url":"https:\/\/d1iibezb83drel.cloudfront.net\/wp-content\/uploads\/2019\/11\/L%C3%A1zaro-B%C3%A1ez.jpg","contentUrl":"https:\/\/d1iibezb83drel.cloudfront.net\/wp-content\/uploads\/2019\/11\/L%C3%A1zaro-B%C3%A1ez.jpg"},{"@type":"BreadcrumbList","@id":"https:\/\/ondauno.com.ar\/index.php\/2020\/02\/05\/la-afip-acuso-a-lazaro-baez-de-ser-impulsor-de-un-enorme-derrotero-criminal-para-blanquear-sumas-millonarias-de-dinero-de-origen-delictivo\/#breadcrumb","itemListElement":[{"@type":"ListItem","position":1,"name":"Inicio","item":"https:\/\/ondauno.com.ar\/"},{"@type":"ListItem","position":2,"name":"La AFIP acus\u00f3 a L\u00e1zaro B\u00e1ez de ser impulsor de un &#8220;enorme derrotero criminal&#8221; para &#8220;blanquear sumas millonarias de dinero&#8221; de &#8220;origen delictivo&#8221;"}]},{"@type":"WebSite","@id":"https:\/\/ondauno.com.ar\/#website","url":"https:\/\/ondauno.com.ar\/","name":"103.9 fm","description":"LA PRIMERA RADIO MULTIMEDIA DE TRES ARROYOS","potentialAction":[{"@type":"SearchAction","target":{"@type":"EntryPoint","urlTemplate":"https:\/\/ondauno.com.ar\/?s={search_term_string}"},"query-input":"required name=search_term_string"}],"inLanguage":"es-AR"},{"@type":"Person","@id":"https:\/\/ondauno.com.ar\/#\/schema\/person\/201d1b68e6c75e0fd396fe5f8af5d139","name":"fernando garcia","image":{"@type":"ImageObject","inLanguage":"es-AR","@id":"https:\/\/ondauno.com.ar\/#\/schema\/person\/image\/","url":"https:\/\/secure.gravatar.com\/avatar\/5f7254642ad81272e79a2e69653cfdfc?s=96&d=mm&r=g","contentUrl":"https:\/\/secure.gravatar.com\/avatar\/5f7254642ad81272e79a2e69653cfdfc?s=96&d=mm&r=g","caption":"fernando garcia"},"url":"https:\/\/ondauno.com.ar\/index.php\/author\/ondaunoeditor\/"}]}},"jetpack_publicize_connections":[],"jetpack_featured_media_url":"","jetpack_sharing_enabled":true,"_links":{"self":[{"href":"https:\/\/ondauno.com.ar\/index.php\/wp-json\/wp\/v2\/posts\/5449","targetHints":{"allow":["GET"]}}],"collection":[{"href":"https:\/\/ondauno.com.ar\/index.php\/wp-json\/wp\/v2\/posts"}],"about":[{"href":"https:\/\/ondauno.com.ar\/index.php\/wp-json\/wp\/v2\/types\/post"}],"author":[{"embeddable":true,"href":"https:\/\/ondauno.com.ar\/index.php\/wp-json\/wp\/v2\/users\/2"}],"replies":[{"embeddable":true,"href":"https:\/\/ondauno.com.ar\/index.php\/wp-json\/wp\/v2\/comments?post=5449"}],"version-history":[{"count":0,"href":"https:\/\/ondauno.com.ar\/index.php\/wp-json\/wp\/v2\/posts\/5449\/revisions"}],"wp:attachment":[{"href":"https:\/\/ondauno.com.ar\/index.php\/wp-json\/wp\/v2\/media?parent=5449"}],"wp:term":[{"taxonomy":"category","embeddable":true,"href":"https:\/\/ondauno.com.ar\/index.php\/wp-json\/wp\/v2\/categories?post=5449"},{"taxonomy":"post_tag","embeddable":true,"href":"https:\/\/ondauno.com.ar\/index.php\/wp-json\/wp\/v2\/tags?post=5449"}],"curies":[{"name":"wp","href":"https:\/\/api.w.org\/{rel}","templated":true}]}}