{"id":5424,"date":"2020-02-04T19:21:08","date_gmt":"2020-02-04T22:21:08","guid":{"rendered":"http:\/\/ondauno.com.ar\/?p=5424"},"modified":"2020-02-04T19:21:15","modified_gmt":"2020-02-04T22:21:15","slug":"kicillof-damos-por-iniciado-el-proceso-de-reestructuracion-de-la-deuda-de-la-provincia-en-moneda-extranjera","status":"publish","type":"post","link":"https:\/\/ondauno.com.ar\/index.php\/2020\/02\/04\/kicillof-damos-por-iniciado-el-proceso-de-reestructuracion-de-la-deuda-de-la-provincia-en-moneda-extranjera\/","title":{"rendered":"Kicillof: \u201cDamos por iniciado el proceso de reestructuraci\u00f3n de la deuda de la Provincia en moneda extranjera\u201d"},"content":{"rendered":"<div class=\"ondau-before-content_3\" style=\"margin-top: -30px;\" id=\"ondau-1516984687\"><a href=\"https:\/\/www.lps.com.ar\/\" aria-label=\"la-perse2\"><img loading=\"lazy\" decoding=\"async\" src=\"https:\/\/ondauno.com.ar\/wp-content\/uploads\/2021\/10\/la-perse2.jpg\" alt=\"\"  srcset=\"https:\/\/ondauno.com.ar\/wp-content\/uploads\/2021\/10\/la-perse2.jpg 1353w, https:\/\/ondauno.com.ar\/wp-content\/uploads\/2021\/10\/la-perse2-300x43.jpg 300w, https:\/\/ondauno.com.ar\/wp-content\/uploads\/2021\/10\/la-perse2-1024x148.jpg 1024w, https:\/\/ondauno.com.ar\/wp-content\/uploads\/2021\/10\/la-perse2-768x111.jpg 768w, https:\/\/ondauno.com.ar\/wp-content\/uploads\/2021\/10\/la-perse2-696x100.jpg 696w, https:\/\/ondauno.com.ar\/wp-content\/uploads\/2021\/10\/la-perse2-1068x154.jpg 1068w\" sizes=\"(max-width: 1353px) 100vw, 1353px\" class=\"no-lazyload\" width=\"1353\" height=\"195\"  style=\"display: inline-block;\" \/><\/a><\/div>\n<table class=\"wp-block-table\"><tbody><tr><td>El gobernador de la provincia de Buenos Aires, Axel Kicillof, brind\u00f3 este mediod\u00eda una conferencia de prensa en el Sal\u00f3n Dorado de la Casa de Gobierno bonaerense para explicar los pr\u00f3ximos pasos a seguir en relaci\u00f3n con la situaci\u00f3n financiera que afronta la Provincia. Estuvo acompa\u00f1ado por el ministro de Hacienda y Finanzas, Pablo L\u00f3pez.Kicillof explic\u00f3: \u201cEl esquema de la deuda de la provincia de Buenos Aires, que nos encontramos cuando asumimos, la pone en una situaci\u00f3n de insostenibilidad\u201d, y agreg\u00f3: \u201cSe emitieron durante los \u00faltimos 4 a\u00f1os, 5 mil millones de d\u00f3lares de deuda, cuando durante los 8 anteriores la emisi\u00f3n fue de la mitad\u201d.Asimismo detall\u00f3: \u201cEl 94% de la deuda que viene de la etapa anterior, vence entre 2020 y 2023; y de los vencimientos de este a\u00f1o, dos tercios fueron contra\u00eddos en los \u00faltimos 4 a\u00f1os. Por eso el peso de vencimiento de deuda se duplic\u00f3 en t\u00e9rminos del presupuesto\u201d.<br><br>El Gobernador indic\u00f3 que \u201cdesde que asumimos decidimos convocar al di\u00e1logo a los tenedores de deuda. Conseguimos la adhesi\u00f3n de un importante n\u00famero de bonistas pero hubo un fondo de inversi\u00f3n que no tuvo actitud de di\u00e1logo ni predisposici\u00f3n, sino de intransigencia\u201d.Kicillof expres\u00f3 que \u201clas soluciones tienen que ser las mejores posibles para los y las bonaerenses. Por eso decidimos afrontar el vencimiento con recursos de la provincia, utilizando los recursos que hemos obtenido en la colocaci\u00f3n de letras en el mercado dom\u00e9stico en estos \u00faltimos d\u00edas\u201d.En segundo lugar, anunci\u00f3: \u201cDesde hoy iniciamos el proceso de reestructuraci\u00f3n de la deuda en moneda extranjera de la provincia de Buenos Aires\u201d. Se\u00f1al\u00f3 que en ese sentido \u201cse va a dar a conocer un cronograma que va a estar en consonancia con Naci\u00f3n\u201d. En esa l\u00ednea aclar\u00f3 que \u201cel esquema de la deuda debe permitir que la econom\u00eda de la Provincia crezca\u201d.Finalmente el Gobernador resalt\u00f3: \u201cLo que nos mueve es la responsabilidad que tenemos, defender a los y las bonaerenses ante una situaci\u00f3n desfavorable de emergencia, el gobierno de la Provincia va a trabajar incansablemente para que los efectos de esa situaci\u00f3n incidan del menor modo posible\u201d.<\/td><\/tr><\/tbody><\/table>\n\n\n\n<figure class=\"wp-block-image\"><img decoding=\"async\" data-src=\"http:\/\/ondauno.com.ar\/wp-content\/uploads\/2020\/02\/IMG_4134-1024x683.jpg\" alt=\"\" class=\"wp-image-5426 lazyload\" src=\"data:image\/gif;base64,R0lGODlhAQABAAAAACH5BAEKAAEALAAAAAABAAEAAAICTAEAOw==\" style=\"--smush-placeholder-width: 1024px; --smush-placeholder-aspect-ratio: 1024\/683;\" \/><noscript><img decoding=\"async\" src=\"http:\/\/ondauno.com.ar\/wp-content\/uploads\/2020\/02\/IMG_4134-1024x683.jpg\" alt=\"\" class=\"wp-image-5426\"\/><\/noscript><\/figure>\n","protected":false},"excerpt":{"rendered":"<p>El gobernador de la provincia de Buenos Aires, Axel Kicillof, brind\u00f3 este mediod\u00eda una conferencia de prensa en el Sal\u00f3n Dorado de la Casa de Gobierno bonaerense para explicar los pr\u00f3ximos pasos a seguir en relaci\u00f3n con la situaci\u00f3n financiera que afronta la Provincia. Estuvo acompa\u00f1ado por el ministro de Hacienda y Finanzas, Pablo L\u00f3pez.Kicillof [&hellip;]<\/p>\n","protected":false},"author":2,"featured_media":0,"comment_status":"open","ping_status":"open","sticky":false,"template":"","format":"standard","meta":{"tdm_status":"","tdm_grid_status":"","_jetpack_memberships_contains_paid_content":false,"footnotes":"","jetpack_publicize_message":"","jetpack_publicize_feature_enabled":true,"jetpack_social_post_already_shared":false,"jetpack_social_options":{"image_generator_settings":{"template":"highway","default_image_id":0,"font":"","enabled":false},"version":2}},"categories":[30],"tags":[],"class_list":{"0":"post-5424","1":"post","2":"type-post","3":"status-publish","4":"format-standard","6":"category-provinciales"},"yoast_head":"<!-- This site is optimized with the Yoast SEO plugin v22.7 - https:\/\/yoast.com\/wordpress\/plugins\/seo\/ -->\n<title>Kicillof: \u201cDamos por iniciado el proceso de reestructuraci\u00f3n de la deuda de la Provincia en moneda extranjera\u201d - 103.9 fm<\/title>\n<meta name=\"robots\" content=\"index, follow, max-snippet:-1, max-image-preview:large, max-video-preview:-1\" \/>\n<link rel=\"canonical\" href=\"https:\/\/ondauno.com.ar\/index.php\/2020\/02\/04\/kicillof-damos-por-iniciado-el-proceso-de-reestructuracion-de-la-deuda-de-la-provincia-en-moneda-extranjera\/\" \/>\n<meta property=\"og:locale\" content=\"es_ES\" \/>\n<meta property=\"og:type\" content=\"article\" \/>\n<meta property=\"og:title\" content=\"Kicillof: \u201cDamos por iniciado el proceso de reestructuraci\u00f3n de la deuda de la Provincia en moneda extranjera\u201d - 103.9 fm\" \/>\n<meta property=\"og:description\" content=\"El gobernador de la provincia de Buenos Aires, Axel Kicillof, brind\u00f3 este mediod\u00eda una conferencia de prensa en el Sal\u00f3n Dorado de la Casa de Gobierno bonaerense para explicar los pr\u00f3ximos pasos a seguir en relaci\u00f3n con la situaci\u00f3n financiera que afronta la Provincia. Estuvo acompa\u00f1ado por el ministro de Hacienda y Finanzas, Pablo L\u00f3pez.Kicillof [&hellip;]\" \/>\n<meta property=\"og:url\" content=\"https:\/\/ondauno.com.ar\/index.php\/2020\/02\/04\/kicillof-damos-por-iniciado-el-proceso-de-reestructuracion-de-la-deuda-de-la-provincia-en-moneda-extranjera\/\" \/>\n<meta property=\"og:site_name\" content=\"103.9 fm\" \/>\n<meta property=\"article:publisher\" content=\"https:\/\/www.facebook.com\/ondauno103.9\" \/>\n<meta property=\"article:published_time\" content=\"2020-02-04T22:21:08+00:00\" \/>\n<meta property=\"article:modified_time\" content=\"2020-02-04T22:21:15+00:00\" \/>\n<meta property=\"og:image\" content=\"https:\/\/ondauno.com.ar\/wp-content\/uploads\/2020\/02\/IMG_4166.jpg\" \/>\n\t<meta property=\"og:image:width\" content=\"1024\" \/>\n\t<meta property=\"og:image:height\" content=\"683\" \/>\n\t<meta property=\"og:image:type\" content=\"image\/jpeg\" \/>\n<meta name=\"author\" content=\"fernando garcia\" \/>\n<meta name=\"twitter:card\" content=\"summary_large_image\" \/>\n<meta name=\"twitter:label1\" content=\"Escrito por\" \/>\n\t<meta name=\"twitter:data1\" content=\"fernando garcia\" \/>\n\t<meta name=\"twitter:label2\" content=\"Tiempo de lectura\" \/>\n\t<meta name=\"twitter:data2\" content=\"2 minutos\" \/>\n<script type=\"application\/ld+json\" class=\"yoast-schema-graph\">{\"@context\":\"https:\/\/schema.org\",\"@graph\":[{\"@type\":\"WebPage\",\"@id\":\"https:\/\/ondauno.com.ar\/index.php\/2020\/02\/04\/kicillof-damos-por-iniciado-el-proceso-de-reestructuracion-de-la-deuda-de-la-provincia-en-moneda-extranjera\/\",\"url\":\"https:\/\/ondauno.com.ar\/index.php\/2020\/02\/04\/kicillof-damos-por-iniciado-el-proceso-de-reestructuracion-de-la-deuda-de-la-provincia-en-moneda-extranjera\/\",\"name\":\"Kicillof: \u201cDamos por iniciado el proceso de reestructuraci\u00f3n de la deuda de la Provincia en moneda extranjera\u201d - 103.9 fm\",\"isPartOf\":{\"@id\":\"https:\/\/ondauno.com.ar\/#website\"},\"primaryImageOfPage\":{\"@id\":\"https:\/\/ondauno.com.ar\/index.php\/2020\/02\/04\/kicillof-damos-por-iniciado-el-proceso-de-reestructuracion-de-la-deuda-de-la-provincia-en-moneda-extranjera\/#primaryimage\"},\"image\":{\"@id\":\"https:\/\/ondauno.com.ar\/index.php\/2020\/02\/04\/kicillof-damos-por-iniciado-el-proceso-de-reestructuracion-de-la-deuda-de-la-provincia-en-moneda-extranjera\/#primaryimage\"},\"thumbnailUrl\":\"http:\/\/ondauno.com.ar\/wp-content\/uploads\/2020\/02\/IMG_4134-1024x683.jpg\",\"datePublished\":\"2020-02-04T22:21:08+00:00\",\"dateModified\":\"2020-02-04T22:21:15+00:00\",\"author\":{\"@id\":\"https:\/\/ondauno.com.ar\/#\/schema\/person\/201d1b68e6c75e0fd396fe5f8af5d139\"},\"breadcrumb\":{\"@id\":\"https:\/\/ondauno.com.ar\/index.php\/2020\/02\/04\/kicillof-damos-por-iniciado-el-proceso-de-reestructuracion-de-la-deuda-de-la-provincia-en-moneda-extranjera\/#breadcrumb\"},\"inLanguage\":\"es-AR\",\"potentialAction\":[{\"@type\":\"ReadAction\",\"target\":[\"https:\/\/ondauno.com.ar\/index.php\/2020\/02\/04\/kicillof-damos-por-iniciado-el-proceso-de-reestructuracion-de-la-deuda-de-la-provincia-en-moneda-extranjera\/\"]}]},{\"@type\":\"ImageObject\",\"inLanguage\":\"es-AR\",\"@id\":\"https:\/\/ondauno.com.ar\/index.php\/2020\/02\/04\/kicillof-damos-por-iniciado-el-proceso-de-reestructuracion-de-la-deuda-de-la-provincia-en-moneda-extranjera\/#primaryimage\",\"url\":\"\",\"contentUrl\":\"\"},{\"@type\":\"BreadcrumbList\",\"@id\":\"https:\/\/ondauno.com.ar\/index.php\/2020\/02\/04\/kicillof-damos-por-iniciado-el-proceso-de-reestructuracion-de-la-deuda-de-la-provincia-en-moneda-extranjera\/#breadcrumb\",\"itemListElement\":[{\"@type\":\"ListItem\",\"position\":1,\"name\":\"Inicio\",\"item\":\"https:\/\/ondauno.com.ar\/\"},{\"@type\":\"ListItem\",\"position\":2,\"name\":\"Kicillof: \u201cDamos por iniciado el proceso de reestructuraci\u00f3n de la deuda de la Provincia en moneda extranjera\u201d\"}]},{\"@type\":\"WebSite\",\"@id\":\"https:\/\/ondauno.com.ar\/#website\",\"url\":\"https:\/\/ondauno.com.ar\/\",\"name\":\"103.9 fm\",\"description\":\"LA PRIMERA RADIO MULTIMEDIA DE TRES ARROYOS\",\"potentialAction\":[{\"@type\":\"SearchAction\",\"target\":{\"@type\":\"EntryPoint\",\"urlTemplate\":\"https:\/\/ondauno.com.ar\/?s={search_term_string}\"},\"query-input\":\"required name=search_term_string\"}],\"inLanguage\":\"es-AR\"},{\"@type\":\"Person\",\"@id\":\"https:\/\/ondauno.com.ar\/#\/schema\/person\/201d1b68e6c75e0fd396fe5f8af5d139\",\"name\":\"fernando garcia\",\"image\":{\"@type\":\"ImageObject\",\"inLanguage\":\"es-AR\",\"@id\":\"https:\/\/ondauno.com.ar\/#\/schema\/person\/image\/\",\"url\":\"https:\/\/secure.gravatar.com\/avatar\/5f7254642ad81272e79a2e69653cfdfc?s=96&d=mm&r=g\",\"contentUrl\":\"https:\/\/secure.gravatar.com\/avatar\/5f7254642ad81272e79a2e69653cfdfc?s=96&d=mm&r=g\",\"caption\":\"fernando garcia\"},\"url\":\"https:\/\/ondauno.com.ar\/index.php\/author\/ondaunoeditor\/\"}]}<\/script>\n<!-- \/ Yoast SEO plugin. -->","yoast_head_json":{"title":"Kicillof: \u201cDamos por iniciado el proceso de reestructuraci\u00f3n de la deuda de la Provincia en moneda extranjera\u201d - 103.9 fm","robots":{"index":"index","follow":"follow","max-snippet":"max-snippet:-1","max-image-preview":"max-image-preview:large","max-video-preview":"max-video-preview:-1"},"canonical":"https:\/\/ondauno.com.ar\/index.php\/2020\/02\/04\/kicillof-damos-por-iniciado-el-proceso-de-reestructuracion-de-la-deuda-de-la-provincia-en-moneda-extranjera\/","og_locale":"es_ES","og_type":"article","og_title":"Kicillof: \u201cDamos por iniciado el proceso de reestructuraci\u00f3n de la deuda de la Provincia en moneda extranjera\u201d - 103.9 fm","og_description":"El gobernador de la provincia de Buenos Aires, Axel Kicillof, brind\u00f3 este mediod\u00eda una conferencia de prensa en el Sal\u00f3n Dorado de la Casa de Gobierno bonaerense para explicar los pr\u00f3ximos pasos a seguir en relaci\u00f3n con la situaci\u00f3n financiera que afronta la Provincia. Estuvo acompa\u00f1ado por el ministro de Hacienda y Finanzas, Pablo L\u00f3pez.Kicillof [&hellip;]","og_url":"https:\/\/ondauno.com.ar\/index.php\/2020\/02\/04\/kicillof-damos-por-iniciado-el-proceso-de-reestructuracion-de-la-deuda-de-la-provincia-en-moneda-extranjera\/","og_site_name":"103.9 fm","article_publisher":"https:\/\/www.facebook.com\/ondauno103.9","article_published_time":"2020-02-04T22:21:08+00:00","article_modified_time":"2020-02-04T22:21:15+00:00","og_image":[{"width":1024,"height":683,"url":"https:\/\/ondauno.com.ar\/wp-content\/uploads\/2020\/02\/IMG_4166.jpg","type":"image\/jpeg"}],"author":"fernando garcia","twitter_card":"summary_large_image","twitter_misc":{"Escrito por":"fernando garcia","Tiempo de lectura":"2 minutos"},"schema":{"@context":"https:\/\/schema.org","@graph":[{"@type":"WebPage","@id":"https:\/\/ondauno.com.ar\/index.php\/2020\/02\/04\/kicillof-damos-por-iniciado-el-proceso-de-reestructuracion-de-la-deuda-de-la-provincia-en-moneda-extranjera\/","url":"https:\/\/ondauno.com.ar\/index.php\/2020\/02\/04\/kicillof-damos-por-iniciado-el-proceso-de-reestructuracion-de-la-deuda-de-la-provincia-en-moneda-extranjera\/","name":"Kicillof: \u201cDamos por iniciado el proceso de reestructuraci\u00f3n de la deuda de la Provincia en moneda extranjera\u201d - 103.9 fm","isPartOf":{"@id":"https:\/\/ondauno.com.ar\/#website"},"primaryImageOfPage":{"@id":"https:\/\/ondauno.com.ar\/index.php\/2020\/02\/04\/kicillof-damos-por-iniciado-el-proceso-de-reestructuracion-de-la-deuda-de-la-provincia-en-moneda-extranjera\/#primaryimage"},"image":{"@id":"https:\/\/ondauno.com.ar\/index.php\/2020\/02\/04\/kicillof-damos-por-iniciado-el-proceso-de-reestructuracion-de-la-deuda-de-la-provincia-en-moneda-extranjera\/#primaryimage"},"thumbnailUrl":"http:\/\/ondauno.com.ar\/wp-content\/uploads\/2020\/02\/IMG_4134-1024x683.jpg","datePublished":"2020-02-04T22:21:08+00:00","dateModified":"2020-02-04T22:21:15+00:00","author":{"@id":"https:\/\/ondauno.com.ar\/#\/schema\/person\/201d1b68e6c75e0fd396fe5f8af5d139"},"breadcrumb":{"@id":"https:\/\/ondauno.com.ar\/index.php\/2020\/02\/04\/kicillof-damos-por-iniciado-el-proceso-de-reestructuracion-de-la-deuda-de-la-provincia-en-moneda-extranjera\/#breadcrumb"},"inLanguage":"es-AR","potentialAction":[{"@type":"ReadAction","target":["https:\/\/ondauno.com.ar\/index.php\/2020\/02\/04\/kicillof-damos-por-iniciado-el-proceso-de-reestructuracion-de-la-deuda-de-la-provincia-en-moneda-extranjera\/"]}]},{"@type":"ImageObject","inLanguage":"es-AR","@id":"https:\/\/ondauno.com.ar\/index.php\/2020\/02\/04\/kicillof-damos-por-iniciado-el-proceso-de-reestructuracion-de-la-deuda-de-la-provincia-en-moneda-extranjera\/#primaryimage","url":"","contentUrl":""},{"@type":"BreadcrumbList","@id":"https:\/\/ondauno.com.ar\/index.php\/2020\/02\/04\/kicillof-damos-por-iniciado-el-proceso-de-reestructuracion-de-la-deuda-de-la-provincia-en-moneda-extranjera\/#breadcrumb","itemListElement":[{"@type":"ListItem","position":1,"name":"Inicio","item":"https:\/\/ondauno.com.ar\/"},{"@type":"ListItem","position":2,"name":"Kicillof: \u201cDamos por iniciado el proceso de reestructuraci\u00f3n de la deuda de la Provincia en moneda extranjera\u201d"}]},{"@type":"WebSite","@id":"https:\/\/ondauno.com.ar\/#website","url":"https:\/\/ondauno.com.ar\/","name":"103.9 fm","description":"LA PRIMERA RADIO MULTIMEDIA DE TRES ARROYOS","potentialAction":[{"@type":"SearchAction","target":{"@type":"EntryPoint","urlTemplate":"https:\/\/ondauno.com.ar\/?s={search_term_string}"},"query-input":"required name=search_term_string"}],"inLanguage":"es-AR"},{"@type":"Person","@id":"https:\/\/ondauno.com.ar\/#\/schema\/person\/201d1b68e6c75e0fd396fe5f8af5d139","name":"fernando garcia","image":{"@type":"ImageObject","inLanguage":"es-AR","@id":"https:\/\/ondauno.com.ar\/#\/schema\/person\/image\/","url":"https:\/\/secure.gravatar.com\/avatar\/5f7254642ad81272e79a2e69653cfdfc?s=96&d=mm&r=g","contentUrl":"https:\/\/secure.gravatar.com\/avatar\/5f7254642ad81272e79a2e69653cfdfc?s=96&d=mm&r=g","caption":"fernando garcia"},"url":"https:\/\/ondauno.com.ar\/index.php\/author\/ondaunoeditor\/"}]}},"jetpack_publicize_connections":[],"jetpack_featured_media_url":"","jetpack_sharing_enabled":true,"_links":{"self":[{"href":"https:\/\/ondauno.com.ar\/index.php\/wp-json\/wp\/v2\/posts\/5424","targetHints":{"allow":["GET"]}}],"collection":[{"href":"https:\/\/ondauno.com.ar\/index.php\/wp-json\/wp\/v2\/posts"}],"about":[{"href":"https:\/\/ondauno.com.ar\/index.php\/wp-json\/wp\/v2\/types\/post"}],"author":[{"embeddable":true,"href":"https:\/\/ondauno.com.ar\/index.php\/wp-json\/wp\/v2\/users\/2"}],"replies":[{"embeddable":true,"href":"https:\/\/ondauno.com.ar\/index.php\/wp-json\/wp\/v2\/comments?post=5424"}],"version-history":[{"count":0,"href":"https:\/\/ondauno.com.ar\/index.php\/wp-json\/wp\/v2\/posts\/5424\/revisions"}],"wp:attachment":[{"href":"https:\/\/ondauno.com.ar\/index.php\/wp-json\/wp\/v2\/media?parent=5424"}],"wp:term":[{"taxonomy":"category","embeddable":true,"href":"https:\/\/ondauno.com.ar\/index.php\/wp-json\/wp\/v2\/categories?post=5424"},{"taxonomy":"post_tag","embeddable":true,"href":"https:\/\/ondauno.com.ar\/index.php\/wp-json\/wp\/v2\/tags?post=5424"}],"curies":[{"name":"wp","href":"https:\/\/api.w.org\/{rel}","templated":true}]}}