{"id":54201,"date":"2025-03-07T17:48:47","date_gmt":"2025-03-07T20:48:47","guid":{"rendered":"https:\/\/ondauno.com.ar\/?p=54201"},"modified":"2025-03-07T17:48:50","modified_gmt":"2025-03-07T20:48:50","slug":"alerta-por-tormentas-severas-y-riesgo-de-desbordes-en-tres-arroyos","status":"publish","type":"post","link":"https:\/\/ondauno.com.ar\/index.php\/2025\/03\/07\/alerta-por-tormentas-severas-y-riesgo-de-desbordes-en-tres-arroyos\/","title":{"rendered":"Alerta por tormentas severas y riesgo de desbordes en Tres Arroyos"},"content":{"rendered":"<div class=\"ondau-before-content_3\" style=\"margin-top: -30px;\" id=\"ondau-3188319012\"><a href=\"https:\/\/www.lps.com.ar\/\" aria-label=\"la-perse2\"><img loading=\"lazy\" decoding=\"async\" src=\"https:\/\/ondauno.com.ar\/wp-content\/uploads\/2021\/10\/la-perse2.jpg\" alt=\"\"  srcset=\"https:\/\/ondauno.com.ar\/wp-content\/uploads\/2021\/10\/la-perse2.jpg 1353w, https:\/\/ondauno.com.ar\/wp-content\/uploads\/2021\/10\/la-perse2-300x43.jpg 300w, https:\/\/ondauno.com.ar\/wp-content\/uploads\/2021\/10\/la-perse2-1024x148.jpg 1024w, https:\/\/ondauno.com.ar\/wp-content\/uploads\/2021\/10\/la-perse2-768x111.jpg 768w, https:\/\/ondauno.com.ar\/wp-content\/uploads\/2021\/10\/la-perse2-696x100.jpg 696w, https:\/\/ondauno.com.ar\/wp-content\/uploads\/2021\/10\/la-perse2-1068x154.jpg 1068w\" sizes=\"(max-width: 1353px) 100vw, 1353px\" class=\"no-lazyload\" width=\"1353\" height=\"195\"  style=\"display: inline-block;\" \/><\/a><\/div>\n<p>El Comit\u00e9 de Emergencia del distrito se reuni\u00f3 con funcionarios policiales, bomberos y autoridades locales para coordinar acciones ante la grave situaci\u00f3n clim\u00e1tica que se pronostica.<\/p>\n\n\n\n<p>Seg\u00fan el pron\u00f3stico del Servicio Meteorol\u00f3gico Nacional, se espera la llegada de lluvias y tormentas severas. Sin embargo, el alerta se debe al aumento del caudal de agua que proviene de localidades de la provincia que han sido afectadas por el temporal, lo que puede ocasionar que los arroyos se desborden; el cual se agravar\u00e1 con las lluvias pronosticadas.<\/p>\n\n\n\n<p>Se alerta a los vecinos que los arroyos de la ciudad presentan una gran afluencia de agua debido a las lluvias en las localidades vecinas. Se ruega extrema precauci\u00f3n al circular cerca, ya que el fuerte caudal puede provocar desbordes y generar corrientes peligrosas con capacidad de arrastrar personas y veh\u00edculos.<\/p>\n\n\n\n<p>Vialidad Nacional solicita que, en virtud de la alerta roja emitida, se abstengan de circular por las siguientes rutas nacionales: RN 3, 33, 35, 22, 252, 249 y 229.<\/p>\n\n\n\n<p>Las intensas lluvias han generado un alto riesgo en la seguridad vial debido a anegamientos y baja visibilidad.<\/p>\n\n\n\n<p>MEDIDAS DE PREVENCI\u00d3N<\/p>\n\n\n\n<p>Permanecer en lugares cerrados y seguros.<br>Evitar el uso de artefactos el\u00e9ctricos y no utilizar tel\u00e9fonos con cable.<br>No transitar por calles inundadas.<br>Evitar circular por zonas cercanas a los arroyos, ya que el agua puede arrastrar veh\u00edculos y peatones.<br>Si hay riesgo de ingreso de agua en el hogar, cortar la electricidad.<br>Tener lista una mochila de emergencia con linterna, radio, documentos y tel\u00e9fono.<br>En caso de emergencia, contactar a los organismos oficiales.<br>Se solicita a la comunidad mantenerse informada a trav\u00e9s de los canales oficiales y tomar todas las precauciones necesarias y ante cualquier emergencia comunicarse\u00a0al\u00a0147\u00a00\u00a0911.<\/p>\n","protected":false},"excerpt":{"rendered":"<p>El Comit\u00e9 de Emergencia del distrito se reuni\u00f3 con funcionarios policiales, bomberos y autoridades locales para coordinar acciones ante la grave situaci\u00f3n clim\u00e1tica que se pronostica. Seg\u00fan el pron\u00f3stico del Servicio Meteorol\u00f3gico Nacional, se espera la llegada de lluvias y tormentas severas. Sin embargo, el alerta se debe al aumento del caudal de agua que [&hellip;]<\/p>\n","protected":false},"author":1,"featured_media":54202,"comment_status":"open","ping_status":"open","sticky":false,"template":"","format":"standard","meta":{"tdm_status":"","tdm_grid_status":"","_jetpack_memberships_contains_paid_content":false,"footnotes":"","jetpack_publicize_message":"","jetpack_publicize_feature_enabled":true,"jetpack_social_post_already_shared":false,"jetpack_social_options":{"image_generator_settings":{"template":"highway","default_image_id":0,"font":"","enabled":false},"version":2}},"categories":[2],"tags":[],"class_list":{"0":"post-54201","1":"post","2":"type-post","3":"status-publish","4":"format-standard","5":"has-post-thumbnail","7":"category-locales"},"yoast_head":"<!-- This site is optimized with the Yoast SEO plugin v22.7 - https:\/\/yoast.com\/wordpress\/plugins\/seo\/ -->\n<title>Alerta por tormentas severas y riesgo de desbordes en Tres Arroyos - 103.9 fm<\/title>\n<meta name=\"robots\" content=\"index, follow, max-snippet:-1, max-image-preview:large, max-video-preview:-1\" \/>\n<link rel=\"canonical\" href=\"https:\/\/ondauno.com.ar\/index.php\/2025\/03\/07\/alerta-por-tormentas-severas-y-riesgo-de-desbordes-en-tres-arroyos\/\" \/>\n<meta property=\"og:locale\" content=\"es_ES\" \/>\n<meta property=\"og:type\" content=\"article\" \/>\n<meta property=\"og:title\" content=\"Alerta por tormentas severas y riesgo de desbordes en Tres Arroyos - 103.9 fm\" \/>\n<meta property=\"og:description\" content=\"El Comit\u00e9 de Emergencia del distrito se reuni\u00f3 con funcionarios policiales, bomberos y autoridades locales para coordinar acciones ante la grave situaci\u00f3n clim\u00e1tica que se pronostica. Seg\u00fan el pron\u00f3stico del Servicio Meteorol\u00f3gico Nacional, se espera la llegada de lluvias y tormentas severas. Sin embargo, el alerta se debe al aumento del caudal de agua que [&hellip;]\" \/>\n<meta property=\"og:url\" content=\"https:\/\/ondauno.com.ar\/index.php\/2025\/03\/07\/alerta-por-tormentas-severas-y-riesgo-de-desbordes-en-tres-arroyos\/\" \/>\n<meta property=\"og:site_name\" content=\"103.9 fm\" \/>\n<meta property=\"article:publisher\" content=\"https:\/\/www.facebook.com\/ondauno103.9\" \/>\n<meta property=\"article:published_time\" content=\"2025-03-07T20:48:47+00:00\" \/>\n<meta property=\"article:modified_time\" content=\"2025-03-07T20:48:50+00:00\" \/>\n<meta property=\"og:image\" content=\"http:\/\/ondauno.com.ar\/wp-content\/uploads\/2025\/03\/WhatsApp-Image-2025-03-07-at-12.00.30.jpeg\" \/>\n\t<meta property=\"og:image:width\" content=\"805\" \/>\n\t<meta property=\"og:image:height\" content=\"802\" \/>\n\t<meta property=\"og:image:type\" content=\"image\/jpeg\" \/>\n<meta name=\"author\" content=\"OndaUno\" \/>\n<meta name=\"twitter:card\" content=\"summary_large_image\" \/>\n<meta name=\"twitter:label1\" content=\"Escrito por\" \/>\n\t<meta name=\"twitter:data1\" content=\"OndaUno\" \/>\n\t<meta name=\"twitter:label2\" content=\"Tiempo de lectura\" \/>\n\t<meta name=\"twitter:data2\" content=\"2 minutos\" \/>\n<script type=\"application\/ld+json\" class=\"yoast-schema-graph\">{\"@context\":\"https:\/\/schema.org\",\"@graph\":[{\"@type\":\"WebPage\",\"@id\":\"https:\/\/ondauno.com.ar\/index.php\/2025\/03\/07\/alerta-por-tormentas-severas-y-riesgo-de-desbordes-en-tres-arroyos\/\",\"url\":\"https:\/\/ondauno.com.ar\/index.php\/2025\/03\/07\/alerta-por-tormentas-severas-y-riesgo-de-desbordes-en-tres-arroyos\/\",\"name\":\"Alerta por tormentas severas y riesgo de desbordes en Tres Arroyos - 103.9 fm\",\"isPartOf\":{\"@id\":\"https:\/\/ondauno.com.ar\/#website\"},\"primaryImageOfPage\":{\"@id\":\"https:\/\/ondauno.com.ar\/index.php\/2025\/03\/07\/alerta-por-tormentas-severas-y-riesgo-de-desbordes-en-tres-arroyos\/#primaryimage\"},\"image\":{\"@id\":\"https:\/\/ondauno.com.ar\/index.php\/2025\/03\/07\/alerta-por-tormentas-severas-y-riesgo-de-desbordes-en-tres-arroyos\/#primaryimage\"},\"thumbnailUrl\":\"https:\/\/ondauno.com.ar\/wp-content\/uploads\/2025\/03\/WhatsApp-Image-2025-03-07-at-12.00.30.jpeg\",\"datePublished\":\"2025-03-07T20:48:47+00:00\",\"dateModified\":\"2025-03-07T20:48:50+00:00\",\"author\":{\"@id\":\"https:\/\/ondauno.com.ar\/#\/schema\/person\/7ec851ddeceb4133d7d7132dc645714e\"},\"breadcrumb\":{\"@id\":\"https:\/\/ondauno.com.ar\/index.php\/2025\/03\/07\/alerta-por-tormentas-severas-y-riesgo-de-desbordes-en-tres-arroyos\/#breadcrumb\"},\"inLanguage\":\"es-AR\",\"potentialAction\":[{\"@type\":\"ReadAction\",\"target\":[\"https:\/\/ondauno.com.ar\/index.php\/2025\/03\/07\/alerta-por-tormentas-severas-y-riesgo-de-desbordes-en-tres-arroyos\/\"]}]},{\"@type\":\"ImageObject\",\"inLanguage\":\"es-AR\",\"@id\":\"https:\/\/ondauno.com.ar\/index.php\/2025\/03\/07\/alerta-por-tormentas-severas-y-riesgo-de-desbordes-en-tres-arroyos\/#primaryimage\",\"url\":\"https:\/\/ondauno.com.ar\/wp-content\/uploads\/2025\/03\/WhatsApp-Image-2025-03-07-at-12.00.30.jpeg\",\"contentUrl\":\"https:\/\/ondauno.com.ar\/wp-content\/uploads\/2025\/03\/WhatsApp-Image-2025-03-07-at-12.00.30.jpeg\",\"width\":805,\"height\":802},{\"@type\":\"BreadcrumbList\",\"@id\":\"https:\/\/ondauno.com.ar\/index.php\/2025\/03\/07\/alerta-por-tormentas-severas-y-riesgo-de-desbordes-en-tres-arroyos\/#breadcrumb\",\"itemListElement\":[{\"@type\":\"ListItem\",\"position\":1,\"name\":\"Inicio\",\"item\":\"https:\/\/ondauno.com.ar\/\"},{\"@type\":\"ListItem\",\"position\":2,\"name\":\"Alerta por tormentas severas y riesgo de desbordes en Tres Arroyos\"}]},{\"@type\":\"WebSite\",\"@id\":\"https:\/\/ondauno.com.ar\/#website\",\"url\":\"https:\/\/ondauno.com.ar\/\",\"name\":\"103.9 fm\",\"description\":\"LA PRIMERA RADIO MULTIMEDIA DE TRES ARROYOS\",\"potentialAction\":[{\"@type\":\"SearchAction\",\"target\":{\"@type\":\"EntryPoint\",\"urlTemplate\":\"https:\/\/ondauno.com.ar\/?s={search_term_string}\"},\"query-input\":\"required name=search_term_string\"}],\"inLanguage\":\"es-AR\"},{\"@type\":\"Person\",\"@id\":\"https:\/\/ondauno.com.ar\/#\/schema\/person\/7ec851ddeceb4133d7d7132dc645714e\",\"name\":\"OndaUno\",\"image\":{\"@type\":\"ImageObject\",\"inLanguage\":\"es-AR\",\"@id\":\"https:\/\/ondauno.com.ar\/#\/schema\/person\/image\/\",\"url\":\"https:\/\/secure.gravatar.com\/avatar\/93b8009f0de7021f1feb2bd5b32fb9e8?s=96&d=mm&r=g\",\"contentUrl\":\"https:\/\/secure.gravatar.com\/avatar\/93b8009f0de7021f1feb2bd5b32fb9e8?s=96&d=mm&r=g\",\"caption\":\"OndaUno\"},\"url\":\"https:\/\/ondauno.com.ar\/index.php\/author\/ondauno\/\"}]}<\/script>\n<!-- \/ Yoast SEO plugin. -->","yoast_head_json":{"title":"Alerta por tormentas severas y riesgo de desbordes en Tres Arroyos - 103.9 fm","robots":{"index":"index","follow":"follow","max-snippet":"max-snippet:-1","max-image-preview":"max-image-preview:large","max-video-preview":"max-video-preview:-1"},"canonical":"https:\/\/ondauno.com.ar\/index.php\/2025\/03\/07\/alerta-por-tormentas-severas-y-riesgo-de-desbordes-en-tres-arroyos\/","og_locale":"es_ES","og_type":"article","og_title":"Alerta por tormentas severas y riesgo de desbordes en Tres Arroyos - 103.9 fm","og_description":"El Comit\u00e9 de Emergencia del distrito se reuni\u00f3 con funcionarios policiales, bomberos y autoridades locales para coordinar acciones ante la grave situaci\u00f3n clim\u00e1tica que se pronostica. Seg\u00fan el pron\u00f3stico del Servicio Meteorol\u00f3gico Nacional, se espera la llegada de lluvias y tormentas severas. Sin embargo, el alerta se debe al aumento del caudal de agua que [&hellip;]","og_url":"https:\/\/ondauno.com.ar\/index.php\/2025\/03\/07\/alerta-por-tormentas-severas-y-riesgo-de-desbordes-en-tres-arroyos\/","og_site_name":"103.9 fm","article_publisher":"https:\/\/www.facebook.com\/ondauno103.9","article_published_time":"2025-03-07T20:48:47+00:00","article_modified_time":"2025-03-07T20:48:50+00:00","og_image":[{"width":805,"height":802,"url":"http:\/\/ondauno.com.ar\/wp-content\/uploads\/2025\/03\/WhatsApp-Image-2025-03-07-at-12.00.30.jpeg","type":"image\/jpeg"}],"author":"OndaUno","twitter_card":"summary_large_image","twitter_misc":{"Escrito por":"OndaUno","Tiempo de lectura":"2 minutos"},"schema":{"@context":"https:\/\/schema.org","@graph":[{"@type":"WebPage","@id":"https:\/\/ondauno.com.ar\/index.php\/2025\/03\/07\/alerta-por-tormentas-severas-y-riesgo-de-desbordes-en-tres-arroyos\/","url":"https:\/\/ondauno.com.ar\/index.php\/2025\/03\/07\/alerta-por-tormentas-severas-y-riesgo-de-desbordes-en-tres-arroyos\/","name":"Alerta por tormentas severas y riesgo de desbordes en Tres Arroyos - 103.9 fm","isPartOf":{"@id":"https:\/\/ondauno.com.ar\/#website"},"primaryImageOfPage":{"@id":"https:\/\/ondauno.com.ar\/index.php\/2025\/03\/07\/alerta-por-tormentas-severas-y-riesgo-de-desbordes-en-tres-arroyos\/#primaryimage"},"image":{"@id":"https:\/\/ondauno.com.ar\/index.php\/2025\/03\/07\/alerta-por-tormentas-severas-y-riesgo-de-desbordes-en-tres-arroyos\/#primaryimage"},"thumbnailUrl":"https:\/\/ondauno.com.ar\/wp-content\/uploads\/2025\/03\/WhatsApp-Image-2025-03-07-at-12.00.30.jpeg","datePublished":"2025-03-07T20:48:47+00:00","dateModified":"2025-03-07T20:48:50+00:00","author":{"@id":"https:\/\/ondauno.com.ar\/#\/schema\/person\/7ec851ddeceb4133d7d7132dc645714e"},"breadcrumb":{"@id":"https:\/\/ondauno.com.ar\/index.php\/2025\/03\/07\/alerta-por-tormentas-severas-y-riesgo-de-desbordes-en-tres-arroyos\/#breadcrumb"},"inLanguage":"es-AR","potentialAction":[{"@type":"ReadAction","target":["https:\/\/ondauno.com.ar\/index.php\/2025\/03\/07\/alerta-por-tormentas-severas-y-riesgo-de-desbordes-en-tres-arroyos\/"]}]},{"@type":"ImageObject","inLanguage":"es-AR","@id":"https:\/\/ondauno.com.ar\/index.php\/2025\/03\/07\/alerta-por-tormentas-severas-y-riesgo-de-desbordes-en-tres-arroyos\/#primaryimage","url":"https:\/\/ondauno.com.ar\/wp-content\/uploads\/2025\/03\/WhatsApp-Image-2025-03-07-at-12.00.30.jpeg","contentUrl":"https:\/\/ondauno.com.ar\/wp-content\/uploads\/2025\/03\/WhatsApp-Image-2025-03-07-at-12.00.30.jpeg","width":805,"height":802},{"@type":"BreadcrumbList","@id":"https:\/\/ondauno.com.ar\/index.php\/2025\/03\/07\/alerta-por-tormentas-severas-y-riesgo-de-desbordes-en-tres-arroyos\/#breadcrumb","itemListElement":[{"@type":"ListItem","position":1,"name":"Inicio","item":"https:\/\/ondauno.com.ar\/"},{"@type":"ListItem","position":2,"name":"Alerta por tormentas severas y riesgo de desbordes en Tres Arroyos"}]},{"@type":"WebSite","@id":"https:\/\/ondauno.com.ar\/#website","url":"https:\/\/ondauno.com.ar\/","name":"103.9 fm","description":"LA PRIMERA RADIO MULTIMEDIA DE TRES ARROYOS","potentialAction":[{"@type":"SearchAction","target":{"@type":"EntryPoint","urlTemplate":"https:\/\/ondauno.com.ar\/?s={search_term_string}"},"query-input":"required name=search_term_string"}],"inLanguage":"es-AR"},{"@type":"Person","@id":"https:\/\/ondauno.com.ar\/#\/schema\/person\/7ec851ddeceb4133d7d7132dc645714e","name":"OndaUno","image":{"@type":"ImageObject","inLanguage":"es-AR","@id":"https:\/\/ondauno.com.ar\/#\/schema\/person\/image\/","url":"https:\/\/secure.gravatar.com\/avatar\/93b8009f0de7021f1feb2bd5b32fb9e8?s=96&d=mm&r=g","contentUrl":"https:\/\/secure.gravatar.com\/avatar\/93b8009f0de7021f1feb2bd5b32fb9e8?s=96&d=mm&r=g","caption":"OndaUno"},"url":"https:\/\/ondauno.com.ar\/index.php\/author\/ondauno\/"}]}},"jetpack_publicize_connections":[],"jetpack_featured_media_url":"https:\/\/ondauno.com.ar\/wp-content\/uploads\/2025\/03\/WhatsApp-Image-2025-03-07-at-12.00.30.jpeg","jetpack_sharing_enabled":true,"_links":{"self":[{"href":"https:\/\/ondauno.com.ar\/index.php\/wp-json\/wp\/v2\/posts\/54201","targetHints":{"allow":["GET"]}}],"collection":[{"href":"https:\/\/ondauno.com.ar\/index.php\/wp-json\/wp\/v2\/posts"}],"about":[{"href":"https:\/\/ondauno.com.ar\/index.php\/wp-json\/wp\/v2\/types\/post"}],"author":[{"embeddable":true,"href":"https:\/\/ondauno.com.ar\/index.php\/wp-json\/wp\/v2\/users\/1"}],"replies":[{"embeddable":true,"href":"https:\/\/ondauno.com.ar\/index.php\/wp-json\/wp\/v2\/comments?post=54201"}],"version-history":[{"count":1,"href":"https:\/\/ondauno.com.ar\/index.php\/wp-json\/wp\/v2\/posts\/54201\/revisions"}],"predecessor-version":[{"id":54203,"href":"https:\/\/ondauno.com.ar\/index.php\/wp-json\/wp\/v2\/posts\/54201\/revisions\/54203"}],"wp:featuredmedia":[{"embeddable":true,"href":"https:\/\/ondauno.com.ar\/index.php\/wp-json\/wp\/v2\/media\/54202"}],"wp:attachment":[{"href":"https:\/\/ondauno.com.ar\/index.php\/wp-json\/wp\/v2\/media?parent=54201"}],"wp:term":[{"taxonomy":"category","embeddable":true,"href":"https:\/\/ondauno.com.ar\/index.php\/wp-json\/wp\/v2\/categories?post=54201"},{"taxonomy":"post_tag","embeddable":true,"href":"https:\/\/ondauno.com.ar\/index.php\/wp-json\/wp\/v2\/tags?post=54201"}],"curies":[{"name":"wp","href":"https:\/\/api.w.org\/{rel}","templated":true}]}}