{"id":54151,"date":"2025-03-07T01:05:49","date_gmt":"2025-03-07T04:05:49","guid":{"rendered":"https:\/\/ondauno.com.ar\/?p=54151"},"modified":"2025-03-07T01:05:52","modified_gmt":"2025-03-07T04:05:52","slug":"el-ministro-de-transporte-de-la-provincia-y-el-intendente-pablo-garate-lanzaron-una-campana-de-concientizacion-vial","status":"publish","type":"post","link":"https:\/\/ondauno.com.ar\/index.php\/2025\/03\/07\/el-ministro-de-transporte-de-la-provincia-y-el-intendente-pablo-garate-lanzaron-una-campana-de-concientizacion-vial\/","title":{"rendered":"El Ministro de Transporte de la Provincia y el Intendente Pablo Garate lanzaron una campa\u00f1a de concientizaci\u00f3n vial"},"content":{"rendered":"<div class=\"ondau-before-content_3\" style=\"margin-top: -30px;\" id=\"ondau-1237698802\"><a href=\"https:\/\/www.lps.com.ar\/\" aria-label=\"la-perse2\"><img loading=\"lazy\" decoding=\"async\" src=\"https:\/\/ondauno.com.ar\/wp-content\/uploads\/2021\/10\/la-perse2.jpg\" alt=\"\"  srcset=\"https:\/\/ondauno.com.ar\/wp-content\/uploads\/2021\/10\/la-perse2.jpg 1353w, https:\/\/ondauno.com.ar\/wp-content\/uploads\/2021\/10\/la-perse2-300x43.jpg 300w, https:\/\/ondauno.com.ar\/wp-content\/uploads\/2021\/10\/la-perse2-1024x148.jpg 1024w, https:\/\/ondauno.com.ar\/wp-content\/uploads\/2021\/10\/la-perse2-768x111.jpg 768w, https:\/\/ondauno.com.ar\/wp-content\/uploads\/2021\/10\/la-perse2-696x100.jpg 696w, https:\/\/ondauno.com.ar\/wp-content\/uploads\/2021\/10\/la-perse2-1068x154.jpg 1068w\" sizes=\"(max-width: 1353px) 100vw, 1353px\" class=\"no-lazyload\" width=\"1353\" height=\"195\"  style=\"display: inline-block;\" \/><\/a><\/div>\n<p>Hoy recibimos la visita del Ministro de Transporte de la Provincia de Buenos Aires, Marinucci, quien junto al Intendente Pablo Garate encabez\u00f3 el inicio de la campa\u00f1a de concientizaci\u00f3n vial en nuestra ciudad.<\/p>\n\n\n\n<p>Durante la jornada, se llevaron a cabo capacitaciones destinadas a motociclistas con el objetivo de promover una conducci\u00f3n responsable y seguro, por otro lado adem\u00e1s se resalt\u00f3 la vigencia de la ley de alcohol 0. Se entregaron cascos nuevos a aquellas personas que no contaban con uno o cuyos cascos se encontraban en mal estado. Esta iniciativa continuar\u00e1 desarroll\u00e1ndose en los pr\u00f3ximos d\u00edas, tambi\u00e9n est\u00e1n los simuladores para los conductores que est\u00e1n iniciando.<\/p>\n\n\n\n<figure class=\"wp-block-gallery has-nested-images columns-default is-cropped wp-block-gallery-1 is-layout-flex wp-block-gallery-is-layout-flex\">\n<figure class=\"wp-block-image size-large\"><img loading=\"lazy\" decoding=\"async\" width=\"518\" height=\"345\" data-id=\"54155\" data-src=\"https:\/\/ondauno.com.ar\/wp-content\/uploads\/2025\/03\/029.jpg\" alt=\"\" class=\"wp-image-54155 lazyload\" data-srcset=\"https:\/\/ondauno.com.ar\/wp-content\/uploads\/2025\/03\/029.jpg 518w, https:\/\/ondauno.com.ar\/wp-content\/uploads\/2025\/03\/029-300x200.jpg 300w\" data-sizes=\"auto, (max-width: 518px) 100vw, 518px\" src=\"data:image\/gif;base64,R0lGODlhAQABAAAAACH5BAEKAAEALAAAAAABAAEAAAICTAEAOw==\" style=\"--smush-placeholder-width: 518px; --smush-placeholder-aspect-ratio: 518\/345;\" \/><noscript><img loading=\"lazy\" decoding=\"async\" width=\"518\" height=\"345\" data-id=\"54155\" src=\"https:\/\/ondauno.com.ar\/wp-content\/uploads\/2025\/03\/029.jpg\" alt=\"\" class=\"wp-image-54155\" srcset=\"https:\/\/ondauno.com.ar\/wp-content\/uploads\/2025\/03\/029.jpg 518w, https:\/\/ondauno.com.ar\/wp-content\/uploads\/2025\/03\/029-300x200.jpg 300w\" sizes=\"auto, (max-width: 518px) 100vw, 518px\" \/><\/noscript><\/figure>\n\n\n\n<figure class=\"wp-block-image size-large\"><img loading=\"lazy\" decoding=\"async\" width=\"518\" height=\"345\" data-id=\"54154\" data-src=\"https:\/\/ondauno.com.ar\/wp-content\/uploads\/2025\/03\/032.jpg\" alt=\"\" class=\"wp-image-54154 lazyload\" data-srcset=\"https:\/\/ondauno.com.ar\/wp-content\/uploads\/2025\/03\/032.jpg 518w, https:\/\/ondauno.com.ar\/wp-content\/uploads\/2025\/03\/032-300x200.jpg 300w\" data-sizes=\"auto, (max-width: 518px) 100vw, 518px\" src=\"data:image\/gif;base64,R0lGODlhAQABAAAAACH5BAEKAAEALAAAAAABAAEAAAICTAEAOw==\" style=\"--smush-placeholder-width: 518px; --smush-placeholder-aspect-ratio: 518\/345;\" \/><noscript><img loading=\"lazy\" decoding=\"async\" width=\"518\" height=\"345\" data-id=\"54154\" src=\"https:\/\/ondauno.com.ar\/wp-content\/uploads\/2025\/03\/032.jpg\" alt=\"\" class=\"wp-image-54154\" srcset=\"https:\/\/ondauno.com.ar\/wp-content\/uploads\/2025\/03\/032.jpg 518w, https:\/\/ondauno.com.ar\/wp-content\/uploads\/2025\/03\/032-300x200.jpg 300w\" sizes=\"auto, (max-width: 518px) 100vw, 518px\" \/><\/noscript><\/figure>\n\n\n\n<figure class=\"wp-block-image size-large\"><img loading=\"lazy\" decoding=\"async\" width=\"600\" height=\"400\" data-id=\"54156\" data-src=\"https:\/\/ondauno.com.ar\/wp-content\/uploads\/2025\/03\/046.jpg\" alt=\"\" class=\"wp-image-54156 lazyload\" data-srcset=\"https:\/\/ondauno.com.ar\/wp-content\/uploads\/2025\/03\/046.jpg 600w, https:\/\/ondauno.com.ar\/wp-content\/uploads\/2025\/03\/046-300x200.jpg 300w\" data-sizes=\"auto, (max-width: 600px) 100vw, 600px\" src=\"data:image\/gif;base64,R0lGODlhAQABAAAAACH5BAEKAAEALAAAAAABAAEAAAICTAEAOw==\" style=\"--smush-placeholder-width: 600px; --smush-placeholder-aspect-ratio: 600\/400;\" \/><noscript><img loading=\"lazy\" decoding=\"async\" width=\"600\" height=\"400\" data-id=\"54156\" src=\"https:\/\/ondauno.com.ar\/wp-content\/uploads\/2025\/03\/046.jpg\" alt=\"\" class=\"wp-image-54156\" srcset=\"https:\/\/ondauno.com.ar\/wp-content\/uploads\/2025\/03\/046.jpg 600w, https:\/\/ondauno.com.ar\/wp-content\/uploads\/2025\/03\/046-300x200.jpg 300w\" sizes=\"auto, (max-width: 600px) 100vw, 600px\" \/><\/noscript><\/figure>\n\n\n\n<figure class=\"wp-block-image size-large\"><img loading=\"lazy\" decoding=\"async\" width=\"559\" height=\"372\" data-id=\"54152\" data-src=\"https:\/\/ondauno.com.ar\/wp-content\/uploads\/2025\/03\/045.jpg\" alt=\"\" class=\"wp-image-54152 lazyload\" data-srcset=\"https:\/\/ondauno.com.ar\/wp-content\/uploads\/2025\/03\/045.jpg 559w, https:\/\/ondauno.com.ar\/wp-content\/uploads\/2025\/03\/045-300x200.jpg 300w\" data-sizes=\"auto, (max-width: 559px) 100vw, 559px\" src=\"data:image\/gif;base64,R0lGODlhAQABAAAAACH5BAEKAAEALAAAAAABAAEAAAICTAEAOw==\" style=\"--smush-placeholder-width: 559px; --smush-placeholder-aspect-ratio: 559\/372;\" \/><noscript><img loading=\"lazy\" decoding=\"async\" width=\"559\" height=\"372\" data-id=\"54152\" src=\"https:\/\/ondauno.com.ar\/wp-content\/uploads\/2025\/03\/045.jpg\" alt=\"\" class=\"wp-image-54152\" srcset=\"https:\/\/ondauno.com.ar\/wp-content\/uploads\/2025\/03\/045.jpg 559w, https:\/\/ondauno.com.ar\/wp-content\/uploads\/2025\/03\/045-300x200.jpg 300w\" sizes=\"auto, (max-width: 559px) 100vw, 559px\" \/><\/noscript><\/figure>\n<\/figure>\n\n\n\n<p>Por otro lado, en el marco de esta visita, se confirm\u00f3 que las combis municipales ya cuentan con la habilitaci\u00f3n provincial para realizar viajes fuera del distrito, lo que permitir\u00e1 mejorar el servicio de transporte para los vecinos.<\/p>\n\n\n\n<p>Finalmente, el Ministro Marinucci y el Intendente Garate anunciaron que se est\u00e1 avanzando en el proyecto de transporte p\u00fablico para la ciudad. El Intendente ha puesto en agenda la necesidad de contar con un sistema de transporte p\u00fablico urbano e interurbano eficiente que conecte tanto la ciudad de Tres Arroyos como las localidades del distrito.<\/p>\n","protected":false},"excerpt":{"rendered":"<p>Hoy recibimos la visita del Ministro de Transporte de la Provincia de Buenos Aires, Marinucci, quien junto al Intendente Pablo Garate encabez\u00f3 el inicio de la campa\u00f1a de concientizaci\u00f3n vial en nuestra ciudad. Durante la jornada, se llevaron a cabo capacitaciones destinadas a motociclistas con el objetivo de promover una conducci\u00f3n responsable y seguro, por [&hellip;]<\/p>\n","protected":false},"author":1,"featured_media":54152,"comment_status":"open","ping_status":"open","sticky":false,"template":"","format":"standard","meta":{"tdm_status":"","tdm_grid_status":"","_jetpack_memberships_contains_paid_content":false,"footnotes":"","jetpack_publicize_message":"","jetpack_publicize_feature_enabled":true,"jetpack_social_post_already_shared":false,"jetpack_social_options":{"image_generator_settings":{"template":"highway","default_image_id":0,"font":"","enabled":false},"version":2}},"categories":[2],"tags":[],"class_list":{"0":"post-54151","1":"post","2":"type-post","3":"status-publish","4":"format-standard","5":"has-post-thumbnail","7":"category-locales"},"yoast_head":"<!-- This site is optimized with the Yoast SEO plugin v22.7 - https:\/\/yoast.com\/wordpress\/plugins\/seo\/ -->\n<title>El Ministro de Transporte de la Provincia y el Intendente Pablo Garate lanzaron una campa\u00f1a de concientizaci\u00f3n vial - 103.9 fm<\/title>\n<meta name=\"robots\" content=\"index, follow, max-snippet:-1, max-image-preview:large, max-video-preview:-1\" \/>\n<link rel=\"canonical\" href=\"https:\/\/ondauno.com.ar\/index.php\/2025\/03\/07\/el-ministro-de-transporte-de-la-provincia-y-el-intendente-pablo-garate-lanzaron-una-campana-de-concientizacion-vial\/\" \/>\n<meta property=\"og:locale\" content=\"es_ES\" \/>\n<meta property=\"og:type\" content=\"article\" \/>\n<meta property=\"og:title\" content=\"El Ministro de Transporte de la Provincia y el Intendente Pablo Garate lanzaron una campa\u00f1a de concientizaci\u00f3n vial - 103.9 fm\" \/>\n<meta property=\"og:description\" content=\"Hoy recibimos la visita del Ministro de Transporte de la Provincia de Buenos Aires, Marinucci, quien junto al Intendente Pablo Garate encabez\u00f3 el inicio de la campa\u00f1a de concientizaci\u00f3n vial en nuestra ciudad. Durante la jornada, se llevaron a cabo capacitaciones destinadas a motociclistas con el objetivo de promover una conducci\u00f3n responsable y seguro, por [&hellip;]\" \/>\n<meta property=\"og:url\" content=\"https:\/\/ondauno.com.ar\/index.php\/2025\/03\/07\/el-ministro-de-transporte-de-la-provincia-y-el-intendente-pablo-garate-lanzaron-una-campana-de-concientizacion-vial\/\" \/>\n<meta property=\"og:site_name\" content=\"103.9 fm\" \/>\n<meta property=\"article:publisher\" content=\"https:\/\/www.facebook.com\/ondauno103.9\" \/>\n<meta property=\"article:published_time\" content=\"2025-03-07T04:05:49+00:00\" \/>\n<meta property=\"article:modified_time\" content=\"2025-03-07T04:05:52+00:00\" \/>\n<meta property=\"og:image\" content=\"http:\/\/ondauno.com.ar\/wp-content\/uploads\/2025\/03\/045.jpg\" \/>\n\t<meta property=\"og:image:width\" content=\"559\" \/>\n\t<meta property=\"og:image:height\" content=\"372\" \/>\n\t<meta property=\"og:image:type\" content=\"image\/jpeg\" \/>\n<meta name=\"author\" content=\"OndaUno\" \/>\n<meta name=\"twitter:card\" content=\"summary_large_image\" \/>\n<meta name=\"twitter:label1\" content=\"Escrito por\" \/>\n\t<meta name=\"twitter:data1\" content=\"OndaUno\" \/>\n\t<meta name=\"twitter:label2\" content=\"Tiempo de lectura\" \/>\n\t<meta name=\"twitter:data2\" content=\"2 minutos\" \/>\n<script type=\"application\/ld+json\" class=\"yoast-schema-graph\">{\"@context\":\"https:\/\/schema.org\",\"@graph\":[{\"@type\":\"WebPage\",\"@id\":\"https:\/\/ondauno.com.ar\/index.php\/2025\/03\/07\/el-ministro-de-transporte-de-la-provincia-y-el-intendente-pablo-garate-lanzaron-una-campana-de-concientizacion-vial\/\",\"url\":\"https:\/\/ondauno.com.ar\/index.php\/2025\/03\/07\/el-ministro-de-transporte-de-la-provincia-y-el-intendente-pablo-garate-lanzaron-una-campana-de-concientizacion-vial\/\",\"name\":\"El Ministro de Transporte de la Provincia y el Intendente Pablo Garate lanzaron una campa\u00f1a de concientizaci\u00f3n vial - 103.9 fm\",\"isPartOf\":{\"@id\":\"https:\/\/ondauno.com.ar\/#website\"},\"primaryImageOfPage\":{\"@id\":\"https:\/\/ondauno.com.ar\/index.php\/2025\/03\/07\/el-ministro-de-transporte-de-la-provincia-y-el-intendente-pablo-garate-lanzaron-una-campana-de-concientizacion-vial\/#primaryimage\"},\"image\":{\"@id\":\"https:\/\/ondauno.com.ar\/index.php\/2025\/03\/07\/el-ministro-de-transporte-de-la-provincia-y-el-intendente-pablo-garate-lanzaron-una-campana-de-concientizacion-vial\/#primaryimage\"},\"thumbnailUrl\":\"https:\/\/ondauno.com.ar\/wp-content\/uploads\/2025\/03\/045.jpg\",\"datePublished\":\"2025-03-07T04:05:49+00:00\",\"dateModified\":\"2025-03-07T04:05:52+00:00\",\"author\":{\"@id\":\"https:\/\/ondauno.com.ar\/#\/schema\/person\/7ec851ddeceb4133d7d7132dc645714e\"},\"breadcrumb\":{\"@id\":\"https:\/\/ondauno.com.ar\/index.php\/2025\/03\/07\/el-ministro-de-transporte-de-la-provincia-y-el-intendente-pablo-garate-lanzaron-una-campana-de-concientizacion-vial\/#breadcrumb\"},\"inLanguage\":\"es-AR\",\"potentialAction\":[{\"@type\":\"ReadAction\",\"target\":[\"https:\/\/ondauno.com.ar\/index.php\/2025\/03\/07\/el-ministro-de-transporte-de-la-provincia-y-el-intendente-pablo-garate-lanzaron-una-campana-de-concientizacion-vial\/\"]}]},{\"@type\":\"ImageObject\",\"inLanguage\":\"es-AR\",\"@id\":\"https:\/\/ondauno.com.ar\/index.php\/2025\/03\/07\/el-ministro-de-transporte-de-la-provincia-y-el-intendente-pablo-garate-lanzaron-una-campana-de-concientizacion-vial\/#primaryimage\",\"url\":\"https:\/\/ondauno.com.ar\/wp-content\/uploads\/2025\/03\/045.jpg\",\"contentUrl\":\"https:\/\/ondauno.com.ar\/wp-content\/uploads\/2025\/03\/045.jpg\",\"width\":559,\"height\":372},{\"@type\":\"BreadcrumbList\",\"@id\":\"https:\/\/ondauno.com.ar\/index.php\/2025\/03\/07\/el-ministro-de-transporte-de-la-provincia-y-el-intendente-pablo-garate-lanzaron-una-campana-de-concientizacion-vial\/#breadcrumb\",\"itemListElement\":[{\"@type\":\"ListItem\",\"position\":1,\"name\":\"Inicio\",\"item\":\"https:\/\/ondauno.com.ar\/\"},{\"@type\":\"ListItem\",\"position\":2,\"name\":\"El Ministro de Transporte de la Provincia y el Intendente Pablo Garate lanzaron una campa\u00f1a de concientizaci\u00f3n vial\"}]},{\"@type\":\"WebSite\",\"@id\":\"https:\/\/ondauno.com.ar\/#website\",\"url\":\"https:\/\/ondauno.com.ar\/\",\"name\":\"103.9 fm\",\"description\":\"LA PRIMERA RADIO MULTIMEDIA DE TRES ARROYOS\",\"potentialAction\":[{\"@type\":\"SearchAction\",\"target\":{\"@type\":\"EntryPoint\",\"urlTemplate\":\"https:\/\/ondauno.com.ar\/?s={search_term_string}\"},\"query-input\":\"required name=search_term_string\"}],\"inLanguage\":\"es-AR\"},{\"@type\":\"Person\",\"@id\":\"https:\/\/ondauno.com.ar\/#\/schema\/person\/7ec851ddeceb4133d7d7132dc645714e\",\"name\":\"OndaUno\",\"image\":{\"@type\":\"ImageObject\",\"inLanguage\":\"es-AR\",\"@id\":\"https:\/\/ondauno.com.ar\/#\/schema\/person\/image\/\",\"url\":\"https:\/\/secure.gravatar.com\/avatar\/93b8009f0de7021f1feb2bd5b32fb9e8?s=96&d=mm&r=g\",\"contentUrl\":\"https:\/\/secure.gravatar.com\/avatar\/93b8009f0de7021f1feb2bd5b32fb9e8?s=96&d=mm&r=g\",\"caption\":\"OndaUno\"},\"url\":\"https:\/\/ondauno.com.ar\/index.php\/author\/ondauno\/\"}]}<\/script>\n<!-- \/ Yoast SEO plugin. -->","yoast_head_json":{"title":"El Ministro de Transporte de la Provincia y el Intendente Pablo Garate lanzaron una campa\u00f1a de concientizaci\u00f3n vial - 103.9 fm","robots":{"index":"index","follow":"follow","max-snippet":"max-snippet:-1","max-image-preview":"max-image-preview:large","max-video-preview":"max-video-preview:-1"},"canonical":"https:\/\/ondauno.com.ar\/index.php\/2025\/03\/07\/el-ministro-de-transporte-de-la-provincia-y-el-intendente-pablo-garate-lanzaron-una-campana-de-concientizacion-vial\/","og_locale":"es_ES","og_type":"article","og_title":"El Ministro de Transporte de la Provincia y el Intendente Pablo Garate lanzaron una campa\u00f1a de concientizaci\u00f3n vial - 103.9 fm","og_description":"Hoy recibimos la visita del Ministro de Transporte de la Provincia de Buenos Aires, Marinucci, quien junto al Intendente Pablo Garate encabez\u00f3 el inicio de la campa\u00f1a de concientizaci\u00f3n vial en nuestra ciudad. Durante la jornada, se llevaron a cabo capacitaciones destinadas a motociclistas con el objetivo de promover una conducci\u00f3n responsable y seguro, por [&hellip;]","og_url":"https:\/\/ondauno.com.ar\/index.php\/2025\/03\/07\/el-ministro-de-transporte-de-la-provincia-y-el-intendente-pablo-garate-lanzaron-una-campana-de-concientizacion-vial\/","og_site_name":"103.9 fm","article_publisher":"https:\/\/www.facebook.com\/ondauno103.9","article_published_time":"2025-03-07T04:05:49+00:00","article_modified_time":"2025-03-07T04:05:52+00:00","og_image":[{"width":559,"height":372,"url":"http:\/\/ondauno.com.ar\/wp-content\/uploads\/2025\/03\/045.jpg","type":"image\/jpeg"}],"author":"OndaUno","twitter_card":"summary_large_image","twitter_misc":{"Escrito por":"OndaUno","Tiempo de lectura":"2 minutos"},"schema":{"@context":"https:\/\/schema.org","@graph":[{"@type":"WebPage","@id":"https:\/\/ondauno.com.ar\/index.php\/2025\/03\/07\/el-ministro-de-transporte-de-la-provincia-y-el-intendente-pablo-garate-lanzaron-una-campana-de-concientizacion-vial\/","url":"https:\/\/ondauno.com.ar\/index.php\/2025\/03\/07\/el-ministro-de-transporte-de-la-provincia-y-el-intendente-pablo-garate-lanzaron-una-campana-de-concientizacion-vial\/","name":"El Ministro de Transporte de la Provincia y el Intendente Pablo Garate lanzaron una campa\u00f1a de concientizaci\u00f3n vial - 103.9 fm","isPartOf":{"@id":"https:\/\/ondauno.com.ar\/#website"},"primaryImageOfPage":{"@id":"https:\/\/ondauno.com.ar\/index.php\/2025\/03\/07\/el-ministro-de-transporte-de-la-provincia-y-el-intendente-pablo-garate-lanzaron-una-campana-de-concientizacion-vial\/#primaryimage"},"image":{"@id":"https:\/\/ondauno.com.ar\/index.php\/2025\/03\/07\/el-ministro-de-transporte-de-la-provincia-y-el-intendente-pablo-garate-lanzaron-una-campana-de-concientizacion-vial\/#primaryimage"},"thumbnailUrl":"https:\/\/ondauno.com.ar\/wp-content\/uploads\/2025\/03\/045.jpg","datePublished":"2025-03-07T04:05:49+00:00","dateModified":"2025-03-07T04:05:52+00:00","author":{"@id":"https:\/\/ondauno.com.ar\/#\/schema\/person\/7ec851ddeceb4133d7d7132dc645714e"},"breadcrumb":{"@id":"https:\/\/ondauno.com.ar\/index.php\/2025\/03\/07\/el-ministro-de-transporte-de-la-provincia-y-el-intendente-pablo-garate-lanzaron-una-campana-de-concientizacion-vial\/#breadcrumb"},"inLanguage":"es-AR","potentialAction":[{"@type":"ReadAction","target":["https:\/\/ondauno.com.ar\/index.php\/2025\/03\/07\/el-ministro-de-transporte-de-la-provincia-y-el-intendente-pablo-garate-lanzaron-una-campana-de-concientizacion-vial\/"]}]},{"@type":"ImageObject","inLanguage":"es-AR","@id":"https:\/\/ondauno.com.ar\/index.php\/2025\/03\/07\/el-ministro-de-transporte-de-la-provincia-y-el-intendente-pablo-garate-lanzaron-una-campana-de-concientizacion-vial\/#primaryimage","url":"https:\/\/ondauno.com.ar\/wp-content\/uploads\/2025\/03\/045.jpg","contentUrl":"https:\/\/ondauno.com.ar\/wp-content\/uploads\/2025\/03\/045.jpg","width":559,"height":372},{"@type":"BreadcrumbList","@id":"https:\/\/ondauno.com.ar\/index.php\/2025\/03\/07\/el-ministro-de-transporte-de-la-provincia-y-el-intendente-pablo-garate-lanzaron-una-campana-de-concientizacion-vial\/#breadcrumb","itemListElement":[{"@type":"ListItem","position":1,"name":"Inicio","item":"https:\/\/ondauno.com.ar\/"},{"@type":"ListItem","position":2,"name":"El Ministro de Transporte de la Provincia y el Intendente Pablo Garate lanzaron una campa\u00f1a de concientizaci\u00f3n vial"}]},{"@type":"WebSite","@id":"https:\/\/ondauno.com.ar\/#website","url":"https:\/\/ondauno.com.ar\/","name":"103.9 fm","description":"LA PRIMERA RADIO MULTIMEDIA DE TRES ARROYOS","potentialAction":[{"@type":"SearchAction","target":{"@type":"EntryPoint","urlTemplate":"https:\/\/ondauno.com.ar\/?s={search_term_string}"},"query-input":"required name=search_term_string"}],"inLanguage":"es-AR"},{"@type":"Person","@id":"https:\/\/ondauno.com.ar\/#\/schema\/person\/7ec851ddeceb4133d7d7132dc645714e","name":"OndaUno","image":{"@type":"ImageObject","inLanguage":"es-AR","@id":"https:\/\/ondauno.com.ar\/#\/schema\/person\/image\/","url":"https:\/\/secure.gravatar.com\/avatar\/93b8009f0de7021f1feb2bd5b32fb9e8?s=96&d=mm&r=g","contentUrl":"https:\/\/secure.gravatar.com\/avatar\/93b8009f0de7021f1feb2bd5b32fb9e8?s=96&d=mm&r=g","caption":"OndaUno"},"url":"https:\/\/ondauno.com.ar\/index.php\/author\/ondauno\/"}]}},"jetpack_publicize_connections":[],"jetpack_featured_media_url":"https:\/\/ondauno.com.ar\/wp-content\/uploads\/2025\/03\/045.jpg","jetpack_sharing_enabled":true,"_links":{"self":[{"href":"https:\/\/ondauno.com.ar\/index.php\/wp-json\/wp\/v2\/posts\/54151","targetHints":{"allow":["GET"]}}],"collection":[{"href":"https:\/\/ondauno.com.ar\/index.php\/wp-json\/wp\/v2\/posts"}],"about":[{"href":"https:\/\/ondauno.com.ar\/index.php\/wp-json\/wp\/v2\/types\/post"}],"author":[{"embeddable":true,"href":"https:\/\/ondauno.com.ar\/index.php\/wp-json\/wp\/v2\/users\/1"}],"replies":[{"embeddable":true,"href":"https:\/\/ondauno.com.ar\/index.php\/wp-json\/wp\/v2\/comments?post=54151"}],"version-history":[{"count":1,"href":"https:\/\/ondauno.com.ar\/index.php\/wp-json\/wp\/v2\/posts\/54151\/revisions"}],"predecessor-version":[{"id":54157,"href":"https:\/\/ondauno.com.ar\/index.php\/wp-json\/wp\/v2\/posts\/54151\/revisions\/54157"}],"wp:featuredmedia":[{"embeddable":true,"href":"https:\/\/ondauno.com.ar\/index.php\/wp-json\/wp\/v2\/media\/54152"}],"wp:attachment":[{"href":"https:\/\/ondauno.com.ar\/index.php\/wp-json\/wp\/v2\/media?parent=54151"}],"wp:term":[{"taxonomy":"category","embeddable":true,"href":"https:\/\/ondauno.com.ar\/index.php\/wp-json\/wp\/v2\/categories?post=54151"},{"taxonomy":"post_tag","embeddable":true,"href":"https:\/\/ondauno.com.ar\/index.php\/wp-json\/wp\/v2\/tags?post=54151"}],"curies":[{"name":"wp","href":"https:\/\/api.w.org\/{rel}","templated":true}]}}