{"id":54079,"date":"2025-03-05T18:48:08","date_gmt":"2025-03-05T21:48:08","guid":{"rendered":"https:\/\/ondauno.com.ar\/?p=54079"},"modified":"2025-03-05T18:48:12","modified_gmt":"2025-03-05T21:48:12","slug":"kicillof-encabezo-el-acto-que-dio-inicio-al-ciclo-lectivo-2025","status":"publish","type":"post","link":"https:\/\/ondauno.com.ar\/index.php\/2025\/03\/05\/kicillof-encabezo-el-acto-que-dio-inicio-al-ciclo-lectivo-2025\/","title":{"rendered":"Kicillof encabez\u00f3 el acto que dio inicio al ciclo lectivo 2025"},"content":{"rendered":"<div class=\"ondau-before-content_3\" style=\"margin-top: -30px;\" id=\"ondau-997955159\"><a href=\"https:\/\/www.lps.com.ar\/\" aria-label=\"la-perse2\"><img loading=\"lazy\" decoding=\"async\" src=\"https:\/\/ondauno.com.ar\/wp-content\/uploads\/2021\/10\/la-perse2.jpg\" alt=\"\"  srcset=\"https:\/\/ondauno.com.ar\/wp-content\/uploads\/2021\/10\/la-perse2.jpg 1353w, https:\/\/ondauno.com.ar\/wp-content\/uploads\/2021\/10\/la-perse2-300x43.jpg 300w, https:\/\/ondauno.com.ar\/wp-content\/uploads\/2021\/10\/la-perse2-1024x148.jpg 1024w, https:\/\/ondauno.com.ar\/wp-content\/uploads\/2021\/10\/la-perse2-768x111.jpg 768w, https:\/\/ondauno.com.ar\/wp-content\/uploads\/2021\/10\/la-perse2-696x100.jpg 696w, https:\/\/ondauno.com.ar\/wp-content\/uploads\/2021\/10\/la-perse2-1068x154.jpg 1068w\" sizes=\"(max-width: 1353px) 100vw, 1353px\" class=\"no-lazyload\" width=\"1353\" height=\"195\"  style=\"display: inline-block;\" \/><\/a><\/div>\n<p><em>Adem\u00e1s, el Gobernador inaugur\u00f3 un nuevo polo educativo que suma 1.590 vacantes para chicos y chicas de Presidente Derqui.<\/em><\/p>\n\n\n\n<p>El gobernador de la provincia de Buenos Aires, Axel Kicillof, encabez\u00f3 este mi\u00e9rcoles en el municipio de Pilar el acto que dio inicio al ciclo lectivo 2025 e inaugur\u00f3 un nuevo polo educativo en la localidad de Presidente Derqui. Fue junto al director general de Cultura y Educaci\u00f3n, Alberto Sileoni; el intendente local, Federico Ach\u00e1val; y la directora de la Escuela Primaria N\u00ba 50, Marisa Ram\u00edrez.<\/p>\n\n\n\n<p>En ese marco, Kicillof remarc\u00f3: \u201cPor sexto a\u00f1o consecutivo damos inicio al ciclo lectivo y logramos que cinco millones de estudiantes bonaerenses comiencen las clases el mismo d\u00eda que estaba establecido en el calendario escolar\u201d. \u201cLo hacemos en un acto muy especial, en el que adem\u00e1s inauguramos un polo educativo en Pilar y alcanzamos los 240 nuevos edificios escolares en toda la provincia\u201d, agreg\u00f3.<\/p>\n\n\n\n<p>\u201cNos llena de orgullo todo lo que hemos logrado en estos a\u00f1os, pero sabemos que todav\u00eda falta mucho por hacer para ampliar y mejorar nuestro sistema educativo\u201d, sostuvo el Gobernador y a\u00f1adi\u00f3: \u201cEn un momento muy dif\u00edcil para la Argentina, en donde el Gobierno nacional paraliza las obras de infraestructura y desfinancia la educaci\u00f3n p\u00fablica, en la Provincia vamos a hacer un gran esfuerzo para inaugurar 50 nuevas escuelas a lo largo del a\u00f1o\u201d.<\/p>\n\n\n\n<p>A partir de una inversi\u00f3n de $8.700 millones, las obras para llevar adelante el nuevo polo educativo en Villa Luj\u00e1n consistieron en la construcci\u00f3n de dos nuevos edificios, uno para la Escuela Primaria N\u00ba 50 y otro para la Escuela Secundaria N\u00ba 41, y la ampliaci\u00f3n del Jard\u00edn de Infantes N\u00ba 941 \u201cJuana Gorriti\u201d, que duplic\u00f3 su matr\u00edcula. Con este proyecto financiado por el Organismo Provincial de Integraci\u00f3n Social y Urbana (OPISU) se incorporaron 1.590 vacantes para chicos y chicas del barrio.<\/p>\n\n\n\n<p>Por su parte, Sileoni sostuvo: \u201cLa escuela es un escenario de aprendizaje y un espacio profundamente humano y necesario en estos tiempos: es una instituci\u00f3n de la que estamos orgullosos porque garantiza derechos y abre mejores posibilidades\u201d. \u201cDesde el Estado provincial estamos convencidos de la importancia de invertir en la educaci\u00f3n p\u00fablica: distribuiremos libros, sumaremos tecnolog\u00eda y construiremos nuevas escuelas para que todos los chicos y las chicas puedan so\u00f1ar con un futuro mejor \u201d, expres\u00f3.<\/p>\n\n\n\n<p>\u201cEste polo educativo es producto de la decisi\u00f3n pol\u00edtica de poner a la educaci\u00f3n p\u00fablica en el centro de nuestras prioridades: gracias al trabajo conjunto entre el municipio y la provincia, en Pilar ya inauguramos 26 nuevas escuelas y vamos a seguir por este camino de transformaci\u00f3n\u201d, remarc\u00f3 Ach\u00e1val.<\/p>\n\n\n\n<p>\u201cLa educaci\u00f3n es un pilar que construye una sociedad m\u00e1s justa e igualitaria. No es un privilegio, sino un derecho que brinda presente y futuro: agradecemos la presencia del Estado provincial y municipal por cumplir el sue\u00f1o de nuestra comunidad educativa\u201d, sostuvo la directora Ram\u00edrez.<\/p>\n\n\n\n<p>Por \u00faltimo, Kicillof subray\u00f3: \u201cAtacar al sistema educativo y destruir el Estado no es lo que quieren las y los bonaerenses: en la provincia de Buenos Aires vamos a seguir invirtiendo en educaci\u00f3n porque creemos que la igualdad de derechos y la justicia social son las herramientas fundamentales para construir un futuro mejor\u201d.<\/p>\n\n\n\n<p>Adem\u00e1s, el ministerio de Ambiente bonaerense entreg\u00f3 una huerta y una compostera para el polo educativo, al tiempo que puso en funcionamiento un cami\u00f3n de caja abierta para la gesti\u00f3n de residuos en el distrito.<\/p>\n\n\n\n<p>Estuvieron presentes la directora ejecutiva del OPISU, Romina Barrios; los subsecretarios de Educaci\u00f3n, Pablo Urquiza; de Infraestructura Escolar, Ariel Lambezat; su par de Residuos S\u00f3lidos Urbanos y Econom\u00eda Circular, Jackie Flores; las directoras de la Escuela Secundaria N\u00b041, Lourdes Arias, y del Jard\u00edn de Infantes N\u00ba 941, Iris Alves; y representantes de la comunidad educativa local.<\/p>\n","protected":false},"excerpt":{"rendered":"<p>Adem\u00e1s, el Gobernador inaugur\u00f3 un nuevo polo educativo que suma 1.590 vacantes para chicos y chicas de Presidente Derqui. El gobernador de la provincia de Buenos Aires, Axel Kicillof, encabez\u00f3 este mi\u00e9rcoles en el municipio de Pilar el acto que dio inicio al ciclo lectivo 2025 e inaugur\u00f3 un nuevo polo educativo en la localidad [&hellip;]<\/p>\n","protected":false},"author":1,"featured_media":54080,"comment_status":"open","ping_status":"open","sticky":false,"template":"","format":"standard","meta":{"tdm_status":"","tdm_grid_status":"","_jetpack_memberships_contains_paid_content":false,"footnotes":"","jetpack_publicize_message":"","jetpack_publicize_feature_enabled":true,"jetpack_social_post_already_shared":false,"jetpack_social_options":{"image_generator_settings":{"template":"highway","default_image_id":0,"font":"","enabled":false},"version":2}},"categories":[30],"tags":[],"class_list":{"0":"post-54079","1":"post","2":"type-post","3":"status-publish","4":"format-standard","5":"has-post-thumbnail","7":"category-provinciales"},"yoast_head":"<!-- This site is optimized with the Yoast SEO plugin v22.7 - https:\/\/yoast.com\/wordpress\/plugins\/seo\/ -->\n<title>Kicillof encabez\u00f3 el acto que dio inicio al ciclo lectivo 2025 - 103.9 fm<\/title>\n<meta name=\"robots\" content=\"index, follow, max-snippet:-1, max-image-preview:large, max-video-preview:-1\" \/>\n<link rel=\"canonical\" href=\"https:\/\/ondauno.com.ar\/index.php\/2025\/03\/05\/kicillof-encabezo-el-acto-que-dio-inicio-al-ciclo-lectivo-2025\/\" \/>\n<meta property=\"og:locale\" content=\"es_ES\" \/>\n<meta property=\"og:type\" content=\"article\" \/>\n<meta property=\"og:title\" content=\"Kicillof encabez\u00f3 el acto que dio inicio al ciclo lectivo 2025 - 103.9 fm\" \/>\n<meta property=\"og:description\" content=\"Adem\u00e1s, el Gobernador inaugur\u00f3 un nuevo polo educativo que suma 1.590 vacantes para chicos y chicas de Presidente Derqui. El gobernador de la provincia de Buenos Aires, Axel Kicillof, encabez\u00f3 este mi\u00e9rcoles en el municipio de Pilar el acto que dio inicio al ciclo lectivo 2025 e inaugur\u00f3 un nuevo polo educativo en la localidad [&hellip;]\" \/>\n<meta property=\"og:url\" content=\"https:\/\/ondauno.com.ar\/index.php\/2025\/03\/05\/kicillof-encabezo-el-acto-que-dio-inicio-al-ciclo-lectivo-2025\/\" \/>\n<meta property=\"og:site_name\" content=\"103.9 fm\" \/>\n<meta property=\"article:publisher\" content=\"https:\/\/www.facebook.com\/ondauno103.9\" \/>\n<meta property=\"article:published_time\" content=\"2025-03-05T21:48:08+00:00\" \/>\n<meta property=\"article:modified_time\" content=\"2025-03-05T21:48:12+00:00\" \/>\n<meta property=\"og:image\" content=\"http:\/\/ondauno.com.ar\/wp-content\/uploads\/2025\/03\/dsc_87982jpg.webp\" \/>\n\t<meta property=\"og:image:width\" content=\"1140\" \/>\n\t<meta property=\"og:image:height\" content=\"760\" \/>\n\t<meta property=\"og:image:type\" content=\"image\/webp\" \/>\n<meta name=\"author\" content=\"OndaUno\" \/>\n<meta name=\"twitter:card\" content=\"summary_large_image\" \/>\n<meta name=\"twitter:label1\" content=\"Escrito por\" \/>\n\t<meta name=\"twitter:data1\" content=\"OndaUno\" \/>\n\t<meta name=\"twitter:label2\" content=\"Tiempo de lectura\" \/>\n\t<meta name=\"twitter:data2\" content=\"4 minutos\" \/>\n<script type=\"application\/ld+json\" class=\"yoast-schema-graph\">{\"@context\":\"https:\/\/schema.org\",\"@graph\":[{\"@type\":\"WebPage\",\"@id\":\"https:\/\/ondauno.com.ar\/index.php\/2025\/03\/05\/kicillof-encabezo-el-acto-que-dio-inicio-al-ciclo-lectivo-2025\/\",\"url\":\"https:\/\/ondauno.com.ar\/index.php\/2025\/03\/05\/kicillof-encabezo-el-acto-que-dio-inicio-al-ciclo-lectivo-2025\/\",\"name\":\"Kicillof encabez\u00f3 el acto que dio inicio al ciclo lectivo 2025 - 103.9 fm\",\"isPartOf\":{\"@id\":\"https:\/\/ondauno.com.ar\/#website\"},\"primaryImageOfPage\":{\"@id\":\"https:\/\/ondauno.com.ar\/index.php\/2025\/03\/05\/kicillof-encabezo-el-acto-que-dio-inicio-al-ciclo-lectivo-2025\/#primaryimage\"},\"image\":{\"@id\":\"https:\/\/ondauno.com.ar\/index.php\/2025\/03\/05\/kicillof-encabezo-el-acto-que-dio-inicio-al-ciclo-lectivo-2025\/#primaryimage\"},\"thumbnailUrl\":\"https:\/\/ondauno.com.ar\/wp-content\/uploads\/2025\/03\/dsc_87982jpg.webp\",\"datePublished\":\"2025-03-05T21:48:08+00:00\",\"dateModified\":\"2025-03-05T21:48:12+00:00\",\"author\":{\"@id\":\"https:\/\/ondauno.com.ar\/#\/schema\/person\/7ec851ddeceb4133d7d7132dc645714e\"},\"breadcrumb\":{\"@id\":\"https:\/\/ondauno.com.ar\/index.php\/2025\/03\/05\/kicillof-encabezo-el-acto-que-dio-inicio-al-ciclo-lectivo-2025\/#breadcrumb\"},\"inLanguage\":\"es-AR\",\"potentialAction\":[{\"@type\":\"ReadAction\",\"target\":[\"https:\/\/ondauno.com.ar\/index.php\/2025\/03\/05\/kicillof-encabezo-el-acto-que-dio-inicio-al-ciclo-lectivo-2025\/\"]}]},{\"@type\":\"ImageObject\",\"inLanguage\":\"es-AR\",\"@id\":\"https:\/\/ondauno.com.ar\/index.php\/2025\/03\/05\/kicillof-encabezo-el-acto-que-dio-inicio-al-ciclo-lectivo-2025\/#primaryimage\",\"url\":\"https:\/\/ondauno.com.ar\/wp-content\/uploads\/2025\/03\/dsc_87982jpg.webp\",\"contentUrl\":\"https:\/\/ondauno.com.ar\/wp-content\/uploads\/2025\/03\/dsc_87982jpg.webp\",\"width\":1140,\"height\":760},{\"@type\":\"BreadcrumbList\",\"@id\":\"https:\/\/ondauno.com.ar\/index.php\/2025\/03\/05\/kicillof-encabezo-el-acto-que-dio-inicio-al-ciclo-lectivo-2025\/#breadcrumb\",\"itemListElement\":[{\"@type\":\"ListItem\",\"position\":1,\"name\":\"Inicio\",\"item\":\"https:\/\/ondauno.com.ar\/\"},{\"@type\":\"ListItem\",\"position\":2,\"name\":\"Kicillof encabez\u00f3 el acto que dio inicio al ciclo lectivo 2025\"}]},{\"@type\":\"WebSite\",\"@id\":\"https:\/\/ondauno.com.ar\/#website\",\"url\":\"https:\/\/ondauno.com.ar\/\",\"name\":\"103.9 fm\",\"description\":\"LA PRIMERA RADIO MULTIMEDIA DE TRES ARROYOS\",\"potentialAction\":[{\"@type\":\"SearchAction\",\"target\":{\"@type\":\"EntryPoint\",\"urlTemplate\":\"https:\/\/ondauno.com.ar\/?s={search_term_string}\"},\"query-input\":\"required name=search_term_string\"}],\"inLanguage\":\"es-AR\"},{\"@type\":\"Person\",\"@id\":\"https:\/\/ondauno.com.ar\/#\/schema\/person\/7ec851ddeceb4133d7d7132dc645714e\",\"name\":\"OndaUno\",\"image\":{\"@type\":\"ImageObject\",\"inLanguage\":\"es-AR\",\"@id\":\"https:\/\/ondauno.com.ar\/#\/schema\/person\/image\/\",\"url\":\"https:\/\/secure.gravatar.com\/avatar\/93b8009f0de7021f1feb2bd5b32fb9e8?s=96&d=mm&r=g\",\"contentUrl\":\"https:\/\/secure.gravatar.com\/avatar\/93b8009f0de7021f1feb2bd5b32fb9e8?s=96&d=mm&r=g\",\"caption\":\"OndaUno\"},\"url\":\"https:\/\/ondauno.com.ar\/index.php\/author\/ondauno\/\"}]}<\/script>\n<!-- \/ Yoast SEO plugin. -->","yoast_head_json":{"title":"Kicillof encabez\u00f3 el acto que dio inicio al ciclo lectivo 2025 - 103.9 fm","robots":{"index":"index","follow":"follow","max-snippet":"max-snippet:-1","max-image-preview":"max-image-preview:large","max-video-preview":"max-video-preview:-1"},"canonical":"https:\/\/ondauno.com.ar\/index.php\/2025\/03\/05\/kicillof-encabezo-el-acto-que-dio-inicio-al-ciclo-lectivo-2025\/","og_locale":"es_ES","og_type":"article","og_title":"Kicillof encabez\u00f3 el acto que dio inicio al ciclo lectivo 2025 - 103.9 fm","og_description":"Adem\u00e1s, el Gobernador inaugur\u00f3 un nuevo polo educativo que suma 1.590 vacantes para chicos y chicas de Presidente Derqui. El gobernador de la provincia de Buenos Aires, Axel Kicillof, encabez\u00f3 este mi\u00e9rcoles en el municipio de Pilar el acto que dio inicio al ciclo lectivo 2025 e inaugur\u00f3 un nuevo polo educativo en la localidad [&hellip;]","og_url":"https:\/\/ondauno.com.ar\/index.php\/2025\/03\/05\/kicillof-encabezo-el-acto-que-dio-inicio-al-ciclo-lectivo-2025\/","og_site_name":"103.9 fm","article_publisher":"https:\/\/www.facebook.com\/ondauno103.9","article_published_time":"2025-03-05T21:48:08+00:00","article_modified_time":"2025-03-05T21:48:12+00:00","og_image":[{"width":1140,"height":760,"url":"http:\/\/ondauno.com.ar\/wp-content\/uploads\/2025\/03\/dsc_87982jpg.webp","type":"image\/webp"}],"author":"OndaUno","twitter_card":"summary_large_image","twitter_misc":{"Escrito por":"OndaUno","Tiempo de lectura":"4 minutos"},"schema":{"@context":"https:\/\/schema.org","@graph":[{"@type":"WebPage","@id":"https:\/\/ondauno.com.ar\/index.php\/2025\/03\/05\/kicillof-encabezo-el-acto-que-dio-inicio-al-ciclo-lectivo-2025\/","url":"https:\/\/ondauno.com.ar\/index.php\/2025\/03\/05\/kicillof-encabezo-el-acto-que-dio-inicio-al-ciclo-lectivo-2025\/","name":"Kicillof encabez\u00f3 el acto que dio inicio al ciclo lectivo 2025 - 103.9 fm","isPartOf":{"@id":"https:\/\/ondauno.com.ar\/#website"},"primaryImageOfPage":{"@id":"https:\/\/ondauno.com.ar\/index.php\/2025\/03\/05\/kicillof-encabezo-el-acto-que-dio-inicio-al-ciclo-lectivo-2025\/#primaryimage"},"image":{"@id":"https:\/\/ondauno.com.ar\/index.php\/2025\/03\/05\/kicillof-encabezo-el-acto-que-dio-inicio-al-ciclo-lectivo-2025\/#primaryimage"},"thumbnailUrl":"https:\/\/ondauno.com.ar\/wp-content\/uploads\/2025\/03\/dsc_87982jpg.webp","datePublished":"2025-03-05T21:48:08+00:00","dateModified":"2025-03-05T21:48:12+00:00","author":{"@id":"https:\/\/ondauno.com.ar\/#\/schema\/person\/7ec851ddeceb4133d7d7132dc645714e"},"breadcrumb":{"@id":"https:\/\/ondauno.com.ar\/index.php\/2025\/03\/05\/kicillof-encabezo-el-acto-que-dio-inicio-al-ciclo-lectivo-2025\/#breadcrumb"},"inLanguage":"es-AR","potentialAction":[{"@type":"ReadAction","target":["https:\/\/ondauno.com.ar\/index.php\/2025\/03\/05\/kicillof-encabezo-el-acto-que-dio-inicio-al-ciclo-lectivo-2025\/"]}]},{"@type":"ImageObject","inLanguage":"es-AR","@id":"https:\/\/ondauno.com.ar\/index.php\/2025\/03\/05\/kicillof-encabezo-el-acto-que-dio-inicio-al-ciclo-lectivo-2025\/#primaryimage","url":"https:\/\/ondauno.com.ar\/wp-content\/uploads\/2025\/03\/dsc_87982jpg.webp","contentUrl":"https:\/\/ondauno.com.ar\/wp-content\/uploads\/2025\/03\/dsc_87982jpg.webp","width":1140,"height":760},{"@type":"BreadcrumbList","@id":"https:\/\/ondauno.com.ar\/index.php\/2025\/03\/05\/kicillof-encabezo-el-acto-que-dio-inicio-al-ciclo-lectivo-2025\/#breadcrumb","itemListElement":[{"@type":"ListItem","position":1,"name":"Inicio","item":"https:\/\/ondauno.com.ar\/"},{"@type":"ListItem","position":2,"name":"Kicillof encabez\u00f3 el acto que dio inicio al ciclo lectivo 2025"}]},{"@type":"WebSite","@id":"https:\/\/ondauno.com.ar\/#website","url":"https:\/\/ondauno.com.ar\/","name":"103.9 fm","description":"LA PRIMERA RADIO MULTIMEDIA DE TRES ARROYOS","potentialAction":[{"@type":"SearchAction","target":{"@type":"EntryPoint","urlTemplate":"https:\/\/ondauno.com.ar\/?s={search_term_string}"},"query-input":"required name=search_term_string"}],"inLanguage":"es-AR"},{"@type":"Person","@id":"https:\/\/ondauno.com.ar\/#\/schema\/person\/7ec851ddeceb4133d7d7132dc645714e","name":"OndaUno","image":{"@type":"ImageObject","inLanguage":"es-AR","@id":"https:\/\/ondauno.com.ar\/#\/schema\/person\/image\/","url":"https:\/\/secure.gravatar.com\/avatar\/93b8009f0de7021f1feb2bd5b32fb9e8?s=96&d=mm&r=g","contentUrl":"https:\/\/secure.gravatar.com\/avatar\/93b8009f0de7021f1feb2bd5b32fb9e8?s=96&d=mm&r=g","caption":"OndaUno"},"url":"https:\/\/ondauno.com.ar\/index.php\/author\/ondauno\/"}]}},"jetpack_publicize_connections":[],"jetpack_featured_media_url":"https:\/\/ondauno.com.ar\/wp-content\/uploads\/2025\/03\/dsc_87982jpg.webp","jetpack_sharing_enabled":true,"_links":{"self":[{"href":"https:\/\/ondauno.com.ar\/index.php\/wp-json\/wp\/v2\/posts\/54079","targetHints":{"allow":["GET"]}}],"collection":[{"href":"https:\/\/ondauno.com.ar\/index.php\/wp-json\/wp\/v2\/posts"}],"about":[{"href":"https:\/\/ondauno.com.ar\/index.php\/wp-json\/wp\/v2\/types\/post"}],"author":[{"embeddable":true,"href":"https:\/\/ondauno.com.ar\/index.php\/wp-json\/wp\/v2\/users\/1"}],"replies":[{"embeddable":true,"href":"https:\/\/ondauno.com.ar\/index.php\/wp-json\/wp\/v2\/comments?post=54079"}],"version-history":[{"count":1,"href":"https:\/\/ondauno.com.ar\/index.php\/wp-json\/wp\/v2\/posts\/54079\/revisions"}],"predecessor-version":[{"id":54081,"href":"https:\/\/ondauno.com.ar\/index.php\/wp-json\/wp\/v2\/posts\/54079\/revisions\/54081"}],"wp:featuredmedia":[{"embeddable":true,"href":"https:\/\/ondauno.com.ar\/index.php\/wp-json\/wp\/v2\/media\/54080"}],"wp:attachment":[{"href":"https:\/\/ondauno.com.ar\/index.php\/wp-json\/wp\/v2\/media?parent=54079"}],"wp:term":[{"taxonomy":"category","embeddable":true,"href":"https:\/\/ondauno.com.ar\/index.php\/wp-json\/wp\/v2\/categories?post=54079"},{"taxonomy":"post_tag","embeddable":true,"href":"https:\/\/ondauno.com.ar\/index.php\/wp-json\/wp\/v2\/tags?post=54079"}],"curies":[{"name":"wp","href":"https:\/\/api.w.org\/{rel}","templated":true}]}}