{"id":53902,"date":"2025-02-25T15:29:56","date_gmt":"2025-02-25T18:29:56","guid":{"rendered":"https:\/\/ondauno.com.ar\/?p=53902"},"modified":"2025-02-25T22:45:12","modified_gmt":"2025-02-26T01:45:12","slug":"con-melconian-la-mesa-redonda-de-la-fiesta-del-trigo-abordara-el-impacto-de-las-retenciones","status":"publish","type":"post","link":"https:\/\/ondauno.com.ar\/index.php\/2025\/02\/25\/con-melconian-la-mesa-redonda-de-la-fiesta-del-trigo-abordara-el-impacto-de-las-retenciones\/","title":{"rendered":"Con Melconi\u00e1n, la Mesa Redonda de la Fiesta del Trigo abordar\u00e1 el impacto de las retenciones"},"content":{"rendered":"<div class=\"ondau-before-content_3\" style=\"margin-top: -30px;\" id=\"ondau-402822508\"><a href=\"https:\/\/www.lps.com.ar\/\" aria-label=\"la-perse2\"><img loading=\"lazy\" decoding=\"async\" src=\"https:\/\/ondauno.com.ar\/wp-content\/uploads\/2021\/10\/la-perse2.jpg\" alt=\"\"  srcset=\"https:\/\/ondauno.com.ar\/wp-content\/uploads\/2021\/10\/la-perse2.jpg 1353w, https:\/\/ondauno.com.ar\/wp-content\/uploads\/2021\/10\/la-perse2-300x43.jpg 300w, https:\/\/ondauno.com.ar\/wp-content\/uploads\/2021\/10\/la-perse2-1024x148.jpg 1024w, https:\/\/ondauno.com.ar\/wp-content\/uploads\/2021\/10\/la-perse2-768x111.jpg 768w, https:\/\/ondauno.com.ar\/wp-content\/uploads\/2021\/10\/la-perse2-696x100.jpg 696w, https:\/\/ondauno.com.ar\/wp-content\/uploads\/2021\/10\/la-perse2-1068x154.jpg 1068w\" sizes=\"(max-width: 1353px) 100vw, 1353px\" class=\"no-lazyload\" width=\"1353\" height=\"195\"  style=\"display: inline-block;\" \/><\/a><\/div>\n<p>El intendente de Tres Arroyos, Pablo Garate, confirm\u00f3 que la tradicional mesa redonda de la Fiesta Provincial del Trigo se enfocar\u00e1 en el tema de las retenciones y su impacto en el interior productivo.<\/p>\n\n\n\n<p>\u201cLa mesa redonda de este a\u00f1o va a tener un tema que para nosotros, como comunidad del interior bonaerense, es muy importante: el de las retenciones, los recursos que se van y no vuelven\u201d, explic\u00f3 Garate en Cosas que Pasan.<\/p>\n\n\n\n<p>Para esta edici\u00f3n, el disertante principal ser\u00e1 el economista Carlos Melconian. \u201cEs un economista reconocido a nivel nacional que tiene un an\u00e1lisis muy objetivo sobre este tema\u201d, destac\u00f3 el intendente.<br>Adem\u00e1s, participar\u00e1n entidades agropecuarias, funcionarios nacionales y provinciales, y representantes de los puertos de Bah\u00eda Blanca y Quequ\u00e9n.<\/p>\n\n\n\n<p>La Mesa Redonda se llevar\u00e1 a cabo el jueves 6 de marzo a las 11 . \u201cLe hemos dado una impronta muy importante a este evento, que permitir\u00e1 un debate serio y respetuoso sobre un tema clave para nuestra regi\u00f3n\u201d, concluy\u00f3 Garate.<\/p>\n\n\n\n<figure class=\"wp-block-embed is-type-video is-provider-youtube wp-block-embed-youtube wp-embed-aspect-16-9 wp-has-aspect-ratio\"><div class=\"wp-block-embed__wrapper\">\n<div class=\"youtube-embed\" data-video_id=\"Y6_dfkBNxfs\"><iframe loading=\"lazy\" title=\"Onda Uno 103.9 en vivo\" width=\"696\" height=\"392\" data-src=\"https:\/\/www.youtube.com\/embed\/Y6_dfkBNxfs?start=297&#038;feature=oembed\" frameborder=\"0\" allow=\"accelerometer; autoplay; clipboard-write; encrypted-media; gyroscope; picture-in-picture; web-share\" referrerpolicy=\"strict-origin-when-cross-origin\" allowfullscreen src=\"data:image\/gif;base64,R0lGODlhAQABAAAAACH5BAEKAAEALAAAAAABAAEAAAICTAEAOw==\" class=\"lazyload\" data-load-mode=\"1\"><\/iframe><\/div>\n<\/div><\/figure>\n","protected":false},"excerpt":{"rendered":"<p>El intendente de Tres Arroyos, Pablo Garate, confirm\u00f3 que la tradicional mesa redonda de la Fiesta Provincial del Trigo se enfocar\u00e1 en el tema de las retenciones y su impacto en el interior productivo. \u201cLa mesa redonda de este a\u00f1o va a tener un tema que para nosotros, como comunidad del interior bonaerense, es muy [&hellip;]<\/p>\n","protected":false},"author":1,"featured_media":53903,"comment_status":"open","ping_status":"open","sticky":false,"template":"","format":"standard","meta":{"tdm_status":"","tdm_grid_status":"","_jetpack_memberships_contains_paid_content":false,"footnotes":"","jetpack_publicize_message":"","jetpack_publicize_feature_enabled":true,"jetpack_social_post_already_shared":false,"jetpack_social_options":{"image_generator_settings":{"template":"highway","default_image_id":0,"font":"","enabled":false},"version":2}},"categories":[2],"tags":[],"class_list":{"0":"post-53902","1":"post","2":"type-post","3":"status-publish","4":"format-standard","5":"has-post-thumbnail","7":"category-locales"},"yoast_head":"<!-- This site is optimized with the Yoast SEO plugin v22.7 - https:\/\/yoast.com\/wordpress\/plugins\/seo\/ -->\n<title>Con Melconi\u00e1n, la Mesa Redonda de la Fiesta del Trigo abordar\u00e1 el impacto de las retenciones - 103.9 fm<\/title>\n<meta name=\"robots\" content=\"index, follow, max-snippet:-1, max-image-preview:large, max-video-preview:-1\" \/>\n<link rel=\"canonical\" href=\"https:\/\/ondauno.com.ar\/index.php\/2025\/02\/25\/con-melconian-la-mesa-redonda-de-la-fiesta-del-trigo-abordara-el-impacto-de-las-retenciones\/\" \/>\n<meta property=\"og:locale\" content=\"es_ES\" \/>\n<meta property=\"og:type\" content=\"article\" \/>\n<meta property=\"og:title\" content=\"Con Melconi\u00e1n, la Mesa Redonda de la Fiesta del Trigo abordar\u00e1 el impacto de las retenciones - 103.9 fm\" \/>\n<meta property=\"og:description\" content=\"El intendente de Tres Arroyos, Pablo Garate, confirm\u00f3 que la tradicional mesa redonda de la Fiesta Provincial del Trigo se enfocar\u00e1 en el tema de las retenciones y su impacto en el interior productivo. \u201cLa mesa redonda de este a\u00f1o va a tener un tema que para nosotros, como comunidad del interior bonaerense, es muy [&hellip;]\" \/>\n<meta property=\"og:url\" content=\"https:\/\/ondauno.com.ar\/index.php\/2025\/02\/25\/con-melconian-la-mesa-redonda-de-la-fiesta-del-trigo-abordara-el-impacto-de-las-retenciones\/\" \/>\n<meta property=\"og:site_name\" content=\"103.9 fm\" \/>\n<meta property=\"article:publisher\" content=\"https:\/\/www.facebook.com\/ondauno103.9\" \/>\n<meta property=\"article:published_time\" content=\"2025-02-25T18:29:56+00:00\" \/>\n<meta property=\"article:modified_time\" content=\"2025-02-26T01:45:12+00:00\" \/>\n<meta name=\"author\" content=\"OndaUno\" \/>\n<meta name=\"twitter:card\" content=\"summary_large_image\" \/>\n<meta name=\"twitter:label1\" content=\"Escrito por\" \/>\n\t<meta name=\"twitter:data1\" content=\"OndaUno\" \/>\n\t<meta name=\"twitter:label2\" content=\"Tiempo de lectura\" \/>\n\t<meta name=\"twitter:data2\" content=\"1 minuto\" \/>\n<script type=\"application\/ld+json\" class=\"yoast-schema-graph\">{\"@context\":\"https:\/\/schema.org\",\"@graph\":[{\"@type\":\"WebPage\",\"@id\":\"https:\/\/ondauno.com.ar\/index.php\/2025\/02\/25\/con-melconian-la-mesa-redonda-de-la-fiesta-del-trigo-abordara-el-impacto-de-las-retenciones\/\",\"url\":\"https:\/\/ondauno.com.ar\/index.php\/2025\/02\/25\/con-melconian-la-mesa-redonda-de-la-fiesta-del-trigo-abordara-el-impacto-de-las-retenciones\/\",\"name\":\"Con Melconi\u00e1n, la Mesa Redonda de la Fiesta del Trigo abordar\u00e1 el impacto de las retenciones - 103.9 fm\",\"isPartOf\":{\"@id\":\"https:\/\/ondauno.com.ar\/#website\"},\"primaryImageOfPage\":{\"@id\":\"https:\/\/ondauno.com.ar\/index.php\/2025\/02\/25\/con-melconian-la-mesa-redonda-de-la-fiesta-del-trigo-abordara-el-impacto-de-las-retenciones\/#primaryimage\"},\"image\":{\"@id\":\"https:\/\/ondauno.com.ar\/index.php\/2025\/02\/25\/con-melconian-la-mesa-redonda-de-la-fiesta-del-trigo-abordara-el-impacto-de-las-retenciones\/#primaryimage\"},\"thumbnailUrl\":\"https:\/\/ondauno.com.ar\/wp-content\/uploads\/2025\/02\/el-economista-carlos-2OGRYALDDFDOJJ7OJNPV4VGGAQ.avif\",\"datePublished\":\"2025-02-25T18:29:56+00:00\",\"dateModified\":\"2025-02-26T01:45:12+00:00\",\"author\":{\"@id\":\"https:\/\/ondauno.com.ar\/#\/schema\/person\/7ec851ddeceb4133d7d7132dc645714e\"},\"breadcrumb\":{\"@id\":\"https:\/\/ondauno.com.ar\/index.php\/2025\/02\/25\/con-melconian-la-mesa-redonda-de-la-fiesta-del-trigo-abordara-el-impacto-de-las-retenciones\/#breadcrumb\"},\"inLanguage\":\"es-AR\",\"potentialAction\":[{\"@type\":\"ReadAction\",\"target\":[\"https:\/\/ondauno.com.ar\/index.php\/2025\/02\/25\/con-melconian-la-mesa-redonda-de-la-fiesta-del-trigo-abordara-el-impacto-de-las-retenciones\/\"]}]},{\"@type\":\"ImageObject\",\"inLanguage\":\"es-AR\",\"@id\":\"https:\/\/ondauno.com.ar\/index.php\/2025\/02\/25\/con-melconian-la-mesa-redonda-de-la-fiesta-del-trigo-abordara-el-impacto-de-las-retenciones\/#primaryimage\",\"url\":\"https:\/\/ondauno.com.ar\/wp-content\/uploads\/2025\/02\/el-economista-carlos-2OGRYALDDFDOJJ7OJNPV4VGGAQ.avif\",\"contentUrl\":\"https:\/\/ondauno.com.ar\/wp-content\/uploads\/2025\/02\/el-economista-carlos-2OGRYALDDFDOJJ7OJNPV4VGGAQ.avif\",\"width\":880,\"height\":586},{\"@type\":\"BreadcrumbList\",\"@id\":\"https:\/\/ondauno.com.ar\/index.php\/2025\/02\/25\/con-melconian-la-mesa-redonda-de-la-fiesta-del-trigo-abordara-el-impacto-de-las-retenciones\/#breadcrumb\",\"itemListElement\":[{\"@type\":\"ListItem\",\"position\":1,\"name\":\"Inicio\",\"item\":\"https:\/\/ondauno.com.ar\/\"},{\"@type\":\"ListItem\",\"position\":2,\"name\":\"Con Melconi\u00e1n, la Mesa Redonda de la Fiesta del Trigo abordar\u00e1 el impacto de las retenciones\"}]},{\"@type\":\"WebSite\",\"@id\":\"https:\/\/ondauno.com.ar\/#website\",\"url\":\"https:\/\/ondauno.com.ar\/\",\"name\":\"103.9 fm\",\"description\":\"LA PRIMERA RADIO MULTIMEDIA DE TRES ARROYOS\",\"potentialAction\":[{\"@type\":\"SearchAction\",\"target\":{\"@type\":\"EntryPoint\",\"urlTemplate\":\"https:\/\/ondauno.com.ar\/?s={search_term_string}\"},\"query-input\":\"required name=search_term_string\"}],\"inLanguage\":\"es-AR\"},{\"@type\":\"Person\",\"@id\":\"https:\/\/ondauno.com.ar\/#\/schema\/person\/7ec851ddeceb4133d7d7132dc645714e\",\"name\":\"OndaUno\",\"image\":{\"@type\":\"ImageObject\",\"inLanguage\":\"es-AR\",\"@id\":\"https:\/\/ondauno.com.ar\/#\/schema\/person\/image\/\",\"url\":\"https:\/\/secure.gravatar.com\/avatar\/93b8009f0de7021f1feb2bd5b32fb9e8?s=96&d=mm&r=g\",\"contentUrl\":\"https:\/\/secure.gravatar.com\/avatar\/93b8009f0de7021f1feb2bd5b32fb9e8?s=96&d=mm&r=g\",\"caption\":\"OndaUno\"},\"url\":\"https:\/\/ondauno.com.ar\/index.php\/author\/ondauno\/\"}]}<\/script>\n<!-- \/ Yoast SEO plugin. -->","yoast_head_json":{"title":"Con Melconi\u00e1n, la Mesa Redonda de la Fiesta del Trigo abordar\u00e1 el impacto de las retenciones - 103.9 fm","robots":{"index":"index","follow":"follow","max-snippet":"max-snippet:-1","max-image-preview":"max-image-preview:large","max-video-preview":"max-video-preview:-1"},"canonical":"https:\/\/ondauno.com.ar\/index.php\/2025\/02\/25\/con-melconian-la-mesa-redonda-de-la-fiesta-del-trigo-abordara-el-impacto-de-las-retenciones\/","og_locale":"es_ES","og_type":"article","og_title":"Con Melconi\u00e1n, la Mesa Redonda de la Fiesta del Trigo abordar\u00e1 el impacto de las retenciones - 103.9 fm","og_description":"El intendente de Tres Arroyos, Pablo Garate, confirm\u00f3 que la tradicional mesa redonda de la Fiesta Provincial del Trigo se enfocar\u00e1 en el tema de las retenciones y su impacto en el interior productivo. \u201cLa mesa redonda de este a\u00f1o va a tener un tema que para nosotros, como comunidad del interior bonaerense, es muy [&hellip;]","og_url":"https:\/\/ondauno.com.ar\/index.php\/2025\/02\/25\/con-melconian-la-mesa-redonda-de-la-fiesta-del-trigo-abordara-el-impacto-de-las-retenciones\/","og_site_name":"103.9 fm","article_publisher":"https:\/\/www.facebook.com\/ondauno103.9","article_published_time":"2025-02-25T18:29:56+00:00","article_modified_time":"2025-02-26T01:45:12+00:00","author":"OndaUno","twitter_card":"summary_large_image","twitter_misc":{"Escrito por":"OndaUno","Tiempo de lectura":"1 minuto"},"schema":{"@context":"https:\/\/schema.org","@graph":[{"@type":"WebPage","@id":"https:\/\/ondauno.com.ar\/index.php\/2025\/02\/25\/con-melconian-la-mesa-redonda-de-la-fiesta-del-trigo-abordara-el-impacto-de-las-retenciones\/","url":"https:\/\/ondauno.com.ar\/index.php\/2025\/02\/25\/con-melconian-la-mesa-redonda-de-la-fiesta-del-trigo-abordara-el-impacto-de-las-retenciones\/","name":"Con Melconi\u00e1n, la Mesa Redonda de la Fiesta del Trigo abordar\u00e1 el impacto de las retenciones - 103.9 fm","isPartOf":{"@id":"https:\/\/ondauno.com.ar\/#website"},"primaryImageOfPage":{"@id":"https:\/\/ondauno.com.ar\/index.php\/2025\/02\/25\/con-melconian-la-mesa-redonda-de-la-fiesta-del-trigo-abordara-el-impacto-de-las-retenciones\/#primaryimage"},"image":{"@id":"https:\/\/ondauno.com.ar\/index.php\/2025\/02\/25\/con-melconian-la-mesa-redonda-de-la-fiesta-del-trigo-abordara-el-impacto-de-las-retenciones\/#primaryimage"},"thumbnailUrl":"https:\/\/ondauno.com.ar\/wp-content\/uploads\/2025\/02\/el-economista-carlos-2OGRYALDDFDOJJ7OJNPV4VGGAQ.avif","datePublished":"2025-02-25T18:29:56+00:00","dateModified":"2025-02-26T01:45:12+00:00","author":{"@id":"https:\/\/ondauno.com.ar\/#\/schema\/person\/7ec851ddeceb4133d7d7132dc645714e"},"breadcrumb":{"@id":"https:\/\/ondauno.com.ar\/index.php\/2025\/02\/25\/con-melconian-la-mesa-redonda-de-la-fiesta-del-trigo-abordara-el-impacto-de-las-retenciones\/#breadcrumb"},"inLanguage":"es-AR","potentialAction":[{"@type":"ReadAction","target":["https:\/\/ondauno.com.ar\/index.php\/2025\/02\/25\/con-melconian-la-mesa-redonda-de-la-fiesta-del-trigo-abordara-el-impacto-de-las-retenciones\/"]}]},{"@type":"ImageObject","inLanguage":"es-AR","@id":"https:\/\/ondauno.com.ar\/index.php\/2025\/02\/25\/con-melconian-la-mesa-redonda-de-la-fiesta-del-trigo-abordara-el-impacto-de-las-retenciones\/#primaryimage","url":"https:\/\/ondauno.com.ar\/wp-content\/uploads\/2025\/02\/el-economista-carlos-2OGRYALDDFDOJJ7OJNPV4VGGAQ.avif","contentUrl":"https:\/\/ondauno.com.ar\/wp-content\/uploads\/2025\/02\/el-economista-carlos-2OGRYALDDFDOJJ7OJNPV4VGGAQ.avif","width":880,"height":586},{"@type":"BreadcrumbList","@id":"https:\/\/ondauno.com.ar\/index.php\/2025\/02\/25\/con-melconian-la-mesa-redonda-de-la-fiesta-del-trigo-abordara-el-impacto-de-las-retenciones\/#breadcrumb","itemListElement":[{"@type":"ListItem","position":1,"name":"Inicio","item":"https:\/\/ondauno.com.ar\/"},{"@type":"ListItem","position":2,"name":"Con Melconi\u00e1n, la Mesa Redonda de la Fiesta del Trigo abordar\u00e1 el impacto de las retenciones"}]},{"@type":"WebSite","@id":"https:\/\/ondauno.com.ar\/#website","url":"https:\/\/ondauno.com.ar\/","name":"103.9 fm","description":"LA PRIMERA RADIO MULTIMEDIA DE TRES ARROYOS","potentialAction":[{"@type":"SearchAction","target":{"@type":"EntryPoint","urlTemplate":"https:\/\/ondauno.com.ar\/?s={search_term_string}"},"query-input":"required name=search_term_string"}],"inLanguage":"es-AR"},{"@type":"Person","@id":"https:\/\/ondauno.com.ar\/#\/schema\/person\/7ec851ddeceb4133d7d7132dc645714e","name":"OndaUno","image":{"@type":"ImageObject","inLanguage":"es-AR","@id":"https:\/\/ondauno.com.ar\/#\/schema\/person\/image\/","url":"https:\/\/secure.gravatar.com\/avatar\/93b8009f0de7021f1feb2bd5b32fb9e8?s=96&d=mm&r=g","contentUrl":"https:\/\/secure.gravatar.com\/avatar\/93b8009f0de7021f1feb2bd5b32fb9e8?s=96&d=mm&r=g","caption":"OndaUno"},"url":"https:\/\/ondauno.com.ar\/index.php\/author\/ondauno\/"}]}},"jetpack_publicize_connections":[],"jetpack_featured_media_url":"https:\/\/ondauno.com.ar\/wp-content\/uploads\/2025\/02\/el-economista-carlos-2OGRYALDDFDOJJ7OJNPV4VGGAQ.avif","jetpack_sharing_enabled":true,"_links":{"self":[{"href":"https:\/\/ondauno.com.ar\/index.php\/wp-json\/wp\/v2\/posts\/53902","targetHints":{"allow":["GET"]}}],"collection":[{"href":"https:\/\/ondauno.com.ar\/index.php\/wp-json\/wp\/v2\/posts"}],"about":[{"href":"https:\/\/ondauno.com.ar\/index.php\/wp-json\/wp\/v2\/types\/post"}],"author":[{"embeddable":true,"href":"https:\/\/ondauno.com.ar\/index.php\/wp-json\/wp\/v2\/users\/1"}],"replies":[{"embeddable":true,"href":"https:\/\/ondauno.com.ar\/index.php\/wp-json\/wp\/v2\/comments?post=53902"}],"version-history":[{"count":1,"href":"https:\/\/ondauno.com.ar\/index.php\/wp-json\/wp\/v2\/posts\/53902\/revisions"}],"predecessor-version":[{"id":53904,"href":"https:\/\/ondauno.com.ar\/index.php\/wp-json\/wp\/v2\/posts\/53902\/revisions\/53904"}],"wp:featuredmedia":[{"embeddable":true,"href":"https:\/\/ondauno.com.ar\/index.php\/wp-json\/wp\/v2\/media\/53903"}],"wp:attachment":[{"href":"https:\/\/ondauno.com.ar\/index.php\/wp-json\/wp\/v2\/media?parent=53902"}],"wp:term":[{"taxonomy":"category","embeddable":true,"href":"https:\/\/ondauno.com.ar\/index.php\/wp-json\/wp\/v2\/categories?post=53902"},{"taxonomy":"post_tag","embeddable":true,"href":"https:\/\/ondauno.com.ar\/index.php\/wp-json\/wp\/v2\/tags?post=53902"}],"curies":[{"name":"wp","href":"https:\/\/api.w.org\/{rel}","templated":true}]}}