{"id":53876,"date":"2025-02-23T15:18:00","date_gmt":"2025-02-23T18:18:00","guid":{"rendered":"https:\/\/ondauno.com.ar\/?p=53876"},"modified":"2025-02-23T15:19:02","modified_gmt":"2025-02-23T18:19:02","slug":"felipe-yane-cerro-un-gran-debut-en-el-procar-4000-con-un-cuarto-puesto-en-la-final","status":"publish","type":"post","link":"https:\/\/ondauno.com.ar\/index.php\/2025\/02\/23\/felipe-yane-cerro-un-gran-debut-en-el-procar-4000-con-un-cuarto-puesto-en-la-final\/","title":{"rendered":"Felipe Yane cerr\u00f3 un gran debut en el Procar 4000 con un cuarto puesto en la final"},"content":{"rendered":"<div class=\"ondau-before-content_3\" style=\"margin-top: -30px;\" id=\"ondau-4087779169\"><a href=\"https:\/\/www.lps.com.ar\/\" aria-label=\"la-perse2\"><img loading=\"lazy\" decoding=\"async\" src=\"https:\/\/ondauno.com.ar\/wp-content\/uploads\/2021\/10\/la-perse2.jpg\" alt=\"\"  srcset=\"https:\/\/ondauno.com.ar\/wp-content\/uploads\/2021\/10\/la-perse2.jpg 1353w, https:\/\/ondauno.com.ar\/wp-content\/uploads\/2021\/10\/la-perse2-300x43.jpg 300w, https:\/\/ondauno.com.ar\/wp-content\/uploads\/2021\/10\/la-perse2-1024x148.jpg 1024w, https:\/\/ondauno.com.ar\/wp-content\/uploads\/2021\/10\/la-perse2-768x111.jpg 768w, https:\/\/ondauno.com.ar\/wp-content\/uploads\/2021\/10\/la-perse2-696x100.jpg 696w, https:\/\/ondauno.com.ar\/wp-content\/uploads\/2021\/10\/la-perse2-1068x154.jpg 1068w\" sizes=\"(max-width: 1353px) 100vw, 1353px\" class=\"no-lazyload\" width=\"1353\" height=\"195\"  style=\"display: inline-block;\" \/><\/a><\/div>\n<p>El joven piloto de Tres Arroyos, Felipe Yane, complet\u00f3 un excelente fin de semana en el Procar 4000 B, logrando un destacado cuarto puesto en la final disputada este domingo en el aut\u00f3dromo Roberto Mouras de La Plata.<\/p>\n\n\n\n<p>Luego de su victoria en la tercera serie del s\u00e1bado, donde marc\u00f3 un tiempo de 8:09.286, Yane larg\u00f3 la final desde la segunda posici\u00f3n y defendi\u00f3 su puesto con una gran largada. La carrera comenz\u00f3 con complicaciones debido al vuelco de un auto, lo que oblig\u00f3 a neutralizar la competencia durante varias vueltas antes del relanzamiento.<\/p>\n\n\n\n<p>A pesar de mostrarse firme en la lucha por el podio, en los \u00faltimos giros fue superado y termin\u00f3 cruzando la bandera a cuadros en la cuarta posici\u00f3n. Sin embargo, su actuaci\u00f3n dej\u00f3 en claro que tanto su Ford, preparado \u00edntegramente en Tres Arroyos, como \u00e9l mismo, ser\u00e1n protagonistas en el campeonato.<\/p>\n\n\n\n<figure class=\"wp-block-image size-large\"><img loading=\"lazy\" decoding=\"async\" width=\"1024\" height=\"811\" data-src=\"https:\/\/ondauno.com.ar\/wp-content\/uploads\/2025\/02\/WhatsApp-Image-2025-02-23-at-15.16.55-1024x811.jpeg\" alt=\"\" class=\"wp-image-53877 lazyload\" data-srcset=\"https:\/\/ondauno.com.ar\/wp-content\/uploads\/2025\/02\/WhatsApp-Image-2025-02-23-at-15.16.55-1024x811.jpeg 1024w, https:\/\/ondauno.com.ar\/wp-content\/uploads\/2025\/02\/WhatsApp-Image-2025-02-23-at-15.16.55-300x238.jpeg 300w, https:\/\/ondauno.com.ar\/wp-content\/uploads\/2025\/02\/WhatsApp-Image-2025-02-23-at-15.16.55-768x608.jpeg 768w, https:\/\/ondauno.com.ar\/wp-content\/uploads\/2025\/02\/WhatsApp-Image-2025-02-23-at-15.16.55-530x420.jpeg 530w, https:\/\/ondauno.com.ar\/wp-content\/uploads\/2025\/02\/WhatsApp-Image-2025-02-23-at-15.16.55-696x551.jpeg 696w, https:\/\/ondauno.com.ar\/wp-content\/uploads\/2025\/02\/WhatsApp-Image-2025-02-23-at-15.16.55-1068x846.jpeg 1068w, https:\/\/ondauno.com.ar\/wp-content\/uploads\/2025\/02\/WhatsApp-Image-2025-02-23-at-15.16.55.jpeg 1083w\" data-sizes=\"auto, (max-width: 1024px) 100vw, 1024px\" src=\"data:image\/gif;base64,R0lGODlhAQABAAAAACH5BAEKAAEALAAAAAABAAEAAAICTAEAOw==\" style=\"--smush-placeholder-width: 1024px; --smush-placeholder-aspect-ratio: 1024\/811;\" \/><noscript><img loading=\"lazy\" decoding=\"async\" width=\"1024\" height=\"811\" src=\"https:\/\/ondauno.com.ar\/wp-content\/uploads\/2025\/02\/WhatsApp-Image-2025-02-23-at-15.16.55-1024x811.jpeg\" alt=\"\" class=\"wp-image-53877\" srcset=\"https:\/\/ondauno.com.ar\/wp-content\/uploads\/2025\/02\/WhatsApp-Image-2025-02-23-at-15.16.55-1024x811.jpeg 1024w, https:\/\/ondauno.com.ar\/wp-content\/uploads\/2025\/02\/WhatsApp-Image-2025-02-23-at-15.16.55-300x238.jpeg 300w, https:\/\/ondauno.com.ar\/wp-content\/uploads\/2025\/02\/WhatsApp-Image-2025-02-23-at-15.16.55-768x608.jpeg 768w, https:\/\/ondauno.com.ar\/wp-content\/uploads\/2025\/02\/WhatsApp-Image-2025-02-23-at-15.16.55-530x420.jpeg 530w, https:\/\/ondauno.com.ar\/wp-content\/uploads\/2025\/02\/WhatsApp-Image-2025-02-23-at-15.16.55-696x551.jpeg 696w, https:\/\/ondauno.com.ar\/wp-content\/uploads\/2025\/02\/WhatsApp-Image-2025-02-23-at-15.16.55-1068x846.jpeg 1068w, https:\/\/ondauno.com.ar\/wp-content\/uploads\/2025\/02\/WhatsApp-Image-2025-02-23-at-15.16.55.jpeg 1083w\" sizes=\"auto, (max-width: 1024px) 100vw, 1024px\" \/><\/noscript><\/figure>\n\n\n\n<p><\/p>\n","protected":false},"excerpt":{"rendered":"<p>El joven piloto de Tres Arroyos, Felipe Yane, complet\u00f3 un excelente fin de semana en el Procar 4000 B, logrando un destacado cuarto puesto en la final disputada este domingo en el aut\u00f3dromo Roberto Mouras de La Plata. Luego de su victoria en la tercera serie del s\u00e1bado, donde marc\u00f3 un tiempo de 8:09.286, Yane [&hellip;]<\/p>\n","protected":false},"author":1,"featured_media":53879,"comment_status":"open","ping_status":"open","sticky":false,"template":"","format":"standard","meta":{"tdm_status":"","tdm_grid_status":"","_jetpack_memberships_contains_paid_content":false,"footnotes":"","jetpack_publicize_message":"","jetpack_publicize_feature_enabled":true,"jetpack_social_post_already_shared":false,"jetpack_social_options":{"image_generator_settings":{"template":"highway","default_image_id":0,"font":"","enabled":false},"version":2}},"categories":[6],"tags":[],"class_list":{"0":"post-53876","1":"post","2":"type-post","3":"status-publish","4":"format-standard","5":"has-post-thumbnail","7":"category-automovilismo"},"yoast_head":"<!-- This site is optimized with the Yoast SEO plugin v22.7 - https:\/\/yoast.com\/wordpress\/plugins\/seo\/ -->\n<title>Felipe Yane cerr\u00f3 un gran debut en el Procar 4000 con un cuarto puesto en la final - 103.9 fm<\/title>\n<meta name=\"robots\" content=\"index, follow, max-snippet:-1, max-image-preview:large, max-video-preview:-1\" \/>\n<link rel=\"canonical\" href=\"https:\/\/ondauno.com.ar\/index.php\/2025\/02\/23\/felipe-yane-cerro-un-gran-debut-en-el-procar-4000-con-un-cuarto-puesto-en-la-final\/\" \/>\n<meta property=\"og:locale\" content=\"es_ES\" \/>\n<meta property=\"og:type\" content=\"article\" \/>\n<meta property=\"og:title\" content=\"Felipe Yane cerr\u00f3 un gran debut en el Procar 4000 con un cuarto puesto en la final - 103.9 fm\" \/>\n<meta property=\"og:description\" content=\"El joven piloto de Tres Arroyos, Felipe Yane, complet\u00f3 un excelente fin de semana en el Procar 4000 B, logrando un destacado cuarto puesto en la final disputada este domingo en el aut\u00f3dromo Roberto Mouras de La Plata. Luego de su victoria en la tercera serie del s\u00e1bado, donde marc\u00f3 un tiempo de 8:09.286, Yane [&hellip;]\" \/>\n<meta property=\"og:url\" content=\"https:\/\/ondauno.com.ar\/index.php\/2025\/02\/23\/felipe-yane-cerro-un-gran-debut-en-el-procar-4000-con-un-cuarto-puesto-en-la-final\/\" \/>\n<meta property=\"og:site_name\" content=\"103.9 fm\" \/>\n<meta property=\"article:publisher\" content=\"https:\/\/www.facebook.com\/ondauno103.9\" \/>\n<meta property=\"article:published_time\" content=\"2025-02-23T18:18:00+00:00\" \/>\n<meta property=\"article:modified_time\" content=\"2025-02-23T18:19:02+00:00\" \/>\n<meta property=\"og:image\" content=\"http:\/\/ondauno.com.ar\/wp-content\/uploads\/2025\/02\/felipe-primeracafrrera.jpg\" \/>\n\t<meta property=\"og:image:width\" content=\"913\" \/>\n\t<meta property=\"og:image:height\" content=\"690\" \/>\n\t<meta property=\"og:image:type\" content=\"image\/jpeg\" \/>\n<meta name=\"author\" content=\"OndaUno\" \/>\n<meta name=\"twitter:card\" content=\"summary_large_image\" \/>\n<meta name=\"twitter:label1\" content=\"Escrito por\" \/>\n\t<meta name=\"twitter:data1\" content=\"OndaUno\" \/>\n\t<meta name=\"twitter:label2\" content=\"Tiempo de lectura\" \/>\n\t<meta name=\"twitter:data2\" content=\"2 minutos\" \/>\n<script type=\"application\/ld+json\" class=\"yoast-schema-graph\">{\"@context\":\"https:\/\/schema.org\",\"@graph\":[{\"@type\":\"WebPage\",\"@id\":\"https:\/\/ondauno.com.ar\/index.php\/2025\/02\/23\/felipe-yane-cerro-un-gran-debut-en-el-procar-4000-con-un-cuarto-puesto-en-la-final\/\",\"url\":\"https:\/\/ondauno.com.ar\/index.php\/2025\/02\/23\/felipe-yane-cerro-un-gran-debut-en-el-procar-4000-con-un-cuarto-puesto-en-la-final\/\",\"name\":\"Felipe Yane cerr\u00f3 un gran debut en el Procar 4000 con un cuarto puesto en la final - 103.9 fm\",\"isPartOf\":{\"@id\":\"https:\/\/ondauno.com.ar\/#website\"},\"primaryImageOfPage\":{\"@id\":\"https:\/\/ondauno.com.ar\/index.php\/2025\/02\/23\/felipe-yane-cerro-un-gran-debut-en-el-procar-4000-con-un-cuarto-puesto-en-la-final\/#primaryimage\"},\"image\":{\"@id\":\"https:\/\/ondauno.com.ar\/index.php\/2025\/02\/23\/felipe-yane-cerro-un-gran-debut-en-el-procar-4000-con-un-cuarto-puesto-en-la-final\/#primaryimage\"},\"thumbnailUrl\":\"https:\/\/ondauno.com.ar\/wp-content\/uploads\/2025\/02\/felipe-primeracafrrera.jpg\",\"datePublished\":\"2025-02-23T18:18:00+00:00\",\"dateModified\":\"2025-02-23T18:19:02+00:00\",\"author\":{\"@id\":\"https:\/\/ondauno.com.ar\/#\/schema\/person\/7ec851ddeceb4133d7d7132dc645714e\"},\"breadcrumb\":{\"@id\":\"https:\/\/ondauno.com.ar\/index.php\/2025\/02\/23\/felipe-yane-cerro-un-gran-debut-en-el-procar-4000-con-un-cuarto-puesto-en-la-final\/#breadcrumb\"},\"inLanguage\":\"es-AR\",\"potentialAction\":[{\"@type\":\"ReadAction\",\"target\":[\"https:\/\/ondauno.com.ar\/index.php\/2025\/02\/23\/felipe-yane-cerro-un-gran-debut-en-el-procar-4000-con-un-cuarto-puesto-en-la-final\/\"]}]},{\"@type\":\"ImageObject\",\"inLanguage\":\"es-AR\",\"@id\":\"https:\/\/ondauno.com.ar\/index.php\/2025\/02\/23\/felipe-yane-cerro-un-gran-debut-en-el-procar-4000-con-un-cuarto-puesto-en-la-final\/#primaryimage\",\"url\":\"https:\/\/ondauno.com.ar\/wp-content\/uploads\/2025\/02\/felipe-primeracafrrera.jpg\",\"contentUrl\":\"https:\/\/ondauno.com.ar\/wp-content\/uploads\/2025\/02\/felipe-primeracafrrera.jpg\",\"width\":913,\"height\":690},{\"@type\":\"BreadcrumbList\",\"@id\":\"https:\/\/ondauno.com.ar\/index.php\/2025\/02\/23\/felipe-yane-cerro-un-gran-debut-en-el-procar-4000-con-un-cuarto-puesto-en-la-final\/#breadcrumb\",\"itemListElement\":[{\"@type\":\"ListItem\",\"position\":1,\"name\":\"Inicio\",\"item\":\"https:\/\/ondauno.com.ar\/\"},{\"@type\":\"ListItem\",\"position\":2,\"name\":\"Felipe Yane cerr\u00f3 un gran debut en el Procar 4000 con un cuarto puesto en la final\"}]},{\"@type\":\"WebSite\",\"@id\":\"https:\/\/ondauno.com.ar\/#website\",\"url\":\"https:\/\/ondauno.com.ar\/\",\"name\":\"103.9 fm\",\"description\":\"LA PRIMERA RADIO MULTIMEDIA DE TRES ARROYOS\",\"potentialAction\":[{\"@type\":\"SearchAction\",\"target\":{\"@type\":\"EntryPoint\",\"urlTemplate\":\"https:\/\/ondauno.com.ar\/?s={search_term_string}\"},\"query-input\":\"required name=search_term_string\"}],\"inLanguage\":\"es-AR\"},{\"@type\":\"Person\",\"@id\":\"https:\/\/ondauno.com.ar\/#\/schema\/person\/7ec851ddeceb4133d7d7132dc645714e\",\"name\":\"OndaUno\",\"image\":{\"@type\":\"ImageObject\",\"inLanguage\":\"es-AR\",\"@id\":\"https:\/\/ondauno.com.ar\/#\/schema\/person\/image\/\",\"url\":\"https:\/\/secure.gravatar.com\/avatar\/93b8009f0de7021f1feb2bd5b32fb9e8?s=96&d=mm&r=g\",\"contentUrl\":\"https:\/\/secure.gravatar.com\/avatar\/93b8009f0de7021f1feb2bd5b32fb9e8?s=96&d=mm&r=g\",\"caption\":\"OndaUno\"},\"url\":\"https:\/\/ondauno.com.ar\/index.php\/author\/ondauno\/\"}]}<\/script>\n<!-- \/ Yoast SEO plugin. -->","yoast_head_json":{"title":"Felipe Yane cerr\u00f3 un gran debut en el Procar 4000 con un cuarto puesto en la final - 103.9 fm","robots":{"index":"index","follow":"follow","max-snippet":"max-snippet:-1","max-image-preview":"max-image-preview:large","max-video-preview":"max-video-preview:-1"},"canonical":"https:\/\/ondauno.com.ar\/index.php\/2025\/02\/23\/felipe-yane-cerro-un-gran-debut-en-el-procar-4000-con-un-cuarto-puesto-en-la-final\/","og_locale":"es_ES","og_type":"article","og_title":"Felipe Yane cerr\u00f3 un gran debut en el Procar 4000 con un cuarto puesto en la final - 103.9 fm","og_description":"El joven piloto de Tres Arroyos, Felipe Yane, complet\u00f3 un excelente fin de semana en el Procar 4000 B, logrando un destacado cuarto puesto en la final disputada este domingo en el aut\u00f3dromo Roberto Mouras de La Plata. Luego de su victoria en la tercera serie del s\u00e1bado, donde marc\u00f3 un tiempo de 8:09.286, Yane [&hellip;]","og_url":"https:\/\/ondauno.com.ar\/index.php\/2025\/02\/23\/felipe-yane-cerro-un-gran-debut-en-el-procar-4000-con-un-cuarto-puesto-en-la-final\/","og_site_name":"103.9 fm","article_publisher":"https:\/\/www.facebook.com\/ondauno103.9","article_published_time":"2025-02-23T18:18:00+00:00","article_modified_time":"2025-02-23T18:19:02+00:00","og_image":[{"width":913,"height":690,"url":"http:\/\/ondauno.com.ar\/wp-content\/uploads\/2025\/02\/felipe-primeracafrrera.jpg","type":"image\/jpeg"}],"author":"OndaUno","twitter_card":"summary_large_image","twitter_misc":{"Escrito por":"OndaUno","Tiempo de lectura":"2 minutos"},"schema":{"@context":"https:\/\/schema.org","@graph":[{"@type":"WebPage","@id":"https:\/\/ondauno.com.ar\/index.php\/2025\/02\/23\/felipe-yane-cerro-un-gran-debut-en-el-procar-4000-con-un-cuarto-puesto-en-la-final\/","url":"https:\/\/ondauno.com.ar\/index.php\/2025\/02\/23\/felipe-yane-cerro-un-gran-debut-en-el-procar-4000-con-un-cuarto-puesto-en-la-final\/","name":"Felipe Yane cerr\u00f3 un gran debut en el Procar 4000 con un cuarto puesto en la final - 103.9 fm","isPartOf":{"@id":"https:\/\/ondauno.com.ar\/#website"},"primaryImageOfPage":{"@id":"https:\/\/ondauno.com.ar\/index.php\/2025\/02\/23\/felipe-yane-cerro-un-gran-debut-en-el-procar-4000-con-un-cuarto-puesto-en-la-final\/#primaryimage"},"image":{"@id":"https:\/\/ondauno.com.ar\/index.php\/2025\/02\/23\/felipe-yane-cerro-un-gran-debut-en-el-procar-4000-con-un-cuarto-puesto-en-la-final\/#primaryimage"},"thumbnailUrl":"https:\/\/ondauno.com.ar\/wp-content\/uploads\/2025\/02\/felipe-primeracafrrera.jpg","datePublished":"2025-02-23T18:18:00+00:00","dateModified":"2025-02-23T18:19:02+00:00","author":{"@id":"https:\/\/ondauno.com.ar\/#\/schema\/person\/7ec851ddeceb4133d7d7132dc645714e"},"breadcrumb":{"@id":"https:\/\/ondauno.com.ar\/index.php\/2025\/02\/23\/felipe-yane-cerro-un-gran-debut-en-el-procar-4000-con-un-cuarto-puesto-en-la-final\/#breadcrumb"},"inLanguage":"es-AR","potentialAction":[{"@type":"ReadAction","target":["https:\/\/ondauno.com.ar\/index.php\/2025\/02\/23\/felipe-yane-cerro-un-gran-debut-en-el-procar-4000-con-un-cuarto-puesto-en-la-final\/"]}]},{"@type":"ImageObject","inLanguage":"es-AR","@id":"https:\/\/ondauno.com.ar\/index.php\/2025\/02\/23\/felipe-yane-cerro-un-gran-debut-en-el-procar-4000-con-un-cuarto-puesto-en-la-final\/#primaryimage","url":"https:\/\/ondauno.com.ar\/wp-content\/uploads\/2025\/02\/felipe-primeracafrrera.jpg","contentUrl":"https:\/\/ondauno.com.ar\/wp-content\/uploads\/2025\/02\/felipe-primeracafrrera.jpg","width":913,"height":690},{"@type":"BreadcrumbList","@id":"https:\/\/ondauno.com.ar\/index.php\/2025\/02\/23\/felipe-yane-cerro-un-gran-debut-en-el-procar-4000-con-un-cuarto-puesto-en-la-final\/#breadcrumb","itemListElement":[{"@type":"ListItem","position":1,"name":"Inicio","item":"https:\/\/ondauno.com.ar\/"},{"@type":"ListItem","position":2,"name":"Felipe Yane cerr\u00f3 un gran debut en el Procar 4000 con un cuarto puesto en la final"}]},{"@type":"WebSite","@id":"https:\/\/ondauno.com.ar\/#website","url":"https:\/\/ondauno.com.ar\/","name":"103.9 fm","description":"LA PRIMERA RADIO MULTIMEDIA DE TRES ARROYOS","potentialAction":[{"@type":"SearchAction","target":{"@type":"EntryPoint","urlTemplate":"https:\/\/ondauno.com.ar\/?s={search_term_string}"},"query-input":"required name=search_term_string"}],"inLanguage":"es-AR"},{"@type":"Person","@id":"https:\/\/ondauno.com.ar\/#\/schema\/person\/7ec851ddeceb4133d7d7132dc645714e","name":"OndaUno","image":{"@type":"ImageObject","inLanguage":"es-AR","@id":"https:\/\/ondauno.com.ar\/#\/schema\/person\/image\/","url":"https:\/\/secure.gravatar.com\/avatar\/93b8009f0de7021f1feb2bd5b32fb9e8?s=96&d=mm&r=g","contentUrl":"https:\/\/secure.gravatar.com\/avatar\/93b8009f0de7021f1feb2bd5b32fb9e8?s=96&d=mm&r=g","caption":"OndaUno"},"url":"https:\/\/ondauno.com.ar\/index.php\/author\/ondauno\/"}]}},"jetpack_publicize_connections":[],"jetpack_featured_media_url":"https:\/\/ondauno.com.ar\/wp-content\/uploads\/2025\/02\/felipe-primeracafrrera.jpg","jetpack_sharing_enabled":true,"_links":{"self":[{"href":"https:\/\/ondauno.com.ar\/index.php\/wp-json\/wp\/v2\/posts\/53876","targetHints":{"allow":["GET"]}}],"collection":[{"href":"https:\/\/ondauno.com.ar\/index.php\/wp-json\/wp\/v2\/posts"}],"about":[{"href":"https:\/\/ondauno.com.ar\/index.php\/wp-json\/wp\/v2\/types\/post"}],"author":[{"embeddable":true,"href":"https:\/\/ondauno.com.ar\/index.php\/wp-json\/wp\/v2\/users\/1"}],"replies":[{"embeddable":true,"href":"https:\/\/ondauno.com.ar\/index.php\/wp-json\/wp\/v2\/comments?post=53876"}],"version-history":[{"count":1,"href":"https:\/\/ondauno.com.ar\/index.php\/wp-json\/wp\/v2\/posts\/53876\/revisions"}],"predecessor-version":[{"id":53878,"href":"https:\/\/ondauno.com.ar\/index.php\/wp-json\/wp\/v2\/posts\/53876\/revisions\/53878"}],"wp:featuredmedia":[{"embeddable":true,"href":"https:\/\/ondauno.com.ar\/index.php\/wp-json\/wp\/v2\/media\/53879"}],"wp:attachment":[{"href":"https:\/\/ondauno.com.ar\/index.php\/wp-json\/wp\/v2\/media?parent=53876"}],"wp:term":[{"taxonomy":"category","embeddable":true,"href":"https:\/\/ondauno.com.ar\/index.php\/wp-json\/wp\/v2\/categories?post=53876"},{"taxonomy":"post_tag","embeddable":true,"href":"https:\/\/ondauno.com.ar\/index.php\/wp-json\/wp\/v2\/tags?post=53876"}],"curies":[{"name":"wp","href":"https:\/\/api.w.org\/{rel}","templated":true}]}}