{"id":53850,"date":"2025-02-22T17:55:43","date_gmt":"2025-02-22T20:55:43","guid":{"rendered":"https:\/\/ondauno.com.ar\/?p=53850"},"modified":"2025-02-22T17:55:46","modified_gmt":"2025-02-22T20:55:46","slug":"felipe-yane-debuto-con-triunfo-en-el-procar-4000","status":"publish","type":"post","link":"https:\/\/ondauno.com.ar\/index.php\/2025\/02\/22\/felipe-yane-debuto-con-triunfo-en-el-procar-4000\/","title":{"rendered":"Felipe Yane debut\u00f3 con triunfo en el Procar 4000"},"content":{"rendered":"<div class=\"ondau-before-content_3\" style=\"margin-top: -30px;\" id=\"ondau-2627109026\"><a href=\"https:\/\/www.lps.com.ar\/\" aria-label=\"la-perse2\"><img loading=\"lazy\" decoding=\"async\" src=\"https:\/\/ondauno.com.ar\/wp-content\/uploads\/2021\/10\/la-perse2.jpg\" alt=\"\"  srcset=\"https:\/\/ondauno.com.ar\/wp-content\/uploads\/2021\/10\/la-perse2.jpg 1353w, https:\/\/ondauno.com.ar\/wp-content\/uploads\/2021\/10\/la-perse2-300x43.jpg 300w, https:\/\/ondauno.com.ar\/wp-content\/uploads\/2021\/10\/la-perse2-1024x148.jpg 1024w, https:\/\/ondauno.com.ar\/wp-content\/uploads\/2021\/10\/la-perse2-768x111.jpg 768w, https:\/\/ondauno.com.ar\/wp-content\/uploads\/2021\/10\/la-perse2-696x100.jpg 696w, https:\/\/ondauno.com.ar\/wp-content\/uploads\/2021\/10\/la-perse2-1068x154.jpg 1068w\" sizes=\"(max-width: 1353px) 100vw, 1353px\" class=\"no-lazyload\" width=\"1353\" height=\"195\"  style=\"display: inline-block;\" \/><\/a><\/div>\n<p>El joven piloto de Tres Arroyos, <strong>Felipe Yane<\/strong>, tuvo un debut so\u00f1ado en el <strong>Procar 4000<\/strong>, qued\u00e1ndose con la victoria en la tercera serie de la Clase B en el aut\u00f3dromo Roberto Mouras de La Plata.<\/p>\n\n\n\n<p>En su primera presentaci\u00f3n en la categor\u00eda, Yane demostr\u00f3 un gran nivel y se impuso en la \u00faltima bater\u00eda del s\u00e1bado con un tiempo de <strong>8:09.286<\/strong>. Logr\u00f3 aventajar al binomio <strong>Caggiano \u2013 Pietranera<\/strong> por <strong>5.031 segundos<\/strong>, mientras que <strong>Alejandro Ram\u00f3n<\/strong> complet\u00f3 el podio a <strong>6.131 segundos<\/strong> del ganador.<\/p>\n\n\n\n<h3 class=\"wp-block-heading\"><strong>Top 5 &#8211; tercera serie (ganada por Felipe Yane)<\/strong><\/h3>\n\n\n\n<p>1\ufe0f\u20e3 <strong>Felipe Yane<\/strong> \u2013 8:09.286<br>2\ufe0f\u20e3 <strong>Caggiano &#8211; Pietranera<\/strong> \u2013 +5.031<br>3\ufe0f\u20e3 <strong>Alejandro Ram\u00f3n<\/strong> \u2013 +6.131<br>4\ufe0f\u20e3 <strong>Tom\u00e1s Costas<\/strong> \u2013 +12.102<br>5\ufe0f\u20e3 <strong>Santiago Florio<\/strong> \u2013 +17.545<\/p>\n\n\n\n<p>Con este gran resultado, el piloto tresarroyense se perfila de la mejor manera para la final del domingo.<\/p>\n\n\n\n<h3 class=\"wp-block-heading\"><strong>Resultados de las otras series<\/strong><\/h3>\n\n\n\n<p>En la <strong>primera bater\u00eda<\/strong>, el m\u00e1s r\u00e1pido fue <strong>Lucas Gonz\u00e1lez<\/strong>, quien hab\u00eda conseguido la pole y domin\u00f3 de punta a punta con un tiempo de <strong>8:06.904<\/strong>.<\/p>\n\n\n\n<p>\ud83d\udd39 <strong>Top 5 &#8211; Serie 1<\/strong><br>1\ufe0f\u20e3 Lucas Gonz\u00e1lez \u2013 8:06.904<br>2\ufe0f\u20e3 Carlos P\u00e9rez \u2013 +5.924<br>3\ufe0f\u20e3 Alejandro Amat \u2013 +13.455<br>4\ufe0f\u20e3 Jorge Gargaglione \u2013 +14.576<br>5\ufe0f\u20e3 Guido Rangugni \u2013 +28.884<\/p>\n\n\n\n<p>En la <strong>segunda serie<\/strong>, la victoria qued\u00f3 en manos de <strong>Roni Caggiano<\/strong>, quien complet\u00f3 las cinco vueltas en <strong>8:10.822<\/strong>, superando por apenas <strong>0.511 segundos<\/strong> al binomio <strong>Belhart &#8211; Gonz\u00e1lez<\/strong>.<\/p>\n\n\n\n<p>\ud83d\udd39 <strong>Top 5 &#8211; Serie 2<\/strong><br>1\ufe0f\u20e3 Caggiano &#8211; Bava \u2013 8:10.822<br>2\ufe0f\u20e3 Belhart &#8211; Gonz\u00e1lez \u2013 +0.511<br>3\ufe0f\u20e3 Lucas Bottan \u2013 +0.795<br>4\ufe0f\u20e3 Mario Andreoli \u2013 +2.898<br>5\ufe0f\u20e3 Francisco Florio \u2013 +5.777<\/p>\n\n\n\n<p>Ahora, Yane buscar\u00e1 cerrar su gran debut en la final del domingo, donde intentar\u00e1 pelear por un lugar en el podio y seguir demostrando su potencial en la categor\u00eda.<\/p>\n","protected":false},"excerpt":{"rendered":"<p>El joven piloto de Tres Arroyos, Felipe Yane, tuvo un debut so\u00f1ado en el Procar 4000, qued\u00e1ndose con la victoria en la tercera serie de la Clase B en el aut\u00f3dromo Roberto Mouras de La Plata. En su primera presentaci\u00f3n en la categor\u00eda, Yane demostr\u00f3 un gran nivel y se impuso en la \u00faltima bater\u00eda [&hellip;]<\/p>\n","protected":false},"author":1,"featured_media":53851,"comment_status":"open","ping_status":"open","sticky":false,"template":"","format":"standard","meta":{"tdm_status":"","tdm_grid_status":"","_jetpack_memberships_contains_paid_content":false,"footnotes":"","jetpack_publicize_message":"","jetpack_publicize_feature_enabled":true,"jetpack_social_post_already_shared":false,"jetpack_social_options":{"image_generator_settings":{"template":"highway","default_image_id":0,"font":"","enabled":false},"version":2}},"categories":[2],"tags":[],"class_list":{"0":"post-53850","1":"post","2":"type-post","3":"status-publish","4":"format-standard","5":"has-post-thumbnail","7":"category-locales"},"yoast_head":"<!-- This site is optimized with the Yoast SEO plugin v22.7 - https:\/\/yoast.com\/wordpress\/plugins\/seo\/ -->\n<title>Felipe Yane debut\u00f3 con triunfo en el Procar 4000 - 103.9 fm<\/title>\n<meta name=\"robots\" content=\"index, follow, max-snippet:-1, max-image-preview:large, max-video-preview:-1\" \/>\n<link rel=\"canonical\" href=\"https:\/\/ondauno.com.ar\/index.php\/2025\/02\/22\/felipe-yane-debuto-con-triunfo-en-el-procar-4000\/\" \/>\n<meta property=\"og:locale\" content=\"es_ES\" \/>\n<meta property=\"og:type\" content=\"article\" \/>\n<meta property=\"og:title\" content=\"Felipe Yane debut\u00f3 con triunfo en el Procar 4000 - 103.9 fm\" \/>\n<meta property=\"og:description\" content=\"El joven piloto de Tres Arroyos, Felipe Yane, tuvo un debut so\u00f1ado en el Procar 4000, qued\u00e1ndose con la victoria en la tercera serie de la Clase B en el aut\u00f3dromo Roberto Mouras de La Plata. En su primera presentaci\u00f3n en la categor\u00eda, Yane demostr\u00f3 un gran nivel y se impuso en la \u00faltima bater\u00eda [&hellip;]\" \/>\n<meta property=\"og:url\" content=\"https:\/\/ondauno.com.ar\/index.php\/2025\/02\/22\/felipe-yane-debuto-con-triunfo-en-el-procar-4000\/\" \/>\n<meta property=\"og:site_name\" content=\"103.9 fm\" \/>\n<meta property=\"article:publisher\" content=\"https:\/\/www.facebook.com\/ondauno103.9\" \/>\n<meta property=\"article:published_time\" content=\"2025-02-22T20:55:43+00:00\" \/>\n<meta property=\"article:modified_time\" content=\"2025-02-22T20:55:46+00:00\" \/>\n<meta property=\"og:image\" content=\"http:\/\/ondauno.com.ar\/wp-content\/uploads\/2025\/02\/felipe.jpg\" \/>\n\t<meta property=\"og:image:width\" content=\"1215\" \/>\n\t<meta property=\"og:image:height\" content=\"723\" \/>\n\t<meta property=\"og:image:type\" content=\"image\/jpeg\" \/>\n<meta name=\"author\" content=\"OndaUno\" \/>\n<meta name=\"twitter:card\" content=\"summary_large_image\" \/>\n<meta name=\"twitter:label1\" content=\"Escrito por\" \/>\n\t<meta name=\"twitter:data1\" content=\"OndaUno\" \/>\n\t<meta name=\"twitter:label2\" content=\"Tiempo de lectura\" \/>\n\t<meta name=\"twitter:data2\" content=\"2 minutos\" \/>\n<script type=\"application\/ld+json\" class=\"yoast-schema-graph\">{\"@context\":\"https:\/\/schema.org\",\"@graph\":[{\"@type\":\"WebPage\",\"@id\":\"https:\/\/ondauno.com.ar\/index.php\/2025\/02\/22\/felipe-yane-debuto-con-triunfo-en-el-procar-4000\/\",\"url\":\"https:\/\/ondauno.com.ar\/index.php\/2025\/02\/22\/felipe-yane-debuto-con-triunfo-en-el-procar-4000\/\",\"name\":\"Felipe Yane debut\u00f3 con triunfo en el Procar 4000 - 103.9 fm\",\"isPartOf\":{\"@id\":\"https:\/\/ondauno.com.ar\/#website\"},\"primaryImageOfPage\":{\"@id\":\"https:\/\/ondauno.com.ar\/index.php\/2025\/02\/22\/felipe-yane-debuto-con-triunfo-en-el-procar-4000\/#primaryimage\"},\"image\":{\"@id\":\"https:\/\/ondauno.com.ar\/index.php\/2025\/02\/22\/felipe-yane-debuto-con-triunfo-en-el-procar-4000\/#primaryimage\"},\"thumbnailUrl\":\"https:\/\/ondauno.com.ar\/wp-content\/uploads\/2025\/02\/felipe.jpg\",\"datePublished\":\"2025-02-22T20:55:43+00:00\",\"dateModified\":\"2025-02-22T20:55:46+00:00\",\"author\":{\"@id\":\"https:\/\/ondauno.com.ar\/#\/schema\/person\/7ec851ddeceb4133d7d7132dc645714e\"},\"breadcrumb\":{\"@id\":\"https:\/\/ondauno.com.ar\/index.php\/2025\/02\/22\/felipe-yane-debuto-con-triunfo-en-el-procar-4000\/#breadcrumb\"},\"inLanguage\":\"es-AR\",\"potentialAction\":[{\"@type\":\"ReadAction\",\"target\":[\"https:\/\/ondauno.com.ar\/index.php\/2025\/02\/22\/felipe-yane-debuto-con-triunfo-en-el-procar-4000\/\"]}]},{\"@type\":\"ImageObject\",\"inLanguage\":\"es-AR\",\"@id\":\"https:\/\/ondauno.com.ar\/index.php\/2025\/02\/22\/felipe-yane-debuto-con-triunfo-en-el-procar-4000\/#primaryimage\",\"url\":\"https:\/\/ondauno.com.ar\/wp-content\/uploads\/2025\/02\/felipe.jpg\",\"contentUrl\":\"https:\/\/ondauno.com.ar\/wp-content\/uploads\/2025\/02\/felipe.jpg\",\"width\":1215,\"height\":723},{\"@type\":\"BreadcrumbList\",\"@id\":\"https:\/\/ondauno.com.ar\/index.php\/2025\/02\/22\/felipe-yane-debuto-con-triunfo-en-el-procar-4000\/#breadcrumb\",\"itemListElement\":[{\"@type\":\"ListItem\",\"position\":1,\"name\":\"Inicio\",\"item\":\"https:\/\/ondauno.com.ar\/\"},{\"@type\":\"ListItem\",\"position\":2,\"name\":\"Felipe Yane debut\u00f3 con triunfo en el Procar 4000\"}]},{\"@type\":\"WebSite\",\"@id\":\"https:\/\/ondauno.com.ar\/#website\",\"url\":\"https:\/\/ondauno.com.ar\/\",\"name\":\"103.9 fm\",\"description\":\"LA PRIMERA RADIO MULTIMEDIA DE TRES ARROYOS\",\"potentialAction\":[{\"@type\":\"SearchAction\",\"target\":{\"@type\":\"EntryPoint\",\"urlTemplate\":\"https:\/\/ondauno.com.ar\/?s={search_term_string}\"},\"query-input\":\"required name=search_term_string\"}],\"inLanguage\":\"es-AR\"},{\"@type\":\"Person\",\"@id\":\"https:\/\/ondauno.com.ar\/#\/schema\/person\/7ec851ddeceb4133d7d7132dc645714e\",\"name\":\"OndaUno\",\"image\":{\"@type\":\"ImageObject\",\"inLanguage\":\"es-AR\",\"@id\":\"https:\/\/ondauno.com.ar\/#\/schema\/person\/image\/\",\"url\":\"https:\/\/secure.gravatar.com\/avatar\/93b8009f0de7021f1feb2bd5b32fb9e8?s=96&d=mm&r=g\",\"contentUrl\":\"https:\/\/secure.gravatar.com\/avatar\/93b8009f0de7021f1feb2bd5b32fb9e8?s=96&d=mm&r=g\",\"caption\":\"OndaUno\"},\"url\":\"https:\/\/ondauno.com.ar\/index.php\/author\/ondauno\/\"}]}<\/script>\n<!-- \/ Yoast SEO plugin. -->","yoast_head_json":{"title":"Felipe Yane debut\u00f3 con triunfo en el Procar 4000 - 103.9 fm","robots":{"index":"index","follow":"follow","max-snippet":"max-snippet:-1","max-image-preview":"max-image-preview:large","max-video-preview":"max-video-preview:-1"},"canonical":"https:\/\/ondauno.com.ar\/index.php\/2025\/02\/22\/felipe-yane-debuto-con-triunfo-en-el-procar-4000\/","og_locale":"es_ES","og_type":"article","og_title":"Felipe Yane debut\u00f3 con triunfo en el Procar 4000 - 103.9 fm","og_description":"El joven piloto de Tres Arroyos, Felipe Yane, tuvo un debut so\u00f1ado en el Procar 4000, qued\u00e1ndose con la victoria en la tercera serie de la Clase B en el aut\u00f3dromo Roberto Mouras de La Plata. En su primera presentaci\u00f3n en la categor\u00eda, Yane demostr\u00f3 un gran nivel y se impuso en la \u00faltima bater\u00eda [&hellip;]","og_url":"https:\/\/ondauno.com.ar\/index.php\/2025\/02\/22\/felipe-yane-debuto-con-triunfo-en-el-procar-4000\/","og_site_name":"103.9 fm","article_publisher":"https:\/\/www.facebook.com\/ondauno103.9","article_published_time":"2025-02-22T20:55:43+00:00","article_modified_time":"2025-02-22T20:55:46+00:00","og_image":[{"width":1215,"height":723,"url":"http:\/\/ondauno.com.ar\/wp-content\/uploads\/2025\/02\/felipe.jpg","type":"image\/jpeg"}],"author":"OndaUno","twitter_card":"summary_large_image","twitter_misc":{"Escrito por":"OndaUno","Tiempo de lectura":"2 minutos"},"schema":{"@context":"https:\/\/schema.org","@graph":[{"@type":"WebPage","@id":"https:\/\/ondauno.com.ar\/index.php\/2025\/02\/22\/felipe-yane-debuto-con-triunfo-en-el-procar-4000\/","url":"https:\/\/ondauno.com.ar\/index.php\/2025\/02\/22\/felipe-yane-debuto-con-triunfo-en-el-procar-4000\/","name":"Felipe Yane debut\u00f3 con triunfo en el Procar 4000 - 103.9 fm","isPartOf":{"@id":"https:\/\/ondauno.com.ar\/#website"},"primaryImageOfPage":{"@id":"https:\/\/ondauno.com.ar\/index.php\/2025\/02\/22\/felipe-yane-debuto-con-triunfo-en-el-procar-4000\/#primaryimage"},"image":{"@id":"https:\/\/ondauno.com.ar\/index.php\/2025\/02\/22\/felipe-yane-debuto-con-triunfo-en-el-procar-4000\/#primaryimage"},"thumbnailUrl":"https:\/\/ondauno.com.ar\/wp-content\/uploads\/2025\/02\/felipe.jpg","datePublished":"2025-02-22T20:55:43+00:00","dateModified":"2025-02-22T20:55:46+00:00","author":{"@id":"https:\/\/ondauno.com.ar\/#\/schema\/person\/7ec851ddeceb4133d7d7132dc645714e"},"breadcrumb":{"@id":"https:\/\/ondauno.com.ar\/index.php\/2025\/02\/22\/felipe-yane-debuto-con-triunfo-en-el-procar-4000\/#breadcrumb"},"inLanguage":"es-AR","potentialAction":[{"@type":"ReadAction","target":["https:\/\/ondauno.com.ar\/index.php\/2025\/02\/22\/felipe-yane-debuto-con-triunfo-en-el-procar-4000\/"]}]},{"@type":"ImageObject","inLanguage":"es-AR","@id":"https:\/\/ondauno.com.ar\/index.php\/2025\/02\/22\/felipe-yane-debuto-con-triunfo-en-el-procar-4000\/#primaryimage","url":"https:\/\/ondauno.com.ar\/wp-content\/uploads\/2025\/02\/felipe.jpg","contentUrl":"https:\/\/ondauno.com.ar\/wp-content\/uploads\/2025\/02\/felipe.jpg","width":1215,"height":723},{"@type":"BreadcrumbList","@id":"https:\/\/ondauno.com.ar\/index.php\/2025\/02\/22\/felipe-yane-debuto-con-triunfo-en-el-procar-4000\/#breadcrumb","itemListElement":[{"@type":"ListItem","position":1,"name":"Inicio","item":"https:\/\/ondauno.com.ar\/"},{"@type":"ListItem","position":2,"name":"Felipe Yane debut\u00f3 con triunfo en el Procar 4000"}]},{"@type":"WebSite","@id":"https:\/\/ondauno.com.ar\/#website","url":"https:\/\/ondauno.com.ar\/","name":"103.9 fm","description":"LA PRIMERA RADIO MULTIMEDIA DE TRES ARROYOS","potentialAction":[{"@type":"SearchAction","target":{"@type":"EntryPoint","urlTemplate":"https:\/\/ondauno.com.ar\/?s={search_term_string}"},"query-input":"required name=search_term_string"}],"inLanguage":"es-AR"},{"@type":"Person","@id":"https:\/\/ondauno.com.ar\/#\/schema\/person\/7ec851ddeceb4133d7d7132dc645714e","name":"OndaUno","image":{"@type":"ImageObject","inLanguage":"es-AR","@id":"https:\/\/ondauno.com.ar\/#\/schema\/person\/image\/","url":"https:\/\/secure.gravatar.com\/avatar\/93b8009f0de7021f1feb2bd5b32fb9e8?s=96&d=mm&r=g","contentUrl":"https:\/\/secure.gravatar.com\/avatar\/93b8009f0de7021f1feb2bd5b32fb9e8?s=96&d=mm&r=g","caption":"OndaUno"},"url":"https:\/\/ondauno.com.ar\/index.php\/author\/ondauno\/"}]}},"jetpack_publicize_connections":[],"jetpack_featured_media_url":"https:\/\/ondauno.com.ar\/wp-content\/uploads\/2025\/02\/felipe.jpg","jetpack_sharing_enabled":true,"_links":{"self":[{"href":"https:\/\/ondauno.com.ar\/index.php\/wp-json\/wp\/v2\/posts\/53850","targetHints":{"allow":["GET"]}}],"collection":[{"href":"https:\/\/ondauno.com.ar\/index.php\/wp-json\/wp\/v2\/posts"}],"about":[{"href":"https:\/\/ondauno.com.ar\/index.php\/wp-json\/wp\/v2\/types\/post"}],"author":[{"embeddable":true,"href":"https:\/\/ondauno.com.ar\/index.php\/wp-json\/wp\/v2\/users\/1"}],"replies":[{"embeddable":true,"href":"https:\/\/ondauno.com.ar\/index.php\/wp-json\/wp\/v2\/comments?post=53850"}],"version-history":[{"count":1,"href":"https:\/\/ondauno.com.ar\/index.php\/wp-json\/wp\/v2\/posts\/53850\/revisions"}],"predecessor-version":[{"id":53852,"href":"https:\/\/ondauno.com.ar\/index.php\/wp-json\/wp\/v2\/posts\/53850\/revisions\/53852"}],"wp:featuredmedia":[{"embeddable":true,"href":"https:\/\/ondauno.com.ar\/index.php\/wp-json\/wp\/v2\/media\/53851"}],"wp:attachment":[{"href":"https:\/\/ondauno.com.ar\/index.php\/wp-json\/wp\/v2\/media?parent=53850"}],"wp:term":[{"taxonomy":"category","embeddable":true,"href":"https:\/\/ondauno.com.ar\/index.php\/wp-json\/wp\/v2\/categories?post=53850"},{"taxonomy":"post_tag","embeddable":true,"href":"https:\/\/ondauno.com.ar\/index.php\/wp-json\/wp\/v2\/tags?post=53850"}],"curies":[{"name":"wp","href":"https:\/\/api.w.org\/{rel}","templated":true}]}}